{"id":53284,"date":"2017-01-09T13:27:25","date_gmt":"2017-01-09T11:27:25","guid":{"rendered":"https:\/\/ppdegalicia.com\/pedro-puy-demanda-a-oposicion-vontade-para-acadar-consensos-a-curto-prazo-sobre-o-ave-ou-o-financiamento-autonomico\/"},"modified":"2017-01-09T13:27:25","modified_gmt":"2017-01-09T11:27:25","slug":"pedro-puy-demanda-a-oposicion-vontade-para-acadar-consensos-a-curto-prazo-sobre-o-ave-ou-o-financiamento-autonomico","status":"publish","type":"post","link":"https:\/\/ppdegalicia.com\/es\/pedro-puy-demanda-a-oposicion-vontade-para-acadar-consensos-a-curto-prazo-sobre-o-ave-ou-o-financiamento-autonomico\/","title":{"rendered":"Pedro Puy demanda \u00e1 oposici\u00f3n vontade para acadar consensos a curto prazo sobre o AVE ou o financiamento auton\u00f3mico"},"content":{"rendered":"<p>Santiago, 9 de xaneiro de 2017.- O portavoz do Grupo Popular, Pedro Puy, reiterou hoxe \u201ca disposici\u00f3n do PPdeG para chegar a acordos coa oposici\u00f3n\u201d, \u00e1 que demandou \u201cvontade\u201d para acadar consensos a curto prazo sobre cuesti\u00f3ns como os investimentos do Estado na mellora das infraestruturas ferroviarias en Galicia ou no novo modelo de financiamento auton\u00f3mico. No balance destes primeiros meses da X lexislatura, Puy salientou que \u201cm\u00e1is do 82 por cento dos puntos debatidos en Pleno foron a iniciativa da oposici\u00f3n\u201d, o que pon de manifesto a s\u00faa capacidade de control e impulso ao&nbsp; Goberno galego.<\/p>\n<p><!--more--><\/p>\n<p>&nbsp;<\/p>\n<p>Acompa\u00f1ado dos viceportavoces do Grupo Popular Miguel Tellado e Paula Prado, Pedro Puy sinalou que o Parlamento galego centrarase a curto prazo principalmente na aprobaci\u00f3n dos orzamentos da Xunta para 2017 \u201cque, por segundo ano consecutivo, se trata dunhas contas expansivas e dese\u00f1adas para trasladar a toda a sociedade galega os primeiros beneficios da recuperaci\u00f3n econ\u00f3mica\u201d.<\/p>\n<p>&nbsp;<\/p>\n<p><strong>CERTIDUME DOS ORZAMENTOS<\/strong><\/p>\n<p>&nbsp;<\/p>\n<p>Neste sentido, apuntou que o Grupo Popular est\u00e1 a estudar todas as emendas presentadas polos grupos da oposici\u00f3n aos&nbsp; orzamentos, a\u00ednda que manifestou, respecto das de devoluci\u00f3n do proxecto que se debater\u00e1n o vindeiro luns, que \u201cparalizar a tramitaci\u00f3n dos orzamentos ser\u00eda algo fondamente negativo para o pa\u00eds\u201d. \u201cA certidume que da ter unhas contas aprobadas permite \u00e1 sociedade desenvolver as s\u00faas actividades con maior claridade\u201d, indicou.<\/p>\n<p>&nbsp;<\/p>\n<p>Puy lembrou que \u201co acordo sempre \u00e9 posible cando hai vontade\u201d por todas partes e \u201cn\u00f3s temos amosado que estamos abertos a chegar a acordos\u201d.&nbsp; As\u00ed, lembrou que a curto prazo \u201cve\u00f1en algunhas cuesti\u00f3ns no \u00e1mbito estatal nas que \u00e9 bo para o pa\u00eds que exista o maior acordo: os investimentos para o impulso das infraestruturas ferroviarias en Galicia e o debate do novo financiamento auton\u00f3mico na pr\u00f3xima Conferencia de Presidentes\u201d. \u201cSer\u00eda bo que cantos m\u00e1is grupos apoiaran ao Goberno da Xunta neste contexto de incertidume, m\u00e1is f\u00e1cil ser\u00eda conseguir que o financiamento auton\u00f3mico fora satisfactorio para Galicia\u201d, dixo.<\/p>\n<p>&nbsp;<\/p>\n<p>Respecto das cr\u00edticas da oposici\u00f3n \u00e1 Lei de medidas fiscais e administrativas, o portavoz popular lembrou que \u201c\u00e9 unha norma perfectamente legal \u00e1 que os grupos da oposici\u00f3n poden presentar emendas\u201d, a\u00ednda que reco\u00f1eceu que \u201cnon \u00e9 a mellor t\u00e9cnica lexislativa\u201d. \u201cIso non quere dicir que sexa un instrumento \u00fatil para aquelas medidas que requiren certa celeridade e eficacia\u201d, e que tam\u00e9n se est\u00e1 a utilizar noutras comunidades gobernadas polo PSOE, Podemos ou os nacionalistas.<\/p>\n<p>\n&nbsp;<br \/>\n<strong>ACTIVIDADE PARLAMENTARIA<\/strong><\/p>\n<p>&nbsp;<\/p>\n<p>Pedro Puy fixo un repaso pola actividade parlamentaria desenvolvida nos \u00faltimos dous meses e concretou que se levan celebrado 6 sesi\u00f3ns plenarias e 52 sesi\u00f3ns de comisi\u00f3ns, das que 25 corresponden \u00e1 Comisi\u00f3n 3\u00aa pola tramitaci\u00f3n dos orzamentos.<\/p>\n<p>&nbsp;<\/p>\n<p>As sesi\u00f3ns plenarias contaron cunha media de 25 puntos na orde do d\u00eda, dos que m\u00e1is do 82 por cento corresponderon aos grupos da oposici\u00f3n As\u00ed mesmo, l\u00e9vanse aprobadas 10 proposici\u00f3ns non de lei, das que o 40 por cento foron a iniciativa da oposici\u00f3n (3 de En Marea e 1 do BNG).<\/p>\n<p>&nbsp;<\/p>\n<p>No que respecta \u00e1s comisi\u00f3ns parlamentarias, o Goberno ten comparecido en 26 ocasi\u00f3ns (das que 24 corresponden \u00e1 tramitaci\u00f3n dos orzamentos na Comisi\u00f3ns 3\u00aa, inclu\u00edndo a todos os conselleiros), ao tempo que ten respondido 32 preguntas dos grupos parlamentarios.<\/p>\n<p>&nbsp;<\/p>\n<p>Tam\u00e9n se te\u00f1en aprobado 7 proposici\u00f3ns non de lei en Comisi\u00f3n, das que 4 foron dos grupos da oposici\u00f3n (1 En Marea, 2 PSOE e 1 BNG).&nbsp;&nbsp; &nbsp;Destas 7 proposici\u00f3ns non de lei aprobadas, tres sa\u00edron adiante por unanimidade dos grupos parlamentarios<\/p>\n<p>&nbsp;<\/p>\n<p><strong>VALORACI\u00d3N INFLU\u00cdNTE<\/strong><\/p>\n<p>&nbsp;<\/p>\n<p>Para rematar, Puy referiuse \u00e1 presenza do Grupo Popular nas redes sociais. As\u00ed, public\u00e1ronse desde outubro 386 tuits, cunha media de 128 informaci\u00f3ns mensuais en twitter e 289 publicaci\u00f3ns en Facebook. Estas publicaci\u00f3ns foron vistas en 564.647 ocasi\u00f3ns.<\/p>\n<p>&nbsp;<\/p>\n<p>Pedro Puy salientou que a valoraci\u00f3n do Grupo Popular no \u00edndice de influencia KLOUT pasou de 33 puntos en xaneiro do 2015 a 61 puntos en decembro do 2016, polo que est\u00e1 considerado como influ\u00ednte.<\/p>\n","protected":false},"excerpt":{"rendered":"<p>Santiago, 9 de xaneiro de 2017.- O portavoz do Grupo Popular, Pedro Puy, reiterou hoxe \u201ca disposici\u00f3n do PPdeG para chegar a acordos coa oposici\u00f3n\u201d, \u00e1 que demandou \u201cvontade\u201d para acadar consensos a curto prazo sobre cuesti\u00f3ns como os investimentos do Estado na mellora das infraestruturas ferroviarias en Galicia ou no novo modelo de financiamento [&hellip;]<\/p>\n","protected":false},"author":37,"featured_media":0,"comment_status":"open","ping_status":"open","sticky":false,"template":"","format":"standard","meta":{"_acf_changed":false,"footnotes":""},"categories":[1],"tags":[],"class_list":["post-53284","post","type-post","status-publish","format-standard","hentry","category-pp-de-galicia"],"acf":[],"yoast_head":"<!-- This site is optimized with the Yoast SEO plugin v27.3 - https:\/\/yoast.com\/product\/yoast-seo-wordpress\/ -->\n<title>Pedro Puy demanda \u00e1 oposici\u00f3n vontade para acadar consensos a curto prazo sobre o AVE ou o financiamento auton\u00f3mico - PP de Galicia<\/title>\n<meta name=\"robots\" content=\"index, follow, max-snippet:-1, max-image-preview:large, max-video-preview:-1\" \/>\n<link rel=\"canonical\" href=\"https:\/\/ppdegalicia.com\/es\/pedro-puy-demanda-a-oposicion-vontade-para-acadar-consensos-a-curto-prazo-sobre-o-ave-ou-o-financiamento-autonomico\/\" \/>\n<meta property=\"og:locale\" content=\"es_ES\" \/>\n<meta property=\"og:type\" content=\"article\" \/>\n<meta property=\"og:title\" content=\"Pedro Puy demanda \u00e1 oposici\u00f3n vontade para acadar consensos a curto prazo sobre o AVE ou o financiamento auton\u00f3mico - PP de Galicia\" \/>\n<meta property=\"og:description\" content=\"Santiago, 9 de xaneiro de 2017.- O portavoz do Grupo Popular, Pedro Puy, reiterou hoxe \u201ca disposici\u00f3n do PPdeG para chegar a acordos coa oposici\u00f3n\u201d, \u00e1 que demandou \u201cvontade\u201d para acadar consensos a curto prazo sobre cuesti\u00f3ns como os investimentos do Estado na mellora das infraestruturas ferroviarias en Galicia ou no novo modelo de financiamento [&hellip;]\" \/>\n<meta property=\"og:url\" content=\"https:\/\/ppdegalicia.com\/es\/pedro-puy-demanda-a-oposicion-vontade-para-acadar-consensos-a-curto-prazo-sobre-o-ave-ou-o-financiamento-autonomico\/\" \/>\n<meta property=\"og:site_name\" content=\"PP de Galicia\" \/>\n<meta property=\"article:publisher\" content=\"https:\/\/www.instagram.com\/ppdegalicia\/\" \/>\n<meta property=\"article:published_time\" content=\"2017-01-09T11:27:25+00:00\" \/>\n<meta name=\"author\" content=\"Super User\" \/>\n<meta name=\"twitter:card\" content=\"summary_large_image\" \/>\n<meta name=\"twitter:creator\" content=\"@ppdegalicia\" \/>\n<meta name=\"twitter:site\" content=\"@ppdegalicia\" \/>\n<meta name=\"twitter:label1\" content=\"Escrito por\" \/>\n\t<meta name=\"twitter:data1\" content=\"Super User\" \/>\n\t<meta name=\"twitter:label2\" content=\"Tiempo de lectura\" \/>\n\t<meta name=\"twitter:data2\" content=\"3 minutos\" \/>\n<script type=\"application\/ld+json\" class=\"yoast-schema-graph\">{\"@context\":\"https:\\\/\\\/schema.org\",\"@graph\":[{\"@type\":\"Article\",\"@id\":\"https:\\\/\\\/ppdegalicia.com\\\/es\\\/pedro-puy-demanda-a-oposicion-vontade-para-acadar-consensos-a-curto-prazo-sobre-o-ave-ou-o-financiamento-autonomico\\\/#article\",\"isPartOf\":{\"@id\":\"https:\\\/\\\/ppdegalicia.com\\\/es\\\/pedro-puy-demanda-a-oposicion-vontade-para-acadar-consensos-a-curto-prazo-sobre-o-ave-ou-o-financiamento-autonomico\\\/\"},\"author\":{\"name\":\"Super User\",\"@id\":\"https:\\\/\\\/ppdegalicia.com\\\/es\\\/#\\\/schema\\\/person\\\/d0f013b8388c980665d44009ab762960\"},\"headline\":\"Pedro Puy demanda \u00e1 oposici\u00f3n vontade para acadar consensos a curto prazo sobre o AVE ou o financiamento auton\u00f3mico\",\"datePublished\":\"2017-01-09T11:27:25+00:00\",\"mainEntityOfPage\":{\"@id\":\"https:\\\/\\\/ppdegalicia.com\\\/es\\\/pedro-puy-demanda-a-oposicion-vontade-para-acadar-consensos-a-curto-prazo-sobre-o-ave-ou-o-financiamento-autonomico\\\/\"},\"wordCount\":715,\"commentCount\":0,\"publisher\":{\"@id\":\"https:\\\/\\\/ppdegalicia.com\\\/es\\\/#organization\"},\"articleSection\":[\"PP de Galicia\"],\"inLanguage\":\"es\",\"potentialAction\":[{\"@type\":\"CommentAction\",\"name\":\"Comment\",\"target\":[\"https:\\\/\\\/ppdegalicia.com\\\/es\\\/pedro-puy-demanda-a-oposicion-vontade-para-acadar-consensos-a-curto-prazo-sobre-o-ave-ou-o-financiamento-autonomico\\\/#respond\"]}]},{\"@type\":\"WebPage\",\"@id\":\"https:\\\/\\\/ppdegalicia.com\\\/es\\\/pedro-puy-demanda-a-oposicion-vontade-para-acadar-consensos-a-curto-prazo-sobre-o-ave-ou-o-financiamento-autonomico\\\/\",\"url\":\"https:\\\/\\\/ppdegalicia.com\\\/es\\\/pedro-puy-demanda-a-oposicion-vontade-para-acadar-consensos-a-curto-prazo-sobre-o-ave-ou-o-financiamento-autonomico\\\/\",\"name\":\"Pedro Puy demanda \u00e1 oposici\u00f3n vontade para acadar consensos a curto prazo sobre o AVE ou o financiamento auton\u00f3mico - PP de Galicia\",\"isPartOf\":{\"@id\":\"https:\\\/\\\/ppdegalicia.com\\\/es\\\/#website\"},\"datePublished\":\"2017-01-09T11:27:25+00:00\",\"breadcrumb\":{\"@id\":\"https:\\\/\\\/ppdegalicia.com\\\/es\\\/pedro-puy-demanda-a-oposicion-vontade-para-acadar-consensos-a-curto-prazo-sobre-o-ave-ou-o-financiamento-autonomico\\\/#breadcrumb\"},\"inLanguage\":\"es\",\"potentialAction\":[{\"@type\":\"ReadAction\",\"target\":[\"https:\\\/\\\/ppdegalicia.com\\\/es\\\/pedro-puy-demanda-a-oposicion-vontade-para-acadar-consensos-a-curto-prazo-sobre-o-ave-ou-o-financiamento-autonomico\\\/\"]}]},{\"@type\":\"BreadcrumbList\",\"@id\":\"https:\\\/\\\/ppdegalicia.com\\\/es\\\/pedro-puy-demanda-a-oposicion-vontade-para-acadar-consensos-a-curto-prazo-sobre-o-ave-ou-o-financiamento-autonomico\\\/#breadcrumb\",\"itemListElement\":[{\"@type\":\"ListItem\",\"position\":1,\"name\":\"Portada\",\"item\":\"https:\\\/\\\/ppdegalicia.com\\\/es\\\/\"},{\"@type\":\"ListItem\",\"position\":2,\"name\":\"Pedro Puy demanda \u00e1 oposici\u00f3n vontade para acadar consensos a curto prazo sobre o AVE ou o financiamento auton\u00f3mico\"}]},{\"@type\":\"WebSite\",\"@id\":\"https:\\\/\\\/ppdegalicia.com\\\/es\\\/#website\",\"url\":\"https:\\\/\\\/ppdegalicia.com\\\/es\\\/\",\"name\":\"Partido Popular de Galicia\",\"description\":\"Partido Popular de Galicia\",\"publisher\":{\"@id\":\"https:\\\/\\\/ppdegalicia.com\\\/es\\\/#organization\"},\"alternateName\":\"PP de Galicia\",\"potentialAction\":[{\"@type\":\"SearchAction\",\"target\":{\"@type\":\"EntryPoint\",\"urlTemplate\":\"https:\\\/\\\/ppdegalicia.com\\\/es\\\/?s={search_term_string}\"},\"query-input\":{\"@type\":\"PropertyValueSpecification\",\"valueRequired\":true,\"valueName\":\"search_term_string\"}}],\"inLanguage\":\"es\"},{\"@type\":\"Organization\",\"@id\":\"https:\\\/\\\/ppdegalicia.com\\\/es\\\/#organization\",\"name\":\"Partido Popular de Galicia\",\"alternateName\":\"PP de Galicia\",\"url\":\"https:\\\/\\\/ppdegalicia.com\\\/es\\\/\",\"logo\":{\"@type\":\"ImageObject\",\"inLanguage\":\"es\",\"@id\":\"https:\\\/\\\/ppdegalicia.com\\\/es\\\/#\\\/schema\\\/logo\\\/image\\\/\",\"url\":\"https:\\\/\\\/ppdegalicia.com\\\/wp-content\\\/uploads\\\/2023\\\/04\\\/logoPP512.png\",\"contentUrl\":\"https:\\\/\\\/ppdegalicia.com\\\/wp-content\\\/uploads\\\/2023\\\/04\\\/logoPP512.png\",\"width\":512,\"height\":512,\"caption\":\"Partido Popular de Galicia\"},\"image\":{\"@id\":\"https:\\\/\\\/ppdegalicia.com\\\/es\\\/#\\\/schema\\\/logo\\\/image\\\/\"},\"sameAs\":[\"https:\\\/\\\/www.instagram.com\\\/ppdegalicia\\\/\",\"https:\\\/\\\/x.com\\\/ppdegalicia\",\"https:\\\/\\\/www.tiktok.com\\\/@ppdegalicia\",\"https:\\\/\\\/www.youtube.com\\\/user\\\/ppdegalicia\"]},{\"@type\":\"Person\",\"@id\":\"https:\\\/\\\/ppdegalicia.com\\\/es\\\/#\\\/schema\\\/person\\\/d0f013b8388c980665d44009ab762960\",\"name\":\"Super User\",\"image\":{\"@type\":\"ImageObject\",\"inLanguage\":\"es\",\"@id\":\"https:\\\/\\\/secure.gravatar.com\\\/avatar\\\/1db852625ef4948f58d2739bfbc51e4b9bd5c93b8fa340b59fdb594ca0845645?s=96&d=mm&r=g\",\"url\":\"https:\\\/\\\/secure.gravatar.com\\\/avatar\\\/1db852625ef4948f58d2739bfbc51e4b9bd5c93b8fa340b59fdb594ca0845645?s=96&d=mm&r=g\",\"contentUrl\":\"https:\\\/\\\/secure.gravatar.com\\\/avatar\\\/1db852625ef4948f58d2739bfbc51e4b9bd5c93b8fa340b59fdb594ca0845645?s=96&d=mm&r=g\",\"caption\":\"Super User\"},\"url\":\"https:\\\/\\\/ppdegalicia.com\\\/es\\\/author\\\/ppdegaliciagestion\\\/\"}]}<\/script>\n<!-- \/ Yoast SEO plugin. -->","yoast_head_json":{"title":"Pedro Puy demanda \u00e1 oposici\u00f3n vontade para acadar consensos a curto prazo sobre o AVE ou o financiamento auton\u00f3mico - PP de Galicia","robots":{"index":"index","follow":"follow","max-snippet":"max-snippet:-1","max-image-preview":"max-image-preview:large","max-video-preview":"max-video-preview:-1"},"canonical":"https:\/\/ppdegalicia.com\/es\/pedro-puy-demanda-a-oposicion-vontade-para-acadar-consensos-a-curto-prazo-sobre-o-ave-ou-o-financiamento-autonomico\/","og_locale":"es_ES","og_type":"article","og_title":"Pedro Puy demanda \u00e1 oposici\u00f3n vontade para acadar consensos a curto prazo sobre o AVE ou o financiamento auton\u00f3mico - PP de Galicia","og_description":"Santiago, 9 de xaneiro de 2017.- O portavoz do Grupo Popular, Pedro Puy, reiterou hoxe \u201ca disposici\u00f3n do PPdeG para chegar a acordos coa oposici\u00f3n\u201d, \u00e1 que demandou \u201cvontade\u201d para acadar consensos a curto prazo sobre cuesti\u00f3ns como os investimentos do Estado na mellora das infraestruturas ferroviarias en Galicia ou no novo modelo de financiamento [&hellip;]","og_url":"https:\/\/ppdegalicia.com\/es\/pedro-puy-demanda-a-oposicion-vontade-para-acadar-consensos-a-curto-prazo-sobre-o-ave-ou-o-financiamento-autonomico\/","og_site_name":"PP de Galicia","article_publisher":"https:\/\/www.instagram.com\/ppdegalicia\/","article_published_time":"2017-01-09T11:27:25+00:00","author":"Super User","twitter_card":"summary_large_image","twitter_creator":"@ppdegalicia","twitter_site":"@ppdegalicia","twitter_misc":{"Escrito por":"Super User","Tiempo de lectura":"3 minutos"},"schema":{"@context":"https:\/\/schema.org","@graph":[{"@type":"Article","@id":"https:\/\/ppdegalicia.com\/es\/pedro-puy-demanda-a-oposicion-vontade-para-acadar-consensos-a-curto-prazo-sobre-o-ave-ou-o-financiamento-autonomico\/#article","isPartOf":{"@id":"https:\/\/ppdegalicia.com\/es\/pedro-puy-demanda-a-oposicion-vontade-para-acadar-consensos-a-curto-prazo-sobre-o-ave-ou-o-financiamento-autonomico\/"},"author":{"name":"Super User","@id":"https:\/\/ppdegalicia.com\/es\/#\/schema\/person\/d0f013b8388c980665d44009ab762960"},"headline":"Pedro Puy demanda \u00e1 oposici\u00f3n vontade para acadar consensos a curto prazo sobre o AVE ou o financiamento auton\u00f3mico","datePublished":"2017-01-09T11:27:25+00:00","mainEntityOfPage":{"@id":"https:\/\/ppdegalicia.com\/es\/pedro-puy-demanda-a-oposicion-vontade-para-acadar-consensos-a-curto-prazo-sobre-o-ave-ou-o-financiamento-autonomico\/"},"wordCount":715,"commentCount":0,"publisher":{"@id":"https:\/\/ppdegalicia.com\/es\/#organization"},"articleSection":["PP de Galicia"],"inLanguage":"es","potentialAction":[{"@type":"CommentAction","name":"Comment","target":["https:\/\/ppdegalicia.com\/es\/pedro-puy-demanda-a-oposicion-vontade-para-acadar-consensos-a-curto-prazo-sobre-o-ave-ou-o-financiamento-autonomico\/#respond"]}]},{"@type":"WebPage","@id":"https:\/\/ppdegalicia.com\/es\/pedro-puy-demanda-a-oposicion-vontade-para-acadar-consensos-a-curto-prazo-sobre-o-ave-ou-o-financiamento-autonomico\/","url":"https:\/\/ppdegalicia.com\/es\/pedro-puy-demanda-a-oposicion-vontade-para-acadar-consensos-a-curto-prazo-sobre-o-ave-ou-o-financiamento-autonomico\/","name":"Pedro Puy demanda \u00e1 oposici\u00f3n vontade para acadar consensos a curto prazo sobre o AVE ou o financiamento auton\u00f3mico - PP de Galicia","isPartOf":{"@id":"https:\/\/ppdegalicia.com\/es\/#website"},"datePublished":"2017-01-09T11:27:25+00:00","breadcrumb":{"@id":"https:\/\/ppdegalicia.com\/es\/pedro-puy-demanda-a-oposicion-vontade-para-acadar-consensos-a-curto-prazo-sobre-o-ave-ou-o-financiamento-autonomico\/#breadcrumb"},"inLanguage":"es","potentialAction":[{"@type":"ReadAction","target":["https:\/\/ppdegalicia.com\/es\/pedro-puy-demanda-a-oposicion-vontade-para-acadar-consensos-a-curto-prazo-sobre-o-ave-ou-o-financiamento-autonomico\/"]}]},{"@type":"BreadcrumbList","@id":"https:\/\/ppdegalicia.com\/es\/pedro-puy-demanda-a-oposicion-vontade-para-acadar-consensos-a-curto-prazo-sobre-o-ave-ou-o-financiamento-autonomico\/#breadcrumb","itemListElement":[{"@type":"ListItem","position":1,"name":"Portada","item":"https:\/\/ppdegalicia.com\/es\/"},{"@type":"ListItem","position":2,"name":"Pedro Puy demanda \u00e1 oposici\u00f3n vontade para acadar consensos a curto prazo sobre o AVE ou o financiamento auton\u00f3mico"}]},{"@type":"WebSite","@id":"https:\/\/ppdegalicia.com\/es\/#website","url":"https:\/\/ppdegalicia.com\/es\/","name":"Partido Popular de Galicia","description":"Partido Popular de Galicia","publisher":{"@id":"https:\/\/ppdegalicia.com\/es\/#organization"},"alternateName":"PP de Galicia","potentialAction":[{"@type":"SearchAction","target":{"@type":"EntryPoint","urlTemplate":"https:\/\/ppdegalicia.com\/es\/?s={search_term_string}"},"query-input":{"@type":"PropertyValueSpecification","valueRequired":true,"valueName":"search_term_string"}}],"inLanguage":"es"},{"@type":"Organization","@id":"https:\/\/ppdegalicia.com\/es\/#organization","name":"Partido Popular de Galicia","alternateName":"PP de Galicia","url":"https:\/\/ppdegalicia.com\/es\/","logo":{"@type":"ImageObject","inLanguage":"es","@id":"https:\/\/ppdegalicia.com\/es\/#\/schema\/logo\/image\/","url":"https:\/\/ppdegalicia.com\/wp-content\/uploads\/2023\/04\/logoPP512.png","contentUrl":"https:\/\/ppdegalicia.com\/wp-content\/uploads\/2023\/04\/logoPP512.png","width":512,"height":512,"caption":"Partido Popular de Galicia"},"image":{"@id":"https:\/\/ppdegalicia.com\/es\/#\/schema\/logo\/image\/"},"sameAs":["https:\/\/www.instagram.com\/ppdegalicia\/","https:\/\/x.com\/ppdegalicia","https:\/\/www.tiktok.com\/@ppdegalicia","https:\/\/www.youtube.com\/user\/ppdegalicia"]},{"@type":"Person","@id":"https:\/\/ppdegalicia.com\/es\/#\/schema\/person\/d0f013b8388c980665d44009ab762960","name":"Super User","image":{"@type":"ImageObject","inLanguage":"es","@id":"https:\/\/secure.gravatar.com\/avatar\/1db852625ef4948f58d2739bfbc51e4b9bd5c93b8fa340b59fdb594ca0845645?s=96&d=mm&r=g","url":"https:\/\/secure.gravatar.com\/avatar\/1db852625ef4948f58d2739bfbc51e4b9bd5c93b8fa340b59fdb594ca0845645?s=96&d=mm&r=g","contentUrl":"https:\/\/secure.gravatar.com\/avatar\/1db852625ef4948f58d2739bfbc51e4b9bd5c93b8fa340b59fdb594ca0845645?s=96&d=mm&r=g","caption":"Super User"},"url":"https:\/\/ppdegalicia.com\/es\/author\/ppdegaliciagestion\/"}]}},"_links":{"self":[{"href":"https:\/\/ppdegalicia.com\/es\/wp-json\/wp\/v2\/posts\/53284","targetHints":{"allow":["GET"]}}],"collection":[{"href":"https:\/\/ppdegalicia.com\/es\/wp-json\/wp\/v2\/posts"}],"about":[{"href":"https:\/\/ppdegalicia.com\/es\/wp-json\/wp\/v2\/types\/post"}],"author":[{"embeddable":true,"href":"https:\/\/ppdegalicia.com\/es\/wp-json\/wp\/v2\/users\/37"}],"replies":[{"embeddable":true,"href":"https:\/\/ppdegalicia.com\/es\/wp-json\/wp\/v2\/comments?post=53284"}],"version-history":[{"count":0,"href":"https:\/\/ppdegalicia.com\/es\/wp-json\/wp\/v2\/posts\/53284\/revisions"}],"wp:attachment":[{"href":"https:\/\/ppdegalicia.com\/es\/wp-json\/wp\/v2\/media?parent=53284"}],"wp:term":[{"taxonomy":"category","embeddable":true,"href":"https:\/\/ppdegalicia.com\/es\/wp-json\/wp\/v2\/categories?post=53284"},{"taxonomy":"post_tag","embeddable":true,"href":"https:\/\/ppdegalicia.com\/es\/wp-json\/wp\/v2\/tags?post=53284"}],"curies":[{"name":"wp","href":"https:\/\/api.w.org\/{rel}","templated":true}]}}