{"id":53291,"date":"2017-01-17T09:00:38","date_gmt":"2017-01-17T07:00:38","guid":{"rendered":"https:\/\/ppdegalicia.com\/paula-prado-acusa-a-oposicion-de-crear-unha-caixa-maxica-sen-ningun-tipo-de-rigor-definicion-prevision-nin-xustificacion\/"},"modified":"2017-01-17T09:00:38","modified_gmt":"2017-01-17T07:00:38","slug":"paula-prado-acusa-a-oposicion-de-crear-unha-caixa-maxica-sen-ningun-tipo-de-rigor-definicion-prevision-nin-xustificacion","status":"publish","type":"post","link":"https:\/\/ppdegalicia.com\/es\/paula-prado-acusa-a-oposicion-de-crear-unha-caixa-maxica-sen-ningun-tipo-de-rigor-definicion-prevision-nin-xustificacion\/","title":{"rendered":"Paula Prado acusa \u00e1 oposici\u00f3n de crear unha \u00abcaixa m\u00e1xica sen ning\u00fan tipo de rigor, definici\u00f3n,previsi\u00f3n nin xustificaci\u00f3n\u00bb"},"content":{"rendered":"<p>Santiago, 16 de xaneiro de 2017.- A viceportavoz do Grupo Popular, Paula Prado, acusou hoxe \u00e1 oposici\u00f3n de crear \u201cunha caixa m\u00e1xica da que sacan os cartos sen ning\u00fan tipo de rigor, definici\u00f3n, previsi\u00f3n realista nin xustificaci\u00f3n\u201d. Fronte a isto, \u201co Partido Popular leva demostrado estes anos de goberno que fai as cousas con prudencia, rigorosidade e pegadas \u00e1 realidade, que non gastamos m\u00e1is do que ingresamos, cumprimos o d\u00e9ficit e pagamos a d\u00e9beda\u201d, afirmou.<\/p>\n<p><!--more--><\/p>\n<p>No debate do proxecto de Lei de medidas fiscais e administrativas, Paula Prado lamentou que os grupos da oposici\u00f3n \u201cnon aprenderon nada dos erros que nos levaron \u00e1 peor crise econ\u00f3mica\u201d. As\u00ed, criticou que \u201cseguen coa teima de prever ingresos irreais\u201d e lembroulles que \u201ca\u00ednda estamos pagando os 2.000 mill\u00f3ns de euros que socialistas e nacionalistas pintaron de m\u00e1is no \u00faltimo orzamento co que gobernaron Galicia\u201d.<\/p>\n<p>&nbsp;<\/p>\n<p>Prado apuntou que \u201ca s\u00faa proposta de incrementar os tipos de IRPF \u00e1s rendas m\u00e1is altas \u00e9 conxunto baleiro, porque nin din a quen se aplicar\u00eda esa suba nin expo\u00f1en como levala a cabo\u201d. Ademais, explicou que esta medida \u201cprovocar\u00eda o efecto contrario ao que pretenden vender, xa que a alza de tipo ser\u00eda soportado fundamentalmente polas rendas do traballo, como acredita o feito de que representar arredor do 85 por cento do total da base impo\u00f1ible\u201d.<\/p>\n<p>&nbsp;<\/p>\n<p><strong>MOITO POR MUDAR<\/strong><\/p>\n<p>&nbsp;<\/p>\n<p>\u201cSomos conscientes de que queda moito por mudar e por iso esta lei de medidas fiscais e administrativas \u00e9 importante, porque vai resolver moitas cuesti\u00f3ns que afectan \u00e1 xente\u201d, indicou. Por\u00e9n, Paula Prado reco\u00f1eceu que \u201cnon \u00e9 o mellor instrumento de t\u00e9cnica lexislativa\u201d pero avanzou que \u201cimos debater todo o que vostedes precisen, porque \u00e9 bo e enriquecedor\u201d<\/p>\n<p>&nbsp;<\/p>\n<p>Paula Prado manifestou que o Tribunal Constitucional tense manifestado sobre as leis de acompa\u00f1amento e afirma que \u00e9 unha lei ordinaria que pode regular calquera materia. Neste sentido, lembrou que outras comunidades espa\u00f1olas \u201cest\u00e1n tramitando unha lei exactamente igual a esta, como Cantabria, a trav\u00e9s da que se modifican 15 leis; en Arag\u00f3n, onde modifican 31 normas; en Catalu\u00f1a, que cambian 23 leis; ou na Comunidade Valenciana, onde reforman 32 leis\u201d. \u201cEn Galicia tam\u00e9n temos necesidades perentorias, como defenden os seus compa\u00f1eiros no goberno valenciano\u201d, apuntou.<\/p>\n<p>&nbsp;<\/p>\n<p>\u201cAs cuesti\u00f3ns que se incl\u00faen nesta lei ser\u00e1n debatidas coa mesma luz e taqu\u00edgrafos que calquera outra norma\u201d, asegurou a viceportavoz popular. Deste xeito, recordou que \u201cdesde que entrou no Parlamento o pasado 3 de decembro, todos os grupos tivemos tempo para analizala, estudala e emendala, as\u00ed como durante este mes e medio puidemos reunirnos cos sectores afectados pola mesma, sindicatos ou entidades; escoitar as s\u00faas demandas e suxerencias e recoller algunhas delas en forma de emenda\u201d.<\/p>\n<p>&nbsp;<\/p>\n<p><strong>LEI COMPLEMENTARIA<\/strong><\/p>\n<p>&nbsp;<\/p>\n<p>Prado explicou que \u201cestamos ante unha lei complementaria da lei de orzamentos coa que garda unha especial conexi\u00f3n causal, como a baixada de impostos no rural, o plan econ\u00f3mico-financeiro do goberno ou o proceso de de funcionarizaci\u00f3n do persoal laboral, que favorecer\u00e1 a estabilidade laboral e profesional do persoal do Servizo de prevenci\u00f3n e defensa contra os incendios forestais e do Consorcio de Igualdade e Benestar.<\/p>\n<p>&nbsp;<\/p>\n<p>Neste punto, criticou que \u201ccando se asinaron os acordos&nbsp; tach\u00e1ronos de electoralistas e baleiros de contido e agora propo\u00f1en un procedemento que retrasar\u00eda o proceso de funcionarizaci\u00f3n e, por tanto, retrasar\u00eda que miles de laborais te\u00f1an estabilidade no seu posto de traballo e mellores expectativas no eido do desenvolvemento profesional\u201d.<\/p>\n<p>&nbsp;<\/p>\n<p>Ademais, Paula Prado salientou que a Xunta de Galicia incrementar\u00e1 o pr\u00f3ximo ano un 7 por cento os beneficios fiscais que aplica a familias e empresas, co obxectivo de dotar de maior renda \u00e1 cidadan\u00eda galega. Neste sentido, explicou que estes beneficios fiscais \u201cser\u00e1n ingresos que a Xunta deixar\u00e1 de percibir para que revertan nos cidad\u00e1ns\u201d, e concretou que en 2017 a Xunta aplicar\u00e1 rebaixas fiscais por un importe de 391 mill\u00f3ns de euros&nbsp; \u201cque se quedar\u00e1n no peto das familias\u201d.<\/p>\n","protected":false},"excerpt":{"rendered":"<p>Santiago, 16 de xaneiro de 2017.- A viceportavoz do Grupo Popular, Paula Prado, acusou hoxe \u00e1 oposici\u00f3n de crear \u201cunha caixa m\u00e1xica da que sacan os cartos sen ning\u00fan tipo de rigor, definici\u00f3n, previsi\u00f3n realista nin xustificaci\u00f3n\u201d. Fronte a isto, \u201co Partido Popular leva demostrado estes anos de goberno que fai as cousas con prudencia, [&hellip;]<\/p>\n","protected":false},"author":37,"featured_media":0,"comment_status":"open","ping_status":"open","sticky":false,"template":"","format":"standard","meta":{"_acf_changed":false,"footnotes":""},"categories":[1],"tags":[],"class_list":["post-53291","post","type-post","status-publish","format-standard","hentry","category-pp-de-galicia"],"acf":[],"yoast_head":"<!-- This site is optimized with the Yoast SEO plugin v27.3 - https:\/\/yoast.com\/product\/yoast-seo-wordpress\/ -->\n<title>Paula Prado acusa \u00e1 oposici\u00f3n de crear unha &quot;caixa m\u00e1xica sen ning\u00fan tipo de rigor, definici\u00f3n,previsi\u00f3n nin xustificaci\u00f3n&quot; - PP de Galicia<\/title>\n<meta name=\"robots\" content=\"index, follow, max-snippet:-1, max-image-preview:large, max-video-preview:-1\" \/>\n<link rel=\"canonical\" href=\"https:\/\/ppdegalicia.com\/es\/paula-prado-acusa-a-oposicion-de-crear-unha-caixa-maxica-sen-ningun-tipo-de-rigor-definicion-prevision-nin-xustificacion\/\" \/>\n<meta property=\"og:locale\" content=\"es_ES\" \/>\n<meta property=\"og:type\" content=\"article\" \/>\n<meta property=\"og:title\" content=\"Paula Prado acusa \u00e1 oposici\u00f3n de crear unha &quot;caixa m\u00e1xica sen ning\u00fan tipo de rigor, definici\u00f3n,previsi\u00f3n nin xustificaci\u00f3n&quot; - PP de Galicia\" \/>\n<meta property=\"og:description\" content=\"Santiago, 16 de xaneiro de 2017.- A viceportavoz do Grupo Popular, Paula Prado, acusou hoxe \u00e1 oposici\u00f3n de crear \u201cunha caixa m\u00e1xica da que sacan os cartos sen ning\u00fan tipo de rigor, definici\u00f3n, previsi\u00f3n realista nin xustificaci\u00f3n\u201d. Fronte a isto, \u201co Partido Popular leva demostrado estes anos de goberno que fai as cousas con prudencia, [&hellip;]\" \/>\n<meta property=\"og:url\" content=\"https:\/\/ppdegalicia.com\/es\/paula-prado-acusa-a-oposicion-de-crear-unha-caixa-maxica-sen-ningun-tipo-de-rigor-definicion-prevision-nin-xustificacion\/\" \/>\n<meta property=\"og:site_name\" content=\"PP de Galicia\" \/>\n<meta property=\"article:publisher\" content=\"https:\/\/www.instagram.com\/ppdegalicia\/\" \/>\n<meta property=\"article:published_time\" content=\"2017-01-17T07:00:38+00:00\" \/>\n<meta name=\"author\" content=\"Super User\" \/>\n<meta name=\"twitter:card\" content=\"summary_large_image\" \/>\n<meta name=\"twitter:creator\" content=\"@ppdegalicia\" \/>\n<meta name=\"twitter:site\" content=\"@ppdegalicia\" \/>\n<meta name=\"twitter:label1\" content=\"Escrito por\" \/>\n\t<meta name=\"twitter:data1\" content=\"Super User\" \/>\n\t<meta name=\"twitter:label2\" content=\"Tiempo de lectura\" \/>\n\t<meta name=\"twitter:data2\" content=\"3 minutos\" \/>\n<script type=\"application\/ld+json\" class=\"yoast-schema-graph\">{\"@context\":\"https:\\\/\\\/schema.org\",\"@graph\":[{\"@type\":\"Article\",\"@id\":\"https:\\\/\\\/ppdegalicia.com\\\/es\\\/paula-prado-acusa-a-oposicion-de-crear-unha-caixa-maxica-sen-ningun-tipo-de-rigor-definicion-prevision-nin-xustificacion\\\/#article\",\"isPartOf\":{\"@id\":\"https:\\\/\\\/ppdegalicia.com\\\/es\\\/paula-prado-acusa-a-oposicion-de-crear-unha-caixa-maxica-sen-ningun-tipo-de-rigor-definicion-prevision-nin-xustificacion\\\/\"},\"author\":{\"name\":\"Super User\",\"@id\":\"https:\\\/\\\/ppdegalicia.com\\\/es\\\/#\\\/schema\\\/person\\\/d0f013b8388c980665d44009ab762960\"},\"headline\":\"Paula Prado acusa \u00e1 oposici\u00f3n de crear unha \u00abcaixa m\u00e1xica sen ning\u00fan tipo de rigor, definici\u00f3n,previsi\u00f3n nin xustificaci\u00f3n\u00bb\",\"datePublished\":\"2017-01-17T07:00:38+00:00\",\"mainEntityOfPage\":{\"@id\":\"https:\\\/\\\/ppdegalicia.com\\\/es\\\/paula-prado-acusa-a-oposicion-de-crear-unha-caixa-maxica-sen-ningun-tipo-de-rigor-definicion-prevision-nin-xustificacion\\\/\"},\"wordCount\":709,\"commentCount\":0,\"publisher\":{\"@id\":\"https:\\\/\\\/ppdegalicia.com\\\/es\\\/#organization\"},\"articleSection\":[\"PP de Galicia\"],\"inLanguage\":\"es\",\"potentialAction\":[{\"@type\":\"CommentAction\",\"name\":\"Comment\",\"target\":[\"https:\\\/\\\/ppdegalicia.com\\\/es\\\/paula-prado-acusa-a-oposicion-de-crear-unha-caixa-maxica-sen-ningun-tipo-de-rigor-definicion-prevision-nin-xustificacion\\\/#respond\"]}]},{\"@type\":\"WebPage\",\"@id\":\"https:\\\/\\\/ppdegalicia.com\\\/es\\\/paula-prado-acusa-a-oposicion-de-crear-unha-caixa-maxica-sen-ningun-tipo-de-rigor-definicion-prevision-nin-xustificacion\\\/\",\"url\":\"https:\\\/\\\/ppdegalicia.com\\\/es\\\/paula-prado-acusa-a-oposicion-de-crear-unha-caixa-maxica-sen-ningun-tipo-de-rigor-definicion-prevision-nin-xustificacion\\\/\",\"name\":\"Paula Prado acusa \u00e1 oposici\u00f3n de crear unha \\\"caixa m\u00e1xica sen ning\u00fan tipo de rigor, definici\u00f3n,previsi\u00f3n nin xustificaci\u00f3n\\\" - PP de Galicia\",\"isPartOf\":{\"@id\":\"https:\\\/\\\/ppdegalicia.com\\\/es\\\/#website\"},\"datePublished\":\"2017-01-17T07:00:38+00:00\",\"breadcrumb\":{\"@id\":\"https:\\\/\\\/ppdegalicia.com\\\/es\\\/paula-prado-acusa-a-oposicion-de-crear-unha-caixa-maxica-sen-ningun-tipo-de-rigor-definicion-prevision-nin-xustificacion\\\/#breadcrumb\"},\"inLanguage\":\"es\",\"potentialAction\":[{\"@type\":\"ReadAction\",\"target\":[\"https:\\\/\\\/ppdegalicia.com\\\/es\\\/paula-prado-acusa-a-oposicion-de-crear-unha-caixa-maxica-sen-ningun-tipo-de-rigor-definicion-prevision-nin-xustificacion\\\/\"]}]},{\"@type\":\"BreadcrumbList\",\"@id\":\"https:\\\/\\\/ppdegalicia.com\\\/es\\\/paula-prado-acusa-a-oposicion-de-crear-unha-caixa-maxica-sen-ningun-tipo-de-rigor-definicion-prevision-nin-xustificacion\\\/#breadcrumb\",\"itemListElement\":[{\"@type\":\"ListItem\",\"position\":1,\"name\":\"Portada\",\"item\":\"https:\\\/\\\/ppdegalicia.com\\\/es\\\/\"},{\"@type\":\"ListItem\",\"position\":2,\"name\":\"Paula Prado acusa \u00e1 oposici\u00f3n de crear unha &#8220;caixa m\u00e1xica sen ning\u00fan tipo de rigor, definici\u00f3n,previsi\u00f3n nin xustificaci\u00f3n&#8221;\"}]},{\"@type\":\"WebSite\",\"@id\":\"https:\\\/\\\/ppdegalicia.com\\\/es\\\/#website\",\"url\":\"https:\\\/\\\/ppdegalicia.com\\\/es\\\/\",\"name\":\"Partido Popular de Galicia\",\"description\":\"Partido Popular de Galicia\",\"publisher\":{\"@id\":\"https:\\\/\\\/ppdegalicia.com\\\/es\\\/#organization\"},\"alternateName\":\"PP de Galicia\",\"potentialAction\":[{\"@type\":\"SearchAction\",\"target\":{\"@type\":\"EntryPoint\",\"urlTemplate\":\"https:\\\/\\\/ppdegalicia.com\\\/es\\\/?s={search_term_string}\"},\"query-input\":{\"@type\":\"PropertyValueSpecification\",\"valueRequired\":true,\"valueName\":\"search_term_string\"}}],\"inLanguage\":\"es\"},{\"@type\":\"Organization\",\"@id\":\"https:\\\/\\\/ppdegalicia.com\\\/es\\\/#organization\",\"name\":\"Partido Popular de Galicia\",\"alternateName\":\"PP de Galicia\",\"url\":\"https:\\\/\\\/ppdegalicia.com\\\/es\\\/\",\"logo\":{\"@type\":\"ImageObject\",\"inLanguage\":\"es\",\"@id\":\"https:\\\/\\\/ppdegalicia.com\\\/es\\\/#\\\/schema\\\/logo\\\/image\\\/\",\"url\":\"https:\\\/\\\/ppdegalicia.com\\\/wp-content\\\/uploads\\\/2023\\\/04\\\/logoPP512.png\",\"contentUrl\":\"https:\\\/\\\/ppdegalicia.com\\\/wp-content\\\/uploads\\\/2023\\\/04\\\/logoPP512.png\",\"width\":512,\"height\":512,\"caption\":\"Partido Popular de Galicia\"},\"image\":{\"@id\":\"https:\\\/\\\/ppdegalicia.com\\\/es\\\/#\\\/schema\\\/logo\\\/image\\\/\"},\"sameAs\":[\"https:\\\/\\\/www.instagram.com\\\/ppdegalicia\\\/\",\"https:\\\/\\\/x.com\\\/ppdegalicia\",\"https:\\\/\\\/www.tiktok.com\\\/@ppdegalicia\",\"https:\\\/\\\/www.youtube.com\\\/user\\\/ppdegalicia\"]},{\"@type\":\"Person\",\"@id\":\"https:\\\/\\\/ppdegalicia.com\\\/es\\\/#\\\/schema\\\/person\\\/d0f013b8388c980665d44009ab762960\",\"name\":\"Super User\",\"image\":{\"@type\":\"ImageObject\",\"inLanguage\":\"es\",\"@id\":\"https:\\\/\\\/secure.gravatar.com\\\/avatar\\\/1db852625ef4948f58d2739bfbc51e4b9bd5c93b8fa340b59fdb594ca0845645?s=96&d=mm&r=g\",\"url\":\"https:\\\/\\\/secure.gravatar.com\\\/avatar\\\/1db852625ef4948f58d2739bfbc51e4b9bd5c93b8fa340b59fdb594ca0845645?s=96&d=mm&r=g\",\"contentUrl\":\"https:\\\/\\\/secure.gravatar.com\\\/avatar\\\/1db852625ef4948f58d2739bfbc51e4b9bd5c93b8fa340b59fdb594ca0845645?s=96&d=mm&r=g\",\"caption\":\"Super User\"},\"url\":\"https:\\\/\\\/ppdegalicia.com\\\/es\\\/author\\\/ppdegaliciagestion\\\/\"}]}<\/script>\n<!-- \/ Yoast SEO plugin. -->","yoast_head_json":{"title":"Paula Prado acusa \u00e1 oposici\u00f3n de crear unha \"caixa m\u00e1xica sen ning\u00fan tipo de rigor, definici\u00f3n,previsi\u00f3n nin xustificaci\u00f3n\" - PP de Galicia","robots":{"index":"index","follow":"follow","max-snippet":"max-snippet:-1","max-image-preview":"max-image-preview:large","max-video-preview":"max-video-preview:-1"},"canonical":"https:\/\/ppdegalicia.com\/es\/paula-prado-acusa-a-oposicion-de-crear-unha-caixa-maxica-sen-ningun-tipo-de-rigor-definicion-prevision-nin-xustificacion\/","og_locale":"es_ES","og_type":"article","og_title":"Paula Prado acusa \u00e1 oposici\u00f3n de crear unha \"caixa m\u00e1xica sen ning\u00fan tipo de rigor, definici\u00f3n,previsi\u00f3n nin xustificaci\u00f3n\" - PP de Galicia","og_description":"Santiago, 16 de xaneiro de 2017.- A viceportavoz do Grupo Popular, Paula Prado, acusou hoxe \u00e1 oposici\u00f3n de crear \u201cunha caixa m\u00e1xica da que sacan os cartos sen ning\u00fan tipo de rigor, definici\u00f3n, previsi\u00f3n realista nin xustificaci\u00f3n\u201d. Fronte a isto, \u201co Partido Popular leva demostrado estes anos de goberno que fai as cousas con prudencia, [&hellip;]","og_url":"https:\/\/ppdegalicia.com\/es\/paula-prado-acusa-a-oposicion-de-crear-unha-caixa-maxica-sen-ningun-tipo-de-rigor-definicion-prevision-nin-xustificacion\/","og_site_name":"PP de Galicia","article_publisher":"https:\/\/www.instagram.com\/ppdegalicia\/","article_published_time":"2017-01-17T07:00:38+00:00","author":"Super User","twitter_card":"summary_large_image","twitter_creator":"@ppdegalicia","twitter_site":"@ppdegalicia","twitter_misc":{"Escrito por":"Super User","Tiempo de lectura":"3 minutos"},"schema":{"@context":"https:\/\/schema.org","@graph":[{"@type":"Article","@id":"https:\/\/ppdegalicia.com\/es\/paula-prado-acusa-a-oposicion-de-crear-unha-caixa-maxica-sen-ningun-tipo-de-rigor-definicion-prevision-nin-xustificacion\/#article","isPartOf":{"@id":"https:\/\/ppdegalicia.com\/es\/paula-prado-acusa-a-oposicion-de-crear-unha-caixa-maxica-sen-ningun-tipo-de-rigor-definicion-prevision-nin-xustificacion\/"},"author":{"name":"Super User","@id":"https:\/\/ppdegalicia.com\/es\/#\/schema\/person\/d0f013b8388c980665d44009ab762960"},"headline":"Paula Prado acusa \u00e1 oposici\u00f3n de crear unha \u00abcaixa m\u00e1xica sen ning\u00fan tipo de rigor, definici\u00f3n,previsi\u00f3n nin xustificaci\u00f3n\u00bb","datePublished":"2017-01-17T07:00:38+00:00","mainEntityOfPage":{"@id":"https:\/\/ppdegalicia.com\/es\/paula-prado-acusa-a-oposicion-de-crear-unha-caixa-maxica-sen-ningun-tipo-de-rigor-definicion-prevision-nin-xustificacion\/"},"wordCount":709,"commentCount":0,"publisher":{"@id":"https:\/\/ppdegalicia.com\/es\/#organization"},"articleSection":["PP de Galicia"],"inLanguage":"es","potentialAction":[{"@type":"CommentAction","name":"Comment","target":["https:\/\/ppdegalicia.com\/es\/paula-prado-acusa-a-oposicion-de-crear-unha-caixa-maxica-sen-ningun-tipo-de-rigor-definicion-prevision-nin-xustificacion\/#respond"]}]},{"@type":"WebPage","@id":"https:\/\/ppdegalicia.com\/es\/paula-prado-acusa-a-oposicion-de-crear-unha-caixa-maxica-sen-ningun-tipo-de-rigor-definicion-prevision-nin-xustificacion\/","url":"https:\/\/ppdegalicia.com\/es\/paula-prado-acusa-a-oposicion-de-crear-unha-caixa-maxica-sen-ningun-tipo-de-rigor-definicion-prevision-nin-xustificacion\/","name":"Paula Prado acusa \u00e1 oposici\u00f3n de crear unha \"caixa m\u00e1xica sen ning\u00fan tipo de rigor, definici\u00f3n,previsi\u00f3n nin xustificaci\u00f3n\" - PP de Galicia","isPartOf":{"@id":"https:\/\/ppdegalicia.com\/es\/#website"},"datePublished":"2017-01-17T07:00:38+00:00","breadcrumb":{"@id":"https:\/\/ppdegalicia.com\/es\/paula-prado-acusa-a-oposicion-de-crear-unha-caixa-maxica-sen-ningun-tipo-de-rigor-definicion-prevision-nin-xustificacion\/#breadcrumb"},"inLanguage":"es","potentialAction":[{"@type":"ReadAction","target":["https:\/\/ppdegalicia.com\/es\/paula-prado-acusa-a-oposicion-de-crear-unha-caixa-maxica-sen-ningun-tipo-de-rigor-definicion-prevision-nin-xustificacion\/"]}]},{"@type":"BreadcrumbList","@id":"https:\/\/ppdegalicia.com\/es\/paula-prado-acusa-a-oposicion-de-crear-unha-caixa-maxica-sen-ningun-tipo-de-rigor-definicion-prevision-nin-xustificacion\/#breadcrumb","itemListElement":[{"@type":"ListItem","position":1,"name":"Portada","item":"https:\/\/ppdegalicia.com\/es\/"},{"@type":"ListItem","position":2,"name":"Paula Prado acusa \u00e1 oposici\u00f3n de crear unha &#8220;caixa m\u00e1xica sen ning\u00fan tipo de rigor, definici\u00f3n,previsi\u00f3n nin xustificaci\u00f3n&#8221;"}]},{"@type":"WebSite","@id":"https:\/\/ppdegalicia.com\/es\/#website","url":"https:\/\/ppdegalicia.com\/es\/","name":"Partido Popular de Galicia","description":"Partido Popular de Galicia","publisher":{"@id":"https:\/\/ppdegalicia.com\/es\/#organization"},"alternateName":"PP de Galicia","potentialAction":[{"@type":"SearchAction","target":{"@type":"EntryPoint","urlTemplate":"https:\/\/ppdegalicia.com\/es\/?s={search_term_string}"},"query-input":{"@type":"PropertyValueSpecification","valueRequired":true,"valueName":"search_term_string"}}],"inLanguage":"es"},{"@type":"Organization","@id":"https:\/\/ppdegalicia.com\/es\/#organization","name":"Partido Popular de Galicia","alternateName":"PP de Galicia","url":"https:\/\/ppdegalicia.com\/es\/","logo":{"@type":"ImageObject","inLanguage":"es","@id":"https:\/\/ppdegalicia.com\/es\/#\/schema\/logo\/image\/","url":"https:\/\/ppdegalicia.com\/wp-content\/uploads\/2023\/04\/logoPP512.png","contentUrl":"https:\/\/ppdegalicia.com\/wp-content\/uploads\/2023\/04\/logoPP512.png","width":512,"height":512,"caption":"Partido Popular de Galicia"},"image":{"@id":"https:\/\/ppdegalicia.com\/es\/#\/schema\/logo\/image\/"},"sameAs":["https:\/\/www.instagram.com\/ppdegalicia\/","https:\/\/x.com\/ppdegalicia","https:\/\/www.tiktok.com\/@ppdegalicia","https:\/\/www.youtube.com\/user\/ppdegalicia"]},{"@type":"Person","@id":"https:\/\/ppdegalicia.com\/es\/#\/schema\/person\/d0f013b8388c980665d44009ab762960","name":"Super User","image":{"@type":"ImageObject","inLanguage":"es","@id":"https:\/\/secure.gravatar.com\/avatar\/1db852625ef4948f58d2739bfbc51e4b9bd5c93b8fa340b59fdb594ca0845645?s=96&d=mm&r=g","url":"https:\/\/secure.gravatar.com\/avatar\/1db852625ef4948f58d2739bfbc51e4b9bd5c93b8fa340b59fdb594ca0845645?s=96&d=mm&r=g","contentUrl":"https:\/\/secure.gravatar.com\/avatar\/1db852625ef4948f58d2739bfbc51e4b9bd5c93b8fa340b59fdb594ca0845645?s=96&d=mm&r=g","caption":"Super User"},"url":"https:\/\/ppdegalicia.com\/es\/author\/ppdegaliciagestion\/"}]}},"_links":{"self":[{"href":"https:\/\/ppdegalicia.com\/es\/wp-json\/wp\/v2\/posts\/53291","targetHints":{"allow":["GET"]}}],"collection":[{"href":"https:\/\/ppdegalicia.com\/es\/wp-json\/wp\/v2\/posts"}],"about":[{"href":"https:\/\/ppdegalicia.com\/es\/wp-json\/wp\/v2\/types\/post"}],"author":[{"embeddable":true,"href":"https:\/\/ppdegalicia.com\/es\/wp-json\/wp\/v2\/users\/37"}],"replies":[{"embeddable":true,"href":"https:\/\/ppdegalicia.com\/es\/wp-json\/wp\/v2\/comments?post=53291"}],"version-history":[{"count":0,"href":"https:\/\/ppdegalicia.com\/es\/wp-json\/wp\/v2\/posts\/53291\/revisions"}],"wp:attachment":[{"href":"https:\/\/ppdegalicia.com\/es\/wp-json\/wp\/v2\/media?parent=53291"}],"wp:term":[{"taxonomy":"category","embeddable":true,"href":"https:\/\/ppdegalicia.com\/es\/wp-json\/wp\/v2\/categories?post=53291"},{"taxonomy":"post_tag","embeddable":true,"href":"https:\/\/ppdegalicia.com\/es\/wp-json\/wp\/v2\/tags?post=53291"}],"curies":[{"name":"wp","href":"https:\/\/api.w.org\/{rel}","templated":true}]}}