{"id":53299,"date":"2017-01-18T10:49:31","date_gmt":"2017-01-18T08:49:31","guid":{"rendered":"https:\/\/ppdegalicia.com\/o-grupo-popular-sospeita-que-hai-un-fraude-detras-do-peche-do-cim-de-ponte-caldelas-e-solicita-o-restablecemento-inmediato-do-servizo-de-atencion-as-mulleres\/"},"modified":"2017-01-18T10:49:31","modified_gmt":"2017-01-18T08:49:31","slug":"o-grupo-popular-sospeita-que-hai-un-fraude-detras-do-peche-do-cim-de-ponte-caldelas-e-solicita-o-restablecemento-inmediato-do-servizo-de-atencion-as-mulleres","status":"publish","type":"post","link":"https:\/\/ppdegalicia.com\/es\/o-grupo-popular-sospeita-que-hai-un-fraude-detras-do-peche-do-cim-de-ponte-caldelas-e-solicita-o-restablecemento-inmediato-do-servizo-de-atencion-as-mulleres\/","title":{"rendered":"O Grupo Popular sospeita que hai un \u00abfraude\u00bb detr\u00e1s do peche do CIM de Ponte Caldelas e solicita o restablecemento inmediato do servizo de atenci\u00f3n \u00e1s mulleres"},"content":{"rendered":"<p>Santiago,&nbsp; 18 de xaneiro de 2017.- A viceportavoz e voceira de Igualdade do Grupo Popular, Paula Prado, indicou que existen sospeitas da \u201cexistencia dun fraude detr\u00e1s do peche do Centro de Informaci\u00f3n \u00e1 Muller (CIM) de Ponte Caldelas\u201cxa que se o servizo de asesoramento xur\u00eddico en Igualdade e atenci\u00f3n psicol\u00f3xica as mulleres v\u00edtimas de violencia machista ten que realizarse a trav\u00e9s dunha atenci\u00f3n especializada como se vi\u00f1a facendo por unha avogada e unha psic\u00f3loga desde fai dez anos\u201d<\/p>\n<p><!--more--><\/p>\n<p>\nPaula Prado, xunto coa voceira de Asuntos Sociais, Marta Rodr\u00edguez, mantiveron hoxe unha reuni\u00f3n coa presidente e unha integrante da directiva da Asociaci\u00f3n de profesionais dos CIM en Galicia (ASOCIM), as\u00ed como as afectadas directamente pola supresi\u00f3n do Centro.<\/p>\n<p>&nbsp;<\/p>\n<p>Na reuni\u00f3n anunciaron que o&nbsp; Grupo Popular ven de rexistrar varias iniciativas no Parlamento de Galicia nas que insta \u00e1 Xunta de Galicia a que se dirixa ao Concello de Ponte Caldelas ao fin de adoptar as medidas necesarias para evitar o peche do Centro de Informaci\u00f3n \u00e1 Muller (CIM) dese municipio.<\/p>\n<p>&nbsp;<\/p>\n<p>A viceportavoz popular indicou que \u201c\u00e9 inaceptable que este Concello deixe de prestar esta labor a pesar dos seus anos de incansable e eficaz traballo do CIM e de ter o presuposto asinado para tal fin por parte do organismo dependente da Vicepresidencia da Xunta de Galicia destinado \u00e1 loita contra a violencia de x\u00e9nero, o que provoca unha situaci\u00f3n de indefensi\u00f3n para as mulleres que precisan deste servizo no Concello, obrig\u00e1ndoas a desprazarse a outros concellos\u201d<\/p>\n<p>&nbsp;<\/p>\n<p>Paula Prado resaltou que o PPdeG \u201caposta por manter os servizos no rural xa que eliminalos&nbsp; sup\u00f3n non s\u00f3 unha dificultade maior \u00e1s mulleres que o habitan sen\u00f3n nestes casos de especial vulnerabilidade como \u00e9 a violencia machista as deixan cunha grave desprotecci\u00f3n\u201d.<\/p>\n<p>&nbsp;<\/p>\n<p><strong>DOBRE RASERO DA OPOSICI\u00d3N<\/strong><\/p>\n<p>&nbsp;<\/p>\n<p>Paula Prado criticou o \u201cdobre rasero\u201d dos partidos da oposici\u00f3n xa que \u201co&nbsp; BNG que por unha banda pide que a Xunta destine o 1% dos orzamentos a igualdade e loita contra a violencia machista e al\u00ed onde goberna non mant\u00e9n os servizos especializados de atenci\u00f3n e prevenci\u00f3n desta lacra social\u201d.<\/p>\n<p>&nbsp;<\/p>\n<p>As\u00ed mesmo, a viceportavoz popular criticou que \u201cas portas dos grupos da oposici\u00f3n no Parlamento estean pechadas aos temas de igualdade en xeral e de violencia machista en particular, xa que o PSdeG-PSOE non quixo recibir as traballadoras do CIM e o BNG non contestou a solicitude de reuni\u00f3n feita por ASOCIM\u201d.<\/p>\n<p>&nbsp;<\/p>\n<p>O Grupo Popular presentou sendas Proposici\u00f3ns non de Lei para debatir en comisi\u00f3n e no pleno do Parlamento no que solicita evitar o peche do CIM as\u00ed como unha pregunta sobre a valoraci\u00f3n que fai a Xunta do peche deste servizo especializado que conta con d\u00faas traballadoras, unha avogada e unha psic\u00f3loga que vi\u00f1an prestando un servizo esencial para as v\u00edtimas da violencia machista no Concello.<\/p>\n","protected":false},"excerpt":{"rendered":"<p>Santiago,&nbsp; 18 de xaneiro de 2017.- A viceportavoz e voceira de Igualdade do Grupo Popular, Paula Prado, indicou que existen sospeitas da \u201cexistencia dun fraude detr\u00e1s do peche do Centro de Informaci\u00f3n \u00e1 Muller (CIM) de Ponte Caldelas\u201cxa que se o servizo de asesoramento xur\u00eddico en Igualdade e atenci\u00f3n psicol\u00f3xica as mulleres v\u00edtimas de violencia [&hellip;]<\/p>\n","protected":false},"author":37,"featured_media":0,"comment_status":"open","ping_status":"open","sticky":false,"template":"","format":"standard","meta":{"_acf_changed":false,"footnotes":""},"categories":[1],"tags":[],"class_list":["post-53299","post","type-post","status-publish","format-standard","hentry","category-pp-de-galicia"],"acf":[],"yoast_head":"<!-- This site is optimized with the Yoast SEO plugin v27.3 - https:\/\/yoast.com\/product\/yoast-seo-wordpress\/ -->\n<title>O Grupo Popular sospeita que hai un &quot;fraude&quot; detr\u00e1s do peche do CIM de Ponte Caldelas e solicita o restablecemento inmediato do servizo de atenci\u00f3n \u00e1s mulleres - PP de Galicia<\/title>\n<meta name=\"robots\" content=\"index, follow, max-snippet:-1, max-image-preview:large, max-video-preview:-1\" \/>\n<link rel=\"canonical\" href=\"https:\/\/ppdegalicia.com\/es\/o-grupo-popular-sospeita-que-hai-un-fraude-detras-do-peche-do-cim-de-ponte-caldelas-e-solicita-o-restablecemento-inmediato-do-servizo-de-atencion-as-mulleres\/\" \/>\n<meta property=\"og:locale\" content=\"es_ES\" \/>\n<meta property=\"og:type\" content=\"article\" \/>\n<meta property=\"og:title\" content=\"O Grupo Popular sospeita que hai un &quot;fraude&quot; detr\u00e1s do peche do CIM de Ponte Caldelas e solicita o restablecemento inmediato do servizo de atenci\u00f3n \u00e1s mulleres - PP de Galicia\" \/>\n<meta property=\"og:description\" content=\"Santiago,&nbsp; 18 de xaneiro de 2017.- A viceportavoz e voceira de Igualdade do Grupo Popular, Paula Prado, indicou que existen sospeitas da \u201cexistencia dun fraude detr\u00e1s do peche do Centro de Informaci\u00f3n \u00e1 Muller (CIM) de Ponte Caldelas\u201cxa que se o servizo de asesoramento xur\u00eddico en Igualdade e atenci\u00f3n psicol\u00f3xica as mulleres v\u00edtimas de violencia [&hellip;]\" \/>\n<meta property=\"og:url\" content=\"https:\/\/ppdegalicia.com\/es\/o-grupo-popular-sospeita-que-hai-un-fraude-detras-do-peche-do-cim-de-ponte-caldelas-e-solicita-o-restablecemento-inmediato-do-servizo-de-atencion-as-mulleres\/\" \/>\n<meta property=\"og:site_name\" content=\"PP de Galicia\" \/>\n<meta property=\"article:publisher\" content=\"https:\/\/www.instagram.com\/ppdegalicia\/\" \/>\n<meta property=\"article:published_time\" content=\"2017-01-18T08:49:31+00:00\" \/>\n<meta name=\"author\" content=\"Super User\" \/>\n<meta name=\"twitter:card\" content=\"summary_large_image\" \/>\n<meta name=\"twitter:creator\" content=\"@ppdegalicia\" \/>\n<meta name=\"twitter:site\" content=\"@ppdegalicia\" \/>\n<meta name=\"twitter:label1\" content=\"Escrito por\" \/>\n\t<meta name=\"twitter:data1\" content=\"Super User\" \/>\n\t<meta name=\"twitter:label2\" content=\"Tiempo de lectura\" \/>\n\t<meta name=\"twitter:data2\" content=\"3 minutos\" \/>\n<script type=\"application\/ld+json\" class=\"yoast-schema-graph\">{\"@context\":\"https:\\\/\\\/schema.org\",\"@graph\":[{\"@type\":\"Article\",\"@id\":\"https:\\\/\\\/ppdegalicia.com\\\/es\\\/o-grupo-popular-sospeita-que-hai-un-fraude-detras-do-peche-do-cim-de-ponte-caldelas-e-solicita-o-restablecemento-inmediato-do-servizo-de-atencion-as-mulleres\\\/#article\",\"isPartOf\":{\"@id\":\"https:\\\/\\\/ppdegalicia.com\\\/es\\\/o-grupo-popular-sospeita-que-hai-un-fraude-detras-do-peche-do-cim-de-ponte-caldelas-e-solicita-o-restablecemento-inmediato-do-servizo-de-atencion-as-mulleres\\\/\"},\"author\":{\"name\":\"Super User\",\"@id\":\"https:\\\/\\\/ppdegalicia.com\\\/es\\\/#\\\/schema\\\/person\\\/d0f013b8388c980665d44009ab762960\"},\"headline\":\"O Grupo Popular sospeita que hai un \u00abfraude\u00bb detr\u00e1s do peche do CIM de Ponte Caldelas e solicita o restablecemento inmediato do servizo de atenci\u00f3n \u00e1s mulleres\",\"datePublished\":\"2017-01-18T08:49:31+00:00\",\"mainEntityOfPage\":{\"@id\":\"https:\\\/\\\/ppdegalicia.com\\\/es\\\/o-grupo-popular-sospeita-que-hai-un-fraude-detras-do-peche-do-cim-de-ponte-caldelas-e-solicita-o-restablecemento-inmediato-do-servizo-de-atencion-as-mulleres\\\/\"},\"wordCount\":532,\"commentCount\":0,\"publisher\":{\"@id\":\"https:\\\/\\\/ppdegalicia.com\\\/es\\\/#organization\"},\"articleSection\":[\"PP de Galicia\"],\"inLanguage\":\"es\",\"potentialAction\":[{\"@type\":\"CommentAction\",\"name\":\"Comment\",\"target\":[\"https:\\\/\\\/ppdegalicia.com\\\/es\\\/o-grupo-popular-sospeita-que-hai-un-fraude-detras-do-peche-do-cim-de-ponte-caldelas-e-solicita-o-restablecemento-inmediato-do-servizo-de-atencion-as-mulleres\\\/#respond\"]}]},{\"@type\":\"WebPage\",\"@id\":\"https:\\\/\\\/ppdegalicia.com\\\/es\\\/o-grupo-popular-sospeita-que-hai-un-fraude-detras-do-peche-do-cim-de-ponte-caldelas-e-solicita-o-restablecemento-inmediato-do-servizo-de-atencion-as-mulleres\\\/\",\"url\":\"https:\\\/\\\/ppdegalicia.com\\\/es\\\/o-grupo-popular-sospeita-que-hai-un-fraude-detras-do-peche-do-cim-de-ponte-caldelas-e-solicita-o-restablecemento-inmediato-do-servizo-de-atencion-as-mulleres\\\/\",\"name\":\"O Grupo Popular sospeita que hai un \\\"fraude\\\" detr\u00e1s do peche do CIM de Ponte Caldelas e solicita o restablecemento inmediato do servizo de atenci\u00f3n \u00e1s mulleres - PP de Galicia\",\"isPartOf\":{\"@id\":\"https:\\\/\\\/ppdegalicia.com\\\/es\\\/#website\"},\"datePublished\":\"2017-01-18T08:49:31+00:00\",\"breadcrumb\":{\"@id\":\"https:\\\/\\\/ppdegalicia.com\\\/es\\\/o-grupo-popular-sospeita-que-hai-un-fraude-detras-do-peche-do-cim-de-ponte-caldelas-e-solicita-o-restablecemento-inmediato-do-servizo-de-atencion-as-mulleres\\\/#breadcrumb\"},\"inLanguage\":\"es\",\"potentialAction\":[{\"@type\":\"ReadAction\",\"target\":[\"https:\\\/\\\/ppdegalicia.com\\\/es\\\/o-grupo-popular-sospeita-que-hai-un-fraude-detras-do-peche-do-cim-de-ponte-caldelas-e-solicita-o-restablecemento-inmediato-do-servizo-de-atencion-as-mulleres\\\/\"]}]},{\"@type\":\"BreadcrumbList\",\"@id\":\"https:\\\/\\\/ppdegalicia.com\\\/es\\\/o-grupo-popular-sospeita-que-hai-un-fraude-detras-do-peche-do-cim-de-ponte-caldelas-e-solicita-o-restablecemento-inmediato-do-servizo-de-atencion-as-mulleres\\\/#breadcrumb\",\"itemListElement\":[{\"@type\":\"ListItem\",\"position\":1,\"name\":\"Portada\",\"item\":\"https:\\\/\\\/ppdegalicia.com\\\/es\\\/\"},{\"@type\":\"ListItem\",\"position\":2,\"name\":\"O Grupo Popular sospeita que hai un &#8220;fraude&#8221; detr\u00e1s do peche do CIM de Ponte Caldelas e solicita o restablecemento inmediato do servizo de atenci\u00f3n \u00e1s mulleres\"}]},{\"@type\":\"WebSite\",\"@id\":\"https:\\\/\\\/ppdegalicia.com\\\/es\\\/#website\",\"url\":\"https:\\\/\\\/ppdegalicia.com\\\/es\\\/\",\"name\":\"Partido Popular de Galicia\",\"description\":\"Partido Popular de Galicia\",\"publisher\":{\"@id\":\"https:\\\/\\\/ppdegalicia.com\\\/es\\\/#organization\"},\"alternateName\":\"PP de Galicia\",\"potentialAction\":[{\"@type\":\"SearchAction\",\"target\":{\"@type\":\"EntryPoint\",\"urlTemplate\":\"https:\\\/\\\/ppdegalicia.com\\\/es\\\/?s={search_term_string}\"},\"query-input\":{\"@type\":\"PropertyValueSpecification\",\"valueRequired\":true,\"valueName\":\"search_term_string\"}}],\"inLanguage\":\"es\"},{\"@type\":\"Organization\",\"@id\":\"https:\\\/\\\/ppdegalicia.com\\\/es\\\/#organization\",\"name\":\"Partido Popular de Galicia\",\"alternateName\":\"PP de Galicia\",\"url\":\"https:\\\/\\\/ppdegalicia.com\\\/es\\\/\",\"logo\":{\"@type\":\"ImageObject\",\"inLanguage\":\"es\",\"@id\":\"https:\\\/\\\/ppdegalicia.com\\\/es\\\/#\\\/schema\\\/logo\\\/image\\\/\",\"url\":\"https:\\\/\\\/ppdegalicia.com\\\/wp-content\\\/uploads\\\/2023\\\/04\\\/logoPP512.png\",\"contentUrl\":\"https:\\\/\\\/ppdegalicia.com\\\/wp-content\\\/uploads\\\/2023\\\/04\\\/logoPP512.png\",\"width\":512,\"height\":512,\"caption\":\"Partido Popular de Galicia\"},\"image\":{\"@id\":\"https:\\\/\\\/ppdegalicia.com\\\/es\\\/#\\\/schema\\\/logo\\\/image\\\/\"},\"sameAs\":[\"https:\\\/\\\/www.instagram.com\\\/ppdegalicia\\\/\",\"https:\\\/\\\/x.com\\\/ppdegalicia\",\"https:\\\/\\\/www.tiktok.com\\\/@ppdegalicia\",\"https:\\\/\\\/www.youtube.com\\\/user\\\/ppdegalicia\"]},{\"@type\":\"Person\",\"@id\":\"https:\\\/\\\/ppdegalicia.com\\\/es\\\/#\\\/schema\\\/person\\\/d0f013b8388c980665d44009ab762960\",\"name\":\"Super User\",\"image\":{\"@type\":\"ImageObject\",\"inLanguage\":\"es\",\"@id\":\"https:\\\/\\\/secure.gravatar.com\\\/avatar\\\/1db852625ef4948f58d2739bfbc51e4b9bd5c93b8fa340b59fdb594ca0845645?s=96&d=mm&r=g\",\"url\":\"https:\\\/\\\/secure.gravatar.com\\\/avatar\\\/1db852625ef4948f58d2739bfbc51e4b9bd5c93b8fa340b59fdb594ca0845645?s=96&d=mm&r=g\",\"contentUrl\":\"https:\\\/\\\/secure.gravatar.com\\\/avatar\\\/1db852625ef4948f58d2739bfbc51e4b9bd5c93b8fa340b59fdb594ca0845645?s=96&d=mm&r=g\",\"caption\":\"Super User\"},\"url\":\"https:\\\/\\\/ppdegalicia.com\\\/es\\\/author\\\/ppdegaliciagestion\\\/\"}]}<\/script>\n<!-- \/ Yoast SEO plugin. -->","yoast_head_json":{"title":"O Grupo Popular sospeita que hai un \"fraude\" detr\u00e1s do peche do CIM de Ponte Caldelas e solicita o restablecemento inmediato do servizo de atenci\u00f3n \u00e1s mulleres - PP de Galicia","robots":{"index":"index","follow":"follow","max-snippet":"max-snippet:-1","max-image-preview":"max-image-preview:large","max-video-preview":"max-video-preview:-1"},"canonical":"https:\/\/ppdegalicia.com\/es\/o-grupo-popular-sospeita-que-hai-un-fraude-detras-do-peche-do-cim-de-ponte-caldelas-e-solicita-o-restablecemento-inmediato-do-servizo-de-atencion-as-mulleres\/","og_locale":"es_ES","og_type":"article","og_title":"O Grupo Popular sospeita que hai un \"fraude\" detr\u00e1s do peche do CIM de Ponte Caldelas e solicita o restablecemento inmediato do servizo de atenci\u00f3n \u00e1s mulleres - PP de Galicia","og_description":"Santiago,&nbsp; 18 de xaneiro de 2017.- A viceportavoz e voceira de Igualdade do Grupo Popular, Paula Prado, indicou que existen sospeitas da \u201cexistencia dun fraude detr\u00e1s do peche do Centro de Informaci\u00f3n \u00e1 Muller (CIM) de Ponte Caldelas\u201cxa que se o servizo de asesoramento xur\u00eddico en Igualdade e atenci\u00f3n psicol\u00f3xica as mulleres v\u00edtimas de violencia [&hellip;]","og_url":"https:\/\/ppdegalicia.com\/es\/o-grupo-popular-sospeita-que-hai-un-fraude-detras-do-peche-do-cim-de-ponte-caldelas-e-solicita-o-restablecemento-inmediato-do-servizo-de-atencion-as-mulleres\/","og_site_name":"PP de Galicia","article_publisher":"https:\/\/www.instagram.com\/ppdegalicia\/","article_published_time":"2017-01-18T08:49:31+00:00","author":"Super User","twitter_card":"summary_large_image","twitter_creator":"@ppdegalicia","twitter_site":"@ppdegalicia","twitter_misc":{"Escrito por":"Super User","Tiempo de lectura":"3 minutos"},"schema":{"@context":"https:\/\/schema.org","@graph":[{"@type":"Article","@id":"https:\/\/ppdegalicia.com\/es\/o-grupo-popular-sospeita-que-hai-un-fraude-detras-do-peche-do-cim-de-ponte-caldelas-e-solicita-o-restablecemento-inmediato-do-servizo-de-atencion-as-mulleres\/#article","isPartOf":{"@id":"https:\/\/ppdegalicia.com\/es\/o-grupo-popular-sospeita-que-hai-un-fraude-detras-do-peche-do-cim-de-ponte-caldelas-e-solicita-o-restablecemento-inmediato-do-servizo-de-atencion-as-mulleres\/"},"author":{"name":"Super User","@id":"https:\/\/ppdegalicia.com\/es\/#\/schema\/person\/d0f013b8388c980665d44009ab762960"},"headline":"O Grupo Popular sospeita que hai un \u00abfraude\u00bb detr\u00e1s do peche do CIM de Ponte Caldelas e solicita o restablecemento inmediato do servizo de atenci\u00f3n \u00e1s mulleres","datePublished":"2017-01-18T08:49:31+00:00","mainEntityOfPage":{"@id":"https:\/\/ppdegalicia.com\/es\/o-grupo-popular-sospeita-que-hai-un-fraude-detras-do-peche-do-cim-de-ponte-caldelas-e-solicita-o-restablecemento-inmediato-do-servizo-de-atencion-as-mulleres\/"},"wordCount":532,"commentCount":0,"publisher":{"@id":"https:\/\/ppdegalicia.com\/es\/#organization"},"articleSection":["PP de Galicia"],"inLanguage":"es","potentialAction":[{"@type":"CommentAction","name":"Comment","target":["https:\/\/ppdegalicia.com\/es\/o-grupo-popular-sospeita-que-hai-un-fraude-detras-do-peche-do-cim-de-ponte-caldelas-e-solicita-o-restablecemento-inmediato-do-servizo-de-atencion-as-mulleres\/#respond"]}]},{"@type":"WebPage","@id":"https:\/\/ppdegalicia.com\/es\/o-grupo-popular-sospeita-que-hai-un-fraude-detras-do-peche-do-cim-de-ponte-caldelas-e-solicita-o-restablecemento-inmediato-do-servizo-de-atencion-as-mulleres\/","url":"https:\/\/ppdegalicia.com\/es\/o-grupo-popular-sospeita-que-hai-un-fraude-detras-do-peche-do-cim-de-ponte-caldelas-e-solicita-o-restablecemento-inmediato-do-servizo-de-atencion-as-mulleres\/","name":"O Grupo Popular sospeita que hai un \"fraude\" detr\u00e1s do peche do CIM de Ponte Caldelas e solicita o restablecemento inmediato do servizo de atenci\u00f3n \u00e1s mulleres - PP de Galicia","isPartOf":{"@id":"https:\/\/ppdegalicia.com\/es\/#website"},"datePublished":"2017-01-18T08:49:31+00:00","breadcrumb":{"@id":"https:\/\/ppdegalicia.com\/es\/o-grupo-popular-sospeita-que-hai-un-fraude-detras-do-peche-do-cim-de-ponte-caldelas-e-solicita-o-restablecemento-inmediato-do-servizo-de-atencion-as-mulleres\/#breadcrumb"},"inLanguage":"es","potentialAction":[{"@type":"ReadAction","target":["https:\/\/ppdegalicia.com\/es\/o-grupo-popular-sospeita-que-hai-un-fraude-detras-do-peche-do-cim-de-ponte-caldelas-e-solicita-o-restablecemento-inmediato-do-servizo-de-atencion-as-mulleres\/"]}]},{"@type":"BreadcrumbList","@id":"https:\/\/ppdegalicia.com\/es\/o-grupo-popular-sospeita-que-hai-un-fraude-detras-do-peche-do-cim-de-ponte-caldelas-e-solicita-o-restablecemento-inmediato-do-servizo-de-atencion-as-mulleres\/#breadcrumb","itemListElement":[{"@type":"ListItem","position":1,"name":"Portada","item":"https:\/\/ppdegalicia.com\/es\/"},{"@type":"ListItem","position":2,"name":"O Grupo Popular sospeita que hai un &#8220;fraude&#8221; detr\u00e1s do peche do CIM de Ponte Caldelas e solicita o restablecemento inmediato do servizo de atenci\u00f3n \u00e1s mulleres"}]},{"@type":"WebSite","@id":"https:\/\/ppdegalicia.com\/es\/#website","url":"https:\/\/ppdegalicia.com\/es\/","name":"Partido Popular de Galicia","description":"Partido Popular de Galicia","publisher":{"@id":"https:\/\/ppdegalicia.com\/es\/#organization"},"alternateName":"PP de Galicia","potentialAction":[{"@type":"SearchAction","target":{"@type":"EntryPoint","urlTemplate":"https:\/\/ppdegalicia.com\/es\/?s={search_term_string}"},"query-input":{"@type":"PropertyValueSpecification","valueRequired":true,"valueName":"search_term_string"}}],"inLanguage":"es"},{"@type":"Organization","@id":"https:\/\/ppdegalicia.com\/es\/#organization","name":"Partido Popular de Galicia","alternateName":"PP de Galicia","url":"https:\/\/ppdegalicia.com\/es\/","logo":{"@type":"ImageObject","inLanguage":"es","@id":"https:\/\/ppdegalicia.com\/es\/#\/schema\/logo\/image\/","url":"https:\/\/ppdegalicia.com\/wp-content\/uploads\/2023\/04\/logoPP512.png","contentUrl":"https:\/\/ppdegalicia.com\/wp-content\/uploads\/2023\/04\/logoPP512.png","width":512,"height":512,"caption":"Partido Popular de Galicia"},"image":{"@id":"https:\/\/ppdegalicia.com\/es\/#\/schema\/logo\/image\/"},"sameAs":["https:\/\/www.instagram.com\/ppdegalicia\/","https:\/\/x.com\/ppdegalicia","https:\/\/www.tiktok.com\/@ppdegalicia","https:\/\/www.youtube.com\/user\/ppdegalicia"]},{"@type":"Person","@id":"https:\/\/ppdegalicia.com\/es\/#\/schema\/person\/d0f013b8388c980665d44009ab762960","name":"Super User","image":{"@type":"ImageObject","inLanguage":"es","@id":"https:\/\/secure.gravatar.com\/avatar\/1db852625ef4948f58d2739bfbc51e4b9bd5c93b8fa340b59fdb594ca0845645?s=96&d=mm&r=g","url":"https:\/\/secure.gravatar.com\/avatar\/1db852625ef4948f58d2739bfbc51e4b9bd5c93b8fa340b59fdb594ca0845645?s=96&d=mm&r=g","contentUrl":"https:\/\/secure.gravatar.com\/avatar\/1db852625ef4948f58d2739bfbc51e4b9bd5c93b8fa340b59fdb594ca0845645?s=96&d=mm&r=g","caption":"Super User"},"url":"https:\/\/ppdegalicia.com\/es\/author\/ppdegaliciagestion\/"}]}},"_links":{"self":[{"href":"https:\/\/ppdegalicia.com\/es\/wp-json\/wp\/v2\/posts\/53299","targetHints":{"allow":["GET"]}}],"collection":[{"href":"https:\/\/ppdegalicia.com\/es\/wp-json\/wp\/v2\/posts"}],"about":[{"href":"https:\/\/ppdegalicia.com\/es\/wp-json\/wp\/v2\/types\/post"}],"author":[{"embeddable":true,"href":"https:\/\/ppdegalicia.com\/es\/wp-json\/wp\/v2\/users\/37"}],"replies":[{"embeddable":true,"href":"https:\/\/ppdegalicia.com\/es\/wp-json\/wp\/v2\/comments?post=53299"}],"version-history":[{"count":0,"href":"https:\/\/ppdegalicia.com\/es\/wp-json\/wp\/v2\/posts\/53299\/revisions"}],"wp:attachment":[{"href":"https:\/\/ppdegalicia.com\/es\/wp-json\/wp\/v2\/media?parent=53299"}],"wp:term":[{"taxonomy":"category","embeddable":true,"href":"https:\/\/ppdegalicia.com\/es\/wp-json\/wp\/v2\/categories?post=53299"},{"taxonomy":"post_tag","embeddable":true,"href":"https:\/\/ppdegalicia.com\/es\/wp-json\/wp\/v2\/tags?post=53299"}],"curies":[{"name":"wp","href":"https:\/\/api.w.org\/{rel}","templated":true}]}}