{"id":53300,"date":"2017-01-18T13:01:00","date_gmt":"2017-01-18T11:01:00","guid":{"rendered":"https:\/\/ppdegalicia.com\/o-ppdeg-celebra-que-a-politica-da-xunta-e-as-suas-preocupacions-se-estendesen-a-conferencia-de-presidentes-e-ao-conxunto-de-espana\/"},"modified":"2017-01-18T13:01:00","modified_gmt":"2017-01-18T11:01:00","slug":"o-ppdeg-celebra-que-a-politica-da-xunta-e-as-suas-preocupacions-se-estendesen-a-conferencia-de-presidentes-e-ao-conxunto-de-espana","status":"publish","type":"post","link":"https:\/\/ppdegalicia.com\/es\/o-ppdeg-celebra-que-a-politica-da-xunta-e-as-suas-preocupacions-se-estendesen-a-conferencia-de-presidentes-e-ao-conxunto-de-espana\/","title":{"rendered":"O PPdeG celebra que a pol\u00edtica da Xunta e as s\u00faas preocupaci\u00f3ns se estendesen \u00e1 Conferencia de Presidentes e ao conxunto de Espa\u00f1a"},"content":{"rendered":"<p>\nSantiago, 18 de xaneiro de 2017.- O secretario xeral do PPdeG, Miguel Tellado, asegurou que o partido celebra que a pol\u00edtica que est\u00e1 levando a cabo a Xunta e as preocupaci\u00f3ns principais do goberno galego se estendan ao conxunto de Espa\u00f1a. \u201c\u00c9 unha mostra m\u00e1is de que Galicia est\u00e1 a acertar tanto no diagn\u00f3stico das necesidades dos seus cidad\u00e1ns como nas ferramentas para atender estas necesidades\u201d, afirmou.<\/p>\n<p><!--more--><\/p>\n<p>As\u00ed, Tellado salientou que a Conferencia de Presidentes Auton\u00f3micos celebrada onte permitiu que os diferentes territorios tiveran a oportunidade de ser escoitados nas s\u00faas reivindicaci\u00f3ns e necesidades, pero tam\u00e9n de escoitar as das demais comunidades. Segundo expresou, a importancia dunha cita coma esta radica en que nela se po\u00f1en enriba da mesa soluci\u00f3ns e reformas estruturais de fondo calado que serven para afrontar os desaf\u00edos que ten o noso pa\u00eds a medio e longo prazo.<\/p>\n<p>\nNeste sentido, celebrou que os dous temas centrais que levaba na axenda Galicia fosen tam\u00e9n os dous fundamentais da reuni\u00f3n, e que ambos se pechasen co compromiso de deixalos resoltos a finais deste mesmo ano: o financiamento auton\u00f3mico e a crise demogr\u00e1fica.<\/p>\n<p>\nEn canto ao primeiro, destacou que se acadase o compromiso de que o novo sistema se asente en tres principios: o custe efectivo dos servizos, para garantir a prestaci\u00f3n dos mesmos a todos os cidad\u00e1ns, \u201ccon especial atenci\u00f3n a sanidade e dependencia, \u00e1reas das que tam\u00e9n conseguimos que vaian ter unha peza separada neste debate\u201d; a multilateralidade, \u201cporque Espa\u00f1a ten moitos centros de decisi\u00f3n que deben ser escoitados en igualdade e xa vimos que a receita dos privilexios a unhas comunidades sobre outras do goberno Zapatero era mercanc\u00eda estropeada\u201d; e a estabilidade, para poder garantir os recursos e manter un modelo que facilite a planificaci\u00f3n.<\/p>\n<p>\nPola s\u00faa banda, en canto \u00e1 crise demogr\u00e1fica, tam\u00e9n afirmou que se debe ponderar a vontade de ter unha Estratexia Estatal este mesmo ano, na que xogar\u00e1n un papel central os estudos que Galicia ten realizado xunto con outras comunidades para abordar a cuesti\u00f3n.&nbsp;<\/p>\n<p>\nTellado lembrou que para que todo iso se poda facer real, prec\u00edsase dunha pol\u00edtica econ\u00f3mica que provoque crecemento, que favoreza a creaci\u00f3n de emprego e consolide o c\u00edrculo virtuoso no que se atopa o pa\u00eds. \u201cPor iso tam\u00e9n cremos que \u00e9 importante afondar nas reformas, continuar polo cami\u00f1o da estabilidade e insistir no que se fixo ben durante estes anos\u201d, incidiu.<\/p>\n<p>\nAs\u00ed mesmo, o secretario xeral do PPdeG dixo que todos os temas que se acordaron onte son positivos, destacando alg\u00fans que foron prioridade en Galicia nos \u00faltimos tempos, como a Tarxeta Social, o Bono Social ou o Pacto contra a Violencia machista.<\/p>\n<p>\n\u201cAgardamos que Conferencias con este esp\u00edrito construtivo e este talante te\u00f1an continuidade no tempo. Sempre nos quedaremos cun modelo no que todas as autonom\u00edas te\u00f1an voz e voto, como sucede agora, fronte aos tempos nos que s\u00f3 dous centros de decisi\u00f3n pechaban decisi\u00f3ns que nos afectaban a todos os espa\u00f1ois\u201d, recalcou.&nbsp;<\/p>\n<p>&nbsp;<\/p>\n<p>ARMONIZACI\u00d3N FISCAL<br \/>\nDurante a s\u00faa comparecencia en rolda de prensa, Tellado tam\u00e9n remarcou que Galicia foi unha Comunidade estritamente cumpridora ano tras ano, que tanto o seu goberno como os seus cidad\u00e1ns fixeron grandes esforzos ao longo da crise e que as baixadas de impostos dos \u00faltimos anos son un reco\u00f1ecemento aos galegos. \u201cO que non deberiamos permitir \u00e9 que Comunidades que incumpren o d\u00e9ficit de forma sistem\u00e1tica lle pretendan dar lecci\u00f3ns en materia fiscal a quen si cumpre\u201d, resaltou.<\/p>\n<p>\n\u201cEntrist\u00e9cenos que unha comunidade hist\u00f3rica sexa &nbsp;a que pide que as Comunidades te\u00f1an menos marxe de manobra para facer as s\u00faas propias pol\u00edticas e menos soberan\u00eda\u201d, dixo refer\u00edndose a Andaluc\u00eda, antes de lembrar que esta semana acordou de maneira ilegal reducir unilateralmente a xornada laboral dos funcionarios, algo que est\u00e1 regulado a nivel estatal.<br \/>\n&nbsp;<\/p>\n<div class=\"k2_video\"><iframe title=\"O PPdeG celebra que a pol\u00edtica da Xunta se estendesen \u00e1 Conferencia de Presidentes\" width=\"500\" height=\"281\" src=\"https:\/\/www.youtube.com\/embed\/8O_oQ6CJYyo?feature=oembed\" frameborder=\"0\" allow=\"accelerometer; autoplay; clipboard-write; encrypted-media; gyroscope; picture-in-picture; web-share\" referrerpolicy=\"strict-origin-when-cross-origin\" allowfullscreen><\/iframe>\n<\/div>\n","protected":false},"excerpt":{"rendered":"<p>Santiago, 18 de xaneiro de 2017.- O secretario xeral do PPdeG, Miguel Tellado, asegurou que o partido celebra que a pol\u00edtica que est\u00e1 levando a cabo a Xunta e as preocupaci\u00f3ns principais do goberno galego se estendan ao conxunto de Espa\u00f1a. \u201c\u00c9 unha mostra m\u00e1is de que Galicia est\u00e1 a acertar tanto no diagn\u00f3stico das [&hellip;]<\/p>\n","protected":false},"author":37,"featured_media":0,"comment_status":"open","ping_status":"open","sticky":false,"template":"","format":"standard","meta":{"_acf_changed":false,"footnotes":""},"categories":[1],"tags":[],"class_list":["post-53300","post","type-post","status-publish","format-standard","hentry","category-pp-de-galicia"],"acf":[],"yoast_head":"<!-- This site is optimized with the Yoast SEO plugin v27.3 - https:\/\/yoast.com\/product\/yoast-seo-wordpress\/ -->\n<title>O PPdeG celebra que a pol\u00edtica da Xunta e as s\u00faas preocupaci\u00f3ns se estendesen \u00e1 Conferencia de Presidentes e ao conxunto de Espa\u00f1a - PP de Galicia<\/title>\n<meta name=\"robots\" content=\"index, follow, max-snippet:-1, max-image-preview:large, max-video-preview:-1\" \/>\n<link rel=\"canonical\" href=\"https:\/\/ppdegalicia.com\/es\/o-ppdeg-celebra-que-a-politica-da-xunta-e-as-suas-preocupacions-se-estendesen-a-conferencia-de-presidentes-e-ao-conxunto-de-espana\/\" \/>\n<meta property=\"og:locale\" content=\"es_ES\" \/>\n<meta property=\"og:type\" content=\"article\" \/>\n<meta property=\"og:title\" content=\"O PPdeG celebra que a pol\u00edtica da Xunta e as s\u00faas preocupaci\u00f3ns se estendesen \u00e1 Conferencia de Presidentes e ao conxunto de Espa\u00f1a - PP de Galicia\" \/>\n<meta property=\"og:description\" content=\"Santiago, 18 de xaneiro de 2017.- O secretario xeral do PPdeG, Miguel Tellado, asegurou que o partido celebra que a pol\u00edtica que est\u00e1 levando a cabo a Xunta e as preocupaci\u00f3ns principais do goberno galego se estendan ao conxunto de Espa\u00f1a. \u201c\u00c9 unha mostra m\u00e1is de que Galicia est\u00e1 a acertar tanto no diagn\u00f3stico das [&hellip;]\" \/>\n<meta property=\"og:url\" content=\"https:\/\/ppdegalicia.com\/es\/o-ppdeg-celebra-que-a-politica-da-xunta-e-as-suas-preocupacions-se-estendesen-a-conferencia-de-presidentes-e-ao-conxunto-de-espana\/\" \/>\n<meta property=\"og:site_name\" content=\"PP de Galicia\" \/>\n<meta property=\"article:publisher\" content=\"https:\/\/www.instagram.com\/ppdegalicia\/\" \/>\n<meta property=\"article:published_time\" content=\"2017-01-18T11:01:00+00:00\" \/>\n<meta name=\"author\" content=\"Super User\" \/>\n<meta name=\"twitter:card\" content=\"summary_large_image\" \/>\n<meta name=\"twitter:creator\" content=\"@ppdegalicia\" \/>\n<meta name=\"twitter:site\" content=\"@ppdegalicia\" \/>\n<meta name=\"twitter:label1\" content=\"Escrito por\" \/>\n\t<meta name=\"twitter:data1\" content=\"Super User\" \/>\n\t<meta name=\"twitter:label2\" content=\"Tiempo de lectura\" \/>\n\t<meta name=\"twitter:data2\" content=\"3 minutos\" \/>\n<script type=\"application\/ld+json\" class=\"yoast-schema-graph\">{\"@context\":\"https:\\\/\\\/schema.org\",\"@graph\":[{\"@type\":\"Article\",\"@id\":\"https:\\\/\\\/ppdegalicia.com\\\/es\\\/o-ppdeg-celebra-que-a-politica-da-xunta-e-as-suas-preocupacions-se-estendesen-a-conferencia-de-presidentes-e-ao-conxunto-de-espana\\\/#article\",\"isPartOf\":{\"@id\":\"https:\\\/\\\/ppdegalicia.com\\\/es\\\/o-ppdeg-celebra-que-a-politica-da-xunta-e-as-suas-preocupacions-se-estendesen-a-conferencia-de-presidentes-e-ao-conxunto-de-espana\\\/\"},\"author\":{\"name\":\"Super User\",\"@id\":\"https:\\\/\\\/ppdegalicia.com\\\/es\\\/#\\\/schema\\\/person\\\/d0f013b8388c980665d44009ab762960\"},\"headline\":\"O PPdeG celebra que a pol\u00edtica da Xunta e as s\u00faas preocupaci\u00f3ns se estendesen \u00e1 Conferencia de Presidentes e ao conxunto de Espa\u00f1a\",\"datePublished\":\"2017-01-18T11:01:00+00:00\",\"mainEntityOfPage\":{\"@id\":\"https:\\\/\\\/ppdegalicia.com\\\/es\\\/o-ppdeg-celebra-que-a-politica-da-xunta-e-as-suas-preocupacions-se-estendesen-a-conferencia-de-presidentes-e-ao-conxunto-de-espana\\\/\"},\"wordCount\":721,\"commentCount\":0,\"publisher\":{\"@id\":\"https:\\\/\\\/ppdegalicia.com\\\/es\\\/#organization\"},\"articleSection\":[\"PP de Galicia\"],\"inLanguage\":\"es\",\"potentialAction\":[{\"@type\":\"CommentAction\",\"name\":\"Comment\",\"target\":[\"https:\\\/\\\/ppdegalicia.com\\\/es\\\/o-ppdeg-celebra-que-a-politica-da-xunta-e-as-suas-preocupacions-se-estendesen-a-conferencia-de-presidentes-e-ao-conxunto-de-espana\\\/#respond\"]}]},{\"@type\":\"WebPage\",\"@id\":\"https:\\\/\\\/ppdegalicia.com\\\/es\\\/o-ppdeg-celebra-que-a-politica-da-xunta-e-as-suas-preocupacions-se-estendesen-a-conferencia-de-presidentes-e-ao-conxunto-de-espana\\\/\",\"url\":\"https:\\\/\\\/ppdegalicia.com\\\/es\\\/o-ppdeg-celebra-que-a-politica-da-xunta-e-as-suas-preocupacions-se-estendesen-a-conferencia-de-presidentes-e-ao-conxunto-de-espana\\\/\",\"name\":\"O PPdeG celebra que a pol\u00edtica da Xunta e as s\u00faas preocupaci\u00f3ns se estendesen \u00e1 Conferencia de Presidentes e ao conxunto de Espa\u00f1a - PP de Galicia\",\"isPartOf\":{\"@id\":\"https:\\\/\\\/ppdegalicia.com\\\/es\\\/#website\"},\"datePublished\":\"2017-01-18T11:01:00+00:00\",\"breadcrumb\":{\"@id\":\"https:\\\/\\\/ppdegalicia.com\\\/es\\\/o-ppdeg-celebra-que-a-politica-da-xunta-e-as-suas-preocupacions-se-estendesen-a-conferencia-de-presidentes-e-ao-conxunto-de-espana\\\/#breadcrumb\"},\"inLanguage\":\"es\",\"potentialAction\":[{\"@type\":\"ReadAction\",\"target\":[\"https:\\\/\\\/ppdegalicia.com\\\/es\\\/o-ppdeg-celebra-que-a-politica-da-xunta-e-as-suas-preocupacions-se-estendesen-a-conferencia-de-presidentes-e-ao-conxunto-de-espana\\\/\"]}]},{\"@type\":\"BreadcrumbList\",\"@id\":\"https:\\\/\\\/ppdegalicia.com\\\/es\\\/o-ppdeg-celebra-que-a-politica-da-xunta-e-as-suas-preocupacions-se-estendesen-a-conferencia-de-presidentes-e-ao-conxunto-de-espana\\\/#breadcrumb\",\"itemListElement\":[{\"@type\":\"ListItem\",\"position\":1,\"name\":\"Portada\",\"item\":\"https:\\\/\\\/ppdegalicia.com\\\/es\\\/\"},{\"@type\":\"ListItem\",\"position\":2,\"name\":\"O PPdeG celebra que a pol\u00edtica da Xunta e as s\u00faas preocupaci\u00f3ns se estendesen \u00e1 Conferencia de Presidentes e ao conxunto de Espa\u00f1a\"}]},{\"@type\":\"WebSite\",\"@id\":\"https:\\\/\\\/ppdegalicia.com\\\/es\\\/#website\",\"url\":\"https:\\\/\\\/ppdegalicia.com\\\/es\\\/\",\"name\":\"Partido Popular de Galicia\",\"description\":\"Partido Popular de Galicia\",\"publisher\":{\"@id\":\"https:\\\/\\\/ppdegalicia.com\\\/es\\\/#organization\"},\"alternateName\":\"PP de Galicia\",\"potentialAction\":[{\"@type\":\"SearchAction\",\"target\":{\"@type\":\"EntryPoint\",\"urlTemplate\":\"https:\\\/\\\/ppdegalicia.com\\\/es\\\/?s={search_term_string}\"},\"query-input\":{\"@type\":\"PropertyValueSpecification\",\"valueRequired\":true,\"valueName\":\"search_term_string\"}}],\"inLanguage\":\"es\"},{\"@type\":\"Organization\",\"@id\":\"https:\\\/\\\/ppdegalicia.com\\\/es\\\/#organization\",\"name\":\"Partido Popular de Galicia\",\"alternateName\":\"PP de Galicia\",\"url\":\"https:\\\/\\\/ppdegalicia.com\\\/es\\\/\",\"logo\":{\"@type\":\"ImageObject\",\"inLanguage\":\"es\",\"@id\":\"https:\\\/\\\/ppdegalicia.com\\\/es\\\/#\\\/schema\\\/logo\\\/image\\\/\",\"url\":\"https:\\\/\\\/ppdegalicia.com\\\/wp-content\\\/uploads\\\/2023\\\/04\\\/logoPP512.png\",\"contentUrl\":\"https:\\\/\\\/ppdegalicia.com\\\/wp-content\\\/uploads\\\/2023\\\/04\\\/logoPP512.png\",\"width\":512,\"height\":512,\"caption\":\"Partido Popular de Galicia\"},\"image\":{\"@id\":\"https:\\\/\\\/ppdegalicia.com\\\/es\\\/#\\\/schema\\\/logo\\\/image\\\/\"},\"sameAs\":[\"https:\\\/\\\/www.instagram.com\\\/ppdegalicia\\\/\",\"https:\\\/\\\/x.com\\\/ppdegalicia\",\"https:\\\/\\\/www.tiktok.com\\\/@ppdegalicia\",\"https:\\\/\\\/www.youtube.com\\\/user\\\/ppdegalicia\"]},{\"@type\":\"Person\",\"@id\":\"https:\\\/\\\/ppdegalicia.com\\\/es\\\/#\\\/schema\\\/person\\\/d0f013b8388c980665d44009ab762960\",\"name\":\"Super User\",\"image\":{\"@type\":\"ImageObject\",\"inLanguage\":\"es\",\"@id\":\"https:\\\/\\\/secure.gravatar.com\\\/avatar\\\/1db852625ef4948f58d2739bfbc51e4b9bd5c93b8fa340b59fdb594ca0845645?s=96&d=mm&r=g\",\"url\":\"https:\\\/\\\/secure.gravatar.com\\\/avatar\\\/1db852625ef4948f58d2739bfbc51e4b9bd5c93b8fa340b59fdb594ca0845645?s=96&d=mm&r=g\",\"contentUrl\":\"https:\\\/\\\/secure.gravatar.com\\\/avatar\\\/1db852625ef4948f58d2739bfbc51e4b9bd5c93b8fa340b59fdb594ca0845645?s=96&d=mm&r=g\",\"caption\":\"Super User\"},\"url\":\"https:\\\/\\\/ppdegalicia.com\\\/es\\\/author\\\/ppdegaliciagestion\\\/\"}]}<\/script>\n<!-- \/ Yoast SEO plugin. -->","yoast_head_json":{"title":"O PPdeG celebra que a pol\u00edtica da Xunta e as s\u00faas preocupaci\u00f3ns se estendesen \u00e1 Conferencia de Presidentes e ao conxunto de Espa\u00f1a - PP de Galicia","robots":{"index":"index","follow":"follow","max-snippet":"max-snippet:-1","max-image-preview":"max-image-preview:large","max-video-preview":"max-video-preview:-1"},"canonical":"https:\/\/ppdegalicia.com\/es\/o-ppdeg-celebra-que-a-politica-da-xunta-e-as-suas-preocupacions-se-estendesen-a-conferencia-de-presidentes-e-ao-conxunto-de-espana\/","og_locale":"es_ES","og_type":"article","og_title":"O PPdeG celebra que a pol\u00edtica da Xunta e as s\u00faas preocupaci\u00f3ns se estendesen \u00e1 Conferencia de Presidentes e ao conxunto de Espa\u00f1a - PP de Galicia","og_description":"Santiago, 18 de xaneiro de 2017.- O secretario xeral do PPdeG, Miguel Tellado, asegurou que o partido celebra que a pol\u00edtica que est\u00e1 levando a cabo a Xunta e as preocupaci\u00f3ns principais do goberno galego se estendan ao conxunto de Espa\u00f1a. \u201c\u00c9 unha mostra m\u00e1is de que Galicia est\u00e1 a acertar tanto no diagn\u00f3stico das [&hellip;]","og_url":"https:\/\/ppdegalicia.com\/es\/o-ppdeg-celebra-que-a-politica-da-xunta-e-as-suas-preocupacions-se-estendesen-a-conferencia-de-presidentes-e-ao-conxunto-de-espana\/","og_site_name":"PP de Galicia","article_publisher":"https:\/\/www.instagram.com\/ppdegalicia\/","article_published_time":"2017-01-18T11:01:00+00:00","author":"Super User","twitter_card":"summary_large_image","twitter_creator":"@ppdegalicia","twitter_site":"@ppdegalicia","twitter_misc":{"Escrito por":"Super User","Tiempo de lectura":"3 minutos"},"schema":{"@context":"https:\/\/schema.org","@graph":[{"@type":"Article","@id":"https:\/\/ppdegalicia.com\/es\/o-ppdeg-celebra-que-a-politica-da-xunta-e-as-suas-preocupacions-se-estendesen-a-conferencia-de-presidentes-e-ao-conxunto-de-espana\/#article","isPartOf":{"@id":"https:\/\/ppdegalicia.com\/es\/o-ppdeg-celebra-que-a-politica-da-xunta-e-as-suas-preocupacions-se-estendesen-a-conferencia-de-presidentes-e-ao-conxunto-de-espana\/"},"author":{"name":"Super User","@id":"https:\/\/ppdegalicia.com\/es\/#\/schema\/person\/d0f013b8388c980665d44009ab762960"},"headline":"O PPdeG celebra que a pol\u00edtica da Xunta e as s\u00faas preocupaci\u00f3ns se estendesen \u00e1 Conferencia de Presidentes e ao conxunto de Espa\u00f1a","datePublished":"2017-01-18T11:01:00+00:00","mainEntityOfPage":{"@id":"https:\/\/ppdegalicia.com\/es\/o-ppdeg-celebra-que-a-politica-da-xunta-e-as-suas-preocupacions-se-estendesen-a-conferencia-de-presidentes-e-ao-conxunto-de-espana\/"},"wordCount":721,"commentCount":0,"publisher":{"@id":"https:\/\/ppdegalicia.com\/es\/#organization"},"articleSection":["PP de Galicia"],"inLanguage":"es","potentialAction":[{"@type":"CommentAction","name":"Comment","target":["https:\/\/ppdegalicia.com\/es\/o-ppdeg-celebra-que-a-politica-da-xunta-e-as-suas-preocupacions-se-estendesen-a-conferencia-de-presidentes-e-ao-conxunto-de-espana\/#respond"]}]},{"@type":"WebPage","@id":"https:\/\/ppdegalicia.com\/es\/o-ppdeg-celebra-que-a-politica-da-xunta-e-as-suas-preocupacions-se-estendesen-a-conferencia-de-presidentes-e-ao-conxunto-de-espana\/","url":"https:\/\/ppdegalicia.com\/es\/o-ppdeg-celebra-que-a-politica-da-xunta-e-as-suas-preocupacions-se-estendesen-a-conferencia-de-presidentes-e-ao-conxunto-de-espana\/","name":"O PPdeG celebra que a pol\u00edtica da Xunta e as s\u00faas preocupaci\u00f3ns se estendesen \u00e1 Conferencia de Presidentes e ao conxunto de Espa\u00f1a - PP de Galicia","isPartOf":{"@id":"https:\/\/ppdegalicia.com\/es\/#website"},"datePublished":"2017-01-18T11:01:00+00:00","breadcrumb":{"@id":"https:\/\/ppdegalicia.com\/es\/o-ppdeg-celebra-que-a-politica-da-xunta-e-as-suas-preocupacions-se-estendesen-a-conferencia-de-presidentes-e-ao-conxunto-de-espana\/#breadcrumb"},"inLanguage":"es","potentialAction":[{"@type":"ReadAction","target":["https:\/\/ppdegalicia.com\/es\/o-ppdeg-celebra-que-a-politica-da-xunta-e-as-suas-preocupacions-se-estendesen-a-conferencia-de-presidentes-e-ao-conxunto-de-espana\/"]}]},{"@type":"BreadcrumbList","@id":"https:\/\/ppdegalicia.com\/es\/o-ppdeg-celebra-que-a-politica-da-xunta-e-as-suas-preocupacions-se-estendesen-a-conferencia-de-presidentes-e-ao-conxunto-de-espana\/#breadcrumb","itemListElement":[{"@type":"ListItem","position":1,"name":"Portada","item":"https:\/\/ppdegalicia.com\/es\/"},{"@type":"ListItem","position":2,"name":"O PPdeG celebra que a pol\u00edtica da Xunta e as s\u00faas preocupaci\u00f3ns se estendesen \u00e1 Conferencia de Presidentes e ao conxunto de Espa\u00f1a"}]},{"@type":"WebSite","@id":"https:\/\/ppdegalicia.com\/es\/#website","url":"https:\/\/ppdegalicia.com\/es\/","name":"Partido Popular de Galicia","description":"Partido Popular de Galicia","publisher":{"@id":"https:\/\/ppdegalicia.com\/es\/#organization"},"alternateName":"PP de Galicia","potentialAction":[{"@type":"SearchAction","target":{"@type":"EntryPoint","urlTemplate":"https:\/\/ppdegalicia.com\/es\/?s={search_term_string}"},"query-input":{"@type":"PropertyValueSpecification","valueRequired":true,"valueName":"search_term_string"}}],"inLanguage":"es"},{"@type":"Organization","@id":"https:\/\/ppdegalicia.com\/es\/#organization","name":"Partido Popular de Galicia","alternateName":"PP de Galicia","url":"https:\/\/ppdegalicia.com\/es\/","logo":{"@type":"ImageObject","inLanguage":"es","@id":"https:\/\/ppdegalicia.com\/es\/#\/schema\/logo\/image\/","url":"https:\/\/ppdegalicia.com\/wp-content\/uploads\/2023\/04\/logoPP512.png","contentUrl":"https:\/\/ppdegalicia.com\/wp-content\/uploads\/2023\/04\/logoPP512.png","width":512,"height":512,"caption":"Partido Popular de Galicia"},"image":{"@id":"https:\/\/ppdegalicia.com\/es\/#\/schema\/logo\/image\/"},"sameAs":["https:\/\/www.instagram.com\/ppdegalicia\/","https:\/\/x.com\/ppdegalicia","https:\/\/www.tiktok.com\/@ppdegalicia","https:\/\/www.youtube.com\/user\/ppdegalicia"]},{"@type":"Person","@id":"https:\/\/ppdegalicia.com\/es\/#\/schema\/person\/d0f013b8388c980665d44009ab762960","name":"Super User","image":{"@type":"ImageObject","inLanguage":"es","@id":"https:\/\/secure.gravatar.com\/avatar\/1db852625ef4948f58d2739bfbc51e4b9bd5c93b8fa340b59fdb594ca0845645?s=96&d=mm&r=g","url":"https:\/\/secure.gravatar.com\/avatar\/1db852625ef4948f58d2739bfbc51e4b9bd5c93b8fa340b59fdb594ca0845645?s=96&d=mm&r=g","contentUrl":"https:\/\/secure.gravatar.com\/avatar\/1db852625ef4948f58d2739bfbc51e4b9bd5c93b8fa340b59fdb594ca0845645?s=96&d=mm&r=g","caption":"Super User"},"url":"https:\/\/ppdegalicia.com\/es\/author\/ppdegaliciagestion\/"}]}},"_links":{"self":[{"href":"https:\/\/ppdegalicia.com\/es\/wp-json\/wp\/v2\/posts\/53300","targetHints":{"allow":["GET"]}}],"collection":[{"href":"https:\/\/ppdegalicia.com\/es\/wp-json\/wp\/v2\/posts"}],"about":[{"href":"https:\/\/ppdegalicia.com\/es\/wp-json\/wp\/v2\/types\/post"}],"author":[{"embeddable":true,"href":"https:\/\/ppdegalicia.com\/es\/wp-json\/wp\/v2\/users\/37"}],"replies":[{"embeddable":true,"href":"https:\/\/ppdegalicia.com\/es\/wp-json\/wp\/v2\/comments?post=53300"}],"version-history":[{"count":0,"href":"https:\/\/ppdegalicia.com\/es\/wp-json\/wp\/v2\/posts\/53300\/revisions"}],"wp:attachment":[{"href":"https:\/\/ppdegalicia.com\/es\/wp-json\/wp\/v2\/media?parent=53300"}],"wp:term":[{"taxonomy":"category","embeddable":true,"href":"https:\/\/ppdegalicia.com\/es\/wp-json\/wp\/v2\/categories?post=53300"},{"taxonomy":"post_tag","embeddable":true,"href":"https:\/\/ppdegalicia.com\/es\/wp-json\/wp\/v2\/tags?post=53300"}],"curies":[{"name":"wp","href":"https:\/\/api.w.org\/{rel}","templated":true}]}}