{"id":53322,"date":"2017-01-24T18:09:24","date_gmt":"2017-01-24T16:09:24","guid":{"rendered":"https:\/\/ppdegalicia.com\/o-ppdeg-asegura-que-o-hospital-de-ourense-e-as-suas-urxencias-estan-dotados-con-persoal-axeitado-que-melloraran-co-novo-edificio-de-hospitalizacion\/"},"modified":"2017-01-24T18:09:24","modified_gmt":"2017-01-24T16:09:24","slug":"o-ppdeg-asegura-que-o-hospital-de-ourense-e-as-suas-urxencias-estan-dotados-con-persoal-axeitado-que-melloraran-co-novo-edificio-de-hospitalizacion","status":"publish","type":"post","link":"https:\/\/ppdegalicia.com\/es\/o-ppdeg-asegura-que-o-hospital-de-ourense-e-as-suas-urxencias-estan-dotados-con-persoal-axeitado-que-melloraran-co-novo-edificio-de-hospitalizacion\/","title":{"rendered":"O PPdeG asegura que o Hospital de Ourense e as s\u00faas urxencias est\u00e1n dotados con persoal axeitado, que mellorar\u00e1n co novo edificio de hospitalizaci\u00f3n"},"content":{"rendered":"<p>Santiago, 24 de xaneiro de 2017.- O portavoz de Sanidade do Grupo Popular, Aurelio N\u00fa\u00f1ez Centeno, asegurou esta tarde no Pleno do Parlamento que \u201co Hospital de Ourense e o seu servizo de urxencias est\u00e1 dotado dun cadro de persoal axeitado, que foi mellorado nestes \u00faltimos anos e que vai mellorar m\u00e1is coa apertura do novo edificio de hospitalizaci\u00f3n\u201d.<\/p>\n<p><!--more--><\/p>\n<p>Aurelio N\u00fa\u00f1ez explicou que \u201curxencias \u00e9 un servizo cunhas caracter\u00edsticas distintas ao resto, que co\u00f1ecemos todos os profesionais, e cuns pacientes en moitos casos sometidos a unha carga emocional important\u00edsima\u201d. Refer\u00edndose en concreto ao Hospital de Ourense,&nbsp; indicou que ten unhas dependencias cunha capacidade axeitada ao n\u00famero de casos que recibe, que foron reformadas e ampliadas no ano 2015 creando unha nova sala de diagn\u00f3stico e tratamento cunha capacidade m\u00e1xima para 27 pacientes\u201d. Esta actuaci\u00f3n sumouse \u00e1 realizada en 2013 cando se puxo en funcionamento unha nova unidade de alta precoz, para pacientes que precisan unha observaci\u00f3n superior a 24 horas.<\/p>\n<p>&nbsp;<\/p>\n<p>As\u00ed mesmo, o portavoz popular subli\u00f1ou que na actualidade \u201cestase a rematar o novo edificio de hospitalizaci\u00f3n, que vai contar con mais camas das actuais e cunhas mellores condici\u00f3ns de habitabilidade para os doentes\u201d. \u201cEn Ourense vaise rematar coas habitaci\u00f3ns de tres, e vai ter un aumento da cifra de camas do hospital\u201d, asegurou.<\/p>\n<p>&nbsp;<\/p>\n<p>Respecto do persoal sanitario que traballa no Hospital de Ourense, N\u00fa\u00f1ez Centeno sinalou que \u201cten un n\u00famero de internistas axeitado \u00e1s circunstancias demogr\u00e1ficas da s\u00faa poboaci\u00f3n, en concreto o mesmo n\u00famero de especialistas que no Hospital de Santiago e m\u00e1is que no Hospital de Vigo\u201d. O persoal de Urxencias est\u00e1 dentro dos criterios de m\u00e1ximos que indica como \u00f3ptimos a Sociedade Espa\u00f1ola de Medicina de Urxencias e Emergencias, sen que houbera reduci\u00f3n de persoal nos \u00faltimos anos.<\/p>\n<p>&nbsp;<\/p>\n<p>Para rematar, Aurelio N\u00fa\u00f1ez lembrou que \u201ca d\u00eda de hoxe xa est\u00e1 instalada a telemetr\u00eda\u201d, polo que o&nbsp; Grupo Popular rexeitou apoiar a demanda realizada neste eido desde En Marea.<\/p>\n","protected":false},"excerpt":{"rendered":"<p>Santiago, 24 de xaneiro de 2017.- O portavoz de Sanidade do Grupo Popular, Aurelio N\u00fa\u00f1ez Centeno, asegurou esta tarde no Pleno do Parlamento que \u201co Hospital de Ourense e o seu servizo de urxencias est\u00e1 dotado dun cadro de persoal axeitado, que foi mellorado nestes \u00faltimos anos e que vai mellorar m\u00e1is coa apertura do [&hellip;]<\/p>\n","protected":false},"author":37,"featured_media":0,"comment_status":"open","ping_status":"open","sticky":false,"template":"","format":"standard","meta":{"_acf_changed":false,"footnotes":""},"categories":[1],"tags":[],"class_list":["post-53322","post","type-post","status-publish","format-standard","hentry","category-pp-de-galicia"],"acf":[],"yoast_head":"<!-- This site is optimized with the Yoast SEO plugin v27.3 - https:\/\/yoast.com\/product\/yoast-seo-wordpress\/ -->\n<title>O PPdeG asegura que o Hospital de Ourense e as s\u00faas urxencias est\u00e1n dotados con persoal axeitado, que mellorar\u00e1n co novo edificio de hospitalizaci\u00f3n - PP de Galicia<\/title>\n<meta name=\"robots\" content=\"index, follow, max-snippet:-1, max-image-preview:large, max-video-preview:-1\" \/>\n<link rel=\"canonical\" href=\"https:\/\/ppdegalicia.com\/es\/o-ppdeg-asegura-que-o-hospital-de-ourense-e-as-suas-urxencias-estan-dotados-con-persoal-axeitado-que-melloraran-co-novo-edificio-de-hospitalizacion\/\" \/>\n<meta property=\"og:locale\" content=\"es_ES\" \/>\n<meta property=\"og:type\" content=\"article\" \/>\n<meta property=\"og:title\" content=\"O PPdeG asegura que o Hospital de Ourense e as s\u00faas urxencias est\u00e1n dotados con persoal axeitado, que mellorar\u00e1n co novo edificio de hospitalizaci\u00f3n - PP de Galicia\" \/>\n<meta property=\"og:description\" content=\"Santiago, 24 de xaneiro de 2017.- O portavoz de Sanidade do Grupo Popular, Aurelio N\u00fa\u00f1ez Centeno, asegurou esta tarde no Pleno do Parlamento que \u201co Hospital de Ourense e o seu servizo de urxencias est\u00e1 dotado dun cadro de persoal axeitado, que foi mellorado nestes \u00faltimos anos e que vai mellorar m\u00e1is coa apertura do [&hellip;]\" \/>\n<meta property=\"og:url\" content=\"https:\/\/ppdegalicia.com\/es\/o-ppdeg-asegura-que-o-hospital-de-ourense-e-as-suas-urxencias-estan-dotados-con-persoal-axeitado-que-melloraran-co-novo-edificio-de-hospitalizacion\/\" \/>\n<meta property=\"og:site_name\" content=\"PP de Galicia\" \/>\n<meta property=\"article:publisher\" content=\"https:\/\/www.instagram.com\/ppdegalicia\/\" \/>\n<meta property=\"article:published_time\" content=\"2017-01-24T16:09:24+00:00\" \/>\n<meta name=\"author\" content=\"Super User\" \/>\n<meta name=\"twitter:card\" content=\"summary_large_image\" \/>\n<meta name=\"twitter:creator\" content=\"@ppdegalicia\" \/>\n<meta name=\"twitter:site\" content=\"@ppdegalicia\" \/>\n<meta name=\"twitter:label1\" content=\"Escrito por\" \/>\n\t<meta name=\"twitter:data1\" content=\"Super User\" \/>\n\t<meta name=\"twitter:label2\" content=\"Tiempo de lectura\" \/>\n\t<meta name=\"twitter:data2\" content=\"2 minutos\" \/>\n<script type=\"application\/ld+json\" class=\"yoast-schema-graph\">{\"@context\":\"https:\\\/\\\/schema.org\",\"@graph\":[{\"@type\":\"Article\",\"@id\":\"https:\\\/\\\/ppdegalicia.com\\\/es\\\/o-ppdeg-asegura-que-o-hospital-de-ourense-e-as-suas-urxencias-estan-dotados-con-persoal-axeitado-que-melloraran-co-novo-edificio-de-hospitalizacion\\\/#article\",\"isPartOf\":{\"@id\":\"https:\\\/\\\/ppdegalicia.com\\\/es\\\/o-ppdeg-asegura-que-o-hospital-de-ourense-e-as-suas-urxencias-estan-dotados-con-persoal-axeitado-que-melloraran-co-novo-edificio-de-hospitalizacion\\\/\"},\"author\":{\"name\":\"Super User\",\"@id\":\"https:\\\/\\\/ppdegalicia.com\\\/es\\\/#\\\/schema\\\/person\\\/d0f013b8388c980665d44009ab762960\"},\"headline\":\"O PPdeG asegura que o Hospital de Ourense e as s\u00faas urxencias est\u00e1n dotados con persoal axeitado, que mellorar\u00e1n co novo edificio de hospitalizaci\u00f3n\",\"datePublished\":\"2017-01-24T16:09:24+00:00\",\"mainEntityOfPage\":{\"@id\":\"https:\\\/\\\/ppdegalicia.com\\\/es\\\/o-ppdeg-asegura-que-o-hospital-de-ourense-e-as-suas-urxencias-estan-dotados-con-persoal-axeitado-que-melloraran-co-novo-edificio-de-hospitalizacion\\\/\"},\"wordCount\":377,\"commentCount\":0,\"publisher\":{\"@id\":\"https:\\\/\\\/ppdegalicia.com\\\/es\\\/#organization\"},\"articleSection\":[\"PP de Galicia\"],\"inLanguage\":\"es\",\"potentialAction\":[{\"@type\":\"CommentAction\",\"name\":\"Comment\",\"target\":[\"https:\\\/\\\/ppdegalicia.com\\\/es\\\/o-ppdeg-asegura-que-o-hospital-de-ourense-e-as-suas-urxencias-estan-dotados-con-persoal-axeitado-que-melloraran-co-novo-edificio-de-hospitalizacion\\\/#respond\"]}]},{\"@type\":\"WebPage\",\"@id\":\"https:\\\/\\\/ppdegalicia.com\\\/es\\\/o-ppdeg-asegura-que-o-hospital-de-ourense-e-as-suas-urxencias-estan-dotados-con-persoal-axeitado-que-melloraran-co-novo-edificio-de-hospitalizacion\\\/\",\"url\":\"https:\\\/\\\/ppdegalicia.com\\\/es\\\/o-ppdeg-asegura-que-o-hospital-de-ourense-e-as-suas-urxencias-estan-dotados-con-persoal-axeitado-que-melloraran-co-novo-edificio-de-hospitalizacion\\\/\",\"name\":\"O PPdeG asegura que o Hospital de Ourense e as s\u00faas urxencias est\u00e1n dotados con persoal axeitado, que mellorar\u00e1n co novo edificio de hospitalizaci\u00f3n - PP de Galicia\",\"isPartOf\":{\"@id\":\"https:\\\/\\\/ppdegalicia.com\\\/es\\\/#website\"},\"datePublished\":\"2017-01-24T16:09:24+00:00\",\"breadcrumb\":{\"@id\":\"https:\\\/\\\/ppdegalicia.com\\\/es\\\/o-ppdeg-asegura-que-o-hospital-de-ourense-e-as-suas-urxencias-estan-dotados-con-persoal-axeitado-que-melloraran-co-novo-edificio-de-hospitalizacion\\\/#breadcrumb\"},\"inLanguage\":\"es\",\"potentialAction\":[{\"@type\":\"ReadAction\",\"target\":[\"https:\\\/\\\/ppdegalicia.com\\\/es\\\/o-ppdeg-asegura-que-o-hospital-de-ourense-e-as-suas-urxencias-estan-dotados-con-persoal-axeitado-que-melloraran-co-novo-edificio-de-hospitalizacion\\\/\"]}]},{\"@type\":\"BreadcrumbList\",\"@id\":\"https:\\\/\\\/ppdegalicia.com\\\/es\\\/o-ppdeg-asegura-que-o-hospital-de-ourense-e-as-suas-urxencias-estan-dotados-con-persoal-axeitado-que-melloraran-co-novo-edificio-de-hospitalizacion\\\/#breadcrumb\",\"itemListElement\":[{\"@type\":\"ListItem\",\"position\":1,\"name\":\"Portada\",\"item\":\"https:\\\/\\\/ppdegalicia.com\\\/es\\\/\"},{\"@type\":\"ListItem\",\"position\":2,\"name\":\"O PPdeG asegura que o Hospital de Ourense e as s\u00faas urxencias est\u00e1n dotados con persoal axeitado, que mellorar\u00e1n co novo edificio de hospitalizaci\u00f3n\"}]},{\"@type\":\"WebSite\",\"@id\":\"https:\\\/\\\/ppdegalicia.com\\\/es\\\/#website\",\"url\":\"https:\\\/\\\/ppdegalicia.com\\\/es\\\/\",\"name\":\"Partido Popular de Galicia\",\"description\":\"Partido Popular de Galicia\",\"publisher\":{\"@id\":\"https:\\\/\\\/ppdegalicia.com\\\/es\\\/#organization\"},\"alternateName\":\"PP de Galicia\",\"potentialAction\":[{\"@type\":\"SearchAction\",\"target\":{\"@type\":\"EntryPoint\",\"urlTemplate\":\"https:\\\/\\\/ppdegalicia.com\\\/es\\\/?s={search_term_string}\"},\"query-input\":{\"@type\":\"PropertyValueSpecification\",\"valueRequired\":true,\"valueName\":\"search_term_string\"}}],\"inLanguage\":\"es\"},{\"@type\":\"Organization\",\"@id\":\"https:\\\/\\\/ppdegalicia.com\\\/es\\\/#organization\",\"name\":\"Partido Popular de Galicia\",\"alternateName\":\"PP de Galicia\",\"url\":\"https:\\\/\\\/ppdegalicia.com\\\/es\\\/\",\"logo\":{\"@type\":\"ImageObject\",\"inLanguage\":\"es\",\"@id\":\"https:\\\/\\\/ppdegalicia.com\\\/es\\\/#\\\/schema\\\/logo\\\/image\\\/\",\"url\":\"https:\\\/\\\/ppdegalicia.com\\\/wp-content\\\/uploads\\\/2023\\\/04\\\/logoPP512.png\",\"contentUrl\":\"https:\\\/\\\/ppdegalicia.com\\\/wp-content\\\/uploads\\\/2023\\\/04\\\/logoPP512.png\",\"width\":512,\"height\":512,\"caption\":\"Partido Popular de Galicia\"},\"image\":{\"@id\":\"https:\\\/\\\/ppdegalicia.com\\\/es\\\/#\\\/schema\\\/logo\\\/image\\\/\"},\"sameAs\":[\"https:\\\/\\\/www.instagram.com\\\/ppdegalicia\\\/\",\"https:\\\/\\\/x.com\\\/ppdegalicia\",\"https:\\\/\\\/www.tiktok.com\\\/@ppdegalicia\",\"https:\\\/\\\/www.youtube.com\\\/user\\\/ppdegalicia\"]},{\"@type\":\"Person\",\"@id\":\"https:\\\/\\\/ppdegalicia.com\\\/es\\\/#\\\/schema\\\/person\\\/d0f013b8388c980665d44009ab762960\",\"name\":\"Super User\",\"image\":{\"@type\":\"ImageObject\",\"inLanguage\":\"es\",\"@id\":\"https:\\\/\\\/secure.gravatar.com\\\/avatar\\\/1db852625ef4948f58d2739bfbc51e4b9bd5c93b8fa340b59fdb594ca0845645?s=96&d=mm&r=g\",\"url\":\"https:\\\/\\\/secure.gravatar.com\\\/avatar\\\/1db852625ef4948f58d2739bfbc51e4b9bd5c93b8fa340b59fdb594ca0845645?s=96&d=mm&r=g\",\"contentUrl\":\"https:\\\/\\\/secure.gravatar.com\\\/avatar\\\/1db852625ef4948f58d2739bfbc51e4b9bd5c93b8fa340b59fdb594ca0845645?s=96&d=mm&r=g\",\"caption\":\"Super User\"},\"url\":\"https:\\\/\\\/ppdegalicia.com\\\/es\\\/author\\\/ppdegaliciagestion\\\/\"}]}<\/script>\n<!-- \/ Yoast SEO plugin. -->","yoast_head_json":{"title":"O PPdeG asegura que o Hospital de Ourense e as s\u00faas urxencias est\u00e1n dotados con persoal axeitado, que mellorar\u00e1n co novo edificio de hospitalizaci\u00f3n - PP de Galicia","robots":{"index":"index","follow":"follow","max-snippet":"max-snippet:-1","max-image-preview":"max-image-preview:large","max-video-preview":"max-video-preview:-1"},"canonical":"https:\/\/ppdegalicia.com\/es\/o-ppdeg-asegura-que-o-hospital-de-ourense-e-as-suas-urxencias-estan-dotados-con-persoal-axeitado-que-melloraran-co-novo-edificio-de-hospitalizacion\/","og_locale":"es_ES","og_type":"article","og_title":"O PPdeG asegura que o Hospital de Ourense e as s\u00faas urxencias est\u00e1n dotados con persoal axeitado, que mellorar\u00e1n co novo edificio de hospitalizaci\u00f3n - PP de Galicia","og_description":"Santiago, 24 de xaneiro de 2017.- O portavoz de Sanidade do Grupo Popular, Aurelio N\u00fa\u00f1ez Centeno, asegurou esta tarde no Pleno do Parlamento que \u201co Hospital de Ourense e o seu servizo de urxencias est\u00e1 dotado dun cadro de persoal axeitado, que foi mellorado nestes \u00faltimos anos e que vai mellorar m\u00e1is coa apertura do [&hellip;]","og_url":"https:\/\/ppdegalicia.com\/es\/o-ppdeg-asegura-que-o-hospital-de-ourense-e-as-suas-urxencias-estan-dotados-con-persoal-axeitado-que-melloraran-co-novo-edificio-de-hospitalizacion\/","og_site_name":"PP de Galicia","article_publisher":"https:\/\/www.instagram.com\/ppdegalicia\/","article_published_time":"2017-01-24T16:09:24+00:00","author":"Super User","twitter_card":"summary_large_image","twitter_creator":"@ppdegalicia","twitter_site":"@ppdegalicia","twitter_misc":{"Escrito por":"Super User","Tiempo de lectura":"2 minutos"},"schema":{"@context":"https:\/\/schema.org","@graph":[{"@type":"Article","@id":"https:\/\/ppdegalicia.com\/es\/o-ppdeg-asegura-que-o-hospital-de-ourense-e-as-suas-urxencias-estan-dotados-con-persoal-axeitado-que-melloraran-co-novo-edificio-de-hospitalizacion\/#article","isPartOf":{"@id":"https:\/\/ppdegalicia.com\/es\/o-ppdeg-asegura-que-o-hospital-de-ourense-e-as-suas-urxencias-estan-dotados-con-persoal-axeitado-que-melloraran-co-novo-edificio-de-hospitalizacion\/"},"author":{"name":"Super User","@id":"https:\/\/ppdegalicia.com\/es\/#\/schema\/person\/d0f013b8388c980665d44009ab762960"},"headline":"O PPdeG asegura que o Hospital de Ourense e as s\u00faas urxencias est\u00e1n dotados con persoal axeitado, que mellorar\u00e1n co novo edificio de hospitalizaci\u00f3n","datePublished":"2017-01-24T16:09:24+00:00","mainEntityOfPage":{"@id":"https:\/\/ppdegalicia.com\/es\/o-ppdeg-asegura-que-o-hospital-de-ourense-e-as-suas-urxencias-estan-dotados-con-persoal-axeitado-que-melloraran-co-novo-edificio-de-hospitalizacion\/"},"wordCount":377,"commentCount":0,"publisher":{"@id":"https:\/\/ppdegalicia.com\/es\/#organization"},"articleSection":["PP de Galicia"],"inLanguage":"es","potentialAction":[{"@type":"CommentAction","name":"Comment","target":["https:\/\/ppdegalicia.com\/es\/o-ppdeg-asegura-que-o-hospital-de-ourense-e-as-suas-urxencias-estan-dotados-con-persoal-axeitado-que-melloraran-co-novo-edificio-de-hospitalizacion\/#respond"]}]},{"@type":"WebPage","@id":"https:\/\/ppdegalicia.com\/es\/o-ppdeg-asegura-que-o-hospital-de-ourense-e-as-suas-urxencias-estan-dotados-con-persoal-axeitado-que-melloraran-co-novo-edificio-de-hospitalizacion\/","url":"https:\/\/ppdegalicia.com\/es\/o-ppdeg-asegura-que-o-hospital-de-ourense-e-as-suas-urxencias-estan-dotados-con-persoal-axeitado-que-melloraran-co-novo-edificio-de-hospitalizacion\/","name":"O PPdeG asegura que o Hospital de Ourense e as s\u00faas urxencias est\u00e1n dotados con persoal axeitado, que mellorar\u00e1n co novo edificio de hospitalizaci\u00f3n - PP de Galicia","isPartOf":{"@id":"https:\/\/ppdegalicia.com\/es\/#website"},"datePublished":"2017-01-24T16:09:24+00:00","breadcrumb":{"@id":"https:\/\/ppdegalicia.com\/es\/o-ppdeg-asegura-que-o-hospital-de-ourense-e-as-suas-urxencias-estan-dotados-con-persoal-axeitado-que-melloraran-co-novo-edificio-de-hospitalizacion\/#breadcrumb"},"inLanguage":"es","potentialAction":[{"@type":"ReadAction","target":["https:\/\/ppdegalicia.com\/es\/o-ppdeg-asegura-que-o-hospital-de-ourense-e-as-suas-urxencias-estan-dotados-con-persoal-axeitado-que-melloraran-co-novo-edificio-de-hospitalizacion\/"]}]},{"@type":"BreadcrumbList","@id":"https:\/\/ppdegalicia.com\/es\/o-ppdeg-asegura-que-o-hospital-de-ourense-e-as-suas-urxencias-estan-dotados-con-persoal-axeitado-que-melloraran-co-novo-edificio-de-hospitalizacion\/#breadcrumb","itemListElement":[{"@type":"ListItem","position":1,"name":"Portada","item":"https:\/\/ppdegalicia.com\/es\/"},{"@type":"ListItem","position":2,"name":"O PPdeG asegura que o Hospital de Ourense e as s\u00faas urxencias est\u00e1n dotados con persoal axeitado, que mellorar\u00e1n co novo edificio de hospitalizaci\u00f3n"}]},{"@type":"WebSite","@id":"https:\/\/ppdegalicia.com\/es\/#website","url":"https:\/\/ppdegalicia.com\/es\/","name":"Partido Popular de Galicia","description":"Partido Popular de Galicia","publisher":{"@id":"https:\/\/ppdegalicia.com\/es\/#organization"},"alternateName":"PP de Galicia","potentialAction":[{"@type":"SearchAction","target":{"@type":"EntryPoint","urlTemplate":"https:\/\/ppdegalicia.com\/es\/?s={search_term_string}"},"query-input":{"@type":"PropertyValueSpecification","valueRequired":true,"valueName":"search_term_string"}}],"inLanguage":"es"},{"@type":"Organization","@id":"https:\/\/ppdegalicia.com\/es\/#organization","name":"Partido Popular de Galicia","alternateName":"PP de Galicia","url":"https:\/\/ppdegalicia.com\/es\/","logo":{"@type":"ImageObject","inLanguage":"es","@id":"https:\/\/ppdegalicia.com\/es\/#\/schema\/logo\/image\/","url":"https:\/\/ppdegalicia.com\/wp-content\/uploads\/2023\/04\/logoPP512.png","contentUrl":"https:\/\/ppdegalicia.com\/wp-content\/uploads\/2023\/04\/logoPP512.png","width":512,"height":512,"caption":"Partido Popular de Galicia"},"image":{"@id":"https:\/\/ppdegalicia.com\/es\/#\/schema\/logo\/image\/"},"sameAs":["https:\/\/www.instagram.com\/ppdegalicia\/","https:\/\/x.com\/ppdegalicia","https:\/\/www.tiktok.com\/@ppdegalicia","https:\/\/www.youtube.com\/user\/ppdegalicia"]},{"@type":"Person","@id":"https:\/\/ppdegalicia.com\/es\/#\/schema\/person\/d0f013b8388c980665d44009ab762960","name":"Super User","image":{"@type":"ImageObject","inLanguage":"es","@id":"https:\/\/secure.gravatar.com\/avatar\/1db852625ef4948f58d2739bfbc51e4b9bd5c93b8fa340b59fdb594ca0845645?s=96&d=mm&r=g","url":"https:\/\/secure.gravatar.com\/avatar\/1db852625ef4948f58d2739bfbc51e4b9bd5c93b8fa340b59fdb594ca0845645?s=96&d=mm&r=g","contentUrl":"https:\/\/secure.gravatar.com\/avatar\/1db852625ef4948f58d2739bfbc51e4b9bd5c93b8fa340b59fdb594ca0845645?s=96&d=mm&r=g","caption":"Super User"},"url":"https:\/\/ppdegalicia.com\/es\/author\/ppdegaliciagestion\/"}]}},"_links":{"self":[{"href":"https:\/\/ppdegalicia.com\/es\/wp-json\/wp\/v2\/posts\/53322","targetHints":{"allow":["GET"]}}],"collection":[{"href":"https:\/\/ppdegalicia.com\/es\/wp-json\/wp\/v2\/posts"}],"about":[{"href":"https:\/\/ppdegalicia.com\/es\/wp-json\/wp\/v2\/types\/post"}],"author":[{"embeddable":true,"href":"https:\/\/ppdegalicia.com\/es\/wp-json\/wp\/v2\/users\/37"}],"replies":[{"embeddable":true,"href":"https:\/\/ppdegalicia.com\/es\/wp-json\/wp\/v2\/comments?post=53322"}],"version-history":[{"count":0,"href":"https:\/\/ppdegalicia.com\/es\/wp-json\/wp\/v2\/posts\/53322\/revisions"}],"wp:attachment":[{"href":"https:\/\/ppdegalicia.com\/es\/wp-json\/wp\/v2\/media?parent=53322"}],"wp:term":[{"taxonomy":"category","embeddable":true,"href":"https:\/\/ppdegalicia.com\/es\/wp-json\/wp\/v2\/categories?post=53322"},{"taxonomy":"post_tag","embeddable":true,"href":"https:\/\/ppdegalicia.com\/es\/wp-json\/wp\/v2\/tags?post=53322"}],"curies":[{"name":"wp","href":"https:\/\/api.w.org\/{rel}","templated":true}]}}