{"id":53327,"date":"2017-01-25T12:34:53","date_gmt":"2017-01-25T10:34:53","guid":{"rendered":"https:\/\/ppdegalicia.com\/o-parlamento-insta-a-xunta-a-aprobar-no-primeiro-semestre-deste-ano-una-norma-que-regule-a-contratacion-do-persoal-investigador-laboral\/"},"modified":"2017-01-25T12:34:53","modified_gmt":"2017-01-25T10:34:53","slug":"o-parlamento-insta-a-xunta-a-aprobar-no-primeiro-semestre-deste-ano-una-norma-que-regule-a-contratacion-do-persoal-investigador-laboral","status":"publish","type":"post","link":"https:\/\/ppdegalicia.com\/es\/o-parlamento-insta-a-xunta-a-aprobar-no-primeiro-semestre-deste-ano-una-norma-que-regule-a-contratacion-do-persoal-investigador-laboral\/","title":{"rendered":"O Parlamento insta \u00e1 Xunta a aprobar no primeiro semestre deste ano una norma que regule a contrataci\u00f3n do persoal investigador laboral"},"content":{"rendered":"<p>Santiago, 25 de xaneiro de 2017.- O Parlamento de Galicia aprobou hoxe, logo dunha transacci\u00f3n entre o Grupo Popular e o Grupo Socialista, a proposici\u00f3n non de lei a trav\u00e9s da que se insta \u00e1 Xunta a aprobar durante o primeiro semestre deste ano a norma que regule o r\u00e9xime de contrataci\u00f3n do persoal investigador laboral da Administraci\u00f3n da Comunidade galega, incorporando a correspondente memoria econ\u00f3mica. \u201cCon esta norma, Galicia volver\u00e1 a ser pioneira en Espa\u00f1a, creando por primeira vez a figura do persoal investigador e inclu\u00edndoa no cat\u00e1logo de postos de traballo da Administraci\u00f3n auton\u00f3mica, co obxectivo de favorecer a retenci\u00f3n do talento cient\u00edfico\u201d, asegurou o deputado do Grupo Popular Mois\u00e9s Blanco<\/p>\n<p><!--more--><\/p>\n<p>Na s\u00faa intervenci\u00f3n, Blanco explicou que este persoal \u201cpoder\u00e1 ser contratado a trav\u00e9s dos entes p\u00fablicos da Xunta que desenvolven o seu labor cient\u00edfico nos eidos da innovaci\u00f3n e a sanidade, por un per\u00edodo de catro ou cinco anos dependendo do tipo de contrato\u201d.<\/p>\n<p>&nbsp;<\/p>\n<p><strong>DESENVOLVEMENTO E INTERNACIONALIZACI\u00d3N<\/strong><\/p>\n<p>&nbsp;<\/p>\n<p>\u201cEsta nova norma permitir\u00e1 abordar o reto de consolidar o desenvolvemento e a internacionalizaci\u00f3n da Comunidade galega, as\u00ed como a importancia que ten fomentar a investigaci\u00f3n para acadar unha econom\u00eda de mercado m\u00e1is competitiva e que permita unha maior creaci\u00f3n de emprego\u201d, sinalou.<\/p>\n<p>&nbsp;<\/p>\n<p>Mois\u00e9s Blanco explicou que este novo marco xur\u00eddico ter\u00e1 en conta \u201ca importancia que ten o capital humano con maior formaci\u00f3n de cara ao progreso e a mellora da calidade de vida dos cidad\u00e1ns; ademais de atender as reiteradas demandas dos membros do colectivo de cient\u00edficos espa\u00f1ois no estranxeiro, e doutros colectivos sensibles \u00e1s devanditas demandas\u201d.<\/p>\n<p>&nbsp;<\/p>\n<p><strong>SELECCI\u00d3N DO PERSOAL<\/strong><\/p>\n<p>&nbsp;<\/p>\n<p>A selecci\u00f3n deste persoal basearase nos principios de igualdade, p\u00fablica concorrencia e competitividade, debendo terse en conta para a dita selecci\u00f3n os diferentes regulamentos e procedementos de selecci\u00f3n de persoal docente e investigador das universidades e do Consello Superior de Investigaci\u00f3ns Cient\u00edficas (CSIC).<\/p>\n<p>&nbsp;<\/p>\n<p>Ademais, contemplaranse as condici\u00f3ns de traballo do persoal investigado contratado e, sempre que sexa posible, a posibilidade de realizar estad\u00edas formativas noutros centros de I+D+I e transferencia tecnol\u00f3xica alleos e de prestixio.<\/p>\n","protected":false},"excerpt":{"rendered":"<p>Santiago, 25 de xaneiro de 2017.- O Parlamento de Galicia aprobou hoxe, logo dunha transacci\u00f3n entre o Grupo Popular e o Grupo Socialista, a proposici\u00f3n non de lei a trav\u00e9s da que se insta \u00e1 Xunta a aprobar durante o primeiro semestre deste ano a norma que regule o r\u00e9xime de contrataci\u00f3n do persoal investigador [&hellip;]<\/p>\n","protected":false},"author":37,"featured_media":0,"comment_status":"open","ping_status":"open","sticky":false,"template":"","format":"standard","meta":{"_acf_changed":false,"footnotes":""},"categories":[1],"tags":[],"class_list":["post-53327","post","type-post","status-publish","format-standard","hentry","category-pp-de-galicia"],"acf":[],"yoast_head":"<!-- This site is optimized with the Yoast SEO plugin v27.3 - https:\/\/yoast.com\/product\/yoast-seo-wordpress\/ -->\n<title>O Parlamento insta \u00e1 Xunta a aprobar no primeiro semestre deste ano una norma que regule a contrataci\u00f3n do persoal investigador laboral - PP de Galicia<\/title>\n<meta name=\"robots\" content=\"index, follow, max-snippet:-1, max-image-preview:large, max-video-preview:-1\" \/>\n<link rel=\"canonical\" href=\"https:\/\/ppdegalicia.com\/es\/o-parlamento-insta-a-xunta-a-aprobar-no-primeiro-semestre-deste-ano-una-norma-que-regule-a-contratacion-do-persoal-investigador-laboral\/\" \/>\n<meta property=\"og:locale\" content=\"es_ES\" \/>\n<meta property=\"og:type\" content=\"article\" \/>\n<meta property=\"og:title\" content=\"O Parlamento insta \u00e1 Xunta a aprobar no primeiro semestre deste ano una norma que regule a contrataci\u00f3n do persoal investigador laboral - PP de Galicia\" \/>\n<meta property=\"og:description\" content=\"Santiago, 25 de xaneiro de 2017.- O Parlamento de Galicia aprobou hoxe, logo dunha transacci\u00f3n entre o Grupo Popular e o Grupo Socialista, a proposici\u00f3n non de lei a trav\u00e9s da que se insta \u00e1 Xunta a aprobar durante o primeiro semestre deste ano a norma que regule o r\u00e9xime de contrataci\u00f3n do persoal investigador [&hellip;]\" \/>\n<meta property=\"og:url\" content=\"https:\/\/ppdegalicia.com\/es\/o-parlamento-insta-a-xunta-a-aprobar-no-primeiro-semestre-deste-ano-una-norma-que-regule-a-contratacion-do-persoal-investigador-laboral\/\" \/>\n<meta property=\"og:site_name\" content=\"PP de Galicia\" \/>\n<meta property=\"article:publisher\" content=\"https:\/\/www.instagram.com\/ppdegalicia\/\" \/>\n<meta property=\"article:published_time\" content=\"2017-01-25T10:34:53+00:00\" \/>\n<meta name=\"author\" content=\"Super User\" \/>\n<meta name=\"twitter:card\" content=\"summary_large_image\" \/>\n<meta name=\"twitter:creator\" content=\"@ppdegalicia\" \/>\n<meta name=\"twitter:site\" content=\"@ppdegalicia\" \/>\n<meta name=\"twitter:label1\" content=\"Escrito por\" \/>\n\t<meta name=\"twitter:data1\" content=\"Super User\" \/>\n\t<meta name=\"twitter:label2\" content=\"Tiempo de lectura\" \/>\n\t<meta name=\"twitter:data2\" content=\"2 minutos\" \/>\n<script type=\"application\/ld+json\" class=\"yoast-schema-graph\">{\"@context\":\"https:\\\/\\\/schema.org\",\"@graph\":[{\"@type\":\"Article\",\"@id\":\"https:\\\/\\\/ppdegalicia.com\\\/es\\\/o-parlamento-insta-a-xunta-a-aprobar-no-primeiro-semestre-deste-ano-una-norma-que-regule-a-contratacion-do-persoal-investigador-laboral\\\/#article\",\"isPartOf\":{\"@id\":\"https:\\\/\\\/ppdegalicia.com\\\/es\\\/o-parlamento-insta-a-xunta-a-aprobar-no-primeiro-semestre-deste-ano-una-norma-que-regule-a-contratacion-do-persoal-investigador-laboral\\\/\"},\"author\":{\"name\":\"Super User\",\"@id\":\"https:\\\/\\\/ppdegalicia.com\\\/es\\\/#\\\/schema\\\/person\\\/d0f013b8388c980665d44009ab762960\"},\"headline\":\"O Parlamento insta \u00e1 Xunta a aprobar no primeiro semestre deste ano una norma que regule a contrataci\u00f3n do persoal investigador laboral\",\"datePublished\":\"2017-01-25T10:34:53+00:00\",\"mainEntityOfPage\":{\"@id\":\"https:\\\/\\\/ppdegalicia.com\\\/es\\\/o-parlamento-insta-a-xunta-a-aprobar-no-primeiro-semestre-deste-ano-una-norma-que-regule-a-contratacion-do-persoal-investigador-laboral\\\/\"},\"wordCount\":409,\"commentCount\":0,\"publisher\":{\"@id\":\"https:\\\/\\\/ppdegalicia.com\\\/es\\\/#organization\"},\"articleSection\":[\"PP de Galicia\"],\"inLanguage\":\"es\",\"potentialAction\":[{\"@type\":\"CommentAction\",\"name\":\"Comment\",\"target\":[\"https:\\\/\\\/ppdegalicia.com\\\/es\\\/o-parlamento-insta-a-xunta-a-aprobar-no-primeiro-semestre-deste-ano-una-norma-que-regule-a-contratacion-do-persoal-investigador-laboral\\\/#respond\"]}]},{\"@type\":\"WebPage\",\"@id\":\"https:\\\/\\\/ppdegalicia.com\\\/es\\\/o-parlamento-insta-a-xunta-a-aprobar-no-primeiro-semestre-deste-ano-una-norma-que-regule-a-contratacion-do-persoal-investigador-laboral\\\/\",\"url\":\"https:\\\/\\\/ppdegalicia.com\\\/es\\\/o-parlamento-insta-a-xunta-a-aprobar-no-primeiro-semestre-deste-ano-una-norma-que-regule-a-contratacion-do-persoal-investigador-laboral\\\/\",\"name\":\"O Parlamento insta \u00e1 Xunta a aprobar no primeiro semestre deste ano una norma que regule a contrataci\u00f3n do persoal investigador laboral - PP de Galicia\",\"isPartOf\":{\"@id\":\"https:\\\/\\\/ppdegalicia.com\\\/es\\\/#website\"},\"datePublished\":\"2017-01-25T10:34:53+00:00\",\"breadcrumb\":{\"@id\":\"https:\\\/\\\/ppdegalicia.com\\\/es\\\/o-parlamento-insta-a-xunta-a-aprobar-no-primeiro-semestre-deste-ano-una-norma-que-regule-a-contratacion-do-persoal-investigador-laboral\\\/#breadcrumb\"},\"inLanguage\":\"es\",\"potentialAction\":[{\"@type\":\"ReadAction\",\"target\":[\"https:\\\/\\\/ppdegalicia.com\\\/es\\\/o-parlamento-insta-a-xunta-a-aprobar-no-primeiro-semestre-deste-ano-una-norma-que-regule-a-contratacion-do-persoal-investigador-laboral\\\/\"]}]},{\"@type\":\"BreadcrumbList\",\"@id\":\"https:\\\/\\\/ppdegalicia.com\\\/es\\\/o-parlamento-insta-a-xunta-a-aprobar-no-primeiro-semestre-deste-ano-una-norma-que-regule-a-contratacion-do-persoal-investigador-laboral\\\/#breadcrumb\",\"itemListElement\":[{\"@type\":\"ListItem\",\"position\":1,\"name\":\"Portada\",\"item\":\"https:\\\/\\\/ppdegalicia.com\\\/es\\\/\"},{\"@type\":\"ListItem\",\"position\":2,\"name\":\"O Parlamento insta \u00e1 Xunta a aprobar no primeiro semestre deste ano una norma que regule a contrataci\u00f3n do persoal investigador laboral\"}]},{\"@type\":\"WebSite\",\"@id\":\"https:\\\/\\\/ppdegalicia.com\\\/es\\\/#website\",\"url\":\"https:\\\/\\\/ppdegalicia.com\\\/es\\\/\",\"name\":\"Partido Popular de Galicia\",\"description\":\"Partido Popular de Galicia\",\"publisher\":{\"@id\":\"https:\\\/\\\/ppdegalicia.com\\\/es\\\/#organization\"},\"alternateName\":\"PP de Galicia\",\"potentialAction\":[{\"@type\":\"SearchAction\",\"target\":{\"@type\":\"EntryPoint\",\"urlTemplate\":\"https:\\\/\\\/ppdegalicia.com\\\/es\\\/?s={search_term_string}\"},\"query-input\":{\"@type\":\"PropertyValueSpecification\",\"valueRequired\":true,\"valueName\":\"search_term_string\"}}],\"inLanguage\":\"es\"},{\"@type\":\"Organization\",\"@id\":\"https:\\\/\\\/ppdegalicia.com\\\/es\\\/#organization\",\"name\":\"Partido Popular de Galicia\",\"alternateName\":\"PP de Galicia\",\"url\":\"https:\\\/\\\/ppdegalicia.com\\\/es\\\/\",\"logo\":{\"@type\":\"ImageObject\",\"inLanguage\":\"es\",\"@id\":\"https:\\\/\\\/ppdegalicia.com\\\/es\\\/#\\\/schema\\\/logo\\\/image\\\/\",\"url\":\"https:\\\/\\\/ppdegalicia.com\\\/wp-content\\\/uploads\\\/2023\\\/04\\\/logoPP512.png\",\"contentUrl\":\"https:\\\/\\\/ppdegalicia.com\\\/wp-content\\\/uploads\\\/2023\\\/04\\\/logoPP512.png\",\"width\":512,\"height\":512,\"caption\":\"Partido Popular de Galicia\"},\"image\":{\"@id\":\"https:\\\/\\\/ppdegalicia.com\\\/es\\\/#\\\/schema\\\/logo\\\/image\\\/\"},\"sameAs\":[\"https:\\\/\\\/www.instagram.com\\\/ppdegalicia\\\/\",\"https:\\\/\\\/x.com\\\/ppdegalicia\",\"https:\\\/\\\/www.tiktok.com\\\/@ppdegalicia\",\"https:\\\/\\\/www.youtube.com\\\/user\\\/ppdegalicia\"]},{\"@type\":\"Person\",\"@id\":\"https:\\\/\\\/ppdegalicia.com\\\/es\\\/#\\\/schema\\\/person\\\/d0f013b8388c980665d44009ab762960\",\"name\":\"Super User\",\"image\":{\"@type\":\"ImageObject\",\"inLanguage\":\"es\",\"@id\":\"https:\\\/\\\/secure.gravatar.com\\\/avatar\\\/1db852625ef4948f58d2739bfbc51e4b9bd5c93b8fa340b59fdb594ca0845645?s=96&d=mm&r=g\",\"url\":\"https:\\\/\\\/secure.gravatar.com\\\/avatar\\\/1db852625ef4948f58d2739bfbc51e4b9bd5c93b8fa340b59fdb594ca0845645?s=96&d=mm&r=g\",\"contentUrl\":\"https:\\\/\\\/secure.gravatar.com\\\/avatar\\\/1db852625ef4948f58d2739bfbc51e4b9bd5c93b8fa340b59fdb594ca0845645?s=96&d=mm&r=g\",\"caption\":\"Super User\"},\"url\":\"https:\\\/\\\/ppdegalicia.com\\\/es\\\/author\\\/ppdegaliciagestion\\\/\"}]}<\/script>\n<!-- \/ Yoast SEO plugin. -->","yoast_head_json":{"title":"O Parlamento insta \u00e1 Xunta a aprobar no primeiro semestre deste ano una norma que regule a contrataci\u00f3n do persoal investigador laboral - PP de Galicia","robots":{"index":"index","follow":"follow","max-snippet":"max-snippet:-1","max-image-preview":"max-image-preview:large","max-video-preview":"max-video-preview:-1"},"canonical":"https:\/\/ppdegalicia.com\/es\/o-parlamento-insta-a-xunta-a-aprobar-no-primeiro-semestre-deste-ano-una-norma-que-regule-a-contratacion-do-persoal-investigador-laboral\/","og_locale":"es_ES","og_type":"article","og_title":"O Parlamento insta \u00e1 Xunta a aprobar no primeiro semestre deste ano una norma que regule a contrataci\u00f3n do persoal investigador laboral - PP de Galicia","og_description":"Santiago, 25 de xaneiro de 2017.- O Parlamento de Galicia aprobou hoxe, logo dunha transacci\u00f3n entre o Grupo Popular e o Grupo Socialista, a proposici\u00f3n non de lei a trav\u00e9s da que se insta \u00e1 Xunta a aprobar durante o primeiro semestre deste ano a norma que regule o r\u00e9xime de contrataci\u00f3n do persoal investigador [&hellip;]","og_url":"https:\/\/ppdegalicia.com\/es\/o-parlamento-insta-a-xunta-a-aprobar-no-primeiro-semestre-deste-ano-una-norma-que-regule-a-contratacion-do-persoal-investigador-laboral\/","og_site_name":"PP de Galicia","article_publisher":"https:\/\/www.instagram.com\/ppdegalicia\/","article_published_time":"2017-01-25T10:34:53+00:00","author":"Super User","twitter_card":"summary_large_image","twitter_creator":"@ppdegalicia","twitter_site":"@ppdegalicia","twitter_misc":{"Escrito por":"Super User","Tiempo de lectura":"2 minutos"},"schema":{"@context":"https:\/\/schema.org","@graph":[{"@type":"Article","@id":"https:\/\/ppdegalicia.com\/es\/o-parlamento-insta-a-xunta-a-aprobar-no-primeiro-semestre-deste-ano-una-norma-que-regule-a-contratacion-do-persoal-investigador-laboral\/#article","isPartOf":{"@id":"https:\/\/ppdegalicia.com\/es\/o-parlamento-insta-a-xunta-a-aprobar-no-primeiro-semestre-deste-ano-una-norma-que-regule-a-contratacion-do-persoal-investigador-laboral\/"},"author":{"name":"Super User","@id":"https:\/\/ppdegalicia.com\/es\/#\/schema\/person\/d0f013b8388c980665d44009ab762960"},"headline":"O Parlamento insta \u00e1 Xunta a aprobar no primeiro semestre deste ano una norma que regule a contrataci\u00f3n do persoal investigador laboral","datePublished":"2017-01-25T10:34:53+00:00","mainEntityOfPage":{"@id":"https:\/\/ppdegalicia.com\/es\/o-parlamento-insta-a-xunta-a-aprobar-no-primeiro-semestre-deste-ano-una-norma-que-regule-a-contratacion-do-persoal-investigador-laboral\/"},"wordCount":409,"commentCount":0,"publisher":{"@id":"https:\/\/ppdegalicia.com\/es\/#organization"},"articleSection":["PP de Galicia"],"inLanguage":"es","potentialAction":[{"@type":"CommentAction","name":"Comment","target":["https:\/\/ppdegalicia.com\/es\/o-parlamento-insta-a-xunta-a-aprobar-no-primeiro-semestre-deste-ano-una-norma-que-regule-a-contratacion-do-persoal-investigador-laboral\/#respond"]}]},{"@type":"WebPage","@id":"https:\/\/ppdegalicia.com\/es\/o-parlamento-insta-a-xunta-a-aprobar-no-primeiro-semestre-deste-ano-una-norma-que-regule-a-contratacion-do-persoal-investigador-laboral\/","url":"https:\/\/ppdegalicia.com\/es\/o-parlamento-insta-a-xunta-a-aprobar-no-primeiro-semestre-deste-ano-una-norma-que-regule-a-contratacion-do-persoal-investigador-laboral\/","name":"O Parlamento insta \u00e1 Xunta a aprobar no primeiro semestre deste ano una norma que regule a contrataci\u00f3n do persoal investigador laboral - PP de Galicia","isPartOf":{"@id":"https:\/\/ppdegalicia.com\/es\/#website"},"datePublished":"2017-01-25T10:34:53+00:00","breadcrumb":{"@id":"https:\/\/ppdegalicia.com\/es\/o-parlamento-insta-a-xunta-a-aprobar-no-primeiro-semestre-deste-ano-una-norma-que-regule-a-contratacion-do-persoal-investigador-laboral\/#breadcrumb"},"inLanguage":"es","potentialAction":[{"@type":"ReadAction","target":["https:\/\/ppdegalicia.com\/es\/o-parlamento-insta-a-xunta-a-aprobar-no-primeiro-semestre-deste-ano-una-norma-que-regule-a-contratacion-do-persoal-investigador-laboral\/"]}]},{"@type":"BreadcrumbList","@id":"https:\/\/ppdegalicia.com\/es\/o-parlamento-insta-a-xunta-a-aprobar-no-primeiro-semestre-deste-ano-una-norma-que-regule-a-contratacion-do-persoal-investigador-laboral\/#breadcrumb","itemListElement":[{"@type":"ListItem","position":1,"name":"Portada","item":"https:\/\/ppdegalicia.com\/es\/"},{"@type":"ListItem","position":2,"name":"O Parlamento insta \u00e1 Xunta a aprobar no primeiro semestre deste ano una norma que regule a contrataci\u00f3n do persoal investigador laboral"}]},{"@type":"WebSite","@id":"https:\/\/ppdegalicia.com\/es\/#website","url":"https:\/\/ppdegalicia.com\/es\/","name":"Partido Popular de Galicia","description":"Partido Popular de Galicia","publisher":{"@id":"https:\/\/ppdegalicia.com\/es\/#organization"},"alternateName":"PP de Galicia","potentialAction":[{"@type":"SearchAction","target":{"@type":"EntryPoint","urlTemplate":"https:\/\/ppdegalicia.com\/es\/?s={search_term_string}"},"query-input":{"@type":"PropertyValueSpecification","valueRequired":true,"valueName":"search_term_string"}}],"inLanguage":"es"},{"@type":"Organization","@id":"https:\/\/ppdegalicia.com\/es\/#organization","name":"Partido Popular de Galicia","alternateName":"PP de Galicia","url":"https:\/\/ppdegalicia.com\/es\/","logo":{"@type":"ImageObject","inLanguage":"es","@id":"https:\/\/ppdegalicia.com\/es\/#\/schema\/logo\/image\/","url":"https:\/\/ppdegalicia.com\/wp-content\/uploads\/2023\/04\/logoPP512.png","contentUrl":"https:\/\/ppdegalicia.com\/wp-content\/uploads\/2023\/04\/logoPP512.png","width":512,"height":512,"caption":"Partido Popular de Galicia"},"image":{"@id":"https:\/\/ppdegalicia.com\/es\/#\/schema\/logo\/image\/"},"sameAs":["https:\/\/www.instagram.com\/ppdegalicia\/","https:\/\/x.com\/ppdegalicia","https:\/\/www.tiktok.com\/@ppdegalicia","https:\/\/www.youtube.com\/user\/ppdegalicia"]},{"@type":"Person","@id":"https:\/\/ppdegalicia.com\/es\/#\/schema\/person\/d0f013b8388c980665d44009ab762960","name":"Super User","image":{"@type":"ImageObject","inLanguage":"es","@id":"https:\/\/secure.gravatar.com\/avatar\/1db852625ef4948f58d2739bfbc51e4b9bd5c93b8fa340b59fdb594ca0845645?s=96&d=mm&r=g","url":"https:\/\/secure.gravatar.com\/avatar\/1db852625ef4948f58d2739bfbc51e4b9bd5c93b8fa340b59fdb594ca0845645?s=96&d=mm&r=g","contentUrl":"https:\/\/secure.gravatar.com\/avatar\/1db852625ef4948f58d2739bfbc51e4b9bd5c93b8fa340b59fdb594ca0845645?s=96&d=mm&r=g","caption":"Super User"},"url":"https:\/\/ppdegalicia.com\/es\/author\/ppdegaliciagestion\/"}]}},"_links":{"self":[{"href":"https:\/\/ppdegalicia.com\/es\/wp-json\/wp\/v2\/posts\/53327","targetHints":{"allow":["GET"]}}],"collection":[{"href":"https:\/\/ppdegalicia.com\/es\/wp-json\/wp\/v2\/posts"}],"about":[{"href":"https:\/\/ppdegalicia.com\/es\/wp-json\/wp\/v2\/types\/post"}],"author":[{"embeddable":true,"href":"https:\/\/ppdegalicia.com\/es\/wp-json\/wp\/v2\/users\/37"}],"replies":[{"embeddable":true,"href":"https:\/\/ppdegalicia.com\/es\/wp-json\/wp\/v2\/comments?post=53327"}],"version-history":[{"count":0,"href":"https:\/\/ppdegalicia.com\/es\/wp-json\/wp\/v2\/posts\/53327\/revisions"}],"wp:attachment":[{"href":"https:\/\/ppdegalicia.com\/es\/wp-json\/wp\/v2\/media?parent=53327"}],"wp:term":[{"taxonomy":"category","embeddable":true,"href":"https:\/\/ppdegalicia.com\/es\/wp-json\/wp\/v2\/categories?post=53327"},{"taxonomy":"post_tag","embeddable":true,"href":"https:\/\/ppdegalicia.com\/es\/wp-json\/wp\/v2\/tags?post=53327"}],"curies":[{"name":"wp","href":"https:\/\/api.w.org\/{rel}","templated":true}]}}