{"id":53330,"date":"2017-01-25T13:17:42","date_gmt":"2017-01-25T11:17:42","guid":{"rendered":"https:\/\/ppdegalicia.com\/o-ppdeg-apoia-no-parlamento-que-a-xunta-estenda-a-educacion-infantil-primaria-secundaria-e-bacharelato-feramentas-dixitais-para-facilitar-a-elaboracion-de-programacions-didacticas\/"},"modified":"2017-01-25T13:17:42","modified_gmt":"2017-01-25T11:17:42","slug":"o-ppdeg-apoia-no-parlamento-que-a-xunta-estenda-a-educacion-infantil-primaria-secundaria-e-bacharelato-feramentas-dixitais-para-facilitar-a-elaboracion-de-programacions-didacticas","status":"publish","type":"post","link":"https:\/\/ppdegalicia.com\/es\/o-ppdeg-apoia-no-parlamento-que-a-xunta-estenda-a-educacion-infantil-primaria-secundaria-e-bacharelato-feramentas-dixitais-para-facilitar-a-elaboracion-de-programacions-didacticas\/","title":{"rendered":"O PPdeG apoia no Parlamento que a Xunta estenda \u00e1 educaci\u00f3n infantil,primaria,secundaria e bacharelato feramentas dixitais para facilitar a elaboraci\u00f3n de programaci\u00f3ns did\u00e1cticas"},"content":{"rendered":"<p>Santiago, 25 de xaneiro de 2017.- O Grupo Popular apoiou hoxe a aprobaci\u00f3n dunha proposici\u00f3n non de lei no Parlamento galego, logo dunha transacci\u00f3n co Grupo Socialista, a trav\u00e9s da que se solicita \u00e1 Xunta ampliar \u00e1s etapas de educaci\u00f3n infantil, primaria, secundaria obrigatoria e bacharelato a li\u00f1a xa emprendida pola Conseller\u00eda en formaci\u00f3n profesional, po\u00f1endo, \u00e1 maior brevidade posible, un conxunto de instrumentos e ferramentas inform\u00e1ticas que permitan a elaboraci\u00f3n das programaci\u00f3ns did\u00e1cticas acorde co modelo curricular vixente.<\/p>\n<p><!--more--><\/p>\n<p>O portavoz de Educaci\u00f3n subli\u00f1ou que \u201cunha programaci\u00f3n ten que ser unha folla de ruta da actividade docente nunha materia ou \u00e1rea determinada, pero non como simples obrigas est\u00e1ndares sen\u00f3n como pautas que est\u00e1n directamente relacionadas con contidos pedag\u00f3xicos, pero tam\u00e9n directamente relacionadas coas circunstancias reais e particulares de cada grupo de alumnos\u201d.<\/p>\n<p>&nbsp;<\/p>\n<p>Neste sentido, apuntou que \u201ca Conseller\u00eda xa est\u00e1 traballando nesta idea, para po\u00f1er en marcha neste mesmo ano un proxecto de novas ferramentas de apoio \u00e1 elaboraci\u00f3n de programaci\u00f3ns did\u00e1cticas en infantil, primaria e secundaria\u201d. Ademais, subli\u00f1ou que \u201cGalicia foi pioneira na aplicaci\u00f3n de novas tecnolox\u00edas no sistema educativo, as\u00ed como na posta en marcha dun sistema de intercambio de unidades e material did\u00e1ctico entre os docentes galegos\u201d.<\/p>\n<p>&nbsp;<\/p>\n<p><strong>NOVAS FERRAMENTAS DE AXUDA AOS DOCENTES<\/strong><\/p>\n<p>&nbsp;<\/p>\n<p>\u201cNo seu momento, a Xunta tam\u00e9n foi pioneira na posta en marcha dunha plataforma dirixida \u00e1 elaboraci\u00f3n das programaci\u00f3ns did\u00e1cticas de formaci\u00f3n profesional\u201d, lembrou o portavoz popular,&nbsp; quen sinalou que \u201cagora p\u00f3dense po\u00f1er en marcha novas ferramentas de axuda aos docentes na planificaci\u00f3n da s\u00faa actividade\u201d.<\/p>\n<p>&nbsp;<\/p>\n<p>\u201cO obxectivo principal, no que xa est\u00e1 a traballar a Xunta, bas\u00e9ase na axuda aos centros para a elaboraci\u00f3n destas ferramentas, con pautas metodol\u00f3xicas en concordancia co curr\u00edculo de cada etapa, pero sempre respectando a liberdade de c\u00e1tedra e autonom\u00eda dos docentes dentro do marco curricular\u201d, explicou.<\/p>\n","protected":false},"excerpt":{"rendered":"<p>Santiago, 25 de xaneiro de 2017.- O Grupo Popular apoiou hoxe a aprobaci\u00f3n dunha proposici\u00f3n non de lei no Parlamento galego, logo dunha transacci\u00f3n co Grupo Socialista, a trav\u00e9s da que se solicita \u00e1 Xunta ampliar \u00e1s etapas de educaci\u00f3n infantil, primaria, secundaria obrigatoria e bacharelato a li\u00f1a xa emprendida pola Conseller\u00eda en formaci\u00f3n profesional, [&hellip;]<\/p>\n","protected":false},"author":37,"featured_media":0,"comment_status":"open","ping_status":"open","sticky":false,"template":"","format":"standard","meta":{"_acf_changed":false,"footnotes":""},"categories":[1],"tags":[],"class_list":["post-53330","post","type-post","status-publish","format-standard","hentry","category-pp-de-galicia"],"acf":[],"yoast_head":"<!-- This site is optimized with the Yoast SEO plugin v27.3 - https:\/\/yoast.com\/product\/yoast-seo-wordpress\/ -->\n<title>O PPdeG apoia no Parlamento que a Xunta estenda \u00e1 educaci\u00f3n infantil,primaria,secundaria e bacharelato feramentas dixitais para facilitar a elaboraci\u00f3n de programaci\u00f3ns did\u00e1cticas - PP de Galicia<\/title>\n<meta name=\"robots\" content=\"index, follow, max-snippet:-1, max-image-preview:large, max-video-preview:-1\" \/>\n<link rel=\"canonical\" href=\"https:\/\/ppdegalicia.com\/es\/o-ppdeg-apoia-no-parlamento-que-a-xunta-estenda-a-educacion-infantil-primaria-secundaria-e-bacharelato-feramentas-dixitais-para-facilitar-a-elaboracion-de-programacions-didacticas\/\" \/>\n<meta property=\"og:locale\" content=\"es_ES\" \/>\n<meta property=\"og:type\" content=\"article\" \/>\n<meta property=\"og:title\" content=\"O PPdeG apoia no Parlamento que a Xunta estenda \u00e1 educaci\u00f3n infantil,primaria,secundaria e bacharelato feramentas dixitais para facilitar a elaboraci\u00f3n de programaci\u00f3ns did\u00e1cticas - PP de Galicia\" \/>\n<meta property=\"og:description\" content=\"Santiago, 25 de xaneiro de 2017.- O Grupo Popular apoiou hoxe a aprobaci\u00f3n dunha proposici\u00f3n non de lei no Parlamento galego, logo dunha transacci\u00f3n co Grupo Socialista, a trav\u00e9s da que se solicita \u00e1 Xunta ampliar \u00e1s etapas de educaci\u00f3n infantil, primaria, secundaria obrigatoria e bacharelato a li\u00f1a xa emprendida pola Conseller\u00eda en formaci\u00f3n profesional, [&hellip;]\" \/>\n<meta property=\"og:url\" content=\"https:\/\/ppdegalicia.com\/es\/o-ppdeg-apoia-no-parlamento-que-a-xunta-estenda-a-educacion-infantil-primaria-secundaria-e-bacharelato-feramentas-dixitais-para-facilitar-a-elaboracion-de-programacions-didacticas\/\" \/>\n<meta property=\"og:site_name\" content=\"PP de Galicia\" \/>\n<meta property=\"article:publisher\" content=\"https:\/\/www.instagram.com\/ppdegalicia\/\" \/>\n<meta property=\"article:published_time\" content=\"2017-01-25T11:17:42+00:00\" \/>\n<meta name=\"author\" content=\"Super User\" \/>\n<meta name=\"twitter:card\" content=\"summary_large_image\" \/>\n<meta name=\"twitter:creator\" content=\"@ppdegalicia\" \/>\n<meta name=\"twitter:site\" content=\"@ppdegalicia\" \/>\n<meta name=\"twitter:label1\" content=\"Escrito por\" \/>\n\t<meta name=\"twitter:data1\" content=\"Super User\" \/>\n\t<meta name=\"twitter:label2\" content=\"Tiempo de lectura\" \/>\n\t<meta name=\"twitter:data2\" content=\"2 minutos\" \/>\n<script type=\"application\/ld+json\" class=\"yoast-schema-graph\">{\"@context\":\"https:\\\/\\\/schema.org\",\"@graph\":[{\"@type\":\"Article\",\"@id\":\"https:\\\/\\\/ppdegalicia.com\\\/es\\\/o-ppdeg-apoia-no-parlamento-que-a-xunta-estenda-a-educacion-infantil-primaria-secundaria-e-bacharelato-feramentas-dixitais-para-facilitar-a-elaboracion-de-programacions-didacticas\\\/#article\",\"isPartOf\":{\"@id\":\"https:\\\/\\\/ppdegalicia.com\\\/es\\\/o-ppdeg-apoia-no-parlamento-que-a-xunta-estenda-a-educacion-infantil-primaria-secundaria-e-bacharelato-feramentas-dixitais-para-facilitar-a-elaboracion-de-programacions-didacticas\\\/\"},\"author\":{\"name\":\"Super User\",\"@id\":\"https:\\\/\\\/ppdegalicia.com\\\/es\\\/#\\\/schema\\\/person\\\/d0f013b8388c980665d44009ab762960\"},\"headline\":\"O PPdeG apoia no Parlamento que a Xunta estenda \u00e1 educaci\u00f3n infantil,primaria,secundaria e bacharelato feramentas dixitais para facilitar a elaboraci\u00f3n de programaci\u00f3ns did\u00e1cticas\",\"datePublished\":\"2017-01-25T11:17:42+00:00\",\"mainEntityOfPage\":{\"@id\":\"https:\\\/\\\/ppdegalicia.com\\\/es\\\/o-ppdeg-apoia-no-parlamento-que-a-xunta-estenda-a-educacion-infantil-primaria-secundaria-e-bacharelato-feramentas-dixitais-para-facilitar-a-elaboracion-de-programacions-didacticas\\\/\"},\"wordCount\":372,\"commentCount\":0,\"publisher\":{\"@id\":\"https:\\\/\\\/ppdegalicia.com\\\/es\\\/#organization\"},\"articleSection\":[\"PP de Galicia\"],\"inLanguage\":\"es\",\"potentialAction\":[{\"@type\":\"CommentAction\",\"name\":\"Comment\",\"target\":[\"https:\\\/\\\/ppdegalicia.com\\\/es\\\/o-ppdeg-apoia-no-parlamento-que-a-xunta-estenda-a-educacion-infantil-primaria-secundaria-e-bacharelato-feramentas-dixitais-para-facilitar-a-elaboracion-de-programacions-didacticas\\\/#respond\"]}]},{\"@type\":\"WebPage\",\"@id\":\"https:\\\/\\\/ppdegalicia.com\\\/es\\\/o-ppdeg-apoia-no-parlamento-que-a-xunta-estenda-a-educacion-infantil-primaria-secundaria-e-bacharelato-feramentas-dixitais-para-facilitar-a-elaboracion-de-programacions-didacticas\\\/\",\"url\":\"https:\\\/\\\/ppdegalicia.com\\\/es\\\/o-ppdeg-apoia-no-parlamento-que-a-xunta-estenda-a-educacion-infantil-primaria-secundaria-e-bacharelato-feramentas-dixitais-para-facilitar-a-elaboracion-de-programacions-didacticas\\\/\",\"name\":\"O PPdeG apoia no Parlamento que a Xunta estenda \u00e1 educaci\u00f3n infantil,primaria,secundaria e bacharelato feramentas dixitais para facilitar a elaboraci\u00f3n de programaci\u00f3ns did\u00e1cticas - PP de Galicia\",\"isPartOf\":{\"@id\":\"https:\\\/\\\/ppdegalicia.com\\\/es\\\/#website\"},\"datePublished\":\"2017-01-25T11:17:42+00:00\",\"breadcrumb\":{\"@id\":\"https:\\\/\\\/ppdegalicia.com\\\/es\\\/o-ppdeg-apoia-no-parlamento-que-a-xunta-estenda-a-educacion-infantil-primaria-secundaria-e-bacharelato-feramentas-dixitais-para-facilitar-a-elaboracion-de-programacions-didacticas\\\/#breadcrumb\"},\"inLanguage\":\"es\",\"potentialAction\":[{\"@type\":\"ReadAction\",\"target\":[\"https:\\\/\\\/ppdegalicia.com\\\/es\\\/o-ppdeg-apoia-no-parlamento-que-a-xunta-estenda-a-educacion-infantil-primaria-secundaria-e-bacharelato-feramentas-dixitais-para-facilitar-a-elaboracion-de-programacions-didacticas\\\/\"]}]},{\"@type\":\"BreadcrumbList\",\"@id\":\"https:\\\/\\\/ppdegalicia.com\\\/es\\\/o-ppdeg-apoia-no-parlamento-que-a-xunta-estenda-a-educacion-infantil-primaria-secundaria-e-bacharelato-feramentas-dixitais-para-facilitar-a-elaboracion-de-programacions-didacticas\\\/#breadcrumb\",\"itemListElement\":[{\"@type\":\"ListItem\",\"position\":1,\"name\":\"Portada\",\"item\":\"https:\\\/\\\/ppdegalicia.com\\\/es\\\/\"},{\"@type\":\"ListItem\",\"position\":2,\"name\":\"O PPdeG apoia no Parlamento que a Xunta estenda \u00e1 educaci\u00f3n infantil,primaria,secundaria e bacharelato feramentas dixitais para facilitar a elaboraci\u00f3n de programaci\u00f3ns did\u00e1cticas\"}]},{\"@type\":\"WebSite\",\"@id\":\"https:\\\/\\\/ppdegalicia.com\\\/es\\\/#website\",\"url\":\"https:\\\/\\\/ppdegalicia.com\\\/es\\\/\",\"name\":\"Partido Popular de Galicia\",\"description\":\"Partido Popular de Galicia\",\"publisher\":{\"@id\":\"https:\\\/\\\/ppdegalicia.com\\\/es\\\/#organization\"},\"alternateName\":\"PP de Galicia\",\"potentialAction\":[{\"@type\":\"SearchAction\",\"target\":{\"@type\":\"EntryPoint\",\"urlTemplate\":\"https:\\\/\\\/ppdegalicia.com\\\/es\\\/?s={search_term_string}\"},\"query-input\":{\"@type\":\"PropertyValueSpecification\",\"valueRequired\":true,\"valueName\":\"search_term_string\"}}],\"inLanguage\":\"es\"},{\"@type\":\"Organization\",\"@id\":\"https:\\\/\\\/ppdegalicia.com\\\/es\\\/#organization\",\"name\":\"Partido Popular de Galicia\",\"alternateName\":\"PP de Galicia\",\"url\":\"https:\\\/\\\/ppdegalicia.com\\\/es\\\/\",\"logo\":{\"@type\":\"ImageObject\",\"inLanguage\":\"es\",\"@id\":\"https:\\\/\\\/ppdegalicia.com\\\/es\\\/#\\\/schema\\\/logo\\\/image\\\/\",\"url\":\"https:\\\/\\\/ppdegalicia.com\\\/wp-content\\\/uploads\\\/2023\\\/04\\\/logoPP512.png\",\"contentUrl\":\"https:\\\/\\\/ppdegalicia.com\\\/wp-content\\\/uploads\\\/2023\\\/04\\\/logoPP512.png\",\"width\":512,\"height\":512,\"caption\":\"Partido Popular de Galicia\"},\"image\":{\"@id\":\"https:\\\/\\\/ppdegalicia.com\\\/es\\\/#\\\/schema\\\/logo\\\/image\\\/\"},\"sameAs\":[\"https:\\\/\\\/www.instagram.com\\\/ppdegalicia\\\/\",\"https:\\\/\\\/x.com\\\/ppdegalicia\",\"https:\\\/\\\/www.tiktok.com\\\/@ppdegalicia\",\"https:\\\/\\\/www.youtube.com\\\/user\\\/ppdegalicia\"]},{\"@type\":\"Person\",\"@id\":\"https:\\\/\\\/ppdegalicia.com\\\/es\\\/#\\\/schema\\\/person\\\/d0f013b8388c980665d44009ab762960\",\"name\":\"Super User\",\"image\":{\"@type\":\"ImageObject\",\"inLanguage\":\"es\",\"@id\":\"https:\\\/\\\/secure.gravatar.com\\\/avatar\\\/1db852625ef4948f58d2739bfbc51e4b9bd5c93b8fa340b59fdb594ca0845645?s=96&d=mm&r=g\",\"url\":\"https:\\\/\\\/secure.gravatar.com\\\/avatar\\\/1db852625ef4948f58d2739bfbc51e4b9bd5c93b8fa340b59fdb594ca0845645?s=96&d=mm&r=g\",\"contentUrl\":\"https:\\\/\\\/secure.gravatar.com\\\/avatar\\\/1db852625ef4948f58d2739bfbc51e4b9bd5c93b8fa340b59fdb594ca0845645?s=96&d=mm&r=g\",\"caption\":\"Super User\"},\"url\":\"https:\\\/\\\/ppdegalicia.com\\\/es\\\/author\\\/ppdegaliciagestion\\\/\"}]}<\/script>\n<!-- \/ Yoast SEO plugin. -->","yoast_head_json":{"title":"O PPdeG apoia no Parlamento que a Xunta estenda \u00e1 educaci\u00f3n infantil,primaria,secundaria e bacharelato feramentas dixitais para facilitar a elaboraci\u00f3n de programaci\u00f3ns did\u00e1cticas - PP de Galicia","robots":{"index":"index","follow":"follow","max-snippet":"max-snippet:-1","max-image-preview":"max-image-preview:large","max-video-preview":"max-video-preview:-1"},"canonical":"https:\/\/ppdegalicia.com\/es\/o-ppdeg-apoia-no-parlamento-que-a-xunta-estenda-a-educacion-infantil-primaria-secundaria-e-bacharelato-feramentas-dixitais-para-facilitar-a-elaboracion-de-programacions-didacticas\/","og_locale":"es_ES","og_type":"article","og_title":"O PPdeG apoia no Parlamento que a Xunta estenda \u00e1 educaci\u00f3n infantil,primaria,secundaria e bacharelato feramentas dixitais para facilitar a elaboraci\u00f3n de programaci\u00f3ns did\u00e1cticas - PP de Galicia","og_description":"Santiago, 25 de xaneiro de 2017.- O Grupo Popular apoiou hoxe a aprobaci\u00f3n dunha proposici\u00f3n non de lei no Parlamento galego, logo dunha transacci\u00f3n co Grupo Socialista, a trav\u00e9s da que se solicita \u00e1 Xunta ampliar \u00e1s etapas de educaci\u00f3n infantil, primaria, secundaria obrigatoria e bacharelato a li\u00f1a xa emprendida pola Conseller\u00eda en formaci\u00f3n profesional, [&hellip;]","og_url":"https:\/\/ppdegalicia.com\/es\/o-ppdeg-apoia-no-parlamento-que-a-xunta-estenda-a-educacion-infantil-primaria-secundaria-e-bacharelato-feramentas-dixitais-para-facilitar-a-elaboracion-de-programacions-didacticas\/","og_site_name":"PP de Galicia","article_publisher":"https:\/\/www.instagram.com\/ppdegalicia\/","article_published_time":"2017-01-25T11:17:42+00:00","author":"Super User","twitter_card":"summary_large_image","twitter_creator":"@ppdegalicia","twitter_site":"@ppdegalicia","twitter_misc":{"Escrito por":"Super User","Tiempo de lectura":"2 minutos"},"schema":{"@context":"https:\/\/schema.org","@graph":[{"@type":"Article","@id":"https:\/\/ppdegalicia.com\/es\/o-ppdeg-apoia-no-parlamento-que-a-xunta-estenda-a-educacion-infantil-primaria-secundaria-e-bacharelato-feramentas-dixitais-para-facilitar-a-elaboracion-de-programacions-didacticas\/#article","isPartOf":{"@id":"https:\/\/ppdegalicia.com\/es\/o-ppdeg-apoia-no-parlamento-que-a-xunta-estenda-a-educacion-infantil-primaria-secundaria-e-bacharelato-feramentas-dixitais-para-facilitar-a-elaboracion-de-programacions-didacticas\/"},"author":{"name":"Super User","@id":"https:\/\/ppdegalicia.com\/es\/#\/schema\/person\/d0f013b8388c980665d44009ab762960"},"headline":"O PPdeG apoia no Parlamento que a Xunta estenda \u00e1 educaci\u00f3n infantil,primaria,secundaria e bacharelato feramentas dixitais para facilitar a elaboraci\u00f3n de programaci\u00f3ns did\u00e1cticas","datePublished":"2017-01-25T11:17:42+00:00","mainEntityOfPage":{"@id":"https:\/\/ppdegalicia.com\/es\/o-ppdeg-apoia-no-parlamento-que-a-xunta-estenda-a-educacion-infantil-primaria-secundaria-e-bacharelato-feramentas-dixitais-para-facilitar-a-elaboracion-de-programacions-didacticas\/"},"wordCount":372,"commentCount":0,"publisher":{"@id":"https:\/\/ppdegalicia.com\/es\/#organization"},"articleSection":["PP de Galicia"],"inLanguage":"es","potentialAction":[{"@type":"CommentAction","name":"Comment","target":["https:\/\/ppdegalicia.com\/es\/o-ppdeg-apoia-no-parlamento-que-a-xunta-estenda-a-educacion-infantil-primaria-secundaria-e-bacharelato-feramentas-dixitais-para-facilitar-a-elaboracion-de-programacions-didacticas\/#respond"]}]},{"@type":"WebPage","@id":"https:\/\/ppdegalicia.com\/es\/o-ppdeg-apoia-no-parlamento-que-a-xunta-estenda-a-educacion-infantil-primaria-secundaria-e-bacharelato-feramentas-dixitais-para-facilitar-a-elaboracion-de-programacions-didacticas\/","url":"https:\/\/ppdegalicia.com\/es\/o-ppdeg-apoia-no-parlamento-que-a-xunta-estenda-a-educacion-infantil-primaria-secundaria-e-bacharelato-feramentas-dixitais-para-facilitar-a-elaboracion-de-programacions-didacticas\/","name":"O PPdeG apoia no Parlamento que a Xunta estenda \u00e1 educaci\u00f3n infantil,primaria,secundaria e bacharelato feramentas dixitais para facilitar a elaboraci\u00f3n de programaci\u00f3ns did\u00e1cticas - PP de Galicia","isPartOf":{"@id":"https:\/\/ppdegalicia.com\/es\/#website"},"datePublished":"2017-01-25T11:17:42+00:00","breadcrumb":{"@id":"https:\/\/ppdegalicia.com\/es\/o-ppdeg-apoia-no-parlamento-que-a-xunta-estenda-a-educacion-infantil-primaria-secundaria-e-bacharelato-feramentas-dixitais-para-facilitar-a-elaboracion-de-programacions-didacticas\/#breadcrumb"},"inLanguage":"es","potentialAction":[{"@type":"ReadAction","target":["https:\/\/ppdegalicia.com\/es\/o-ppdeg-apoia-no-parlamento-que-a-xunta-estenda-a-educacion-infantil-primaria-secundaria-e-bacharelato-feramentas-dixitais-para-facilitar-a-elaboracion-de-programacions-didacticas\/"]}]},{"@type":"BreadcrumbList","@id":"https:\/\/ppdegalicia.com\/es\/o-ppdeg-apoia-no-parlamento-que-a-xunta-estenda-a-educacion-infantil-primaria-secundaria-e-bacharelato-feramentas-dixitais-para-facilitar-a-elaboracion-de-programacions-didacticas\/#breadcrumb","itemListElement":[{"@type":"ListItem","position":1,"name":"Portada","item":"https:\/\/ppdegalicia.com\/es\/"},{"@type":"ListItem","position":2,"name":"O PPdeG apoia no Parlamento que a Xunta estenda \u00e1 educaci\u00f3n infantil,primaria,secundaria e bacharelato feramentas dixitais para facilitar a elaboraci\u00f3n de programaci\u00f3ns did\u00e1cticas"}]},{"@type":"WebSite","@id":"https:\/\/ppdegalicia.com\/es\/#website","url":"https:\/\/ppdegalicia.com\/es\/","name":"Partido Popular de Galicia","description":"Partido Popular de Galicia","publisher":{"@id":"https:\/\/ppdegalicia.com\/es\/#organization"},"alternateName":"PP de Galicia","potentialAction":[{"@type":"SearchAction","target":{"@type":"EntryPoint","urlTemplate":"https:\/\/ppdegalicia.com\/es\/?s={search_term_string}"},"query-input":{"@type":"PropertyValueSpecification","valueRequired":true,"valueName":"search_term_string"}}],"inLanguage":"es"},{"@type":"Organization","@id":"https:\/\/ppdegalicia.com\/es\/#organization","name":"Partido Popular de Galicia","alternateName":"PP de Galicia","url":"https:\/\/ppdegalicia.com\/es\/","logo":{"@type":"ImageObject","inLanguage":"es","@id":"https:\/\/ppdegalicia.com\/es\/#\/schema\/logo\/image\/","url":"https:\/\/ppdegalicia.com\/wp-content\/uploads\/2023\/04\/logoPP512.png","contentUrl":"https:\/\/ppdegalicia.com\/wp-content\/uploads\/2023\/04\/logoPP512.png","width":512,"height":512,"caption":"Partido Popular de Galicia"},"image":{"@id":"https:\/\/ppdegalicia.com\/es\/#\/schema\/logo\/image\/"},"sameAs":["https:\/\/www.instagram.com\/ppdegalicia\/","https:\/\/x.com\/ppdegalicia","https:\/\/www.tiktok.com\/@ppdegalicia","https:\/\/www.youtube.com\/user\/ppdegalicia"]},{"@type":"Person","@id":"https:\/\/ppdegalicia.com\/es\/#\/schema\/person\/d0f013b8388c980665d44009ab762960","name":"Super User","image":{"@type":"ImageObject","inLanguage":"es","@id":"https:\/\/secure.gravatar.com\/avatar\/1db852625ef4948f58d2739bfbc51e4b9bd5c93b8fa340b59fdb594ca0845645?s=96&d=mm&r=g","url":"https:\/\/secure.gravatar.com\/avatar\/1db852625ef4948f58d2739bfbc51e4b9bd5c93b8fa340b59fdb594ca0845645?s=96&d=mm&r=g","contentUrl":"https:\/\/secure.gravatar.com\/avatar\/1db852625ef4948f58d2739bfbc51e4b9bd5c93b8fa340b59fdb594ca0845645?s=96&d=mm&r=g","caption":"Super User"},"url":"https:\/\/ppdegalicia.com\/es\/author\/ppdegaliciagestion\/"}]}},"_links":{"self":[{"href":"https:\/\/ppdegalicia.com\/es\/wp-json\/wp\/v2\/posts\/53330","targetHints":{"allow":["GET"]}}],"collection":[{"href":"https:\/\/ppdegalicia.com\/es\/wp-json\/wp\/v2\/posts"}],"about":[{"href":"https:\/\/ppdegalicia.com\/es\/wp-json\/wp\/v2\/types\/post"}],"author":[{"embeddable":true,"href":"https:\/\/ppdegalicia.com\/es\/wp-json\/wp\/v2\/users\/37"}],"replies":[{"embeddable":true,"href":"https:\/\/ppdegalicia.com\/es\/wp-json\/wp\/v2\/comments?post=53330"}],"version-history":[{"count":0,"href":"https:\/\/ppdegalicia.com\/es\/wp-json\/wp\/v2\/posts\/53330\/revisions"}],"wp:attachment":[{"href":"https:\/\/ppdegalicia.com\/es\/wp-json\/wp\/v2\/media?parent=53330"}],"wp:term":[{"taxonomy":"category","embeddable":true,"href":"https:\/\/ppdegalicia.com\/es\/wp-json\/wp\/v2\/categories?post=53330"},{"taxonomy":"post_tag","embeddable":true,"href":"https:\/\/ppdegalicia.com\/es\/wp-json\/wp\/v2\/tags?post=53330"}],"curies":[{"name":"wp","href":"https:\/\/api.w.org\/{rel}","templated":true}]}}