{"id":53331,"date":"2017-01-26T11:54:36","date_gmt":"2017-01-26T09:54:36","guid":{"rendered":"https:\/\/ppdegalicia.com\/o-ppdeg-celebra-que-galicia-tena-hoxe-a-taxa-de-paro-mais-baixa-dos-ultimos-seis-anos\/"},"modified":"2017-01-26T11:54:36","modified_gmt":"2017-01-26T09:54:36","slug":"o-ppdeg-celebra-que-galicia-tena-hoxe-a-taxa-de-paro-mais-baixa-dos-ultimos-seis-anos","status":"publish","type":"post","link":"https:\/\/ppdegalicia.com\/es\/o-ppdeg-celebra-que-galicia-tena-hoxe-a-taxa-de-paro-mais-baixa-dos-ultimos-seis-anos\/","title":{"rendered":"O PPdeG celebra que Galicia \u201cte\u00f1a hoxe a taxa de paro m\u00e1is baixa dos \u00faltimos seis anos\u201d"},"content":{"rendered":"<p>Santiago, 26 de xaneiro de 2017.- O secretario xeral do PPdeG, Miguel Tellado, valorou este xoves os datos revelados pola Enquisa de Poboaci\u00f3n Activa (EPA) relativos ao \u00faltimo trimestre do ano 2016, e celebrou que \u201cGalicia te\u00f1a hoxe o nivel de paro m\u00e1is baixo dos \u00faltimos seis anos\u201d. As\u00ed, lembrou que a Comunidade encadea xa once trimestres consecutivos de ca\u00edda do desemprego, e sinalou que \u201cnon hai mellor mostra de que as reformas emprendidas nestes anos deron resultado\u201d, polo que entende que estes datos \u201cdeben dar \u00e1nimos ao Goberno e \u00e1 Xunta para continuar coa s\u00faa pol\u00edtica econ\u00f3mica\u201d.<\/p>\n<p><!--more--><\/p>\n<p>No mesmo sentido, Tellado asegurou que o compromiso coa creaci\u00f3n de postos de traballo de calidade segue a ser \u201cirrenunciable\u201d, e cualificou de \u201cmoi positivo\u201d o anuncio do presidente da Xunta de que no Consello de hoxe se aprobar\u00e1 unha nova partida de 22 mill\u00f3ns de euros para pol\u00edticas activas de emprego. \u201cEstas medidas apuntan directamente ao que debe ser o seguinte obxectivo, que o emprego que se cree sexa estable e cada vez mellor remunerado\u201d, subli\u00f1ou.<\/p>\n<p>\nO secretario xeral quixo destacar varios datos positivos da EPA que atinxen \u00e1 nosa Comunidade, como o feito de que Galicia contin\u00fae a ter unha taxa de paro m\u00e1is baixa c\u00f3 resto de Espa\u00f1a e que o total de traballadores se consolide por riba do mill\u00f3n.&nbsp;<\/p>\n<p>&nbsp;<\/p>\n<p>Ademais, cualificou de \u201cmoi boa nova\u201d que a cifra de ocupados a tempo completo medrase nun 1,4% e que tam\u00e9n aumente a ocupaci\u00f3n en sectores como o primario (18%), industria (4%) e os servizo (0,6%). \u201cQue a suba sexa practicamente xeralizada d\u00e1 unha mostra inequ\u00edvoca de que a recuperaci\u00f3n est\u00e1 a chegar cada vez a m\u00e1is xente, pero somos conscientes de todo o que queda por facer polas persoas que a\u00ednda non puideron atopar un emprego\u201d, destacou.<\/p>\n<p>\nTellado tam\u00e9n subli\u00f1ou que, se ben a\u00ednda queda moito por facer, en 2016 Galicia rexistrou 23.000 parados menos respecto ao 2015 e 17.000 novos afiliados \u00e1 Seguridade Social. As\u00ed mesmo, entre os mozos menores de 30 anos, o desemprego baixou un 14,4%, o que sup\u00f3n 4.600 parados menos.<\/p>\n<p>&nbsp;<\/p>\n<p>CR\u00cdTICAS \u00c1 OPOSICI\u00d3N<br \/>\nO secretario xeral tam\u00e9n fixo un reproche \u00e1 oposici\u00f3n porque \u201cmaioritariamente seguen a negar a recuperaci\u00f3n da nosa econom\u00eda, a\u00ednda que cada vez te\u00f1an menos argumentos para facelo\u201d. Neste sentido, tam\u00e9n lembrou que no \u00faltimo debate de orzamentos no Parlamento auton\u00f3mico, os grupos de esquerda \u201cped\u00edronlle ao Goberno galego que revertese todas as reformas que axudaron a que a tendencia positiva actual se consolide\u201d.<\/p>\n","protected":false},"excerpt":{"rendered":"<p>Santiago, 26 de xaneiro de 2017.- O secretario xeral do PPdeG, Miguel Tellado, valorou este xoves os datos revelados pola Enquisa de Poboaci\u00f3n Activa (EPA) relativos ao \u00faltimo trimestre do ano 2016, e celebrou que \u201cGalicia te\u00f1a hoxe o nivel de paro m\u00e1is baixo dos \u00faltimos seis anos\u201d. As\u00ed, lembrou que a Comunidade encadea xa [&hellip;]<\/p>\n","protected":false},"author":37,"featured_media":0,"comment_status":"open","ping_status":"open","sticky":false,"template":"","format":"standard","meta":{"_acf_changed":false,"footnotes":""},"categories":[1],"tags":[],"class_list":["post-53331","post","type-post","status-publish","format-standard","hentry","category-pp-de-galicia"],"acf":[],"yoast_head":"<!-- This site is optimized with the Yoast SEO plugin v27.3 - https:\/\/yoast.com\/product\/yoast-seo-wordpress\/ -->\n<title>O PPdeG celebra que Galicia \u201cte\u00f1a hoxe a taxa de paro m\u00e1is baixa dos \u00faltimos seis anos\u201d - PP de Galicia<\/title>\n<meta name=\"robots\" content=\"index, follow, max-snippet:-1, max-image-preview:large, max-video-preview:-1\" \/>\n<link rel=\"canonical\" href=\"https:\/\/ppdegalicia.com\/es\/o-ppdeg-celebra-que-galicia-tena-hoxe-a-taxa-de-paro-mais-baixa-dos-ultimos-seis-anos\/\" \/>\n<meta property=\"og:locale\" content=\"es_ES\" \/>\n<meta property=\"og:type\" content=\"article\" \/>\n<meta property=\"og:title\" content=\"O PPdeG celebra que Galicia \u201cte\u00f1a hoxe a taxa de paro m\u00e1is baixa dos \u00faltimos seis anos\u201d - PP de Galicia\" \/>\n<meta property=\"og:description\" content=\"Santiago, 26 de xaneiro de 2017.- O secretario xeral do PPdeG, Miguel Tellado, valorou este xoves os datos revelados pola Enquisa de Poboaci\u00f3n Activa (EPA) relativos ao \u00faltimo trimestre do ano 2016, e celebrou que \u201cGalicia te\u00f1a hoxe o nivel de paro m\u00e1is baixo dos \u00faltimos seis anos\u201d. As\u00ed, lembrou que a Comunidade encadea xa [&hellip;]\" \/>\n<meta property=\"og:url\" content=\"https:\/\/ppdegalicia.com\/es\/o-ppdeg-celebra-que-galicia-tena-hoxe-a-taxa-de-paro-mais-baixa-dos-ultimos-seis-anos\/\" \/>\n<meta property=\"og:site_name\" content=\"PP de Galicia\" \/>\n<meta property=\"article:publisher\" content=\"https:\/\/www.instagram.com\/ppdegalicia\/\" \/>\n<meta property=\"article:published_time\" content=\"2017-01-26T09:54:36+00:00\" \/>\n<meta name=\"author\" content=\"Super User\" \/>\n<meta name=\"twitter:card\" content=\"summary_large_image\" \/>\n<meta name=\"twitter:creator\" content=\"@ppdegalicia\" \/>\n<meta name=\"twitter:site\" content=\"@ppdegalicia\" \/>\n<meta name=\"twitter:label1\" content=\"Escrito por\" \/>\n\t<meta name=\"twitter:data1\" content=\"Super User\" \/>\n\t<meta name=\"twitter:label2\" content=\"Tiempo de lectura\" \/>\n\t<meta name=\"twitter:data2\" content=\"2 minutos\" \/>\n<script type=\"application\/ld+json\" class=\"yoast-schema-graph\">{\"@context\":\"https:\\\/\\\/schema.org\",\"@graph\":[{\"@type\":\"Article\",\"@id\":\"https:\\\/\\\/ppdegalicia.com\\\/es\\\/o-ppdeg-celebra-que-galicia-tena-hoxe-a-taxa-de-paro-mais-baixa-dos-ultimos-seis-anos\\\/#article\",\"isPartOf\":{\"@id\":\"https:\\\/\\\/ppdegalicia.com\\\/es\\\/o-ppdeg-celebra-que-galicia-tena-hoxe-a-taxa-de-paro-mais-baixa-dos-ultimos-seis-anos\\\/\"},\"author\":{\"name\":\"Super User\",\"@id\":\"https:\\\/\\\/ppdegalicia.com\\\/es\\\/#\\\/schema\\\/person\\\/d0f013b8388c980665d44009ab762960\"},\"headline\":\"O PPdeG celebra que Galicia \u201cte\u00f1a hoxe a taxa de paro m\u00e1is baixa dos \u00faltimos seis anos\u201d\",\"datePublished\":\"2017-01-26T09:54:36+00:00\",\"mainEntityOfPage\":{\"@id\":\"https:\\\/\\\/ppdegalicia.com\\\/es\\\/o-ppdeg-celebra-que-galicia-tena-hoxe-a-taxa-de-paro-mais-baixa-dos-ultimos-seis-anos\\\/\"},\"wordCount\":452,\"commentCount\":0,\"publisher\":{\"@id\":\"https:\\\/\\\/ppdegalicia.com\\\/es\\\/#organization\"},\"articleSection\":[\"PP de Galicia\"],\"inLanguage\":\"es\",\"potentialAction\":[{\"@type\":\"CommentAction\",\"name\":\"Comment\",\"target\":[\"https:\\\/\\\/ppdegalicia.com\\\/es\\\/o-ppdeg-celebra-que-galicia-tena-hoxe-a-taxa-de-paro-mais-baixa-dos-ultimos-seis-anos\\\/#respond\"]}]},{\"@type\":\"WebPage\",\"@id\":\"https:\\\/\\\/ppdegalicia.com\\\/es\\\/o-ppdeg-celebra-que-galicia-tena-hoxe-a-taxa-de-paro-mais-baixa-dos-ultimos-seis-anos\\\/\",\"url\":\"https:\\\/\\\/ppdegalicia.com\\\/es\\\/o-ppdeg-celebra-que-galicia-tena-hoxe-a-taxa-de-paro-mais-baixa-dos-ultimos-seis-anos\\\/\",\"name\":\"O PPdeG celebra que Galicia \u201cte\u00f1a hoxe a taxa de paro m\u00e1is baixa dos \u00faltimos seis anos\u201d - PP de Galicia\",\"isPartOf\":{\"@id\":\"https:\\\/\\\/ppdegalicia.com\\\/es\\\/#website\"},\"datePublished\":\"2017-01-26T09:54:36+00:00\",\"breadcrumb\":{\"@id\":\"https:\\\/\\\/ppdegalicia.com\\\/es\\\/o-ppdeg-celebra-que-galicia-tena-hoxe-a-taxa-de-paro-mais-baixa-dos-ultimos-seis-anos\\\/#breadcrumb\"},\"inLanguage\":\"es\",\"potentialAction\":[{\"@type\":\"ReadAction\",\"target\":[\"https:\\\/\\\/ppdegalicia.com\\\/es\\\/o-ppdeg-celebra-que-galicia-tena-hoxe-a-taxa-de-paro-mais-baixa-dos-ultimos-seis-anos\\\/\"]}]},{\"@type\":\"BreadcrumbList\",\"@id\":\"https:\\\/\\\/ppdegalicia.com\\\/es\\\/o-ppdeg-celebra-que-galicia-tena-hoxe-a-taxa-de-paro-mais-baixa-dos-ultimos-seis-anos\\\/#breadcrumb\",\"itemListElement\":[{\"@type\":\"ListItem\",\"position\":1,\"name\":\"Portada\",\"item\":\"https:\\\/\\\/ppdegalicia.com\\\/es\\\/\"},{\"@type\":\"ListItem\",\"position\":2,\"name\":\"O PPdeG celebra que Galicia \u201cte\u00f1a hoxe a taxa de paro m\u00e1is baixa dos \u00faltimos seis anos\u201d\"}]},{\"@type\":\"WebSite\",\"@id\":\"https:\\\/\\\/ppdegalicia.com\\\/es\\\/#website\",\"url\":\"https:\\\/\\\/ppdegalicia.com\\\/es\\\/\",\"name\":\"Partido Popular de Galicia\",\"description\":\"Partido Popular de Galicia\",\"publisher\":{\"@id\":\"https:\\\/\\\/ppdegalicia.com\\\/es\\\/#organization\"},\"alternateName\":\"PP de Galicia\",\"potentialAction\":[{\"@type\":\"SearchAction\",\"target\":{\"@type\":\"EntryPoint\",\"urlTemplate\":\"https:\\\/\\\/ppdegalicia.com\\\/es\\\/?s={search_term_string}\"},\"query-input\":{\"@type\":\"PropertyValueSpecification\",\"valueRequired\":true,\"valueName\":\"search_term_string\"}}],\"inLanguage\":\"es\"},{\"@type\":\"Organization\",\"@id\":\"https:\\\/\\\/ppdegalicia.com\\\/es\\\/#organization\",\"name\":\"Partido Popular de Galicia\",\"alternateName\":\"PP de Galicia\",\"url\":\"https:\\\/\\\/ppdegalicia.com\\\/es\\\/\",\"logo\":{\"@type\":\"ImageObject\",\"inLanguage\":\"es\",\"@id\":\"https:\\\/\\\/ppdegalicia.com\\\/es\\\/#\\\/schema\\\/logo\\\/image\\\/\",\"url\":\"https:\\\/\\\/ppdegalicia.com\\\/wp-content\\\/uploads\\\/2023\\\/04\\\/logoPP512.png\",\"contentUrl\":\"https:\\\/\\\/ppdegalicia.com\\\/wp-content\\\/uploads\\\/2023\\\/04\\\/logoPP512.png\",\"width\":512,\"height\":512,\"caption\":\"Partido Popular de Galicia\"},\"image\":{\"@id\":\"https:\\\/\\\/ppdegalicia.com\\\/es\\\/#\\\/schema\\\/logo\\\/image\\\/\"},\"sameAs\":[\"https:\\\/\\\/www.instagram.com\\\/ppdegalicia\\\/\",\"https:\\\/\\\/x.com\\\/ppdegalicia\",\"https:\\\/\\\/www.tiktok.com\\\/@ppdegalicia\",\"https:\\\/\\\/www.youtube.com\\\/user\\\/ppdegalicia\"]},{\"@type\":\"Person\",\"@id\":\"https:\\\/\\\/ppdegalicia.com\\\/es\\\/#\\\/schema\\\/person\\\/d0f013b8388c980665d44009ab762960\",\"name\":\"Super User\",\"image\":{\"@type\":\"ImageObject\",\"inLanguage\":\"es\",\"@id\":\"https:\\\/\\\/secure.gravatar.com\\\/avatar\\\/1db852625ef4948f58d2739bfbc51e4b9bd5c93b8fa340b59fdb594ca0845645?s=96&d=mm&r=g\",\"url\":\"https:\\\/\\\/secure.gravatar.com\\\/avatar\\\/1db852625ef4948f58d2739bfbc51e4b9bd5c93b8fa340b59fdb594ca0845645?s=96&d=mm&r=g\",\"contentUrl\":\"https:\\\/\\\/secure.gravatar.com\\\/avatar\\\/1db852625ef4948f58d2739bfbc51e4b9bd5c93b8fa340b59fdb594ca0845645?s=96&d=mm&r=g\",\"caption\":\"Super User\"},\"url\":\"https:\\\/\\\/ppdegalicia.com\\\/es\\\/author\\\/ppdegaliciagestion\\\/\"}]}<\/script>\n<!-- \/ Yoast SEO plugin. -->","yoast_head_json":{"title":"O PPdeG celebra que Galicia \u201cte\u00f1a hoxe a taxa de paro m\u00e1is baixa dos \u00faltimos seis anos\u201d - PP de Galicia","robots":{"index":"index","follow":"follow","max-snippet":"max-snippet:-1","max-image-preview":"max-image-preview:large","max-video-preview":"max-video-preview:-1"},"canonical":"https:\/\/ppdegalicia.com\/es\/o-ppdeg-celebra-que-galicia-tena-hoxe-a-taxa-de-paro-mais-baixa-dos-ultimos-seis-anos\/","og_locale":"es_ES","og_type":"article","og_title":"O PPdeG celebra que Galicia \u201cte\u00f1a hoxe a taxa de paro m\u00e1is baixa dos \u00faltimos seis anos\u201d - PP de Galicia","og_description":"Santiago, 26 de xaneiro de 2017.- O secretario xeral do PPdeG, Miguel Tellado, valorou este xoves os datos revelados pola Enquisa de Poboaci\u00f3n Activa (EPA) relativos ao \u00faltimo trimestre do ano 2016, e celebrou que \u201cGalicia te\u00f1a hoxe o nivel de paro m\u00e1is baixo dos \u00faltimos seis anos\u201d. As\u00ed, lembrou que a Comunidade encadea xa [&hellip;]","og_url":"https:\/\/ppdegalicia.com\/es\/o-ppdeg-celebra-que-galicia-tena-hoxe-a-taxa-de-paro-mais-baixa-dos-ultimos-seis-anos\/","og_site_name":"PP de Galicia","article_publisher":"https:\/\/www.instagram.com\/ppdegalicia\/","article_published_time":"2017-01-26T09:54:36+00:00","author":"Super User","twitter_card":"summary_large_image","twitter_creator":"@ppdegalicia","twitter_site":"@ppdegalicia","twitter_misc":{"Escrito por":"Super User","Tiempo de lectura":"2 minutos"},"schema":{"@context":"https:\/\/schema.org","@graph":[{"@type":"Article","@id":"https:\/\/ppdegalicia.com\/es\/o-ppdeg-celebra-que-galicia-tena-hoxe-a-taxa-de-paro-mais-baixa-dos-ultimos-seis-anos\/#article","isPartOf":{"@id":"https:\/\/ppdegalicia.com\/es\/o-ppdeg-celebra-que-galicia-tena-hoxe-a-taxa-de-paro-mais-baixa-dos-ultimos-seis-anos\/"},"author":{"name":"Super User","@id":"https:\/\/ppdegalicia.com\/es\/#\/schema\/person\/d0f013b8388c980665d44009ab762960"},"headline":"O PPdeG celebra que Galicia \u201cte\u00f1a hoxe a taxa de paro m\u00e1is baixa dos \u00faltimos seis anos\u201d","datePublished":"2017-01-26T09:54:36+00:00","mainEntityOfPage":{"@id":"https:\/\/ppdegalicia.com\/es\/o-ppdeg-celebra-que-galicia-tena-hoxe-a-taxa-de-paro-mais-baixa-dos-ultimos-seis-anos\/"},"wordCount":452,"commentCount":0,"publisher":{"@id":"https:\/\/ppdegalicia.com\/es\/#organization"},"articleSection":["PP de Galicia"],"inLanguage":"es","potentialAction":[{"@type":"CommentAction","name":"Comment","target":["https:\/\/ppdegalicia.com\/es\/o-ppdeg-celebra-que-galicia-tena-hoxe-a-taxa-de-paro-mais-baixa-dos-ultimos-seis-anos\/#respond"]}]},{"@type":"WebPage","@id":"https:\/\/ppdegalicia.com\/es\/o-ppdeg-celebra-que-galicia-tena-hoxe-a-taxa-de-paro-mais-baixa-dos-ultimos-seis-anos\/","url":"https:\/\/ppdegalicia.com\/es\/o-ppdeg-celebra-que-galicia-tena-hoxe-a-taxa-de-paro-mais-baixa-dos-ultimos-seis-anos\/","name":"O PPdeG celebra que Galicia \u201cte\u00f1a hoxe a taxa de paro m\u00e1is baixa dos \u00faltimos seis anos\u201d - PP de Galicia","isPartOf":{"@id":"https:\/\/ppdegalicia.com\/es\/#website"},"datePublished":"2017-01-26T09:54:36+00:00","breadcrumb":{"@id":"https:\/\/ppdegalicia.com\/es\/o-ppdeg-celebra-que-galicia-tena-hoxe-a-taxa-de-paro-mais-baixa-dos-ultimos-seis-anos\/#breadcrumb"},"inLanguage":"es","potentialAction":[{"@type":"ReadAction","target":["https:\/\/ppdegalicia.com\/es\/o-ppdeg-celebra-que-galicia-tena-hoxe-a-taxa-de-paro-mais-baixa-dos-ultimos-seis-anos\/"]}]},{"@type":"BreadcrumbList","@id":"https:\/\/ppdegalicia.com\/es\/o-ppdeg-celebra-que-galicia-tena-hoxe-a-taxa-de-paro-mais-baixa-dos-ultimos-seis-anos\/#breadcrumb","itemListElement":[{"@type":"ListItem","position":1,"name":"Portada","item":"https:\/\/ppdegalicia.com\/es\/"},{"@type":"ListItem","position":2,"name":"O PPdeG celebra que Galicia \u201cte\u00f1a hoxe a taxa de paro m\u00e1is baixa dos \u00faltimos seis anos\u201d"}]},{"@type":"WebSite","@id":"https:\/\/ppdegalicia.com\/es\/#website","url":"https:\/\/ppdegalicia.com\/es\/","name":"Partido Popular de Galicia","description":"Partido Popular de Galicia","publisher":{"@id":"https:\/\/ppdegalicia.com\/es\/#organization"},"alternateName":"PP de Galicia","potentialAction":[{"@type":"SearchAction","target":{"@type":"EntryPoint","urlTemplate":"https:\/\/ppdegalicia.com\/es\/?s={search_term_string}"},"query-input":{"@type":"PropertyValueSpecification","valueRequired":true,"valueName":"search_term_string"}}],"inLanguage":"es"},{"@type":"Organization","@id":"https:\/\/ppdegalicia.com\/es\/#organization","name":"Partido Popular de Galicia","alternateName":"PP de Galicia","url":"https:\/\/ppdegalicia.com\/es\/","logo":{"@type":"ImageObject","inLanguage":"es","@id":"https:\/\/ppdegalicia.com\/es\/#\/schema\/logo\/image\/","url":"https:\/\/ppdegalicia.com\/wp-content\/uploads\/2023\/04\/logoPP512.png","contentUrl":"https:\/\/ppdegalicia.com\/wp-content\/uploads\/2023\/04\/logoPP512.png","width":512,"height":512,"caption":"Partido Popular de Galicia"},"image":{"@id":"https:\/\/ppdegalicia.com\/es\/#\/schema\/logo\/image\/"},"sameAs":["https:\/\/www.instagram.com\/ppdegalicia\/","https:\/\/x.com\/ppdegalicia","https:\/\/www.tiktok.com\/@ppdegalicia","https:\/\/www.youtube.com\/user\/ppdegalicia"]},{"@type":"Person","@id":"https:\/\/ppdegalicia.com\/es\/#\/schema\/person\/d0f013b8388c980665d44009ab762960","name":"Super User","image":{"@type":"ImageObject","inLanguage":"es","@id":"https:\/\/secure.gravatar.com\/avatar\/1db852625ef4948f58d2739bfbc51e4b9bd5c93b8fa340b59fdb594ca0845645?s=96&d=mm&r=g","url":"https:\/\/secure.gravatar.com\/avatar\/1db852625ef4948f58d2739bfbc51e4b9bd5c93b8fa340b59fdb594ca0845645?s=96&d=mm&r=g","contentUrl":"https:\/\/secure.gravatar.com\/avatar\/1db852625ef4948f58d2739bfbc51e4b9bd5c93b8fa340b59fdb594ca0845645?s=96&d=mm&r=g","caption":"Super User"},"url":"https:\/\/ppdegalicia.com\/es\/author\/ppdegaliciagestion\/"}]}},"_links":{"self":[{"href":"https:\/\/ppdegalicia.com\/es\/wp-json\/wp\/v2\/posts\/53331","targetHints":{"allow":["GET"]}}],"collection":[{"href":"https:\/\/ppdegalicia.com\/es\/wp-json\/wp\/v2\/posts"}],"about":[{"href":"https:\/\/ppdegalicia.com\/es\/wp-json\/wp\/v2\/types\/post"}],"author":[{"embeddable":true,"href":"https:\/\/ppdegalicia.com\/es\/wp-json\/wp\/v2\/users\/37"}],"replies":[{"embeddable":true,"href":"https:\/\/ppdegalicia.com\/es\/wp-json\/wp\/v2\/comments?post=53331"}],"version-history":[{"count":0,"href":"https:\/\/ppdegalicia.com\/es\/wp-json\/wp\/v2\/posts\/53331\/revisions"}],"wp:attachment":[{"href":"https:\/\/ppdegalicia.com\/es\/wp-json\/wp\/v2\/media?parent=53331"}],"wp:term":[{"taxonomy":"category","embeddable":true,"href":"https:\/\/ppdegalicia.com\/es\/wp-json\/wp\/v2\/categories?post=53331"},{"taxonomy":"post_tag","embeddable":true,"href":"https:\/\/ppdegalicia.com\/es\/wp-json\/wp\/v2\/tags?post=53331"}],"curies":[{"name":"wp","href":"https:\/\/api.w.org\/{rel}","templated":true}]}}