{"id":53339,"date":"2017-02-03T08:56:02","date_gmt":"2017-02-03T06:56:02","guid":{"rendered":"https:\/\/ppdegalicia.com\/o-parlamento-insta-a-xunta-a-que-o-novo-plan-forestal-siga-as-directrices-consensuadas-no-consello-forestal\/"},"modified":"2017-02-03T08:56:02","modified_gmt":"2017-02-03T06:56:02","slug":"o-parlamento-insta-a-xunta-a-que-o-novo-plan-forestal-siga-as-directrices-consensuadas-no-consello-forestal","status":"publish","type":"post","link":"https:\/\/ppdegalicia.com\/es\/o-parlamento-insta-a-xunta-a-que-o-novo-plan-forestal-siga-as-directrices-consensuadas-no-consello-forestal\/","title":{"rendered":"O Parlamento insta \u00e1 Xunta a que o novo Plan Forestal siga as directrices consensuadas no Consello Forestal"},"content":{"rendered":"<p>Santiago, 2 de febreiro de 2017.- O Parlamento de Galicia aprobou hoxe a proposici\u00f3n non de lei do Grupo Popular a trav\u00e9s da que insta \u00e1 Xunta de Galicia a que na redacci\u00f3n do novo Plan Forestal de Galicia se sigan as directrices consensuadas polo Consello Forestal de Galicia.<\/p>\n<p>&nbsp;<\/p>\n<p>O portavoz do Medio Rural do Grupo Popular, Jos\u00e9 Gonz\u00e1lez, lembrou que o actual Plan Forestal data do ano 1992, polo que ten 25 anos de vixencia e precisa unha actualizaci\u00f3n. \u201cDesde o Grupo Popular, apoiamos un plan no que na s\u00faa redacci\u00f3n haxa unha forte participaci\u00f3n do sector\u201d, apuntou.<\/p>\n<p>&nbsp;<\/p>\n<p><strong>ADECUARSE \u00c1S DIRECTRICES<\/strong><\/p>\n<p>&nbsp;<\/p>\n<p>Deste xeito, Gonz\u00e1lez defendeu que o novo Plan Forestal se adec\u00fae \u00e1s directrices marcadas polo Consello Forestal, un \u00f3rgano consultivo e de asesoramento da Xunta de Galicia no que est\u00e1n presentes representantes da Administraci\u00f3n galega, das organizaci\u00f3ns sindicais, das asociaci\u00f3ns de consumidores, dos colexios profesionais de enxe\u00f1eiros de montes e forestais, das universidades e expertos de prestixio profesional no sector.<\/p>\n<p>&nbsp;<\/p>\n<p>\u201cQueremos que na elaboraci\u00f3n do novo Plan Forestal se conte co sector, e todo o sector est\u00e1 representado no Consello Forestal\u201d, subli\u00f1ou o portavoz popular.<\/p>\n<p>&nbsp;<\/p>\n<p>As\u00ed mesmo, Jos\u00e9 Gonz\u00e1lez lembrou que \u201co modelo de Plan Forestal xa quedou fixado no 2015 coas directrices fixadas polo grupo de traballo do Consello Forestal que ao longo de todo ese ano traballou e estudou a situaci\u00f3n na Comunidade galega. \u201cPara n\u00f3s, \u00e9 fundamental que o Plan Forestal se adec\u00fae a esas directrices xa fixadas\u201d, indicou.<\/p>\n","protected":false},"excerpt":{"rendered":"<p>Santiago, 2 de febreiro de 2017.- O Parlamento de Galicia aprobou hoxe a proposici\u00f3n non de lei do Grupo Popular a trav\u00e9s da que insta \u00e1 Xunta de Galicia a que na redacci\u00f3n do novo Plan Forestal de Galicia se sigan as directrices consensuadas polo Consello Forestal de Galicia. &nbsp; O portavoz do Medio Rural [&hellip;]<\/p>\n","protected":false},"author":37,"featured_media":0,"comment_status":"open","ping_status":"open","sticky":false,"template":"","format":"standard","meta":{"_acf_changed":false,"footnotes":""},"categories":[1],"tags":[],"class_list":["post-53339","post","type-post","status-publish","format-standard","hentry","category-pp-de-galicia"],"acf":[],"yoast_head":"<!-- This site is optimized with the Yoast SEO plugin v27.3 - https:\/\/yoast.com\/product\/yoast-seo-wordpress\/ -->\n<title>O Parlamento insta \u00e1 Xunta a que o novo Plan Forestal siga as directrices consensuadas no Consello Forestal - PP de Galicia<\/title>\n<meta name=\"robots\" content=\"index, follow, max-snippet:-1, max-image-preview:large, max-video-preview:-1\" \/>\n<link rel=\"canonical\" href=\"https:\/\/ppdegalicia.com\/es\/o-parlamento-insta-a-xunta-a-que-o-novo-plan-forestal-siga-as-directrices-consensuadas-no-consello-forestal\/\" \/>\n<meta property=\"og:locale\" content=\"es_ES\" \/>\n<meta property=\"og:type\" content=\"article\" \/>\n<meta property=\"og:title\" content=\"O Parlamento insta \u00e1 Xunta a que o novo Plan Forestal siga as directrices consensuadas no Consello Forestal - PP de Galicia\" \/>\n<meta property=\"og:description\" content=\"Santiago, 2 de febreiro de 2017.- O Parlamento de Galicia aprobou hoxe a proposici\u00f3n non de lei do Grupo Popular a trav\u00e9s da que insta \u00e1 Xunta de Galicia a que na redacci\u00f3n do novo Plan Forestal de Galicia se sigan as directrices consensuadas polo Consello Forestal de Galicia. &nbsp; O portavoz do Medio Rural [&hellip;]\" \/>\n<meta property=\"og:url\" content=\"https:\/\/ppdegalicia.com\/es\/o-parlamento-insta-a-xunta-a-que-o-novo-plan-forestal-siga-as-directrices-consensuadas-no-consello-forestal\/\" \/>\n<meta property=\"og:site_name\" content=\"PP de Galicia\" \/>\n<meta property=\"article:publisher\" content=\"https:\/\/www.instagram.com\/ppdegalicia\/\" \/>\n<meta property=\"article:published_time\" content=\"2017-02-03T06:56:02+00:00\" \/>\n<meta name=\"author\" content=\"Super User\" \/>\n<meta name=\"twitter:card\" content=\"summary_large_image\" \/>\n<meta name=\"twitter:creator\" content=\"@ppdegalicia\" \/>\n<meta name=\"twitter:site\" content=\"@ppdegalicia\" \/>\n<meta name=\"twitter:label1\" content=\"Escrito por\" \/>\n\t<meta name=\"twitter:data1\" content=\"Super User\" \/>\n\t<meta name=\"twitter:label2\" content=\"Tiempo de lectura\" \/>\n\t<meta name=\"twitter:data2\" content=\"1 minuto\" \/>\n<script type=\"application\/ld+json\" class=\"yoast-schema-graph\">{\"@context\":\"https:\\\/\\\/schema.org\",\"@graph\":[{\"@type\":\"Article\",\"@id\":\"https:\\\/\\\/ppdegalicia.com\\\/es\\\/o-parlamento-insta-a-xunta-a-que-o-novo-plan-forestal-siga-as-directrices-consensuadas-no-consello-forestal\\\/#article\",\"isPartOf\":{\"@id\":\"https:\\\/\\\/ppdegalicia.com\\\/es\\\/o-parlamento-insta-a-xunta-a-que-o-novo-plan-forestal-siga-as-directrices-consensuadas-no-consello-forestal\\\/\"},\"author\":{\"name\":\"Super User\",\"@id\":\"https:\\\/\\\/ppdegalicia.com\\\/es\\\/#\\\/schema\\\/person\\\/d0f013b8388c980665d44009ab762960\"},\"headline\":\"O Parlamento insta \u00e1 Xunta a que o novo Plan Forestal siga as directrices consensuadas no Consello Forestal\",\"datePublished\":\"2017-02-03T06:56:02+00:00\",\"mainEntityOfPage\":{\"@id\":\"https:\\\/\\\/ppdegalicia.com\\\/es\\\/o-parlamento-insta-a-xunta-a-que-o-novo-plan-forestal-siga-as-directrices-consensuadas-no-consello-forestal\\\/\"},\"wordCount\":281,\"commentCount\":0,\"publisher\":{\"@id\":\"https:\\\/\\\/ppdegalicia.com\\\/es\\\/#organization\"},\"articleSection\":[\"PP de Galicia\"],\"inLanguage\":\"es\",\"potentialAction\":[{\"@type\":\"CommentAction\",\"name\":\"Comment\",\"target\":[\"https:\\\/\\\/ppdegalicia.com\\\/es\\\/o-parlamento-insta-a-xunta-a-que-o-novo-plan-forestal-siga-as-directrices-consensuadas-no-consello-forestal\\\/#respond\"]}]},{\"@type\":\"WebPage\",\"@id\":\"https:\\\/\\\/ppdegalicia.com\\\/es\\\/o-parlamento-insta-a-xunta-a-que-o-novo-plan-forestal-siga-as-directrices-consensuadas-no-consello-forestal\\\/\",\"url\":\"https:\\\/\\\/ppdegalicia.com\\\/es\\\/o-parlamento-insta-a-xunta-a-que-o-novo-plan-forestal-siga-as-directrices-consensuadas-no-consello-forestal\\\/\",\"name\":\"O Parlamento insta \u00e1 Xunta a que o novo Plan Forestal siga as directrices consensuadas no Consello Forestal - PP de Galicia\",\"isPartOf\":{\"@id\":\"https:\\\/\\\/ppdegalicia.com\\\/es\\\/#website\"},\"datePublished\":\"2017-02-03T06:56:02+00:00\",\"breadcrumb\":{\"@id\":\"https:\\\/\\\/ppdegalicia.com\\\/es\\\/o-parlamento-insta-a-xunta-a-que-o-novo-plan-forestal-siga-as-directrices-consensuadas-no-consello-forestal\\\/#breadcrumb\"},\"inLanguage\":\"es\",\"potentialAction\":[{\"@type\":\"ReadAction\",\"target\":[\"https:\\\/\\\/ppdegalicia.com\\\/es\\\/o-parlamento-insta-a-xunta-a-que-o-novo-plan-forestal-siga-as-directrices-consensuadas-no-consello-forestal\\\/\"]}]},{\"@type\":\"BreadcrumbList\",\"@id\":\"https:\\\/\\\/ppdegalicia.com\\\/es\\\/o-parlamento-insta-a-xunta-a-que-o-novo-plan-forestal-siga-as-directrices-consensuadas-no-consello-forestal\\\/#breadcrumb\",\"itemListElement\":[{\"@type\":\"ListItem\",\"position\":1,\"name\":\"Portada\",\"item\":\"https:\\\/\\\/ppdegalicia.com\\\/es\\\/\"},{\"@type\":\"ListItem\",\"position\":2,\"name\":\"O Parlamento insta \u00e1 Xunta a que o novo Plan Forestal siga as directrices consensuadas no Consello Forestal\"}]},{\"@type\":\"WebSite\",\"@id\":\"https:\\\/\\\/ppdegalicia.com\\\/es\\\/#website\",\"url\":\"https:\\\/\\\/ppdegalicia.com\\\/es\\\/\",\"name\":\"Partido Popular de Galicia\",\"description\":\"Partido Popular de Galicia\",\"publisher\":{\"@id\":\"https:\\\/\\\/ppdegalicia.com\\\/es\\\/#organization\"},\"alternateName\":\"PP de Galicia\",\"potentialAction\":[{\"@type\":\"SearchAction\",\"target\":{\"@type\":\"EntryPoint\",\"urlTemplate\":\"https:\\\/\\\/ppdegalicia.com\\\/es\\\/?s={search_term_string}\"},\"query-input\":{\"@type\":\"PropertyValueSpecification\",\"valueRequired\":true,\"valueName\":\"search_term_string\"}}],\"inLanguage\":\"es\"},{\"@type\":\"Organization\",\"@id\":\"https:\\\/\\\/ppdegalicia.com\\\/es\\\/#organization\",\"name\":\"Partido Popular de Galicia\",\"alternateName\":\"PP de Galicia\",\"url\":\"https:\\\/\\\/ppdegalicia.com\\\/es\\\/\",\"logo\":{\"@type\":\"ImageObject\",\"inLanguage\":\"es\",\"@id\":\"https:\\\/\\\/ppdegalicia.com\\\/es\\\/#\\\/schema\\\/logo\\\/image\\\/\",\"url\":\"https:\\\/\\\/ppdegalicia.com\\\/wp-content\\\/uploads\\\/2023\\\/04\\\/logoPP512.png\",\"contentUrl\":\"https:\\\/\\\/ppdegalicia.com\\\/wp-content\\\/uploads\\\/2023\\\/04\\\/logoPP512.png\",\"width\":512,\"height\":512,\"caption\":\"Partido Popular de Galicia\"},\"image\":{\"@id\":\"https:\\\/\\\/ppdegalicia.com\\\/es\\\/#\\\/schema\\\/logo\\\/image\\\/\"},\"sameAs\":[\"https:\\\/\\\/www.instagram.com\\\/ppdegalicia\\\/\",\"https:\\\/\\\/x.com\\\/ppdegalicia\",\"https:\\\/\\\/www.tiktok.com\\\/@ppdegalicia\",\"https:\\\/\\\/www.youtube.com\\\/user\\\/ppdegalicia\"]},{\"@type\":\"Person\",\"@id\":\"https:\\\/\\\/ppdegalicia.com\\\/es\\\/#\\\/schema\\\/person\\\/d0f013b8388c980665d44009ab762960\",\"name\":\"Super User\",\"image\":{\"@type\":\"ImageObject\",\"inLanguage\":\"es\",\"@id\":\"https:\\\/\\\/secure.gravatar.com\\\/avatar\\\/1db852625ef4948f58d2739bfbc51e4b9bd5c93b8fa340b59fdb594ca0845645?s=96&d=mm&r=g\",\"url\":\"https:\\\/\\\/secure.gravatar.com\\\/avatar\\\/1db852625ef4948f58d2739bfbc51e4b9bd5c93b8fa340b59fdb594ca0845645?s=96&d=mm&r=g\",\"contentUrl\":\"https:\\\/\\\/secure.gravatar.com\\\/avatar\\\/1db852625ef4948f58d2739bfbc51e4b9bd5c93b8fa340b59fdb594ca0845645?s=96&d=mm&r=g\",\"caption\":\"Super User\"},\"url\":\"https:\\\/\\\/ppdegalicia.com\\\/es\\\/author\\\/ppdegaliciagestion\\\/\"}]}<\/script>\n<!-- \/ Yoast SEO plugin. -->","yoast_head_json":{"title":"O Parlamento insta \u00e1 Xunta a que o novo Plan Forestal siga as directrices consensuadas no Consello Forestal - PP de Galicia","robots":{"index":"index","follow":"follow","max-snippet":"max-snippet:-1","max-image-preview":"max-image-preview:large","max-video-preview":"max-video-preview:-1"},"canonical":"https:\/\/ppdegalicia.com\/es\/o-parlamento-insta-a-xunta-a-que-o-novo-plan-forestal-siga-as-directrices-consensuadas-no-consello-forestal\/","og_locale":"es_ES","og_type":"article","og_title":"O Parlamento insta \u00e1 Xunta a que o novo Plan Forestal siga as directrices consensuadas no Consello Forestal - PP de Galicia","og_description":"Santiago, 2 de febreiro de 2017.- O Parlamento de Galicia aprobou hoxe a proposici\u00f3n non de lei do Grupo Popular a trav\u00e9s da que insta \u00e1 Xunta de Galicia a que na redacci\u00f3n do novo Plan Forestal de Galicia se sigan as directrices consensuadas polo Consello Forestal de Galicia. &nbsp; O portavoz do Medio Rural [&hellip;]","og_url":"https:\/\/ppdegalicia.com\/es\/o-parlamento-insta-a-xunta-a-que-o-novo-plan-forestal-siga-as-directrices-consensuadas-no-consello-forestal\/","og_site_name":"PP de Galicia","article_publisher":"https:\/\/www.instagram.com\/ppdegalicia\/","article_published_time":"2017-02-03T06:56:02+00:00","author":"Super User","twitter_card":"summary_large_image","twitter_creator":"@ppdegalicia","twitter_site":"@ppdegalicia","twitter_misc":{"Escrito por":"Super User","Tiempo de lectura":"1 minuto"},"schema":{"@context":"https:\/\/schema.org","@graph":[{"@type":"Article","@id":"https:\/\/ppdegalicia.com\/es\/o-parlamento-insta-a-xunta-a-que-o-novo-plan-forestal-siga-as-directrices-consensuadas-no-consello-forestal\/#article","isPartOf":{"@id":"https:\/\/ppdegalicia.com\/es\/o-parlamento-insta-a-xunta-a-que-o-novo-plan-forestal-siga-as-directrices-consensuadas-no-consello-forestal\/"},"author":{"name":"Super User","@id":"https:\/\/ppdegalicia.com\/es\/#\/schema\/person\/d0f013b8388c980665d44009ab762960"},"headline":"O Parlamento insta \u00e1 Xunta a que o novo Plan Forestal siga as directrices consensuadas no Consello Forestal","datePublished":"2017-02-03T06:56:02+00:00","mainEntityOfPage":{"@id":"https:\/\/ppdegalicia.com\/es\/o-parlamento-insta-a-xunta-a-que-o-novo-plan-forestal-siga-as-directrices-consensuadas-no-consello-forestal\/"},"wordCount":281,"commentCount":0,"publisher":{"@id":"https:\/\/ppdegalicia.com\/es\/#organization"},"articleSection":["PP de Galicia"],"inLanguage":"es","potentialAction":[{"@type":"CommentAction","name":"Comment","target":["https:\/\/ppdegalicia.com\/es\/o-parlamento-insta-a-xunta-a-que-o-novo-plan-forestal-siga-as-directrices-consensuadas-no-consello-forestal\/#respond"]}]},{"@type":"WebPage","@id":"https:\/\/ppdegalicia.com\/es\/o-parlamento-insta-a-xunta-a-que-o-novo-plan-forestal-siga-as-directrices-consensuadas-no-consello-forestal\/","url":"https:\/\/ppdegalicia.com\/es\/o-parlamento-insta-a-xunta-a-que-o-novo-plan-forestal-siga-as-directrices-consensuadas-no-consello-forestal\/","name":"O Parlamento insta \u00e1 Xunta a que o novo Plan Forestal siga as directrices consensuadas no Consello Forestal - PP de Galicia","isPartOf":{"@id":"https:\/\/ppdegalicia.com\/es\/#website"},"datePublished":"2017-02-03T06:56:02+00:00","breadcrumb":{"@id":"https:\/\/ppdegalicia.com\/es\/o-parlamento-insta-a-xunta-a-que-o-novo-plan-forestal-siga-as-directrices-consensuadas-no-consello-forestal\/#breadcrumb"},"inLanguage":"es","potentialAction":[{"@type":"ReadAction","target":["https:\/\/ppdegalicia.com\/es\/o-parlamento-insta-a-xunta-a-que-o-novo-plan-forestal-siga-as-directrices-consensuadas-no-consello-forestal\/"]}]},{"@type":"BreadcrumbList","@id":"https:\/\/ppdegalicia.com\/es\/o-parlamento-insta-a-xunta-a-que-o-novo-plan-forestal-siga-as-directrices-consensuadas-no-consello-forestal\/#breadcrumb","itemListElement":[{"@type":"ListItem","position":1,"name":"Portada","item":"https:\/\/ppdegalicia.com\/es\/"},{"@type":"ListItem","position":2,"name":"O Parlamento insta \u00e1 Xunta a que o novo Plan Forestal siga as directrices consensuadas no Consello Forestal"}]},{"@type":"WebSite","@id":"https:\/\/ppdegalicia.com\/es\/#website","url":"https:\/\/ppdegalicia.com\/es\/","name":"Partido Popular de Galicia","description":"Partido Popular de Galicia","publisher":{"@id":"https:\/\/ppdegalicia.com\/es\/#organization"},"alternateName":"PP de Galicia","potentialAction":[{"@type":"SearchAction","target":{"@type":"EntryPoint","urlTemplate":"https:\/\/ppdegalicia.com\/es\/?s={search_term_string}"},"query-input":{"@type":"PropertyValueSpecification","valueRequired":true,"valueName":"search_term_string"}}],"inLanguage":"es"},{"@type":"Organization","@id":"https:\/\/ppdegalicia.com\/es\/#organization","name":"Partido Popular de Galicia","alternateName":"PP de Galicia","url":"https:\/\/ppdegalicia.com\/es\/","logo":{"@type":"ImageObject","inLanguage":"es","@id":"https:\/\/ppdegalicia.com\/es\/#\/schema\/logo\/image\/","url":"https:\/\/ppdegalicia.com\/wp-content\/uploads\/2023\/04\/logoPP512.png","contentUrl":"https:\/\/ppdegalicia.com\/wp-content\/uploads\/2023\/04\/logoPP512.png","width":512,"height":512,"caption":"Partido Popular de Galicia"},"image":{"@id":"https:\/\/ppdegalicia.com\/es\/#\/schema\/logo\/image\/"},"sameAs":["https:\/\/www.instagram.com\/ppdegalicia\/","https:\/\/x.com\/ppdegalicia","https:\/\/www.tiktok.com\/@ppdegalicia","https:\/\/www.youtube.com\/user\/ppdegalicia"]},{"@type":"Person","@id":"https:\/\/ppdegalicia.com\/es\/#\/schema\/person\/d0f013b8388c980665d44009ab762960","name":"Super User","image":{"@type":"ImageObject","inLanguage":"es","@id":"https:\/\/secure.gravatar.com\/avatar\/1db852625ef4948f58d2739bfbc51e4b9bd5c93b8fa340b59fdb594ca0845645?s=96&d=mm&r=g","url":"https:\/\/secure.gravatar.com\/avatar\/1db852625ef4948f58d2739bfbc51e4b9bd5c93b8fa340b59fdb594ca0845645?s=96&d=mm&r=g","contentUrl":"https:\/\/secure.gravatar.com\/avatar\/1db852625ef4948f58d2739bfbc51e4b9bd5c93b8fa340b59fdb594ca0845645?s=96&d=mm&r=g","caption":"Super User"},"url":"https:\/\/ppdegalicia.com\/es\/author\/ppdegaliciagestion\/"}]}},"_links":{"self":[{"href":"https:\/\/ppdegalicia.com\/es\/wp-json\/wp\/v2\/posts\/53339","targetHints":{"allow":["GET"]}}],"collection":[{"href":"https:\/\/ppdegalicia.com\/es\/wp-json\/wp\/v2\/posts"}],"about":[{"href":"https:\/\/ppdegalicia.com\/es\/wp-json\/wp\/v2\/types\/post"}],"author":[{"embeddable":true,"href":"https:\/\/ppdegalicia.com\/es\/wp-json\/wp\/v2\/users\/37"}],"replies":[{"embeddable":true,"href":"https:\/\/ppdegalicia.com\/es\/wp-json\/wp\/v2\/comments?post=53339"}],"version-history":[{"count":0,"href":"https:\/\/ppdegalicia.com\/es\/wp-json\/wp\/v2\/posts\/53339\/revisions"}],"wp:attachment":[{"href":"https:\/\/ppdegalicia.com\/es\/wp-json\/wp\/v2\/media?parent=53339"}],"wp:term":[{"taxonomy":"category","embeddable":true,"href":"https:\/\/ppdegalicia.com\/es\/wp-json\/wp\/v2\/categories?post=53339"},{"taxonomy":"post_tag","embeddable":true,"href":"https:\/\/ppdegalicia.com\/es\/wp-json\/wp\/v2\/tags?post=53339"}],"curies":[{"name":"wp","href":"https:\/\/api.w.org\/{rel}","templated":true}]}}