{"id":53343,"date":"2017-02-06T15:28:05","date_gmt":"2017-02-06T13:28:05","guid":{"rendered":"https:\/\/ppdegalicia.com\/pedro-puy-avanza-que-apoiaremos-os-orzamentos-porque-son-expansivos-equitativos-prudentes-equilibrados-e-contribuen-a-seguir-crecendo\/"},"modified":"2017-02-06T15:28:05","modified_gmt":"2017-02-06T13:28:05","slug":"pedro-puy-avanza-que-apoiaremos-os-orzamentos-porque-son-expansivos-equitativos-prudentes-equilibrados-e-contribuen-a-seguir-crecendo","status":"publish","type":"post","link":"https:\/\/ppdegalicia.com\/es\/pedro-puy-avanza-que-apoiaremos-os-orzamentos-porque-son-expansivos-equitativos-prudentes-equilibrados-e-contribuen-a-seguir-crecendo\/","title":{"rendered":"Pedro Puy avanza que \u00abapoiaremos os orzamentos porque son expansivos, equitativos,prudentes,equilibrados e contrib\u00faen a seguir crecendo\u00bb"},"content":{"rendered":"<p>Santiago, 6 de febreiro de 2017.- O portavoz do Grupo Popular, Pedro Puy, afirmou hoxe que \u201cimos apoiar os orzamentos da Xunta para 2017 porque son expansivos; equitativos tanto pola v\u00eda do ingreso como do gasto;&nbsp; son prudentes nas s\u00faas previsi\u00f3ns; son equilibrados porque non incorren en d\u00e9ficit; e est\u00e1n contribu\u00edndo a que, unha vez abandonada a recesi\u00f3n, poidamos seguir crecendo e redistribu\u00edndo os resultados dese crecemento para que ningu\u00e9n en Galicia te\u00f1a problemas\u201d.<\/p>\n<p><!--more--><\/p>\n<p>No debate para a aprobaci\u00f3n dos orzamentos da Xunta que se celebra hoxe no Parlamento, Puy asegurou que estas contas p\u00fablicas \u201cson unha mostra da estabilidade pol\u00edtica, pero tam\u00e9n do traballo dun Goberno e dos grupos parlamentarios, dando unha imaxe de absoluta normalidade institucional\u201d.<\/p>\n<p>&nbsp;<\/p>\n<p><strong>NOTICIA SIGNIFICATIVA<\/strong><\/p>\n<p>&nbsp;<\/p>\n<p>Neste sentido, cualificou de \u201cnoticia significativa\u201d a aprobaci\u00f3n destes orzamentos, cando m\u00e1is de 180 concellos galegos est\u00e1n sen presuposto. As\u00ed, subli\u00f1ou que \u201cGalicia a\u00ednda padece as consecuencias da crise, pero est\u00e1 en mellores condici\u00f3ns para sa\u00edr desta situaci\u00f3n\u201d, apuntando que Galicia \u00e9 unha das tres comunidades aut\u00f3nomas que baixou a taxa de pobreza durante a crise\u201d.<\/p>\n<p>&nbsp;<\/p>\n<p>\u201cEstes orzamentos reflicten o fin da recesi\u00f3n, cun crecemento san, cumprindo os compromisos do d\u00e9ficit, onde o investimento crece por riba do gasto corrente e cun marcado compromiso social\u201d, asegurou Pedro Puy.<\/p>\n<p>&nbsp;<\/p>\n<p>O portavoz popular manifestou que coa negativa da oposici\u00f3n a apoiar estes orzamentos, \u201cvan votar que non a que Galicia mante\u00f1a as taxas universitarias m\u00e1is baixas de Espa\u00f1a, que sexa a cuarta comunidade con menor taxa de abandono escolar, que se incrementen as intervenci\u00f3ns cir\u00farxicas ou se baixen as listas de espera sanitarias; que se atendan a m\u00e1is de 40.000 usuarios de dependencia; que se incremente a RISGA, as\u00ed como as prazas de garder\u00eda e residencias de maiores; que nos mante\u00f1amos como a cuarta comunidade aut\u00f3noma con menos desafiuzamentos; ou que se incrementa un 30 por cento as partidas para a loita contra a violencia de x\u00e9nero\u201d.<\/p>\n<p>&nbsp;<\/p>\n<p><strong>PUXERON MOI DIF\u00cdCIL PACTAR<\/strong><\/p>\n<p>&nbsp;<\/p>\n<p>Pedro Puy sinalou \u00e1 oposici\u00f3n que \u201cpuxeron moi dif\u00edcil pactar emendas porque non coincidimos na diagnose da situaci\u00f3n\u201d. En concreto, apuntou que \u201cseguen dubidando de que algunha das pol\u00edticas que facemos te\u00f1a capacidade redistributiva, ao tempo que non cremos que sexa o momento para un incremento xeneralizado da presi\u00f3n fiscal\u201d.<\/p>\n<p>&nbsp;<\/p>\n<p>\u201cO que nos piden \u00e9 que se suban os impostos da renda e do patrimonio; nos piden unha suba do imposto de sucesi\u00f3ns do 30 por cento, un imposto de grandes superficies comerciais, un imposto sobre vertidos de auga, outro sobre emisi\u00f3ns de \u00f3xido nitroso, e gravames sobre protecci\u00f3n civil e loita contra a fraude\u201d, indicou o portavoz popular, quen engadiu que \u201ctodo moi inconcreto pero que acabar\u00e1 traslad\u00e1ndose \u00e1 capacidade de consumo e de aforro das familias, prexudicando o crecemento da econom\u00eda\u201d.<\/p>\n<p>&nbsp;<\/p>\n<p>As\u00ed mesmo, Puy sinalou que nas s\u00faas emendas a oposici\u00f3n \u201csaca cartos de gasto corrente que non \u00e9 posible\u201d. A modo de exemplo, indicou que deixan aos conselleiros sen asesores, sen comunicaci\u00f3ns telef\u00f3nica \u00e1s conseller\u00edas, suprimen na s\u00faa totalidade a partida orzamentaria para material de oficina e inform\u00e1tica dos xulgados ou retiran cartos que financian a cobertura de TDT ao medio rural galego.<\/p>\n<p>&nbsp;<\/p>\n<p><strong>CUMPRIR OS COMPROMISOS<\/strong><\/p>\n<p>&nbsp;<\/p>\n<p>Outra das cuesti\u00f3ns salientables das emendas da oposici\u00f3n \u00e9 que retiran o financiamento aos centros educativos concertados para destinalos a colexios p\u00fablicos, \u201cpero non din que se vai facer cos 80.000 alumnos que est\u00e1n na educaci\u00f3n concertada en Galicia\u201d.<\/p>\n<p>&nbsp;<\/p>\n<p>O portavoz popular tam\u00e9n criticou que a oposici\u00f3n propo\u00f1a deixar de cumprir os compromisos adquiridos pola Administraci\u00f3n galega. En concreto, dixo que \u201csacan partidas que figuran nos orzamentos para cubrir gastos comprometidos do pasado; anuncian novas obras viarias con cargo \u00e1s anualidades do Goberno bipartito ou financian gastos suprimindo as concesi\u00f3ns das autoestradas de peaxe\u201d.<\/p>\n","protected":false},"excerpt":{"rendered":"<p>Santiago, 6 de febreiro de 2017.- O portavoz do Grupo Popular, Pedro Puy, afirmou hoxe que \u201cimos apoiar os orzamentos da Xunta para 2017 porque son expansivos; equitativos tanto pola v\u00eda do ingreso como do gasto;&nbsp; son prudentes nas s\u00faas previsi\u00f3ns; son equilibrados porque non incorren en d\u00e9ficit; e est\u00e1n contribu\u00edndo a que, unha vez [&hellip;]<\/p>\n","protected":false},"author":37,"featured_media":0,"comment_status":"open","ping_status":"open","sticky":false,"template":"","format":"standard","meta":{"_acf_changed":false,"footnotes":""},"categories":[1],"tags":[],"class_list":["post-53343","post","type-post","status-publish","format-standard","hentry","category-pp-de-galicia"],"acf":[],"yoast_head":"<!-- This site is optimized with the Yoast SEO plugin v27.3 - https:\/\/yoast.com\/product\/yoast-seo-wordpress\/ -->\n<title>Pedro Puy avanza que &quot;apoiaremos os orzamentos porque son expansivos, equitativos,prudentes,equilibrados e contrib\u00faen a seguir crecendo&quot; - PP de Galicia<\/title>\n<meta name=\"robots\" content=\"index, follow, max-snippet:-1, max-image-preview:large, max-video-preview:-1\" \/>\n<link rel=\"canonical\" href=\"https:\/\/ppdegalicia.com\/es\/pedro-puy-avanza-que-apoiaremos-os-orzamentos-porque-son-expansivos-equitativos-prudentes-equilibrados-e-contribuen-a-seguir-crecendo\/\" \/>\n<meta property=\"og:locale\" content=\"es_ES\" \/>\n<meta property=\"og:type\" content=\"article\" \/>\n<meta property=\"og:title\" content=\"Pedro Puy avanza que &quot;apoiaremos os orzamentos porque son expansivos, equitativos,prudentes,equilibrados e contrib\u00faen a seguir crecendo&quot; - PP de Galicia\" \/>\n<meta property=\"og:description\" content=\"Santiago, 6 de febreiro de 2017.- O portavoz do Grupo Popular, Pedro Puy, afirmou hoxe que \u201cimos apoiar os orzamentos da Xunta para 2017 porque son expansivos; equitativos tanto pola v\u00eda do ingreso como do gasto;&nbsp; son prudentes nas s\u00faas previsi\u00f3ns; son equilibrados porque non incorren en d\u00e9ficit; e est\u00e1n contribu\u00edndo a que, unha vez [&hellip;]\" \/>\n<meta property=\"og:url\" content=\"https:\/\/ppdegalicia.com\/es\/pedro-puy-avanza-que-apoiaremos-os-orzamentos-porque-son-expansivos-equitativos-prudentes-equilibrados-e-contribuen-a-seguir-crecendo\/\" \/>\n<meta property=\"og:site_name\" content=\"PP de Galicia\" \/>\n<meta property=\"article:publisher\" content=\"https:\/\/www.instagram.com\/ppdegalicia\/\" \/>\n<meta property=\"article:published_time\" content=\"2017-02-06T13:28:05+00:00\" \/>\n<meta name=\"author\" content=\"Super User\" \/>\n<meta name=\"twitter:card\" content=\"summary_large_image\" \/>\n<meta name=\"twitter:creator\" content=\"@ppdegalicia\" \/>\n<meta name=\"twitter:site\" content=\"@ppdegalicia\" \/>\n<meta name=\"twitter:label1\" content=\"Escrito por\" \/>\n\t<meta name=\"twitter:data1\" content=\"Super User\" \/>\n\t<meta name=\"twitter:label2\" content=\"Tiempo de lectura\" \/>\n\t<meta name=\"twitter:data2\" content=\"3 minutos\" \/>\n<script type=\"application\/ld+json\" class=\"yoast-schema-graph\">{\"@context\":\"https:\\\/\\\/schema.org\",\"@graph\":[{\"@type\":\"Article\",\"@id\":\"https:\\\/\\\/ppdegalicia.com\\\/es\\\/pedro-puy-avanza-que-apoiaremos-os-orzamentos-porque-son-expansivos-equitativos-prudentes-equilibrados-e-contribuen-a-seguir-crecendo\\\/#article\",\"isPartOf\":{\"@id\":\"https:\\\/\\\/ppdegalicia.com\\\/es\\\/pedro-puy-avanza-que-apoiaremos-os-orzamentos-porque-son-expansivos-equitativos-prudentes-equilibrados-e-contribuen-a-seguir-crecendo\\\/\"},\"author\":{\"name\":\"Super User\",\"@id\":\"https:\\\/\\\/ppdegalicia.com\\\/es\\\/#\\\/schema\\\/person\\\/d0f013b8388c980665d44009ab762960\"},\"headline\":\"Pedro Puy avanza que \u00abapoiaremos os orzamentos porque son expansivos, equitativos,prudentes,equilibrados e contrib\u00faen a seguir crecendo\u00bb\",\"datePublished\":\"2017-02-06T13:28:05+00:00\",\"mainEntityOfPage\":{\"@id\":\"https:\\\/\\\/ppdegalicia.com\\\/es\\\/pedro-puy-avanza-que-apoiaremos-os-orzamentos-porque-son-expansivos-equitativos-prudentes-equilibrados-e-contribuen-a-seguir-crecendo\\\/\"},\"wordCount\":695,\"commentCount\":0,\"publisher\":{\"@id\":\"https:\\\/\\\/ppdegalicia.com\\\/es\\\/#organization\"},\"articleSection\":[\"PP de Galicia\"],\"inLanguage\":\"es\",\"potentialAction\":[{\"@type\":\"CommentAction\",\"name\":\"Comment\",\"target\":[\"https:\\\/\\\/ppdegalicia.com\\\/es\\\/pedro-puy-avanza-que-apoiaremos-os-orzamentos-porque-son-expansivos-equitativos-prudentes-equilibrados-e-contribuen-a-seguir-crecendo\\\/#respond\"]}]},{\"@type\":\"WebPage\",\"@id\":\"https:\\\/\\\/ppdegalicia.com\\\/es\\\/pedro-puy-avanza-que-apoiaremos-os-orzamentos-porque-son-expansivos-equitativos-prudentes-equilibrados-e-contribuen-a-seguir-crecendo\\\/\",\"url\":\"https:\\\/\\\/ppdegalicia.com\\\/es\\\/pedro-puy-avanza-que-apoiaremos-os-orzamentos-porque-son-expansivos-equitativos-prudentes-equilibrados-e-contribuen-a-seguir-crecendo\\\/\",\"name\":\"Pedro Puy avanza que \\\"apoiaremos os orzamentos porque son expansivos, equitativos,prudentes,equilibrados e contrib\u00faen a seguir crecendo\\\" - PP de Galicia\",\"isPartOf\":{\"@id\":\"https:\\\/\\\/ppdegalicia.com\\\/es\\\/#website\"},\"datePublished\":\"2017-02-06T13:28:05+00:00\",\"breadcrumb\":{\"@id\":\"https:\\\/\\\/ppdegalicia.com\\\/es\\\/pedro-puy-avanza-que-apoiaremos-os-orzamentos-porque-son-expansivos-equitativos-prudentes-equilibrados-e-contribuen-a-seguir-crecendo\\\/#breadcrumb\"},\"inLanguage\":\"es\",\"potentialAction\":[{\"@type\":\"ReadAction\",\"target\":[\"https:\\\/\\\/ppdegalicia.com\\\/es\\\/pedro-puy-avanza-que-apoiaremos-os-orzamentos-porque-son-expansivos-equitativos-prudentes-equilibrados-e-contribuen-a-seguir-crecendo\\\/\"]}]},{\"@type\":\"BreadcrumbList\",\"@id\":\"https:\\\/\\\/ppdegalicia.com\\\/es\\\/pedro-puy-avanza-que-apoiaremos-os-orzamentos-porque-son-expansivos-equitativos-prudentes-equilibrados-e-contribuen-a-seguir-crecendo\\\/#breadcrumb\",\"itemListElement\":[{\"@type\":\"ListItem\",\"position\":1,\"name\":\"Portada\",\"item\":\"https:\\\/\\\/ppdegalicia.com\\\/es\\\/\"},{\"@type\":\"ListItem\",\"position\":2,\"name\":\"Pedro Puy avanza que &#8220;apoiaremos os orzamentos porque son expansivos, equitativos,prudentes,equilibrados e contrib\u00faen a seguir crecendo&#8221;\"}]},{\"@type\":\"WebSite\",\"@id\":\"https:\\\/\\\/ppdegalicia.com\\\/es\\\/#website\",\"url\":\"https:\\\/\\\/ppdegalicia.com\\\/es\\\/\",\"name\":\"Partido Popular de Galicia\",\"description\":\"Partido Popular de Galicia\",\"publisher\":{\"@id\":\"https:\\\/\\\/ppdegalicia.com\\\/es\\\/#organization\"},\"alternateName\":\"PP de Galicia\",\"potentialAction\":[{\"@type\":\"SearchAction\",\"target\":{\"@type\":\"EntryPoint\",\"urlTemplate\":\"https:\\\/\\\/ppdegalicia.com\\\/es\\\/?s={search_term_string}\"},\"query-input\":{\"@type\":\"PropertyValueSpecification\",\"valueRequired\":true,\"valueName\":\"search_term_string\"}}],\"inLanguage\":\"es\"},{\"@type\":\"Organization\",\"@id\":\"https:\\\/\\\/ppdegalicia.com\\\/es\\\/#organization\",\"name\":\"Partido Popular de Galicia\",\"alternateName\":\"PP de Galicia\",\"url\":\"https:\\\/\\\/ppdegalicia.com\\\/es\\\/\",\"logo\":{\"@type\":\"ImageObject\",\"inLanguage\":\"es\",\"@id\":\"https:\\\/\\\/ppdegalicia.com\\\/es\\\/#\\\/schema\\\/logo\\\/image\\\/\",\"url\":\"https:\\\/\\\/ppdegalicia.com\\\/wp-content\\\/uploads\\\/2023\\\/04\\\/logoPP512.png\",\"contentUrl\":\"https:\\\/\\\/ppdegalicia.com\\\/wp-content\\\/uploads\\\/2023\\\/04\\\/logoPP512.png\",\"width\":512,\"height\":512,\"caption\":\"Partido Popular de Galicia\"},\"image\":{\"@id\":\"https:\\\/\\\/ppdegalicia.com\\\/es\\\/#\\\/schema\\\/logo\\\/image\\\/\"},\"sameAs\":[\"https:\\\/\\\/www.instagram.com\\\/ppdegalicia\\\/\",\"https:\\\/\\\/x.com\\\/ppdegalicia\",\"https:\\\/\\\/www.tiktok.com\\\/@ppdegalicia\",\"https:\\\/\\\/www.youtube.com\\\/user\\\/ppdegalicia\"]},{\"@type\":\"Person\",\"@id\":\"https:\\\/\\\/ppdegalicia.com\\\/es\\\/#\\\/schema\\\/person\\\/d0f013b8388c980665d44009ab762960\",\"name\":\"Super User\",\"image\":{\"@type\":\"ImageObject\",\"inLanguage\":\"es\",\"@id\":\"https:\\\/\\\/secure.gravatar.com\\\/avatar\\\/1db852625ef4948f58d2739bfbc51e4b9bd5c93b8fa340b59fdb594ca0845645?s=96&d=mm&r=g\",\"url\":\"https:\\\/\\\/secure.gravatar.com\\\/avatar\\\/1db852625ef4948f58d2739bfbc51e4b9bd5c93b8fa340b59fdb594ca0845645?s=96&d=mm&r=g\",\"contentUrl\":\"https:\\\/\\\/secure.gravatar.com\\\/avatar\\\/1db852625ef4948f58d2739bfbc51e4b9bd5c93b8fa340b59fdb594ca0845645?s=96&d=mm&r=g\",\"caption\":\"Super User\"},\"url\":\"https:\\\/\\\/ppdegalicia.com\\\/es\\\/author\\\/ppdegaliciagestion\\\/\"}]}<\/script>\n<!-- \/ Yoast SEO plugin. -->","yoast_head_json":{"title":"Pedro Puy avanza que \"apoiaremos os orzamentos porque son expansivos, equitativos,prudentes,equilibrados e contrib\u00faen a seguir crecendo\" - PP de Galicia","robots":{"index":"index","follow":"follow","max-snippet":"max-snippet:-1","max-image-preview":"max-image-preview:large","max-video-preview":"max-video-preview:-1"},"canonical":"https:\/\/ppdegalicia.com\/es\/pedro-puy-avanza-que-apoiaremos-os-orzamentos-porque-son-expansivos-equitativos-prudentes-equilibrados-e-contribuen-a-seguir-crecendo\/","og_locale":"es_ES","og_type":"article","og_title":"Pedro Puy avanza que \"apoiaremos os orzamentos porque son expansivos, equitativos,prudentes,equilibrados e contrib\u00faen a seguir crecendo\" - PP de Galicia","og_description":"Santiago, 6 de febreiro de 2017.- O portavoz do Grupo Popular, Pedro Puy, afirmou hoxe que \u201cimos apoiar os orzamentos da Xunta para 2017 porque son expansivos; equitativos tanto pola v\u00eda do ingreso como do gasto;&nbsp; son prudentes nas s\u00faas previsi\u00f3ns; son equilibrados porque non incorren en d\u00e9ficit; e est\u00e1n contribu\u00edndo a que, unha vez [&hellip;]","og_url":"https:\/\/ppdegalicia.com\/es\/pedro-puy-avanza-que-apoiaremos-os-orzamentos-porque-son-expansivos-equitativos-prudentes-equilibrados-e-contribuen-a-seguir-crecendo\/","og_site_name":"PP de Galicia","article_publisher":"https:\/\/www.instagram.com\/ppdegalicia\/","article_published_time":"2017-02-06T13:28:05+00:00","author":"Super User","twitter_card":"summary_large_image","twitter_creator":"@ppdegalicia","twitter_site":"@ppdegalicia","twitter_misc":{"Escrito por":"Super User","Tiempo de lectura":"3 minutos"},"schema":{"@context":"https:\/\/schema.org","@graph":[{"@type":"Article","@id":"https:\/\/ppdegalicia.com\/es\/pedro-puy-avanza-que-apoiaremos-os-orzamentos-porque-son-expansivos-equitativos-prudentes-equilibrados-e-contribuen-a-seguir-crecendo\/#article","isPartOf":{"@id":"https:\/\/ppdegalicia.com\/es\/pedro-puy-avanza-que-apoiaremos-os-orzamentos-porque-son-expansivos-equitativos-prudentes-equilibrados-e-contribuen-a-seguir-crecendo\/"},"author":{"name":"Super User","@id":"https:\/\/ppdegalicia.com\/es\/#\/schema\/person\/d0f013b8388c980665d44009ab762960"},"headline":"Pedro Puy avanza que \u00abapoiaremos os orzamentos porque son expansivos, equitativos,prudentes,equilibrados e contrib\u00faen a seguir crecendo\u00bb","datePublished":"2017-02-06T13:28:05+00:00","mainEntityOfPage":{"@id":"https:\/\/ppdegalicia.com\/es\/pedro-puy-avanza-que-apoiaremos-os-orzamentos-porque-son-expansivos-equitativos-prudentes-equilibrados-e-contribuen-a-seguir-crecendo\/"},"wordCount":695,"commentCount":0,"publisher":{"@id":"https:\/\/ppdegalicia.com\/es\/#organization"},"articleSection":["PP de Galicia"],"inLanguage":"es","potentialAction":[{"@type":"CommentAction","name":"Comment","target":["https:\/\/ppdegalicia.com\/es\/pedro-puy-avanza-que-apoiaremos-os-orzamentos-porque-son-expansivos-equitativos-prudentes-equilibrados-e-contribuen-a-seguir-crecendo\/#respond"]}]},{"@type":"WebPage","@id":"https:\/\/ppdegalicia.com\/es\/pedro-puy-avanza-que-apoiaremos-os-orzamentos-porque-son-expansivos-equitativos-prudentes-equilibrados-e-contribuen-a-seguir-crecendo\/","url":"https:\/\/ppdegalicia.com\/es\/pedro-puy-avanza-que-apoiaremos-os-orzamentos-porque-son-expansivos-equitativos-prudentes-equilibrados-e-contribuen-a-seguir-crecendo\/","name":"Pedro Puy avanza que \"apoiaremos os orzamentos porque son expansivos, equitativos,prudentes,equilibrados e contrib\u00faen a seguir crecendo\" - PP de Galicia","isPartOf":{"@id":"https:\/\/ppdegalicia.com\/es\/#website"},"datePublished":"2017-02-06T13:28:05+00:00","breadcrumb":{"@id":"https:\/\/ppdegalicia.com\/es\/pedro-puy-avanza-que-apoiaremos-os-orzamentos-porque-son-expansivos-equitativos-prudentes-equilibrados-e-contribuen-a-seguir-crecendo\/#breadcrumb"},"inLanguage":"es","potentialAction":[{"@type":"ReadAction","target":["https:\/\/ppdegalicia.com\/es\/pedro-puy-avanza-que-apoiaremos-os-orzamentos-porque-son-expansivos-equitativos-prudentes-equilibrados-e-contribuen-a-seguir-crecendo\/"]}]},{"@type":"BreadcrumbList","@id":"https:\/\/ppdegalicia.com\/es\/pedro-puy-avanza-que-apoiaremos-os-orzamentos-porque-son-expansivos-equitativos-prudentes-equilibrados-e-contribuen-a-seguir-crecendo\/#breadcrumb","itemListElement":[{"@type":"ListItem","position":1,"name":"Portada","item":"https:\/\/ppdegalicia.com\/es\/"},{"@type":"ListItem","position":2,"name":"Pedro Puy avanza que &#8220;apoiaremos os orzamentos porque son expansivos, equitativos,prudentes,equilibrados e contrib\u00faen a seguir crecendo&#8221;"}]},{"@type":"WebSite","@id":"https:\/\/ppdegalicia.com\/es\/#website","url":"https:\/\/ppdegalicia.com\/es\/","name":"Partido Popular de Galicia","description":"Partido Popular de Galicia","publisher":{"@id":"https:\/\/ppdegalicia.com\/es\/#organization"},"alternateName":"PP de Galicia","potentialAction":[{"@type":"SearchAction","target":{"@type":"EntryPoint","urlTemplate":"https:\/\/ppdegalicia.com\/es\/?s={search_term_string}"},"query-input":{"@type":"PropertyValueSpecification","valueRequired":true,"valueName":"search_term_string"}}],"inLanguage":"es"},{"@type":"Organization","@id":"https:\/\/ppdegalicia.com\/es\/#organization","name":"Partido Popular de Galicia","alternateName":"PP de Galicia","url":"https:\/\/ppdegalicia.com\/es\/","logo":{"@type":"ImageObject","inLanguage":"es","@id":"https:\/\/ppdegalicia.com\/es\/#\/schema\/logo\/image\/","url":"https:\/\/ppdegalicia.com\/wp-content\/uploads\/2023\/04\/logoPP512.png","contentUrl":"https:\/\/ppdegalicia.com\/wp-content\/uploads\/2023\/04\/logoPP512.png","width":512,"height":512,"caption":"Partido Popular de Galicia"},"image":{"@id":"https:\/\/ppdegalicia.com\/es\/#\/schema\/logo\/image\/"},"sameAs":["https:\/\/www.instagram.com\/ppdegalicia\/","https:\/\/x.com\/ppdegalicia","https:\/\/www.tiktok.com\/@ppdegalicia","https:\/\/www.youtube.com\/user\/ppdegalicia"]},{"@type":"Person","@id":"https:\/\/ppdegalicia.com\/es\/#\/schema\/person\/d0f013b8388c980665d44009ab762960","name":"Super User","image":{"@type":"ImageObject","inLanguage":"es","@id":"https:\/\/secure.gravatar.com\/avatar\/1db852625ef4948f58d2739bfbc51e4b9bd5c93b8fa340b59fdb594ca0845645?s=96&d=mm&r=g","url":"https:\/\/secure.gravatar.com\/avatar\/1db852625ef4948f58d2739bfbc51e4b9bd5c93b8fa340b59fdb594ca0845645?s=96&d=mm&r=g","contentUrl":"https:\/\/secure.gravatar.com\/avatar\/1db852625ef4948f58d2739bfbc51e4b9bd5c93b8fa340b59fdb594ca0845645?s=96&d=mm&r=g","caption":"Super User"},"url":"https:\/\/ppdegalicia.com\/es\/author\/ppdegaliciagestion\/"}]}},"_links":{"self":[{"href":"https:\/\/ppdegalicia.com\/es\/wp-json\/wp\/v2\/posts\/53343","targetHints":{"allow":["GET"]}}],"collection":[{"href":"https:\/\/ppdegalicia.com\/es\/wp-json\/wp\/v2\/posts"}],"about":[{"href":"https:\/\/ppdegalicia.com\/es\/wp-json\/wp\/v2\/types\/post"}],"author":[{"embeddable":true,"href":"https:\/\/ppdegalicia.com\/es\/wp-json\/wp\/v2\/users\/37"}],"replies":[{"embeddable":true,"href":"https:\/\/ppdegalicia.com\/es\/wp-json\/wp\/v2\/comments?post=53343"}],"version-history":[{"count":0,"href":"https:\/\/ppdegalicia.com\/es\/wp-json\/wp\/v2\/posts\/53343\/revisions"}],"wp:attachment":[{"href":"https:\/\/ppdegalicia.com\/es\/wp-json\/wp\/v2\/media?parent=53343"}],"wp:term":[{"taxonomy":"category","embeddable":true,"href":"https:\/\/ppdegalicia.com\/es\/wp-json\/wp\/v2\/categories?post=53343"},{"taxonomy":"post_tag","embeddable":true,"href":"https:\/\/ppdegalicia.com\/es\/wp-json\/wp\/v2\/tags?post=53343"}],"curies":[{"name":"wp","href":"https:\/\/api.w.org\/{rel}","templated":true}]}}