{"id":53350,"date":"2017-02-08T18:30:04","date_gmt":"2017-02-08T16:30:04","guid":{"rendered":"https:\/\/ppdegalicia.com\/o-parlamento-insta-ao-concello-de-ponte-caldelas-a-evitar-o-peche-do-centro-de-informacion-a-muller\/"},"modified":"2017-02-08T18:30:04","modified_gmt":"2017-02-08T16:30:04","slug":"o-parlamento-insta-ao-concello-de-ponte-caldelas-a-evitar-o-peche-do-centro-de-informacion-a-muller","status":"publish","type":"post","link":"https:\/\/ppdegalicia.com\/es\/o-parlamento-insta-ao-concello-de-ponte-caldelas-a-evitar-o-peche-do-centro-de-informacion-a-muller\/","title":{"rendered":"O Parlamento insta ao Concello de Ponte Caldelas a evitar o peche do Centro de Informaci\u00f3n \u00e1 Muller"},"content":{"rendered":"<p>Santiago, 8 de febreiro de 2017.- O Parlamento de Galicia aprobou hoxe unha proposici\u00f3n non de lei a trav\u00e9s da que se insta ao Concello de Ponte Caldelas a adoptar as medidas necesarias para evitar o peche do Centro de Informaci\u00f3n \u00e1 Muller deste municipio. A viceportavoz do Grupo Popular, Paula Prado, afirmou que o peche deste CIM \u201cnon ten ningunha xustificaci\u00f3n e cada d\u00eda que pasa as acci\u00f3ns do alcalde o po\u00f1en m\u00e1is de manifesto\u201d.<\/p>\n<p><!--more--><\/p>\n<p>Na s\u00faa intervenci\u00f3n, Prado lembrou que foi o propio alcalde quen atendeu a varias veci\u00f1as por asuntos relacionados co CIM, \u201cretrotraendo as pol\u00edticas de igualdade m\u00e1is de cincuenta anos atr\u00e1s\u201d.<\/p>\n<p>&nbsp;<\/p>\n<p><strong>PIONEIRO NO PECHE DE CIM<\/strong><\/p>\n<p>&nbsp;<\/p>\n<p>\u201cApela o se\u00f1or alcalde a que o CIM non era sostible economicamente, pero contrata un servizo de asesor\u00eda xur\u00eddica xeral para todas as cuesti\u00f3ns e d\u00fabidas de todo tipo no Concello, con servizo un d\u00eda \u00e1 semana, por importe de 15.000 euros\u201d, sinalou a viceportavoz popular.<\/p>\n<p>&nbsp;<\/p>\n<p>Ademais, criticou que \u201cnon se presta atenci\u00f3n psicol\u00f3xica \u00e1s mulleres que acoden ao Concello, pero si&nbsp; hai cartos para gastar outros 15.000 euros na impartici\u00f3n duns obradoiros de coaching pola igualdade\u201d. \u201cDin que \u00e9 un programa pioneiro en Galicia, pero o que \u00e9 pioneiro \u00e9 o peche do CIM de Pontecaldelas, o primeiro que se pecha en Galicia\u201d, indicou.<\/p>\n<p>&nbsp;<\/p>\n<p>Paula Prado lembrou que \u201cfoi no ano 1995 cando un goberno no Partido Popular puxo en marcha os cinco primeiros CIM de Galicia e desde ent\u00f3n ano tras ano f\u00f3ronse incrementando o n\u00famero de centros e especializ\u00e1ndose a prestaci\u00f3n deste servizo\u201d.<\/p>\n<p>&nbsp;<\/p>\n<p><strong>INCREMENTO DAS AXUDAS PARA V\u00cdTIMAS<\/strong><\/p>\n<p>&nbsp;<\/p>\n<p>\u201cS\u00f3 houbo uns anos nos que se puxo en cuesti\u00f3n a continuidade dos CIM\u2019s e foi entre os anos 2005 e 2009 baixo o Goberno bipartito, cando se intentaron suprimir para po\u00f1er en marcha os chiringuitos de I+B\u201d, sinalou.<\/p>\n<p>&nbsp;<\/p>\n<p>A viceportavoz salientou que durante os \u00faltimos anos \u201cnon s\u00f3 se mantiveron os recursos para igualdade, sen\u00f3n que se te\u00f1en incrementado sen escatimar recursos nin instrumentos para axudar \u00e1s v\u00edtimas: desde o mantemento dos centros de informaci\u00f3n \u00e1 muller ata as axudas peri\u00f3dicas para as v\u00edtimas, que este ano se incrementan nun 61,10 por cento\u201d.<\/p>\n","protected":false},"excerpt":{"rendered":"<p>Santiago, 8 de febreiro de 2017.- O Parlamento de Galicia aprobou hoxe unha proposici\u00f3n non de lei a trav\u00e9s da que se insta ao Concello de Ponte Caldelas a adoptar as medidas necesarias para evitar o peche do Centro de Informaci\u00f3n \u00e1 Muller deste municipio. A viceportavoz do Grupo Popular, Paula Prado, afirmou que o [&hellip;]<\/p>\n","protected":false},"author":37,"featured_media":0,"comment_status":"open","ping_status":"open","sticky":false,"template":"","format":"standard","meta":{"_acf_changed":false,"footnotes":""},"categories":[1],"tags":[],"class_list":["post-53350","post","type-post","status-publish","format-standard","hentry","category-pp-de-galicia"],"acf":[],"yoast_head":"<!-- This site is optimized with the Yoast SEO plugin v27.3 - https:\/\/yoast.com\/product\/yoast-seo-wordpress\/ -->\n<title>O Parlamento insta ao Concello de Ponte Caldelas a evitar o peche do Centro de Informaci\u00f3n \u00e1 Muller - PP de Galicia<\/title>\n<meta name=\"robots\" content=\"index, follow, max-snippet:-1, max-image-preview:large, max-video-preview:-1\" \/>\n<link rel=\"canonical\" href=\"https:\/\/ppdegalicia.com\/es\/o-parlamento-insta-ao-concello-de-ponte-caldelas-a-evitar-o-peche-do-centro-de-informacion-a-muller\/\" \/>\n<meta property=\"og:locale\" content=\"es_ES\" \/>\n<meta property=\"og:type\" content=\"article\" \/>\n<meta property=\"og:title\" content=\"O Parlamento insta ao Concello de Ponte Caldelas a evitar o peche do Centro de Informaci\u00f3n \u00e1 Muller - PP de Galicia\" \/>\n<meta property=\"og:description\" content=\"Santiago, 8 de febreiro de 2017.- O Parlamento de Galicia aprobou hoxe unha proposici\u00f3n non de lei a trav\u00e9s da que se insta ao Concello de Ponte Caldelas a adoptar as medidas necesarias para evitar o peche do Centro de Informaci\u00f3n \u00e1 Muller deste municipio. A viceportavoz do Grupo Popular, Paula Prado, afirmou que o [&hellip;]\" \/>\n<meta property=\"og:url\" content=\"https:\/\/ppdegalicia.com\/es\/o-parlamento-insta-ao-concello-de-ponte-caldelas-a-evitar-o-peche-do-centro-de-informacion-a-muller\/\" \/>\n<meta property=\"og:site_name\" content=\"PP de Galicia\" \/>\n<meta property=\"article:publisher\" content=\"https:\/\/www.instagram.com\/ppdegalicia\/\" \/>\n<meta property=\"article:published_time\" content=\"2017-02-08T16:30:04+00:00\" \/>\n<meta name=\"author\" content=\"Super User\" \/>\n<meta name=\"twitter:card\" content=\"summary_large_image\" \/>\n<meta name=\"twitter:creator\" content=\"@ppdegalicia\" \/>\n<meta name=\"twitter:site\" content=\"@ppdegalicia\" \/>\n<meta name=\"twitter:label1\" content=\"Escrito por\" \/>\n\t<meta name=\"twitter:data1\" content=\"Super User\" \/>\n\t<meta name=\"twitter:label2\" content=\"Tiempo de lectura\" \/>\n\t<meta name=\"twitter:data2\" content=\"2 minutos\" \/>\n<script type=\"application\/ld+json\" class=\"yoast-schema-graph\">{\"@context\":\"https:\\\/\\\/schema.org\",\"@graph\":[{\"@type\":\"Article\",\"@id\":\"https:\\\/\\\/ppdegalicia.com\\\/es\\\/o-parlamento-insta-ao-concello-de-ponte-caldelas-a-evitar-o-peche-do-centro-de-informacion-a-muller\\\/#article\",\"isPartOf\":{\"@id\":\"https:\\\/\\\/ppdegalicia.com\\\/es\\\/o-parlamento-insta-ao-concello-de-ponte-caldelas-a-evitar-o-peche-do-centro-de-informacion-a-muller\\\/\"},\"author\":{\"name\":\"Super User\",\"@id\":\"https:\\\/\\\/ppdegalicia.com\\\/es\\\/#\\\/schema\\\/person\\\/d0f013b8388c980665d44009ab762960\"},\"headline\":\"O Parlamento insta ao Concello de Ponte Caldelas a evitar o peche do Centro de Informaci\u00f3n \u00e1 Muller\",\"datePublished\":\"2017-02-08T16:30:04+00:00\",\"mainEntityOfPage\":{\"@id\":\"https:\\\/\\\/ppdegalicia.com\\\/es\\\/o-parlamento-insta-ao-concello-de-ponte-caldelas-a-evitar-o-peche-do-centro-de-informacion-a-muller\\\/\"},\"wordCount\":408,\"commentCount\":0,\"publisher\":{\"@id\":\"https:\\\/\\\/ppdegalicia.com\\\/es\\\/#organization\"},\"articleSection\":[\"PP de Galicia\"],\"inLanguage\":\"es\",\"potentialAction\":[{\"@type\":\"CommentAction\",\"name\":\"Comment\",\"target\":[\"https:\\\/\\\/ppdegalicia.com\\\/es\\\/o-parlamento-insta-ao-concello-de-ponte-caldelas-a-evitar-o-peche-do-centro-de-informacion-a-muller\\\/#respond\"]}]},{\"@type\":\"WebPage\",\"@id\":\"https:\\\/\\\/ppdegalicia.com\\\/es\\\/o-parlamento-insta-ao-concello-de-ponte-caldelas-a-evitar-o-peche-do-centro-de-informacion-a-muller\\\/\",\"url\":\"https:\\\/\\\/ppdegalicia.com\\\/es\\\/o-parlamento-insta-ao-concello-de-ponte-caldelas-a-evitar-o-peche-do-centro-de-informacion-a-muller\\\/\",\"name\":\"O Parlamento insta ao Concello de Ponte Caldelas a evitar o peche do Centro de Informaci\u00f3n \u00e1 Muller - PP de Galicia\",\"isPartOf\":{\"@id\":\"https:\\\/\\\/ppdegalicia.com\\\/es\\\/#website\"},\"datePublished\":\"2017-02-08T16:30:04+00:00\",\"breadcrumb\":{\"@id\":\"https:\\\/\\\/ppdegalicia.com\\\/es\\\/o-parlamento-insta-ao-concello-de-ponte-caldelas-a-evitar-o-peche-do-centro-de-informacion-a-muller\\\/#breadcrumb\"},\"inLanguage\":\"es\",\"potentialAction\":[{\"@type\":\"ReadAction\",\"target\":[\"https:\\\/\\\/ppdegalicia.com\\\/es\\\/o-parlamento-insta-ao-concello-de-ponte-caldelas-a-evitar-o-peche-do-centro-de-informacion-a-muller\\\/\"]}]},{\"@type\":\"BreadcrumbList\",\"@id\":\"https:\\\/\\\/ppdegalicia.com\\\/es\\\/o-parlamento-insta-ao-concello-de-ponte-caldelas-a-evitar-o-peche-do-centro-de-informacion-a-muller\\\/#breadcrumb\",\"itemListElement\":[{\"@type\":\"ListItem\",\"position\":1,\"name\":\"Portada\",\"item\":\"https:\\\/\\\/ppdegalicia.com\\\/es\\\/\"},{\"@type\":\"ListItem\",\"position\":2,\"name\":\"O Parlamento insta ao Concello de Ponte Caldelas a evitar o peche do Centro de Informaci\u00f3n \u00e1 Muller\"}]},{\"@type\":\"WebSite\",\"@id\":\"https:\\\/\\\/ppdegalicia.com\\\/es\\\/#website\",\"url\":\"https:\\\/\\\/ppdegalicia.com\\\/es\\\/\",\"name\":\"Partido Popular de Galicia\",\"description\":\"Partido Popular de Galicia\",\"publisher\":{\"@id\":\"https:\\\/\\\/ppdegalicia.com\\\/es\\\/#organization\"},\"alternateName\":\"PP de Galicia\",\"potentialAction\":[{\"@type\":\"SearchAction\",\"target\":{\"@type\":\"EntryPoint\",\"urlTemplate\":\"https:\\\/\\\/ppdegalicia.com\\\/es\\\/?s={search_term_string}\"},\"query-input\":{\"@type\":\"PropertyValueSpecification\",\"valueRequired\":true,\"valueName\":\"search_term_string\"}}],\"inLanguage\":\"es\"},{\"@type\":\"Organization\",\"@id\":\"https:\\\/\\\/ppdegalicia.com\\\/es\\\/#organization\",\"name\":\"Partido Popular de Galicia\",\"alternateName\":\"PP de Galicia\",\"url\":\"https:\\\/\\\/ppdegalicia.com\\\/es\\\/\",\"logo\":{\"@type\":\"ImageObject\",\"inLanguage\":\"es\",\"@id\":\"https:\\\/\\\/ppdegalicia.com\\\/es\\\/#\\\/schema\\\/logo\\\/image\\\/\",\"url\":\"https:\\\/\\\/ppdegalicia.com\\\/wp-content\\\/uploads\\\/2023\\\/04\\\/logoPP512.png\",\"contentUrl\":\"https:\\\/\\\/ppdegalicia.com\\\/wp-content\\\/uploads\\\/2023\\\/04\\\/logoPP512.png\",\"width\":512,\"height\":512,\"caption\":\"Partido Popular de Galicia\"},\"image\":{\"@id\":\"https:\\\/\\\/ppdegalicia.com\\\/es\\\/#\\\/schema\\\/logo\\\/image\\\/\"},\"sameAs\":[\"https:\\\/\\\/www.instagram.com\\\/ppdegalicia\\\/\",\"https:\\\/\\\/x.com\\\/ppdegalicia\",\"https:\\\/\\\/www.tiktok.com\\\/@ppdegalicia\",\"https:\\\/\\\/www.youtube.com\\\/user\\\/ppdegalicia\"]},{\"@type\":\"Person\",\"@id\":\"https:\\\/\\\/ppdegalicia.com\\\/es\\\/#\\\/schema\\\/person\\\/d0f013b8388c980665d44009ab762960\",\"name\":\"Super User\",\"image\":{\"@type\":\"ImageObject\",\"inLanguage\":\"es\",\"@id\":\"https:\\\/\\\/secure.gravatar.com\\\/avatar\\\/1db852625ef4948f58d2739bfbc51e4b9bd5c93b8fa340b59fdb594ca0845645?s=96&d=mm&r=g\",\"url\":\"https:\\\/\\\/secure.gravatar.com\\\/avatar\\\/1db852625ef4948f58d2739bfbc51e4b9bd5c93b8fa340b59fdb594ca0845645?s=96&d=mm&r=g\",\"contentUrl\":\"https:\\\/\\\/secure.gravatar.com\\\/avatar\\\/1db852625ef4948f58d2739bfbc51e4b9bd5c93b8fa340b59fdb594ca0845645?s=96&d=mm&r=g\",\"caption\":\"Super User\"},\"url\":\"https:\\\/\\\/ppdegalicia.com\\\/es\\\/author\\\/ppdegaliciagestion\\\/\"}]}<\/script>\n<!-- \/ Yoast SEO plugin. -->","yoast_head_json":{"title":"O Parlamento insta ao Concello de Ponte Caldelas a evitar o peche do Centro de Informaci\u00f3n \u00e1 Muller - PP de Galicia","robots":{"index":"index","follow":"follow","max-snippet":"max-snippet:-1","max-image-preview":"max-image-preview:large","max-video-preview":"max-video-preview:-1"},"canonical":"https:\/\/ppdegalicia.com\/es\/o-parlamento-insta-ao-concello-de-ponte-caldelas-a-evitar-o-peche-do-centro-de-informacion-a-muller\/","og_locale":"es_ES","og_type":"article","og_title":"O Parlamento insta ao Concello de Ponte Caldelas a evitar o peche do Centro de Informaci\u00f3n \u00e1 Muller - PP de Galicia","og_description":"Santiago, 8 de febreiro de 2017.- O Parlamento de Galicia aprobou hoxe unha proposici\u00f3n non de lei a trav\u00e9s da que se insta ao Concello de Ponte Caldelas a adoptar as medidas necesarias para evitar o peche do Centro de Informaci\u00f3n \u00e1 Muller deste municipio. A viceportavoz do Grupo Popular, Paula Prado, afirmou que o [&hellip;]","og_url":"https:\/\/ppdegalicia.com\/es\/o-parlamento-insta-ao-concello-de-ponte-caldelas-a-evitar-o-peche-do-centro-de-informacion-a-muller\/","og_site_name":"PP de Galicia","article_publisher":"https:\/\/www.instagram.com\/ppdegalicia\/","article_published_time":"2017-02-08T16:30:04+00:00","author":"Super User","twitter_card":"summary_large_image","twitter_creator":"@ppdegalicia","twitter_site":"@ppdegalicia","twitter_misc":{"Escrito por":"Super User","Tiempo de lectura":"2 minutos"},"schema":{"@context":"https:\/\/schema.org","@graph":[{"@type":"Article","@id":"https:\/\/ppdegalicia.com\/es\/o-parlamento-insta-ao-concello-de-ponte-caldelas-a-evitar-o-peche-do-centro-de-informacion-a-muller\/#article","isPartOf":{"@id":"https:\/\/ppdegalicia.com\/es\/o-parlamento-insta-ao-concello-de-ponte-caldelas-a-evitar-o-peche-do-centro-de-informacion-a-muller\/"},"author":{"name":"Super User","@id":"https:\/\/ppdegalicia.com\/es\/#\/schema\/person\/d0f013b8388c980665d44009ab762960"},"headline":"O Parlamento insta ao Concello de Ponte Caldelas a evitar o peche do Centro de Informaci\u00f3n \u00e1 Muller","datePublished":"2017-02-08T16:30:04+00:00","mainEntityOfPage":{"@id":"https:\/\/ppdegalicia.com\/es\/o-parlamento-insta-ao-concello-de-ponte-caldelas-a-evitar-o-peche-do-centro-de-informacion-a-muller\/"},"wordCount":408,"commentCount":0,"publisher":{"@id":"https:\/\/ppdegalicia.com\/es\/#organization"},"articleSection":["PP de Galicia"],"inLanguage":"es","potentialAction":[{"@type":"CommentAction","name":"Comment","target":["https:\/\/ppdegalicia.com\/es\/o-parlamento-insta-ao-concello-de-ponte-caldelas-a-evitar-o-peche-do-centro-de-informacion-a-muller\/#respond"]}]},{"@type":"WebPage","@id":"https:\/\/ppdegalicia.com\/es\/o-parlamento-insta-ao-concello-de-ponte-caldelas-a-evitar-o-peche-do-centro-de-informacion-a-muller\/","url":"https:\/\/ppdegalicia.com\/es\/o-parlamento-insta-ao-concello-de-ponte-caldelas-a-evitar-o-peche-do-centro-de-informacion-a-muller\/","name":"O Parlamento insta ao Concello de Ponte Caldelas a evitar o peche do Centro de Informaci\u00f3n \u00e1 Muller - PP de Galicia","isPartOf":{"@id":"https:\/\/ppdegalicia.com\/es\/#website"},"datePublished":"2017-02-08T16:30:04+00:00","breadcrumb":{"@id":"https:\/\/ppdegalicia.com\/es\/o-parlamento-insta-ao-concello-de-ponte-caldelas-a-evitar-o-peche-do-centro-de-informacion-a-muller\/#breadcrumb"},"inLanguage":"es","potentialAction":[{"@type":"ReadAction","target":["https:\/\/ppdegalicia.com\/es\/o-parlamento-insta-ao-concello-de-ponte-caldelas-a-evitar-o-peche-do-centro-de-informacion-a-muller\/"]}]},{"@type":"BreadcrumbList","@id":"https:\/\/ppdegalicia.com\/es\/o-parlamento-insta-ao-concello-de-ponte-caldelas-a-evitar-o-peche-do-centro-de-informacion-a-muller\/#breadcrumb","itemListElement":[{"@type":"ListItem","position":1,"name":"Portada","item":"https:\/\/ppdegalicia.com\/es\/"},{"@type":"ListItem","position":2,"name":"O Parlamento insta ao Concello de Ponte Caldelas a evitar o peche do Centro de Informaci\u00f3n \u00e1 Muller"}]},{"@type":"WebSite","@id":"https:\/\/ppdegalicia.com\/es\/#website","url":"https:\/\/ppdegalicia.com\/es\/","name":"Partido Popular de Galicia","description":"Partido Popular de Galicia","publisher":{"@id":"https:\/\/ppdegalicia.com\/es\/#organization"},"alternateName":"PP de Galicia","potentialAction":[{"@type":"SearchAction","target":{"@type":"EntryPoint","urlTemplate":"https:\/\/ppdegalicia.com\/es\/?s={search_term_string}"},"query-input":{"@type":"PropertyValueSpecification","valueRequired":true,"valueName":"search_term_string"}}],"inLanguage":"es"},{"@type":"Organization","@id":"https:\/\/ppdegalicia.com\/es\/#organization","name":"Partido Popular de Galicia","alternateName":"PP de Galicia","url":"https:\/\/ppdegalicia.com\/es\/","logo":{"@type":"ImageObject","inLanguage":"es","@id":"https:\/\/ppdegalicia.com\/es\/#\/schema\/logo\/image\/","url":"https:\/\/ppdegalicia.com\/wp-content\/uploads\/2023\/04\/logoPP512.png","contentUrl":"https:\/\/ppdegalicia.com\/wp-content\/uploads\/2023\/04\/logoPP512.png","width":512,"height":512,"caption":"Partido Popular de Galicia"},"image":{"@id":"https:\/\/ppdegalicia.com\/es\/#\/schema\/logo\/image\/"},"sameAs":["https:\/\/www.instagram.com\/ppdegalicia\/","https:\/\/x.com\/ppdegalicia","https:\/\/www.tiktok.com\/@ppdegalicia","https:\/\/www.youtube.com\/user\/ppdegalicia"]},{"@type":"Person","@id":"https:\/\/ppdegalicia.com\/es\/#\/schema\/person\/d0f013b8388c980665d44009ab762960","name":"Super User","image":{"@type":"ImageObject","inLanguage":"es","@id":"https:\/\/secure.gravatar.com\/avatar\/1db852625ef4948f58d2739bfbc51e4b9bd5c93b8fa340b59fdb594ca0845645?s=96&d=mm&r=g","url":"https:\/\/secure.gravatar.com\/avatar\/1db852625ef4948f58d2739bfbc51e4b9bd5c93b8fa340b59fdb594ca0845645?s=96&d=mm&r=g","contentUrl":"https:\/\/secure.gravatar.com\/avatar\/1db852625ef4948f58d2739bfbc51e4b9bd5c93b8fa340b59fdb594ca0845645?s=96&d=mm&r=g","caption":"Super User"},"url":"https:\/\/ppdegalicia.com\/es\/author\/ppdegaliciagestion\/"}]}},"_links":{"self":[{"href":"https:\/\/ppdegalicia.com\/es\/wp-json\/wp\/v2\/posts\/53350","targetHints":{"allow":["GET"]}}],"collection":[{"href":"https:\/\/ppdegalicia.com\/es\/wp-json\/wp\/v2\/posts"}],"about":[{"href":"https:\/\/ppdegalicia.com\/es\/wp-json\/wp\/v2\/types\/post"}],"author":[{"embeddable":true,"href":"https:\/\/ppdegalicia.com\/es\/wp-json\/wp\/v2\/users\/37"}],"replies":[{"embeddable":true,"href":"https:\/\/ppdegalicia.com\/es\/wp-json\/wp\/v2\/comments?post=53350"}],"version-history":[{"count":0,"href":"https:\/\/ppdegalicia.com\/es\/wp-json\/wp\/v2\/posts\/53350\/revisions"}],"wp:attachment":[{"href":"https:\/\/ppdegalicia.com\/es\/wp-json\/wp\/v2\/media?parent=53350"}],"wp:term":[{"taxonomy":"category","embeddable":true,"href":"https:\/\/ppdegalicia.com\/es\/wp-json\/wp\/v2\/categories?post=53350"},{"taxonomy":"post_tag","embeddable":true,"href":"https:\/\/ppdegalicia.com\/es\/wp-json\/wp\/v2\/tags?post=53350"}],"curies":[{"name":"wp","href":"https:\/\/api.w.org\/{rel}","templated":true}]}}