{"id":53352,"date":"2017-02-09T09:24:21","date_gmt":"2017-02-09T07:24:21","guid":{"rendered":"https:\/\/ppdegalicia.com\/o-gpp-avoga-porque-os-produtores-do-leite-tenan-unhas-estruturas-amplas-e-operativas-para-negociar-en-conxunto-e-ter-maior-forza\/"},"modified":"2017-02-09T09:24:21","modified_gmt":"2017-02-09T07:24:21","slug":"o-gpp-avoga-porque-os-produtores-do-leite-tenan-unhas-estruturas-amplas-e-operativas-para-negociar-en-conxunto-e-ter-maior-forza","status":"publish","type":"post","link":"https:\/\/ppdegalicia.com\/es\/o-gpp-avoga-porque-os-produtores-do-leite-tenan-unhas-estruturas-amplas-e-operativas-para-negociar-en-conxunto-e-ter-maior-forza\/","title":{"rendered":"O GPP avoga porque os produtores do leite te\u00f1an unhas estruturas amplas e operativas para negociar en conxunto e ter maior forza"},"content":{"rendered":"<p>Santiago, 7 de febreiro de 2017.- O portavoz do Medio Rural do Grupo Popular, Jos\u00e9 Gonz\u00e1lez, avogou hoxe porque os produtores de leite \u201cte\u00f1an unhas estruturas asociativas amplas e operativas, que sexan quen de desenvolver a s\u00faa funci\u00f3n negociadora de todo o leite producido polos seus socios e posicionarse cunha maior forza fronte aos primeiros compradores\u201d.<\/p>\n<p><!--more--><\/p>\n<p>Jos\u00e9 Gonz\u00e1lez incidiu en que \u201co sector l\u00e1cteo segue a ser o motor da agricultura e a gander\u00eda galega e, a pesar da situaci\u00f3n dos \u00faltimos anos, ten inquedanza en mellorar as s\u00faas estruturas produtivas para organizarse, agruparse e ser cada d\u00eda m\u00e1is competitivos\u201d. Neste sentido, dirixiuse aos grupos da oposici\u00f3n para sinalar que \u201cno apoio ao sector sempre nos van a encontrar, pero non para que votemos moci\u00f3ns ou propostas que non favorecen aos nosos gandeiros e que o \u00fanico que buscan \u00e9 facer propaganda, propo\u00f1er medidas que saben que non se poden implantar ou buscar os titulares f\u00e1ciles sen facer plantexamentos destinados a solucionar os problemas do sector\u201d.<\/p>\n<p>&nbsp;<\/p>\n<p>\u201cO Grupo Popular defende un rural no que exista unha produci\u00f3n agrogandeira de calidade, con prezos que permitan que o valor engadido chegue a todos os que forman parte da cadea de produci\u00f3n\u201d, afirmou o portavoz popular, quen engadiu \u201co importante \u00e9 o valor engadido e a rendibilidade das explotaci\u00f3ns\u201d.<\/p>\n<p>&nbsp;<\/p>\n<p><strong>SEN POSICI\u00d3NS INTERVENCIONISTAS<\/strong><\/p>\n<p>&nbsp;<\/p>\n<p>Na s\u00faa intervenci\u00f3n, Gonz\u00e1lez manifestou que \u201ctemos que afrontar a problem\u00e1tica da rendibilidade sen adoptar posici\u00f3ns intervencionistas que non casan coa normativa europea e que non poden ser adoptadas por ning\u00fan dos pa\u00edses do noso entorno\u201d.<\/p>\n<p>&nbsp;<\/p>\n<p>Respecto do prezo do leite, o portavoz popular explicou que \u201cest\u00e1 condicionado pola volatilidade dos mercados e moi influ\u00eddo por diversos factores do mercado internacional\u201d. \u201cNo caso concreto de Galicia, c\u00f3mpre ter en conta tam\u00e9n as especiais condici\u00f3ns do noso territorio, cunha distribuci\u00f3n moi dispersa das explotaci\u00f3ns, que dificulta e encarece a recollida do leite\u201d, engadiu.<\/p>\n<p>&nbsp;<\/p>\n<p>\u201cO Goberno galego non pode impo\u00f1er o prezo do leite, ten que manter unha postura neutral, tal como lle advertiron as autoridades da Competencia a nivel europeo\u201d, lembrou.<\/p>\n","protected":false},"excerpt":{"rendered":"<p>Santiago, 7 de febreiro de 2017.- O portavoz do Medio Rural do Grupo Popular, Jos\u00e9 Gonz\u00e1lez, avogou hoxe porque os produtores de leite \u201cte\u00f1an unhas estruturas asociativas amplas e operativas, que sexan quen de desenvolver a s\u00faa funci\u00f3n negociadora de todo o leite producido polos seus socios e posicionarse cunha maior forza fronte aos primeiros [&hellip;]<\/p>\n","protected":false},"author":37,"featured_media":0,"comment_status":"open","ping_status":"open","sticky":false,"template":"","format":"standard","meta":{"_acf_changed":false,"footnotes":""},"categories":[1],"tags":[],"class_list":["post-53352","post","type-post","status-publish","format-standard","hentry","category-pp-de-galicia"],"acf":[],"yoast_head":"<!-- This site is optimized with the Yoast SEO plugin v27.3 - https:\/\/yoast.com\/product\/yoast-seo-wordpress\/ -->\n<title>O GPP avoga porque os produtores do leite te\u00f1an unhas estruturas amplas e operativas para negociar en conxunto e ter maior forza - PP de Galicia<\/title>\n<meta name=\"robots\" content=\"index, follow, max-snippet:-1, max-image-preview:large, max-video-preview:-1\" \/>\n<link rel=\"canonical\" href=\"https:\/\/ppdegalicia.com\/es\/o-gpp-avoga-porque-os-produtores-do-leite-tenan-unhas-estruturas-amplas-e-operativas-para-negociar-en-conxunto-e-ter-maior-forza\/\" \/>\n<meta property=\"og:locale\" content=\"es_ES\" \/>\n<meta property=\"og:type\" content=\"article\" \/>\n<meta property=\"og:title\" content=\"O GPP avoga porque os produtores do leite te\u00f1an unhas estruturas amplas e operativas para negociar en conxunto e ter maior forza - PP de Galicia\" \/>\n<meta property=\"og:description\" content=\"Santiago, 7 de febreiro de 2017.- O portavoz do Medio Rural do Grupo Popular, Jos\u00e9 Gonz\u00e1lez, avogou hoxe porque os produtores de leite \u201cte\u00f1an unhas estruturas asociativas amplas e operativas, que sexan quen de desenvolver a s\u00faa funci\u00f3n negociadora de todo o leite producido polos seus socios e posicionarse cunha maior forza fronte aos primeiros [&hellip;]\" \/>\n<meta property=\"og:url\" content=\"https:\/\/ppdegalicia.com\/es\/o-gpp-avoga-porque-os-produtores-do-leite-tenan-unhas-estruturas-amplas-e-operativas-para-negociar-en-conxunto-e-ter-maior-forza\/\" \/>\n<meta property=\"og:site_name\" content=\"PP de Galicia\" \/>\n<meta property=\"article:publisher\" content=\"https:\/\/www.instagram.com\/ppdegalicia\/\" \/>\n<meta property=\"article:published_time\" content=\"2017-02-09T07:24:21+00:00\" \/>\n<meta name=\"author\" content=\"Super User\" \/>\n<meta name=\"twitter:card\" content=\"summary_large_image\" \/>\n<meta name=\"twitter:creator\" content=\"@ppdegalicia\" \/>\n<meta name=\"twitter:site\" content=\"@ppdegalicia\" \/>\n<meta name=\"twitter:label1\" content=\"Escrito por\" \/>\n\t<meta name=\"twitter:data1\" content=\"Super User\" \/>\n\t<meta name=\"twitter:label2\" content=\"Tiempo de lectura\" \/>\n\t<meta name=\"twitter:data2\" content=\"2 minutos\" \/>\n<script type=\"application\/ld+json\" class=\"yoast-schema-graph\">{\"@context\":\"https:\\\/\\\/schema.org\",\"@graph\":[{\"@type\":\"Article\",\"@id\":\"https:\\\/\\\/ppdegalicia.com\\\/es\\\/o-gpp-avoga-porque-os-produtores-do-leite-tenan-unhas-estruturas-amplas-e-operativas-para-negociar-en-conxunto-e-ter-maior-forza\\\/#article\",\"isPartOf\":{\"@id\":\"https:\\\/\\\/ppdegalicia.com\\\/es\\\/o-gpp-avoga-porque-os-produtores-do-leite-tenan-unhas-estruturas-amplas-e-operativas-para-negociar-en-conxunto-e-ter-maior-forza\\\/\"},\"author\":{\"name\":\"Super User\",\"@id\":\"https:\\\/\\\/ppdegalicia.com\\\/es\\\/#\\\/schema\\\/person\\\/d0f013b8388c980665d44009ab762960\"},\"headline\":\"O GPP avoga porque os produtores do leite te\u00f1an unhas estruturas amplas e operativas para negociar en conxunto e ter maior forza\",\"datePublished\":\"2017-02-09T07:24:21+00:00\",\"mainEntityOfPage\":{\"@id\":\"https:\\\/\\\/ppdegalicia.com\\\/es\\\/o-gpp-avoga-porque-os-produtores-do-leite-tenan-unhas-estruturas-amplas-e-operativas-para-negociar-en-conxunto-e-ter-maior-forza\\\/\"},\"wordCount\":397,\"commentCount\":0,\"publisher\":{\"@id\":\"https:\\\/\\\/ppdegalicia.com\\\/es\\\/#organization\"},\"articleSection\":[\"PP de Galicia\"],\"inLanguage\":\"es\",\"potentialAction\":[{\"@type\":\"CommentAction\",\"name\":\"Comment\",\"target\":[\"https:\\\/\\\/ppdegalicia.com\\\/es\\\/o-gpp-avoga-porque-os-produtores-do-leite-tenan-unhas-estruturas-amplas-e-operativas-para-negociar-en-conxunto-e-ter-maior-forza\\\/#respond\"]}]},{\"@type\":\"WebPage\",\"@id\":\"https:\\\/\\\/ppdegalicia.com\\\/es\\\/o-gpp-avoga-porque-os-produtores-do-leite-tenan-unhas-estruturas-amplas-e-operativas-para-negociar-en-conxunto-e-ter-maior-forza\\\/\",\"url\":\"https:\\\/\\\/ppdegalicia.com\\\/es\\\/o-gpp-avoga-porque-os-produtores-do-leite-tenan-unhas-estruturas-amplas-e-operativas-para-negociar-en-conxunto-e-ter-maior-forza\\\/\",\"name\":\"O GPP avoga porque os produtores do leite te\u00f1an unhas estruturas amplas e operativas para negociar en conxunto e ter maior forza - PP de Galicia\",\"isPartOf\":{\"@id\":\"https:\\\/\\\/ppdegalicia.com\\\/es\\\/#website\"},\"datePublished\":\"2017-02-09T07:24:21+00:00\",\"breadcrumb\":{\"@id\":\"https:\\\/\\\/ppdegalicia.com\\\/es\\\/o-gpp-avoga-porque-os-produtores-do-leite-tenan-unhas-estruturas-amplas-e-operativas-para-negociar-en-conxunto-e-ter-maior-forza\\\/#breadcrumb\"},\"inLanguage\":\"es\",\"potentialAction\":[{\"@type\":\"ReadAction\",\"target\":[\"https:\\\/\\\/ppdegalicia.com\\\/es\\\/o-gpp-avoga-porque-os-produtores-do-leite-tenan-unhas-estruturas-amplas-e-operativas-para-negociar-en-conxunto-e-ter-maior-forza\\\/\"]}]},{\"@type\":\"BreadcrumbList\",\"@id\":\"https:\\\/\\\/ppdegalicia.com\\\/es\\\/o-gpp-avoga-porque-os-produtores-do-leite-tenan-unhas-estruturas-amplas-e-operativas-para-negociar-en-conxunto-e-ter-maior-forza\\\/#breadcrumb\",\"itemListElement\":[{\"@type\":\"ListItem\",\"position\":1,\"name\":\"Portada\",\"item\":\"https:\\\/\\\/ppdegalicia.com\\\/es\\\/\"},{\"@type\":\"ListItem\",\"position\":2,\"name\":\"O GPP avoga porque os produtores do leite te\u00f1an unhas estruturas amplas e operativas para negociar en conxunto e ter maior forza\"}]},{\"@type\":\"WebSite\",\"@id\":\"https:\\\/\\\/ppdegalicia.com\\\/es\\\/#website\",\"url\":\"https:\\\/\\\/ppdegalicia.com\\\/es\\\/\",\"name\":\"Partido Popular de Galicia\",\"description\":\"Partido Popular de Galicia\",\"publisher\":{\"@id\":\"https:\\\/\\\/ppdegalicia.com\\\/es\\\/#organization\"},\"alternateName\":\"PP de Galicia\",\"potentialAction\":[{\"@type\":\"SearchAction\",\"target\":{\"@type\":\"EntryPoint\",\"urlTemplate\":\"https:\\\/\\\/ppdegalicia.com\\\/es\\\/?s={search_term_string}\"},\"query-input\":{\"@type\":\"PropertyValueSpecification\",\"valueRequired\":true,\"valueName\":\"search_term_string\"}}],\"inLanguage\":\"es\"},{\"@type\":\"Organization\",\"@id\":\"https:\\\/\\\/ppdegalicia.com\\\/es\\\/#organization\",\"name\":\"Partido Popular de Galicia\",\"alternateName\":\"PP de Galicia\",\"url\":\"https:\\\/\\\/ppdegalicia.com\\\/es\\\/\",\"logo\":{\"@type\":\"ImageObject\",\"inLanguage\":\"es\",\"@id\":\"https:\\\/\\\/ppdegalicia.com\\\/es\\\/#\\\/schema\\\/logo\\\/image\\\/\",\"url\":\"https:\\\/\\\/ppdegalicia.com\\\/wp-content\\\/uploads\\\/2023\\\/04\\\/logoPP512.png\",\"contentUrl\":\"https:\\\/\\\/ppdegalicia.com\\\/wp-content\\\/uploads\\\/2023\\\/04\\\/logoPP512.png\",\"width\":512,\"height\":512,\"caption\":\"Partido Popular de Galicia\"},\"image\":{\"@id\":\"https:\\\/\\\/ppdegalicia.com\\\/es\\\/#\\\/schema\\\/logo\\\/image\\\/\"},\"sameAs\":[\"https:\\\/\\\/www.instagram.com\\\/ppdegalicia\\\/\",\"https:\\\/\\\/x.com\\\/ppdegalicia\",\"https:\\\/\\\/www.tiktok.com\\\/@ppdegalicia\",\"https:\\\/\\\/www.youtube.com\\\/user\\\/ppdegalicia\"]},{\"@type\":\"Person\",\"@id\":\"https:\\\/\\\/ppdegalicia.com\\\/es\\\/#\\\/schema\\\/person\\\/d0f013b8388c980665d44009ab762960\",\"name\":\"Super User\",\"image\":{\"@type\":\"ImageObject\",\"inLanguage\":\"es\",\"@id\":\"https:\\\/\\\/secure.gravatar.com\\\/avatar\\\/1db852625ef4948f58d2739bfbc51e4b9bd5c93b8fa340b59fdb594ca0845645?s=96&d=mm&r=g\",\"url\":\"https:\\\/\\\/secure.gravatar.com\\\/avatar\\\/1db852625ef4948f58d2739bfbc51e4b9bd5c93b8fa340b59fdb594ca0845645?s=96&d=mm&r=g\",\"contentUrl\":\"https:\\\/\\\/secure.gravatar.com\\\/avatar\\\/1db852625ef4948f58d2739bfbc51e4b9bd5c93b8fa340b59fdb594ca0845645?s=96&d=mm&r=g\",\"caption\":\"Super User\"},\"url\":\"https:\\\/\\\/ppdegalicia.com\\\/es\\\/author\\\/ppdegaliciagestion\\\/\"}]}<\/script>\n<!-- \/ Yoast SEO plugin. -->","yoast_head_json":{"title":"O GPP avoga porque os produtores do leite te\u00f1an unhas estruturas amplas e operativas para negociar en conxunto e ter maior forza - PP de Galicia","robots":{"index":"index","follow":"follow","max-snippet":"max-snippet:-1","max-image-preview":"max-image-preview:large","max-video-preview":"max-video-preview:-1"},"canonical":"https:\/\/ppdegalicia.com\/es\/o-gpp-avoga-porque-os-produtores-do-leite-tenan-unhas-estruturas-amplas-e-operativas-para-negociar-en-conxunto-e-ter-maior-forza\/","og_locale":"es_ES","og_type":"article","og_title":"O GPP avoga porque os produtores do leite te\u00f1an unhas estruturas amplas e operativas para negociar en conxunto e ter maior forza - PP de Galicia","og_description":"Santiago, 7 de febreiro de 2017.- O portavoz do Medio Rural do Grupo Popular, Jos\u00e9 Gonz\u00e1lez, avogou hoxe porque os produtores de leite \u201cte\u00f1an unhas estruturas asociativas amplas e operativas, que sexan quen de desenvolver a s\u00faa funci\u00f3n negociadora de todo o leite producido polos seus socios e posicionarse cunha maior forza fronte aos primeiros [&hellip;]","og_url":"https:\/\/ppdegalicia.com\/es\/o-gpp-avoga-porque-os-produtores-do-leite-tenan-unhas-estruturas-amplas-e-operativas-para-negociar-en-conxunto-e-ter-maior-forza\/","og_site_name":"PP de Galicia","article_publisher":"https:\/\/www.instagram.com\/ppdegalicia\/","article_published_time":"2017-02-09T07:24:21+00:00","author":"Super User","twitter_card":"summary_large_image","twitter_creator":"@ppdegalicia","twitter_site":"@ppdegalicia","twitter_misc":{"Escrito por":"Super User","Tiempo de lectura":"2 minutos"},"schema":{"@context":"https:\/\/schema.org","@graph":[{"@type":"Article","@id":"https:\/\/ppdegalicia.com\/es\/o-gpp-avoga-porque-os-produtores-do-leite-tenan-unhas-estruturas-amplas-e-operativas-para-negociar-en-conxunto-e-ter-maior-forza\/#article","isPartOf":{"@id":"https:\/\/ppdegalicia.com\/es\/o-gpp-avoga-porque-os-produtores-do-leite-tenan-unhas-estruturas-amplas-e-operativas-para-negociar-en-conxunto-e-ter-maior-forza\/"},"author":{"name":"Super User","@id":"https:\/\/ppdegalicia.com\/es\/#\/schema\/person\/d0f013b8388c980665d44009ab762960"},"headline":"O GPP avoga porque os produtores do leite te\u00f1an unhas estruturas amplas e operativas para negociar en conxunto e ter maior forza","datePublished":"2017-02-09T07:24:21+00:00","mainEntityOfPage":{"@id":"https:\/\/ppdegalicia.com\/es\/o-gpp-avoga-porque-os-produtores-do-leite-tenan-unhas-estruturas-amplas-e-operativas-para-negociar-en-conxunto-e-ter-maior-forza\/"},"wordCount":397,"commentCount":0,"publisher":{"@id":"https:\/\/ppdegalicia.com\/es\/#organization"},"articleSection":["PP de Galicia"],"inLanguage":"es","potentialAction":[{"@type":"CommentAction","name":"Comment","target":["https:\/\/ppdegalicia.com\/es\/o-gpp-avoga-porque-os-produtores-do-leite-tenan-unhas-estruturas-amplas-e-operativas-para-negociar-en-conxunto-e-ter-maior-forza\/#respond"]}]},{"@type":"WebPage","@id":"https:\/\/ppdegalicia.com\/es\/o-gpp-avoga-porque-os-produtores-do-leite-tenan-unhas-estruturas-amplas-e-operativas-para-negociar-en-conxunto-e-ter-maior-forza\/","url":"https:\/\/ppdegalicia.com\/es\/o-gpp-avoga-porque-os-produtores-do-leite-tenan-unhas-estruturas-amplas-e-operativas-para-negociar-en-conxunto-e-ter-maior-forza\/","name":"O GPP avoga porque os produtores do leite te\u00f1an unhas estruturas amplas e operativas para negociar en conxunto e ter maior forza - PP de Galicia","isPartOf":{"@id":"https:\/\/ppdegalicia.com\/es\/#website"},"datePublished":"2017-02-09T07:24:21+00:00","breadcrumb":{"@id":"https:\/\/ppdegalicia.com\/es\/o-gpp-avoga-porque-os-produtores-do-leite-tenan-unhas-estruturas-amplas-e-operativas-para-negociar-en-conxunto-e-ter-maior-forza\/#breadcrumb"},"inLanguage":"es","potentialAction":[{"@type":"ReadAction","target":["https:\/\/ppdegalicia.com\/es\/o-gpp-avoga-porque-os-produtores-do-leite-tenan-unhas-estruturas-amplas-e-operativas-para-negociar-en-conxunto-e-ter-maior-forza\/"]}]},{"@type":"BreadcrumbList","@id":"https:\/\/ppdegalicia.com\/es\/o-gpp-avoga-porque-os-produtores-do-leite-tenan-unhas-estruturas-amplas-e-operativas-para-negociar-en-conxunto-e-ter-maior-forza\/#breadcrumb","itemListElement":[{"@type":"ListItem","position":1,"name":"Portada","item":"https:\/\/ppdegalicia.com\/es\/"},{"@type":"ListItem","position":2,"name":"O GPP avoga porque os produtores do leite te\u00f1an unhas estruturas amplas e operativas para negociar en conxunto e ter maior forza"}]},{"@type":"WebSite","@id":"https:\/\/ppdegalicia.com\/es\/#website","url":"https:\/\/ppdegalicia.com\/es\/","name":"Partido Popular de Galicia","description":"Partido Popular de Galicia","publisher":{"@id":"https:\/\/ppdegalicia.com\/es\/#organization"},"alternateName":"PP de Galicia","potentialAction":[{"@type":"SearchAction","target":{"@type":"EntryPoint","urlTemplate":"https:\/\/ppdegalicia.com\/es\/?s={search_term_string}"},"query-input":{"@type":"PropertyValueSpecification","valueRequired":true,"valueName":"search_term_string"}}],"inLanguage":"es"},{"@type":"Organization","@id":"https:\/\/ppdegalicia.com\/es\/#organization","name":"Partido Popular de Galicia","alternateName":"PP de Galicia","url":"https:\/\/ppdegalicia.com\/es\/","logo":{"@type":"ImageObject","inLanguage":"es","@id":"https:\/\/ppdegalicia.com\/es\/#\/schema\/logo\/image\/","url":"https:\/\/ppdegalicia.com\/wp-content\/uploads\/2023\/04\/logoPP512.png","contentUrl":"https:\/\/ppdegalicia.com\/wp-content\/uploads\/2023\/04\/logoPP512.png","width":512,"height":512,"caption":"Partido Popular de Galicia"},"image":{"@id":"https:\/\/ppdegalicia.com\/es\/#\/schema\/logo\/image\/"},"sameAs":["https:\/\/www.instagram.com\/ppdegalicia\/","https:\/\/x.com\/ppdegalicia","https:\/\/www.tiktok.com\/@ppdegalicia","https:\/\/www.youtube.com\/user\/ppdegalicia"]},{"@type":"Person","@id":"https:\/\/ppdegalicia.com\/es\/#\/schema\/person\/d0f013b8388c980665d44009ab762960","name":"Super User","image":{"@type":"ImageObject","inLanguage":"es","@id":"https:\/\/secure.gravatar.com\/avatar\/1db852625ef4948f58d2739bfbc51e4b9bd5c93b8fa340b59fdb594ca0845645?s=96&d=mm&r=g","url":"https:\/\/secure.gravatar.com\/avatar\/1db852625ef4948f58d2739bfbc51e4b9bd5c93b8fa340b59fdb594ca0845645?s=96&d=mm&r=g","contentUrl":"https:\/\/secure.gravatar.com\/avatar\/1db852625ef4948f58d2739bfbc51e4b9bd5c93b8fa340b59fdb594ca0845645?s=96&d=mm&r=g","caption":"Super User"},"url":"https:\/\/ppdegalicia.com\/es\/author\/ppdegaliciagestion\/"}]}},"_links":{"self":[{"href":"https:\/\/ppdegalicia.com\/es\/wp-json\/wp\/v2\/posts\/53352","targetHints":{"allow":["GET"]}}],"collection":[{"href":"https:\/\/ppdegalicia.com\/es\/wp-json\/wp\/v2\/posts"}],"about":[{"href":"https:\/\/ppdegalicia.com\/es\/wp-json\/wp\/v2\/types\/post"}],"author":[{"embeddable":true,"href":"https:\/\/ppdegalicia.com\/es\/wp-json\/wp\/v2\/users\/37"}],"replies":[{"embeddable":true,"href":"https:\/\/ppdegalicia.com\/es\/wp-json\/wp\/v2\/comments?post=53352"}],"version-history":[{"count":0,"href":"https:\/\/ppdegalicia.com\/es\/wp-json\/wp\/v2\/posts\/53352\/revisions"}],"wp:attachment":[{"href":"https:\/\/ppdegalicia.com\/es\/wp-json\/wp\/v2\/media?parent=53352"}],"wp:term":[{"taxonomy":"category","embeddable":true,"href":"https:\/\/ppdegalicia.com\/es\/wp-json\/wp\/v2\/categories?post=53352"},{"taxonomy":"post_tag","embeddable":true,"href":"https:\/\/ppdegalicia.com\/es\/wp-json\/wp\/v2\/tags?post=53352"}],"curies":[{"name":"wp","href":"https:\/\/api.w.org\/{rel}","templated":true}]}}