{"id":53367,"date":"2017-02-14T15:36:44","date_gmt":"2017-02-14T13:36:44","guid":{"rendered":"https:\/\/ppdegalicia.com\/o-gpp-defendera-no-pleno-que-a-xunta-elabore-un-informe-sobre-os-impactos-do-brexit-na-economia-galega\/"},"modified":"2017-02-14T15:36:44","modified_gmt":"2017-02-14T13:36:44","slug":"o-gpp-defendera-no-pleno-que-a-xunta-elabore-un-informe-sobre-os-impactos-do-brexit-na-economia-galega","status":"publish","type":"post","link":"https:\/\/ppdegalicia.com\/es\/o-gpp-defendera-no-pleno-que-a-xunta-elabore-un-informe-sobre-os-impactos-do-brexit-na-economia-galega\/","title":{"rendered":"O GPP defender\u00e1 no pleno que a Xunta elabore un informe sobre os impactos do Brexit na econom\u00eda galega"},"content":{"rendered":"<p>Santiago, 14 de febreiro de 2017.- O Grupo Popular defender\u00e1 no Pleno da vindeira semana que a Xunta elabore, coa participaci\u00f3n do Consello de Acci\u00f3n Exterior, un informe sobre os posibles impactos do Brexit na econom\u00eda galega e nos seus sectores produtivos. As\u00ed mesmo, demandarase ao Goberno galego a consolidaci\u00f3n das casas-ni\u00f1o para que todos os concellos de Galicia te\u00f1an recursos de conciliaci\u00f3n no ano 2020.<\/p>\n<p><!--more--><\/p>\n<p>Ao remate da Xunta de Portavoces, o viceportavoz do Grupo Popular, Miguel Tellado, fixo un balance da orde do d\u00eda da sesi\u00f3n plenaria que se celebrar\u00e1 a vindeira semana, na que 25 dos 31 puntos que incorpora son a iniciativa da oposici\u00f3n.<\/p>\n<p>&nbsp;<\/p>\n<p><strong>CUARTO DEBATE SOBRE ANGROIS<\/strong><\/p>\n<p>&nbsp;<\/p>\n<p>Tellado explicou que o Grupo Popular aceptou que \u201cpor cuarta vez se debata sobre a constituci\u00f3n dunha comisi\u00f3n de investigaci\u00f3n sobre o accidente de Angrois. \u201cAceptamos todos os debates pero reiteramos os argumentos que xa temos defendido nesta C\u00e1mara sobre por que entendemos que este non \u00e9 o foro adecuado\u201d, indicou.<\/p>\n<p>&nbsp;<\/p>\n<p>Ademais, lembrou que o Regulamento do Parlamento recolle a posibilidade de que un terzo dos deputados pidan e aproben a apertura dunha Comisi\u00f3n de Investigaci\u00f3n, polo que \u201cse os grupos da oposici\u00f3n queren abrir esta comisi\u00f3n de investigaci\u00f3n non precisan do apoio do Grupo Popular e poder\u00edan facelo cos seus propios votos\u201d.<\/p>\n<p>&nbsp;<\/p>\n<p>O Pleno do Parlamento incorpora tam\u00e9n a comparecencia de dous conselleiros para continuar co paso polo Parlamento de responsables do Goberno galego para dar conta dos obxectivos dos seus departamentos. En concreto, nesta sesi\u00f3n comparecer\u00e1n o conselleiro de&nbsp; Econom\u00eda, Emprego e Industria, e o de Sanidade, \u00e1 que se acumula unha solicitude da oposici\u00f3n para que informe dos feitos que se produciron recentemente na Unidade Psiqui\u00e1trica do Hospital de Conxo.<\/p>\n<p>&nbsp;<\/p>\n<p><strong>BREXIT E CASAS-NI\u00d1O<\/strong><\/p>\n<p>&nbsp;<\/p>\n<p>O Grupo Popular defender\u00e1 nesta sesi\u00f3n plenaria d\u00faas proposici\u00f3ns non de lei. A primeira, insta \u00e1 Xunta a elaborar, coa participaci\u00f3n do Consello de Acci\u00f3n Exterior de Galicia, un informe sobre os posibles impactos do Brexit na econom\u00eda galega e nos seus sectores produtivos. O obxectivo \u00e9 que este documento faga un diagn\u00f3stico das oportunidades e ameazas derivadas da sa\u00edda do Reino Unido da Uni\u00f3n Europea, contemplando ademais os distintos escenarios temporais e ritmos de aplicaci\u00f3n da normativa da Uni\u00f3n Europea.<\/p>\n<p>&nbsp;<\/p>\n<p>A segunda proposici\u00f3n non de lei ten como obxectivo que a Xunta consolide as casas-ni\u00f1o nos concellos rurais galegos, de xeito que no ano 2020 todos os municipios galegos dispo\u00f1an de recursos de conciliaci\u00f3n que faciliten a fixaci\u00f3n de poboaci\u00f3n no rural e permita a todas as familias galegas compatibilizar a s\u00faa vida familiar e laboral.<\/p>\n<p>&nbsp;<\/p>\n<p>No apartado de preguntas, o Grupo Popular cuestionar\u00e1 ao Goberno galego sobre as actuaci\u00f3ns realizadas e as previsi\u00f3ns de futuro respecto da praga da pataca e respecto da situaci\u00f3n na que se atopa a execuci\u00f3n da nova estaci\u00f3n intermodal no concello de Vigo.<\/p>\n<p>&nbsp;<\/p>\n<p><strong>CONCIENCIA TRANQUILA COS PREFERENTISTAS<\/strong><\/p>\n<p>&nbsp;<\/p>\n<p>Cuestionado sobre a situaci\u00f3n dos afectados polas preferentes, Miguel Tellado lembrou que o Goberno galego foi pioneiro na implantaci\u00f3n da arbitraxe para a resoluci\u00f3n deste conflito e que na actualidade m\u00e1is do 80 por cento dos afectados xa recibiron a totalidade dos seus aforros. \u201cOs que a\u00ednda non recuperaron o seu di\u00f1eiro foron os que acudiron \u00e1 v\u00eda xudicial e est\u00e1n pendentes da resoluci\u00f3n das s\u00faas demandas\u201d, apuntou.<\/p>\n<p>&nbsp;<\/p>\n<p>Tellado afirmou que, tanto o Goberno galego como o Grupo Popular, \u201ctemos a conciencia moi tranquila porque ante un problema que non xeramos n\u00f3s, como foi a estafa dos preferentistas, actuamos con determinaci\u00f3n, mentres outros buscaron a calada pol\u00edtica para ver como se xeraba un conflito contra o Goberno e incluso anim\u00e1banos para que non acudiran \u00e1 v\u00eda da arbitraxe\u201d.<\/p>\n","protected":false},"excerpt":{"rendered":"<p>Santiago, 14 de febreiro de 2017.- O Grupo Popular defender\u00e1 no Pleno da vindeira semana que a Xunta elabore, coa participaci\u00f3n do Consello de Acci\u00f3n Exterior, un informe sobre os posibles impactos do Brexit na econom\u00eda galega e nos seus sectores produtivos. As\u00ed mesmo, demandarase ao Goberno galego a consolidaci\u00f3n das casas-ni\u00f1o para que todos [&hellip;]<\/p>\n","protected":false},"author":37,"featured_media":0,"comment_status":"open","ping_status":"open","sticky":false,"template":"","format":"standard","meta":{"_acf_changed":false,"footnotes":""},"categories":[1],"tags":[],"class_list":["post-53367","post","type-post","status-publish","format-standard","hentry","category-pp-de-galicia"],"acf":[],"yoast_head":"<!-- This site is optimized with the Yoast SEO plugin v27.3 - https:\/\/yoast.com\/product\/yoast-seo-wordpress\/ -->\n<title>O GPP defender\u00e1 no pleno que a Xunta elabore un informe sobre os impactos do Brexit na econom\u00eda galega - PP de Galicia<\/title>\n<meta name=\"robots\" content=\"index, follow, max-snippet:-1, max-image-preview:large, max-video-preview:-1\" \/>\n<link rel=\"canonical\" href=\"https:\/\/ppdegalicia.com\/es\/o-gpp-defendera-no-pleno-que-a-xunta-elabore-un-informe-sobre-os-impactos-do-brexit-na-economia-galega\/\" \/>\n<meta property=\"og:locale\" content=\"es_ES\" \/>\n<meta property=\"og:type\" content=\"article\" \/>\n<meta property=\"og:title\" content=\"O GPP defender\u00e1 no pleno que a Xunta elabore un informe sobre os impactos do Brexit na econom\u00eda galega - PP de Galicia\" \/>\n<meta property=\"og:description\" content=\"Santiago, 14 de febreiro de 2017.- O Grupo Popular defender\u00e1 no Pleno da vindeira semana que a Xunta elabore, coa participaci\u00f3n do Consello de Acci\u00f3n Exterior, un informe sobre os posibles impactos do Brexit na econom\u00eda galega e nos seus sectores produtivos. As\u00ed mesmo, demandarase ao Goberno galego a consolidaci\u00f3n das casas-ni\u00f1o para que todos [&hellip;]\" \/>\n<meta property=\"og:url\" content=\"https:\/\/ppdegalicia.com\/es\/o-gpp-defendera-no-pleno-que-a-xunta-elabore-un-informe-sobre-os-impactos-do-brexit-na-economia-galega\/\" \/>\n<meta property=\"og:site_name\" content=\"PP de Galicia\" \/>\n<meta property=\"article:publisher\" content=\"https:\/\/www.instagram.com\/ppdegalicia\/\" \/>\n<meta property=\"article:published_time\" content=\"2017-02-14T13:36:44+00:00\" \/>\n<meta name=\"author\" content=\"Super User\" \/>\n<meta name=\"twitter:card\" content=\"summary_large_image\" \/>\n<meta name=\"twitter:creator\" content=\"@ppdegalicia\" \/>\n<meta name=\"twitter:site\" content=\"@ppdegalicia\" \/>\n<meta name=\"twitter:label1\" content=\"Escrito por\" \/>\n\t<meta name=\"twitter:data1\" content=\"Super User\" \/>\n\t<meta name=\"twitter:label2\" content=\"Tiempo de lectura\" \/>\n\t<meta name=\"twitter:data2\" content=\"3 minutos\" \/>\n<script type=\"application\/ld+json\" class=\"yoast-schema-graph\">{\"@context\":\"https:\\\/\\\/schema.org\",\"@graph\":[{\"@type\":\"Article\",\"@id\":\"https:\\\/\\\/ppdegalicia.com\\\/es\\\/o-gpp-defendera-no-pleno-que-a-xunta-elabore-un-informe-sobre-os-impactos-do-brexit-na-economia-galega\\\/#article\",\"isPartOf\":{\"@id\":\"https:\\\/\\\/ppdegalicia.com\\\/es\\\/o-gpp-defendera-no-pleno-que-a-xunta-elabore-un-informe-sobre-os-impactos-do-brexit-na-economia-galega\\\/\"},\"author\":{\"name\":\"Super User\",\"@id\":\"https:\\\/\\\/ppdegalicia.com\\\/es\\\/#\\\/schema\\\/person\\\/d0f013b8388c980665d44009ab762960\"},\"headline\":\"O GPP defender\u00e1 no pleno que a Xunta elabore un informe sobre os impactos do Brexit na econom\u00eda galega\",\"datePublished\":\"2017-02-14T13:36:44+00:00\",\"mainEntityOfPage\":{\"@id\":\"https:\\\/\\\/ppdegalicia.com\\\/es\\\/o-gpp-defendera-no-pleno-que-a-xunta-elabore-un-informe-sobre-os-impactos-do-brexit-na-economia-galega\\\/\"},\"wordCount\":685,\"commentCount\":0,\"publisher\":{\"@id\":\"https:\\\/\\\/ppdegalicia.com\\\/es\\\/#organization\"},\"articleSection\":[\"PP de Galicia\"],\"inLanguage\":\"es\",\"potentialAction\":[{\"@type\":\"CommentAction\",\"name\":\"Comment\",\"target\":[\"https:\\\/\\\/ppdegalicia.com\\\/es\\\/o-gpp-defendera-no-pleno-que-a-xunta-elabore-un-informe-sobre-os-impactos-do-brexit-na-economia-galega\\\/#respond\"]}]},{\"@type\":\"WebPage\",\"@id\":\"https:\\\/\\\/ppdegalicia.com\\\/es\\\/o-gpp-defendera-no-pleno-que-a-xunta-elabore-un-informe-sobre-os-impactos-do-brexit-na-economia-galega\\\/\",\"url\":\"https:\\\/\\\/ppdegalicia.com\\\/es\\\/o-gpp-defendera-no-pleno-que-a-xunta-elabore-un-informe-sobre-os-impactos-do-brexit-na-economia-galega\\\/\",\"name\":\"O GPP defender\u00e1 no pleno que a Xunta elabore un informe sobre os impactos do Brexit na econom\u00eda galega - PP de Galicia\",\"isPartOf\":{\"@id\":\"https:\\\/\\\/ppdegalicia.com\\\/es\\\/#website\"},\"datePublished\":\"2017-02-14T13:36:44+00:00\",\"breadcrumb\":{\"@id\":\"https:\\\/\\\/ppdegalicia.com\\\/es\\\/o-gpp-defendera-no-pleno-que-a-xunta-elabore-un-informe-sobre-os-impactos-do-brexit-na-economia-galega\\\/#breadcrumb\"},\"inLanguage\":\"es\",\"potentialAction\":[{\"@type\":\"ReadAction\",\"target\":[\"https:\\\/\\\/ppdegalicia.com\\\/es\\\/o-gpp-defendera-no-pleno-que-a-xunta-elabore-un-informe-sobre-os-impactos-do-brexit-na-economia-galega\\\/\"]}]},{\"@type\":\"BreadcrumbList\",\"@id\":\"https:\\\/\\\/ppdegalicia.com\\\/es\\\/o-gpp-defendera-no-pleno-que-a-xunta-elabore-un-informe-sobre-os-impactos-do-brexit-na-economia-galega\\\/#breadcrumb\",\"itemListElement\":[{\"@type\":\"ListItem\",\"position\":1,\"name\":\"Portada\",\"item\":\"https:\\\/\\\/ppdegalicia.com\\\/es\\\/\"},{\"@type\":\"ListItem\",\"position\":2,\"name\":\"O GPP defender\u00e1 no pleno que a Xunta elabore un informe sobre os impactos do Brexit na econom\u00eda galega\"}]},{\"@type\":\"WebSite\",\"@id\":\"https:\\\/\\\/ppdegalicia.com\\\/es\\\/#website\",\"url\":\"https:\\\/\\\/ppdegalicia.com\\\/es\\\/\",\"name\":\"Partido Popular de Galicia\",\"description\":\"Partido Popular de Galicia\",\"publisher\":{\"@id\":\"https:\\\/\\\/ppdegalicia.com\\\/es\\\/#organization\"},\"alternateName\":\"PP de Galicia\",\"potentialAction\":[{\"@type\":\"SearchAction\",\"target\":{\"@type\":\"EntryPoint\",\"urlTemplate\":\"https:\\\/\\\/ppdegalicia.com\\\/es\\\/?s={search_term_string}\"},\"query-input\":{\"@type\":\"PropertyValueSpecification\",\"valueRequired\":true,\"valueName\":\"search_term_string\"}}],\"inLanguage\":\"es\"},{\"@type\":\"Organization\",\"@id\":\"https:\\\/\\\/ppdegalicia.com\\\/es\\\/#organization\",\"name\":\"Partido Popular de Galicia\",\"alternateName\":\"PP de Galicia\",\"url\":\"https:\\\/\\\/ppdegalicia.com\\\/es\\\/\",\"logo\":{\"@type\":\"ImageObject\",\"inLanguage\":\"es\",\"@id\":\"https:\\\/\\\/ppdegalicia.com\\\/es\\\/#\\\/schema\\\/logo\\\/image\\\/\",\"url\":\"https:\\\/\\\/ppdegalicia.com\\\/wp-content\\\/uploads\\\/2023\\\/04\\\/logoPP512.png\",\"contentUrl\":\"https:\\\/\\\/ppdegalicia.com\\\/wp-content\\\/uploads\\\/2023\\\/04\\\/logoPP512.png\",\"width\":512,\"height\":512,\"caption\":\"Partido Popular de Galicia\"},\"image\":{\"@id\":\"https:\\\/\\\/ppdegalicia.com\\\/es\\\/#\\\/schema\\\/logo\\\/image\\\/\"},\"sameAs\":[\"https:\\\/\\\/www.instagram.com\\\/ppdegalicia\\\/\",\"https:\\\/\\\/x.com\\\/ppdegalicia\",\"https:\\\/\\\/www.tiktok.com\\\/@ppdegalicia\",\"https:\\\/\\\/www.youtube.com\\\/user\\\/ppdegalicia\"]},{\"@type\":\"Person\",\"@id\":\"https:\\\/\\\/ppdegalicia.com\\\/es\\\/#\\\/schema\\\/person\\\/d0f013b8388c980665d44009ab762960\",\"name\":\"Super User\",\"image\":{\"@type\":\"ImageObject\",\"inLanguage\":\"es\",\"@id\":\"https:\\\/\\\/secure.gravatar.com\\\/avatar\\\/1db852625ef4948f58d2739bfbc51e4b9bd5c93b8fa340b59fdb594ca0845645?s=96&d=mm&r=g\",\"url\":\"https:\\\/\\\/secure.gravatar.com\\\/avatar\\\/1db852625ef4948f58d2739bfbc51e4b9bd5c93b8fa340b59fdb594ca0845645?s=96&d=mm&r=g\",\"contentUrl\":\"https:\\\/\\\/secure.gravatar.com\\\/avatar\\\/1db852625ef4948f58d2739bfbc51e4b9bd5c93b8fa340b59fdb594ca0845645?s=96&d=mm&r=g\",\"caption\":\"Super User\"},\"url\":\"https:\\\/\\\/ppdegalicia.com\\\/es\\\/author\\\/ppdegaliciagestion\\\/\"}]}<\/script>\n<!-- \/ Yoast SEO plugin. -->","yoast_head_json":{"title":"O GPP defender\u00e1 no pleno que a Xunta elabore un informe sobre os impactos do Brexit na econom\u00eda galega - PP de Galicia","robots":{"index":"index","follow":"follow","max-snippet":"max-snippet:-1","max-image-preview":"max-image-preview:large","max-video-preview":"max-video-preview:-1"},"canonical":"https:\/\/ppdegalicia.com\/es\/o-gpp-defendera-no-pleno-que-a-xunta-elabore-un-informe-sobre-os-impactos-do-brexit-na-economia-galega\/","og_locale":"es_ES","og_type":"article","og_title":"O GPP defender\u00e1 no pleno que a Xunta elabore un informe sobre os impactos do Brexit na econom\u00eda galega - PP de Galicia","og_description":"Santiago, 14 de febreiro de 2017.- O Grupo Popular defender\u00e1 no Pleno da vindeira semana que a Xunta elabore, coa participaci\u00f3n do Consello de Acci\u00f3n Exterior, un informe sobre os posibles impactos do Brexit na econom\u00eda galega e nos seus sectores produtivos. As\u00ed mesmo, demandarase ao Goberno galego a consolidaci\u00f3n das casas-ni\u00f1o para que todos [&hellip;]","og_url":"https:\/\/ppdegalicia.com\/es\/o-gpp-defendera-no-pleno-que-a-xunta-elabore-un-informe-sobre-os-impactos-do-brexit-na-economia-galega\/","og_site_name":"PP de Galicia","article_publisher":"https:\/\/www.instagram.com\/ppdegalicia\/","article_published_time":"2017-02-14T13:36:44+00:00","author":"Super User","twitter_card":"summary_large_image","twitter_creator":"@ppdegalicia","twitter_site":"@ppdegalicia","twitter_misc":{"Escrito por":"Super User","Tiempo de lectura":"3 minutos"},"schema":{"@context":"https:\/\/schema.org","@graph":[{"@type":"Article","@id":"https:\/\/ppdegalicia.com\/es\/o-gpp-defendera-no-pleno-que-a-xunta-elabore-un-informe-sobre-os-impactos-do-brexit-na-economia-galega\/#article","isPartOf":{"@id":"https:\/\/ppdegalicia.com\/es\/o-gpp-defendera-no-pleno-que-a-xunta-elabore-un-informe-sobre-os-impactos-do-brexit-na-economia-galega\/"},"author":{"name":"Super User","@id":"https:\/\/ppdegalicia.com\/es\/#\/schema\/person\/d0f013b8388c980665d44009ab762960"},"headline":"O GPP defender\u00e1 no pleno que a Xunta elabore un informe sobre os impactos do Brexit na econom\u00eda galega","datePublished":"2017-02-14T13:36:44+00:00","mainEntityOfPage":{"@id":"https:\/\/ppdegalicia.com\/es\/o-gpp-defendera-no-pleno-que-a-xunta-elabore-un-informe-sobre-os-impactos-do-brexit-na-economia-galega\/"},"wordCount":685,"commentCount":0,"publisher":{"@id":"https:\/\/ppdegalicia.com\/es\/#organization"},"articleSection":["PP de Galicia"],"inLanguage":"es","potentialAction":[{"@type":"CommentAction","name":"Comment","target":["https:\/\/ppdegalicia.com\/es\/o-gpp-defendera-no-pleno-que-a-xunta-elabore-un-informe-sobre-os-impactos-do-brexit-na-economia-galega\/#respond"]}]},{"@type":"WebPage","@id":"https:\/\/ppdegalicia.com\/es\/o-gpp-defendera-no-pleno-que-a-xunta-elabore-un-informe-sobre-os-impactos-do-brexit-na-economia-galega\/","url":"https:\/\/ppdegalicia.com\/es\/o-gpp-defendera-no-pleno-que-a-xunta-elabore-un-informe-sobre-os-impactos-do-brexit-na-economia-galega\/","name":"O GPP defender\u00e1 no pleno que a Xunta elabore un informe sobre os impactos do Brexit na econom\u00eda galega - PP de Galicia","isPartOf":{"@id":"https:\/\/ppdegalicia.com\/es\/#website"},"datePublished":"2017-02-14T13:36:44+00:00","breadcrumb":{"@id":"https:\/\/ppdegalicia.com\/es\/o-gpp-defendera-no-pleno-que-a-xunta-elabore-un-informe-sobre-os-impactos-do-brexit-na-economia-galega\/#breadcrumb"},"inLanguage":"es","potentialAction":[{"@type":"ReadAction","target":["https:\/\/ppdegalicia.com\/es\/o-gpp-defendera-no-pleno-que-a-xunta-elabore-un-informe-sobre-os-impactos-do-brexit-na-economia-galega\/"]}]},{"@type":"BreadcrumbList","@id":"https:\/\/ppdegalicia.com\/es\/o-gpp-defendera-no-pleno-que-a-xunta-elabore-un-informe-sobre-os-impactos-do-brexit-na-economia-galega\/#breadcrumb","itemListElement":[{"@type":"ListItem","position":1,"name":"Portada","item":"https:\/\/ppdegalicia.com\/es\/"},{"@type":"ListItem","position":2,"name":"O GPP defender\u00e1 no pleno que a Xunta elabore un informe sobre os impactos do Brexit na econom\u00eda galega"}]},{"@type":"WebSite","@id":"https:\/\/ppdegalicia.com\/es\/#website","url":"https:\/\/ppdegalicia.com\/es\/","name":"Partido Popular de Galicia","description":"Partido Popular de Galicia","publisher":{"@id":"https:\/\/ppdegalicia.com\/es\/#organization"},"alternateName":"PP de Galicia","potentialAction":[{"@type":"SearchAction","target":{"@type":"EntryPoint","urlTemplate":"https:\/\/ppdegalicia.com\/es\/?s={search_term_string}"},"query-input":{"@type":"PropertyValueSpecification","valueRequired":true,"valueName":"search_term_string"}}],"inLanguage":"es"},{"@type":"Organization","@id":"https:\/\/ppdegalicia.com\/es\/#organization","name":"Partido Popular de Galicia","alternateName":"PP de Galicia","url":"https:\/\/ppdegalicia.com\/es\/","logo":{"@type":"ImageObject","inLanguage":"es","@id":"https:\/\/ppdegalicia.com\/es\/#\/schema\/logo\/image\/","url":"https:\/\/ppdegalicia.com\/wp-content\/uploads\/2023\/04\/logoPP512.png","contentUrl":"https:\/\/ppdegalicia.com\/wp-content\/uploads\/2023\/04\/logoPP512.png","width":512,"height":512,"caption":"Partido Popular de Galicia"},"image":{"@id":"https:\/\/ppdegalicia.com\/es\/#\/schema\/logo\/image\/"},"sameAs":["https:\/\/www.instagram.com\/ppdegalicia\/","https:\/\/x.com\/ppdegalicia","https:\/\/www.tiktok.com\/@ppdegalicia","https:\/\/www.youtube.com\/user\/ppdegalicia"]},{"@type":"Person","@id":"https:\/\/ppdegalicia.com\/es\/#\/schema\/person\/d0f013b8388c980665d44009ab762960","name":"Super User","image":{"@type":"ImageObject","inLanguage":"es","@id":"https:\/\/secure.gravatar.com\/avatar\/1db852625ef4948f58d2739bfbc51e4b9bd5c93b8fa340b59fdb594ca0845645?s=96&d=mm&r=g","url":"https:\/\/secure.gravatar.com\/avatar\/1db852625ef4948f58d2739bfbc51e4b9bd5c93b8fa340b59fdb594ca0845645?s=96&d=mm&r=g","contentUrl":"https:\/\/secure.gravatar.com\/avatar\/1db852625ef4948f58d2739bfbc51e4b9bd5c93b8fa340b59fdb594ca0845645?s=96&d=mm&r=g","caption":"Super User"},"url":"https:\/\/ppdegalicia.com\/es\/author\/ppdegaliciagestion\/"}]}},"_links":{"self":[{"href":"https:\/\/ppdegalicia.com\/es\/wp-json\/wp\/v2\/posts\/53367","targetHints":{"allow":["GET"]}}],"collection":[{"href":"https:\/\/ppdegalicia.com\/es\/wp-json\/wp\/v2\/posts"}],"about":[{"href":"https:\/\/ppdegalicia.com\/es\/wp-json\/wp\/v2\/types\/post"}],"author":[{"embeddable":true,"href":"https:\/\/ppdegalicia.com\/es\/wp-json\/wp\/v2\/users\/37"}],"replies":[{"embeddable":true,"href":"https:\/\/ppdegalicia.com\/es\/wp-json\/wp\/v2\/comments?post=53367"}],"version-history":[{"count":0,"href":"https:\/\/ppdegalicia.com\/es\/wp-json\/wp\/v2\/posts\/53367\/revisions"}],"wp:attachment":[{"href":"https:\/\/ppdegalicia.com\/es\/wp-json\/wp\/v2\/media?parent=53367"}],"wp:term":[{"taxonomy":"category","embeddable":true,"href":"https:\/\/ppdegalicia.com\/es\/wp-json\/wp\/v2\/categories?post=53367"},{"taxonomy":"post_tag","embeddable":true,"href":"https:\/\/ppdegalicia.com\/es\/wp-json\/wp\/v2\/tags?post=53367"}],"curies":[{"name":"wp","href":"https:\/\/api.w.org\/{rel}","templated":true}]}}