{"id":53373,"date":"2017-02-16T11:50:03","date_gmt":"2017-02-16T09:50:03","guid":{"rendered":"https:\/\/ppdegalicia.com\/o-gpp-apoia-un-acordo-en-defensa-da-actividade-industrial-e-dos-postos-de-traballo-na-factoria-de-ferroatlantica-de-cee-dumbria\/"},"modified":"2017-02-16T11:50:03","modified_gmt":"2017-02-16T09:50:03","slug":"o-gpp-apoia-un-acordo-en-defensa-da-actividade-industrial-e-dos-postos-de-traballo-na-factoria-de-ferroatlantica-de-cee-dumbria","status":"publish","type":"post","link":"https:\/\/ppdegalicia.com\/es\/o-gpp-apoia-un-acordo-en-defensa-da-actividade-industrial-e-dos-postos-de-traballo-na-factoria-de-ferroatlantica-de-cee-dumbria\/","title":{"rendered":"O GPP apoia un acordo en defensa da actividade industrial e dos postos de traballo na factor\u00eda de Ferroatl\u00e1ntica de Cee-Dumbr\u00eda"},"content":{"rendered":"<p>Santiago, 15 de febreiro de 2017.- O Grupo Popular apoiou hoxe no Parlamento a aprobaci\u00f3n dun amplo acordo en defensa da actividade industrial e o mantemento dos postos de traballo na factor\u00eda de Ferroatl\u00e1ntica de Cee-Dumbr\u00eda, ao acadar un texto transaccionado sobre unha iniciativa dos grupos do PSdeG e o BNG.<\/p>\n<p><!--more--><\/p>\n<p>O viceportavoz popular, Miguel Tellado, lembrou que&nbsp; non hai proposta de venta das centrais hidroel\u00e9ctricas dos r\u00edos Xallas e Grande enriba da mesa da Xunta e que \u201ccando a haxa, a \u00fanica sa\u00edda \u00e9 cumprir a lei\u201d. Deste xeito, no texto aprobado \u00ednstase ao Goberno galego a traballar con Ferroglobe para conseguir un plan de modernizaci\u00f3n das f\u00e1bricas que pos\u00fae en Galicia que conte co maior apoio social e sindical.<\/p>\n<p>&nbsp;<\/p>\n<p><strong>CONTACTO CONSTANTE<\/strong><\/p>\n<p>&nbsp;<\/p>\n<p>Na s\u00faa intervenci\u00f3n, Tellado volveu po\u00f1er enriba da mesa que desde o final do ano pasado tanto o Goberno galego como o Grupo Popular mantiv\u00e9ronse en contacto constante cos traballadores de Ferroatl\u00e1ntica e cos alcaldes da zona, que deron conta aos veci\u00f1os do tratado en numerosas reuni\u00f3ns. A estes encontros acudiron tanto o conselleiro Francisco Conde como o presidente Alberto N\u00fa\u00f1ez Feij\u00f3o, e lembrou que \u201cas s\u00faas explicaci\u00f3ns deixaron satisfeitos a sindicatos e rexedores socialistas e nacionalistas\u201d.<\/p>\n<p>&nbsp;<\/p>\n<p>Neste sentido, o viceportavoz reprochoulle \u00e1 oposici\u00f3n que intente \u201caxitar o medo\u201d entre a cidadan\u00eda da zona, malia que o \u201crotundo compromiso\u201d da Xunta quedou contrastado en todo este tempo. \u201cVostedes quixeron botarnos \u00e1 Costa da Morte enriba, pero a realidade desmontou as s\u00faas mentiras\u201d, conclu\u00edu.<\/p>\n","protected":false},"excerpt":{"rendered":"<p>Santiago, 15 de febreiro de 2017.- O Grupo Popular apoiou hoxe no Parlamento a aprobaci\u00f3n dun amplo acordo en defensa da actividade industrial e o mantemento dos postos de traballo na factor\u00eda de Ferroatl\u00e1ntica de Cee-Dumbr\u00eda, ao acadar un texto transaccionado sobre unha iniciativa dos grupos do PSdeG e o BNG.<\/p>\n","protected":false},"author":37,"featured_media":0,"comment_status":"open","ping_status":"open","sticky":false,"template":"","format":"standard","meta":{"_acf_changed":false,"footnotes":""},"categories":[1],"tags":[],"class_list":["post-53373","post","type-post","status-publish","format-standard","hentry","category-pp-de-galicia"],"acf":[],"yoast_head":"<!-- This site is optimized with the Yoast SEO plugin v27.3 - https:\/\/yoast.com\/product\/yoast-seo-wordpress\/ -->\n<title>O GPP apoia un acordo en defensa da actividade industrial e dos postos de traballo na factor\u00eda de Ferroatl\u00e1ntica de Cee-Dumbr\u00eda - PP de Galicia<\/title>\n<meta name=\"robots\" content=\"index, follow, max-snippet:-1, max-image-preview:large, max-video-preview:-1\" \/>\n<link rel=\"canonical\" href=\"https:\/\/ppdegalicia.com\/es\/o-gpp-apoia-un-acordo-en-defensa-da-actividade-industrial-e-dos-postos-de-traballo-na-factoria-de-ferroatlantica-de-cee-dumbria\/\" \/>\n<meta property=\"og:locale\" content=\"es_ES\" \/>\n<meta property=\"og:type\" content=\"article\" \/>\n<meta property=\"og:title\" content=\"O GPP apoia un acordo en defensa da actividade industrial e dos postos de traballo na factor\u00eda de Ferroatl\u00e1ntica de Cee-Dumbr\u00eda - PP de Galicia\" \/>\n<meta property=\"og:description\" content=\"Santiago, 15 de febreiro de 2017.- O Grupo Popular apoiou hoxe no Parlamento a aprobaci\u00f3n dun amplo acordo en defensa da actividade industrial e o mantemento dos postos de traballo na factor\u00eda de Ferroatl\u00e1ntica de Cee-Dumbr\u00eda, ao acadar un texto transaccionado sobre unha iniciativa dos grupos do PSdeG e o BNG.\" \/>\n<meta property=\"og:url\" content=\"https:\/\/ppdegalicia.com\/es\/o-gpp-apoia-un-acordo-en-defensa-da-actividade-industrial-e-dos-postos-de-traballo-na-factoria-de-ferroatlantica-de-cee-dumbria\/\" \/>\n<meta property=\"og:site_name\" content=\"PP de Galicia\" \/>\n<meta property=\"article:publisher\" content=\"https:\/\/www.instagram.com\/ppdegalicia\/\" \/>\n<meta property=\"article:published_time\" content=\"2017-02-16T09:50:03+00:00\" \/>\n<meta name=\"author\" content=\"Super User\" \/>\n<meta name=\"twitter:card\" content=\"summary_large_image\" \/>\n<meta name=\"twitter:creator\" content=\"@ppdegalicia\" \/>\n<meta name=\"twitter:site\" content=\"@ppdegalicia\" \/>\n<meta name=\"twitter:label1\" content=\"Escrito por\" \/>\n\t<meta name=\"twitter:data1\" content=\"Super User\" \/>\n\t<meta name=\"twitter:label2\" content=\"Tiempo de lectura\" \/>\n\t<meta name=\"twitter:data2\" content=\"1 minuto\" \/>\n<script type=\"application\/ld+json\" class=\"yoast-schema-graph\">{\"@context\":\"https:\\\/\\\/schema.org\",\"@graph\":[{\"@type\":\"Article\",\"@id\":\"https:\\\/\\\/ppdegalicia.com\\\/es\\\/o-gpp-apoia-un-acordo-en-defensa-da-actividade-industrial-e-dos-postos-de-traballo-na-factoria-de-ferroatlantica-de-cee-dumbria\\\/#article\",\"isPartOf\":{\"@id\":\"https:\\\/\\\/ppdegalicia.com\\\/es\\\/o-gpp-apoia-un-acordo-en-defensa-da-actividade-industrial-e-dos-postos-de-traballo-na-factoria-de-ferroatlantica-de-cee-dumbria\\\/\"},\"author\":{\"name\":\"Super User\",\"@id\":\"https:\\\/\\\/ppdegalicia.com\\\/es\\\/#\\\/schema\\\/person\\\/d0f013b8388c980665d44009ab762960\"},\"headline\":\"O GPP apoia un acordo en defensa da actividade industrial e dos postos de traballo na factor\u00eda de Ferroatl\u00e1ntica de Cee-Dumbr\u00eda\",\"datePublished\":\"2017-02-16T09:50:03+00:00\",\"mainEntityOfPage\":{\"@id\":\"https:\\\/\\\/ppdegalicia.com\\\/es\\\/o-gpp-apoia-un-acordo-en-defensa-da-actividade-industrial-e-dos-postos-de-traballo-na-factoria-de-ferroatlantica-de-cee-dumbria\\\/\"},\"wordCount\":295,\"commentCount\":0,\"publisher\":{\"@id\":\"https:\\\/\\\/ppdegalicia.com\\\/es\\\/#organization\"},\"articleSection\":[\"PP de Galicia\"],\"inLanguage\":\"es\",\"potentialAction\":[{\"@type\":\"CommentAction\",\"name\":\"Comment\",\"target\":[\"https:\\\/\\\/ppdegalicia.com\\\/es\\\/o-gpp-apoia-un-acordo-en-defensa-da-actividade-industrial-e-dos-postos-de-traballo-na-factoria-de-ferroatlantica-de-cee-dumbria\\\/#respond\"]}]},{\"@type\":\"WebPage\",\"@id\":\"https:\\\/\\\/ppdegalicia.com\\\/es\\\/o-gpp-apoia-un-acordo-en-defensa-da-actividade-industrial-e-dos-postos-de-traballo-na-factoria-de-ferroatlantica-de-cee-dumbria\\\/\",\"url\":\"https:\\\/\\\/ppdegalicia.com\\\/es\\\/o-gpp-apoia-un-acordo-en-defensa-da-actividade-industrial-e-dos-postos-de-traballo-na-factoria-de-ferroatlantica-de-cee-dumbria\\\/\",\"name\":\"O GPP apoia un acordo en defensa da actividade industrial e dos postos de traballo na factor\u00eda de Ferroatl\u00e1ntica de Cee-Dumbr\u00eda - PP de Galicia\",\"isPartOf\":{\"@id\":\"https:\\\/\\\/ppdegalicia.com\\\/es\\\/#website\"},\"datePublished\":\"2017-02-16T09:50:03+00:00\",\"breadcrumb\":{\"@id\":\"https:\\\/\\\/ppdegalicia.com\\\/es\\\/o-gpp-apoia-un-acordo-en-defensa-da-actividade-industrial-e-dos-postos-de-traballo-na-factoria-de-ferroatlantica-de-cee-dumbria\\\/#breadcrumb\"},\"inLanguage\":\"es\",\"potentialAction\":[{\"@type\":\"ReadAction\",\"target\":[\"https:\\\/\\\/ppdegalicia.com\\\/es\\\/o-gpp-apoia-un-acordo-en-defensa-da-actividade-industrial-e-dos-postos-de-traballo-na-factoria-de-ferroatlantica-de-cee-dumbria\\\/\"]}]},{\"@type\":\"BreadcrumbList\",\"@id\":\"https:\\\/\\\/ppdegalicia.com\\\/es\\\/o-gpp-apoia-un-acordo-en-defensa-da-actividade-industrial-e-dos-postos-de-traballo-na-factoria-de-ferroatlantica-de-cee-dumbria\\\/#breadcrumb\",\"itemListElement\":[{\"@type\":\"ListItem\",\"position\":1,\"name\":\"Portada\",\"item\":\"https:\\\/\\\/ppdegalicia.com\\\/es\\\/\"},{\"@type\":\"ListItem\",\"position\":2,\"name\":\"O GPP apoia un acordo en defensa da actividade industrial e dos postos de traballo na factor\u00eda de Ferroatl\u00e1ntica de Cee-Dumbr\u00eda\"}]},{\"@type\":\"WebSite\",\"@id\":\"https:\\\/\\\/ppdegalicia.com\\\/es\\\/#website\",\"url\":\"https:\\\/\\\/ppdegalicia.com\\\/es\\\/\",\"name\":\"Partido Popular de Galicia\",\"description\":\"Partido Popular de Galicia\",\"publisher\":{\"@id\":\"https:\\\/\\\/ppdegalicia.com\\\/es\\\/#organization\"},\"alternateName\":\"PP de Galicia\",\"potentialAction\":[{\"@type\":\"SearchAction\",\"target\":{\"@type\":\"EntryPoint\",\"urlTemplate\":\"https:\\\/\\\/ppdegalicia.com\\\/es\\\/?s={search_term_string}\"},\"query-input\":{\"@type\":\"PropertyValueSpecification\",\"valueRequired\":true,\"valueName\":\"search_term_string\"}}],\"inLanguage\":\"es\"},{\"@type\":\"Organization\",\"@id\":\"https:\\\/\\\/ppdegalicia.com\\\/es\\\/#organization\",\"name\":\"Partido Popular de Galicia\",\"alternateName\":\"PP de Galicia\",\"url\":\"https:\\\/\\\/ppdegalicia.com\\\/es\\\/\",\"logo\":{\"@type\":\"ImageObject\",\"inLanguage\":\"es\",\"@id\":\"https:\\\/\\\/ppdegalicia.com\\\/es\\\/#\\\/schema\\\/logo\\\/image\\\/\",\"url\":\"https:\\\/\\\/ppdegalicia.com\\\/wp-content\\\/uploads\\\/2023\\\/04\\\/logoPP512.png\",\"contentUrl\":\"https:\\\/\\\/ppdegalicia.com\\\/wp-content\\\/uploads\\\/2023\\\/04\\\/logoPP512.png\",\"width\":512,\"height\":512,\"caption\":\"Partido Popular de Galicia\"},\"image\":{\"@id\":\"https:\\\/\\\/ppdegalicia.com\\\/es\\\/#\\\/schema\\\/logo\\\/image\\\/\"},\"sameAs\":[\"https:\\\/\\\/www.instagram.com\\\/ppdegalicia\\\/\",\"https:\\\/\\\/x.com\\\/ppdegalicia\",\"https:\\\/\\\/www.tiktok.com\\\/@ppdegalicia\",\"https:\\\/\\\/www.youtube.com\\\/user\\\/ppdegalicia\"]},{\"@type\":\"Person\",\"@id\":\"https:\\\/\\\/ppdegalicia.com\\\/es\\\/#\\\/schema\\\/person\\\/d0f013b8388c980665d44009ab762960\",\"name\":\"Super User\",\"image\":{\"@type\":\"ImageObject\",\"inLanguage\":\"es\",\"@id\":\"https:\\\/\\\/secure.gravatar.com\\\/avatar\\\/1db852625ef4948f58d2739bfbc51e4b9bd5c93b8fa340b59fdb594ca0845645?s=96&d=mm&r=g\",\"url\":\"https:\\\/\\\/secure.gravatar.com\\\/avatar\\\/1db852625ef4948f58d2739bfbc51e4b9bd5c93b8fa340b59fdb594ca0845645?s=96&d=mm&r=g\",\"contentUrl\":\"https:\\\/\\\/secure.gravatar.com\\\/avatar\\\/1db852625ef4948f58d2739bfbc51e4b9bd5c93b8fa340b59fdb594ca0845645?s=96&d=mm&r=g\",\"caption\":\"Super User\"},\"url\":\"https:\\\/\\\/ppdegalicia.com\\\/es\\\/author\\\/ppdegaliciagestion\\\/\"}]}<\/script>\n<!-- \/ Yoast SEO plugin. -->","yoast_head_json":{"title":"O GPP apoia un acordo en defensa da actividade industrial e dos postos de traballo na factor\u00eda de Ferroatl\u00e1ntica de Cee-Dumbr\u00eda - PP de Galicia","robots":{"index":"index","follow":"follow","max-snippet":"max-snippet:-1","max-image-preview":"max-image-preview:large","max-video-preview":"max-video-preview:-1"},"canonical":"https:\/\/ppdegalicia.com\/es\/o-gpp-apoia-un-acordo-en-defensa-da-actividade-industrial-e-dos-postos-de-traballo-na-factoria-de-ferroatlantica-de-cee-dumbria\/","og_locale":"es_ES","og_type":"article","og_title":"O GPP apoia un acordo en defensa da actividade industrial e dos postos de traballo na factor\u00eda de Ferroatl\u00e1ntica de Cee-Dumbr\u00eda - PP de Galicia","og_description":"Santiago, 15 de febreiro de 2017.- O Grupo Popular apoiou hoxe no Parlamento a aprobaci\u00f3n dun amplo acordo en defensa da actividade industrial e o mantemento dos postos de traballo na factor\u00eda de Ferroatl\u00e1ntica de Cee-Dumbr\u00eda, ao acadar un texto transaccionado sobre unha iniciativa dos grupos do PSdeG e o BNG.","og_url":"https:\/\/ppdegalicia.com\/es\/o-gpp-apoia-un-acordo-en-defensa-da-actividade-industrial-e-dos-postos-de-traballo-na-factoria-de-ferroatlantica-de-cee-dumbria\/","og_site_name":"PP de Galicia","article_publisher":"https:\/\/www.instagram.com\/ppdegalicia\/","article_published_time":"2017-02-16T09:50:03+00:00","author":"Super User","twitter_card":"summary_large_image","twitter_creator":"@ppdegalicia","twitter_site":"@ppdegalicia","twitter_misc":{"Escrito por":"Super User","Tiempo de lectura":"1 minuto"},"schema":{"@context":"https:\/\/schema.org","@graph":[{"@type":"Article","@id":"https:\/\/ppdegalicia.com\/es\/o-gpp-apoia-un-acordo-en-defensa-da-actividade-industrial-e-dos-postos-de-traballo-na-factoria-de-ferroatlantica-de-cee-dumbria\/#article","isPartOf":{"@id":"https:\/\/ppdegalicia.com\/es\/o-gpp-apoia-un-acordo-en-defensa-da-actividade-industrial-e-dos-postos-de-traballo-na-factoria-de-ferroatlantica-de-cee-dumbria\/"},"author":{"name":"Super User","@id":"https:\/\/ppdegalicia.com\/es\/#\/schema\/person\/d0f013b8388c980665d44009ab762960"},"headline":"O GPP apoia un acordo en defensa da actividade industrial e dos postos de traballo na factor\u00eda de Ferroatl\u00e1ntica de Cee-Dumbr\u00eda","datePublished":"2017-02-16T09:50:03+00:00","mainEntityOfPage":{"@id":"https:\/\/ppdegalicia.com\/es\/o-gpp-apoia-un-acordo-en-defensa-da-actividade-industrial-e-dos-postos-de-traballo-na-factoria-de-ferroatlantica-de-cee-dumbria\/"},"wordCount":295,"commentCount":0,"publisher":{"@id":"https:\/\/ppdegalicia.com\/es\/#organization"},"articleSection":["PP de Galicia"],"inLanguage":"es","potentialAction":[{"@type":"CommentAction","name":"Comment","target":["https:\/\/ppdegalicia.com\/es\/o-gpp-apoia-un-acordo-en-defensa-da-actividade-industrial-e-dos-postos-de-traballo-na-factoria-de-ferroatlantica-de-cee-dumbria\/#respond"]}]},{"@type":"WebPage","@id":"https:\/\/ppdegalicia.com\/es\/o-gpp-apoia-un-acordo-en-defensa-da-actividade-industrial-e-dos-postos-de-traballo-na-factoria-de-ferroatlantica-de-cee-dumbria\/","url":"https:\/\/ppdegalicia.com\/es\/o-gpp-apoia-un-acordo-en-defensa-da-actividade-industrial-e-dos-postos-de-traballo-na-factoria-de-ferroatlantica-de-cee-dumbria\/","name":"O GPP apoia un acordo en defensa da actividade industrial e dos postos de traballo na factor\u00eda de Ferroatl\u00e1ntica de Cee-Dumbr\u00eda - PP de Galicia","isPartOf":{"@id":"https:\/\/ppdegalicia.com\/es\/#website"},"datePublished":"2017-02-16T09:50:03+00:00","breadcrumb":{"@id":"https:\/\/ppdegalicia.com\/es\/o-gpp-apoia-un-acordo-en-defensa-da-actividade-industrial-e-dos-postos-de-traballo-na-factoria-de-ferroatlantica-de-cee-dumbria\/#breadcrumb"},"inLanguage":"es","potentialAction":[{"@type":"ReadAction","target":["https:\/\/ppdegalicia.com\/es\/o-gpp-apoia-un-acordo-en-defensa-da-actividade-industrial-e-dos-postos-de-traballo-na-factoria-de-ferroatlantica-de-cee-dumbria\/"]}]},{"@type":"BreadcrumbList","@id":"https:\/\/ppdegalicia.com\/es\/o-gpp-apoia-un-acordo-en-defensa-da-actividade-industrial-e-dos-postos-de-traballo-na-factoria-de-ferroatlantica-de-cee-dumbria\/#breadcrumb","itemListElement":[{"@type":"ListItem","position":1,"name":"Portada","item":"https:\/\/ppdegalicia.com\/es\/"},{"@type":"ListItem","position":2,"name":"O GPP apoia un acordo en defensa da actividade industrial e dos postos de traballo na factor\u00eda de Ferroatl\u00e1ntica de Cee-Dumbr\u00eda"}]},{"@type":"WebSite","@id":"https:\/\/ppdegalicia.com\/es\/#website","url":"https:\/\/ppdegalicia.com\/es\/","name":"Partido Popular de Galicia","description":"Partido Popular de Galicia","publisher":{"@id":"https:\/\/ppdegalicia.com\/es\/#organization"},"alternateName":"PP de Galicia","potentialAction":[{"@type":"SearchAction","target":{"@type":"EntryPoint","urlTemplate":"https:\/\/ppdegalicia.com\/es\/?s={search_term_string}"},"query-input":{"@type":"PropertyValueSpecification","valueRequired":true,"valueName":"search_term_string"}}],"inLanguage":"es"},{"@type":"Organization","@id":"https:\/\/ppdegalicia.com\/es\/#organization","name":"Partido Popular de Galicia","alternateName":"PP de Galicia","url":"https:\/\/ppdegalicia.com\/es\/","logo":{"@type":"ImageObject","inLanguage":"es","@id":"https:\/\/ppdegalicia.com\/es\/#\/schema\/logo\/image\/","url":"https:\/\/ppdegalicia.com\/wp-content\/uploads\/2023\/04\/logoPP512.png","contentUrl":"https:\/\/ppdegalicia.com\/wp-content\/uploads\/2023\/04\/logoPP512.png","width":512,"height":512,"caption":"Partido Popular de Galicia"},"image":{"@id":"https:\/\/ppdegalicia.com\/es\/#\/schema\/logo\/image\/"},"sameAs":["https:\/\/www.instagram.com\/ppdegalicia\/","https:\/\/x.com\/ppdegalicia","https:\/\/www.tiktok.com\/@ppdegalicia","https:\/\/www.youtube.com\/user\/ppdegalicia"]},{"@type":"Person","@id":"https:\/\/ppdegalicia.com\/es\/#\/schema\/person\/d0f013b8388c980665d44009ab762960","name":"Super User","image":{"@type":"ImageObject","inLanguage":"es","@id":"https:\/\/secure.gravatar.com\/avatar\/1db852625ef4948f58d2739bfbc51e4b9bd5c93b8fa340b59fdb594ca0845645?s=96&d=mm&r=g","url":"https:\/\/secure.gravatar.com\/avatar\/1db852625ef4948f58d2739bfbc51e4b9bd5c93b8fa340b59fdb594ca0845645?s=96&d=mm&r=g","contentUrl":"https:\/\/secure.gravatar.com\/avatar\/1db852625ef4948f58d2739bfbc51e4b9bd5c93b8fa340b59fdb594ca0845645?s=96&d=mm&r=g","caption":"Super User"},"url":"https:\/\/ppdegalicia.com\/es\/author\/ppdegaliciagestion\/"}]}},"_links":{"self":[{"href":"https:\/\/ppdegalicia.com\/es\/wp-json\/wp\/v2\/posts\/53373","targetHints":{"allow":["GET"]}}],"collection":[{"href":"https:\/\/ppdegalicia.com\/es\/wp-json\/wp\/v2\/posts"}],"about":[{"href":"https:\/\/ppdegalicia.com\/es\/wp-json\/wp\/v2\/types\/post"}],"author":[{"embeddable":true,"href":"https:\/\/ppdegalicia.com\/es\/wp-json\/wp\/v2\/users\/37"}],"replies":[{"embeddable":true,"href":"https:\/\/ppdegalicia.com\/es\/wp-json\/wp\/v2\/comments?post=53373"}],"version-history":[{"count":0,"href":"https:\/\/ppdegalicia.com\/es\/wp-json\/wp\/v2\/posts\/53373\/revisions"}],"wp:attachment":[{"href":"https:\/\/ppdegalicia.com\/es\/wp-json\/wp\/v2\/media?parent=53373"}],"wp:term":[{"taxonomy":"category","embeddable":true,"href":"https:\/\/ppdegalicia.com\/es\/wp-json\/wp\/v2\/categories?post=53373"},{"taxonomy":"post_tag","embeddable":true,"href":"https:\/\/ppdegalicia.com\/es\/wp-json\/wp\/v2\/tags?post=53373"}],"curies":[{"name":"wp","href":"https:\/\/api.w.org\/{rel}","templated":true}]}}