{"id":53383,"date":"2017-02-21T12:43:40","date_gmt":"2017-02-21T10:43:40","guid":{"rendered":"https:\/\/ppdegalicia.com\/o-grupo-popular-propon-por-terceira-vez-que-o-parlamento-aprobe-unha-declaracion-reclamando-un-informe-independente-e-incontrovertido-sobre-o-sinistro-de-angrois\/"},"modified":"2017-02-21T12:43:40","modified_gmt":"2017-02-21T10:43:40","slug":"o-grupo-popular-propon-por-terceira-vez-que-o-parlamento-aprobe-unha-declaracion-reclamando-un-informe-independente-e-incontrovertido-sobre-o-sinistro-de-angrois","status":"publish","type":"post","link":"https:\/\/ppdegalicia.com\/es\/o-grupo-popular-propon-por-terceira-vez-que-o-parlamento-aprobe-unha-declaracion-reclamando-un-informe-independente-e-incontrovertido-sobre-o-sinistro-de-angrois\/","title":{"rendered":"O Grupo Popular prop\u00f3n por terceira vez que o Parlamento aprobe unha declaraci\u00f3n reclamando un informe independente e incontrovertido sobre o sinistro de Angrois"},"content":{"rendered":"<p>Santiago, 21 de febreiro de 2017.- O portavoz de Infraestruturas do Grupo Popular, Mart\u00edn Fern\u00e1ndez Prado, propuxo hoxe por terceira vez a aprobaci\u00f3n polo Parlamento galego dunha declaraci\u00f3n institucional na que se solicite a elaboraci\u00f3n dun informe independente, incontrovertido e incuestionable sobre o accidente ferroviario de Angrois. Fern\u00e1ndez Prazo reiterou o interese do PPdeG de que se esclarezan completamente as causas deste accidente coa maior profundidade e rapidez posible, pero sinalou que \u201c\u00e9&nbsp; necesario que se faga nos foros adecuados, nos que te\u00f1en competencias para elo e fuxindo de usos demag\u00f3xicos e partidistas deste tr\u00e1xico suceso\u201d.<\/p>\n<p><!--more--><\/p>\n<p>Mart\u00edn Fern\u00e1ndez iniciou a s\u00faa intervenci\u00f3n manifestando a solidariedade do Grupo Popular coas v\u00edtimas e coas s\u00faas familias, \u201ctraslad\u00e1ndolles tam\u00e9n o noso respecto, cari\u00f1o e comprensi\u00f3n\u201d. Neste sentido, reiterou \u201co interese do PPdeG de que se esclarezan completamente as causas deste accidente, unha demanda xusta das v\u00edtimas, dos familiares e do conxunto dos galegos que queren saber que pasou e que queren que, como consecuencia desta investigaci\u00f3n, se tomen as medidas oportunas para que non volva a pasar\u201d.<\/p>\n<p>&nbsp;<\/p>\n<p><strong>NEGATIVA DA OPOSICI\u00d3N<\/strong><\/p>\n<p>&nbsp;<\/p>\n<p>De seguido, lembrou que o Grupo Popular xa propuxo o pasado 12 de xullo a aprobaci\u00f3n polo Pleno dunha declaraci\u00f3n institucional a trav\u00e9s da que se solicitaba a apertura dunha investigaci\u00f3n independente sobre o accidente de Angrois. \u201cLamentablemente, esa declaraci\u00f3n non sa\u00edu adiante como consecuencia do veto dos grupos parlamentarios de BNG, AGE e Mixto\u201d, sinalou.<\/p>\n<p>&nbsp;<\/p>\n<p>\u201cRecentemente, a trav\u00e9s do portavoz do Grupo Popular, prop\u00faxose de novo facer esta declaraci\u00f3n conxunta, que incorpore as recomendaci\u00f3ns da Euroc\u00e1mara e que propo\u00f1a a redacci\u00f3n dun novo informe t\u00e9cnico incontrovertido e incuestionable que aporte certezas e verdades \u00e1s v\u00edtimas e as s\u00faas familias\u201d, sinalou, e dirix\u00edndose aos grupos da oposici\u00f3n indicou que \u201ca\u00ednda est\u00e1n a tempo de que fagamos esta declaraci\u00f3n conxunta e de que quede clara unha proposta un\u00e1nime deste Parlamento\u201d.<\/p>\n<p>&nbsp;<\/p>\n<p>Fern\u00e1ndez Prazo explicou que o Grupo Popular \u201caceptou que por cuarta vez se debata neste Parlamento sobre a constituci\u00f3n dunha comisi\u00f3n de investigaci\u00f3n sobre o accidente de Angrois\u201d, a\u00ednda que lembrou que \u201ceste non \u00e9 foro adecuado\u201d. En concreto, referiuse \u00e1 doutrina xa asentada do Consello de Estado segundo a que os directivos da Administraci\u00f3n do Estado non responden ante os parlamentos auton\u00f3micos, sen\u00f3n ante as cortes xerais, \u201cpolo que esta comisi\u00f3n de investigaci\u00f3n no Parlamento galego ter\u00eda pouca capacidade para investigar este accidente\u201d.<\/p>\n<p>&nbsp;<\/p>\n<p>\u201cNo \u00e1mbito competencial, a Galicia correspondeulle socorrer \u00e1s v\u00edtimas, e o fixo dilixente e adecuadamente, e, como a totalidade dos galegos, estamos moi agradecidos \u00e1s persoas que traballaron e colaboraron nesta atenci\u00f3n \u00e1s v\u00edtimas e aos seus familiares: persoal sanitario, de seguridade, de emerxencias, e mesmo os veci\u00f1os, todos estiveron a altura e fixeron un traballo, mais que loable\u201d, subli\u00f1ou.<\/p>\n<p>&nbsp;<\/p>\n<p><strong>INVESTIGACI\u00d3N DO ACCIDENTE<\/strong><\/p>\n<p>&nbsp;<\/p>\n<p>Para rematar, o portavoz popular lembrou que o Regulamento do Parlamento recolle a posibilidade de que 25 deputados dun mesmo grupo parlamentario ou 30 de dous ou m\u00e1is grupos parlamentarios pidan e aproben a apertura dunha comisi\u00f3n de investigaci\u00f3n, \u201cpolo que se os grupos da oposici\u00f3n queren abrir esta comisi\u00f3n poder\u00edan facelo sen os votos do Grupo Popular\u201d.<\/p>\n<p>&nbsp;<\/p>\n<p>Fern\u00e1ndez Prado recordou que \u201co accidente est\u00e1 sendo investigado en instancias xudiciais, polo que as responsabilidades deber\u00e1n&nbsp; ser dirimidas nese marco e as responsabilidades t\u00e9cnicas no marco das comisi\u00f3ns t\u00e9cnicas e independentes correspondentes\u201d. \u201cE unha vez co\u00f1ecida a investigaci\u00f3n xudicial e as conclusi\u00f3ns t\u00e9cnicas, ser\u00e1 o momento de esixir, no seu caso, as responsabilidades pol\u00edticas, sempre no foro adecuado\u201d, concretou.<\/p>\n<p>&nbsp;<\/p>\n<p>Axuntamos a declaraci\u00f3n institucional proposta polo Grupo Popular para a s\u00faa aprobaci\u00f3n no Parlamento galego:<\/p>\n<p>\n<strong>PROPOSTA DE DECLARACI\u00d3N INSTITUCIONAL SOBRE<br \/>\nO ACCIDENTE FERROVIARIO DE ANGROIS DO 24 DE XULLO DE 2013<\/strong><\/p>\n<p>&nbsp;&nbsp; &nbsp;O 24 de xullo de 2013 produciuse no lugar de Angrois, nas proximidades de Santiago de Compostela, o accidente de ferrocarril m\u00e1is grave da nosa historia, no que faleceron 81 persoas e m\u00e1is de 150, practicamente ata completar a pasaxe, sufriron feridas de distinta gravidade.<\/p>\n<p>&nbsp;<\/p>\n<p>Aquela noite, tanto os veci\u00f1os de Angrois como a sociedade galega, a trav\u00e9s do persoal de emerxencias, sanitario, das forzas de seguridade e os servizos de doaz\u00f3n, responderon \u00e1 grave situaci\u00f3n demostrando que o pobo galego \u00e9 un pobo solidario que soubo estar \u00e1 altura das circunstancias nunha situaci\u00f3n tan dram\u00e1tica como a xerada polo accidente ferroviario de Angrois.<\/p>\n<p>&nbsp;<\/p>\n<p>&nbsp;&nbsp; &nbsp;O Parlamento de Galicia considera imprescindible, como acto de xustiza coas v\u00edtimas, os seus familiares e os seus achegados, e como garant\u00eda da seguridade do funcionamento dos servizos p\u00fablicos, que se co\u00f1eza a verdade do que pasou.<\/p>\n<p>&nbsp;<\/p>\n<p>&nbsp;&nbsp; &nbsp;O Parlamento de Galicia considera que o accidente de Angrois debe investigarse con independencia t\u00e9cnica e profundidade, \u00e1 marxe das actuaci\u00f3ns xudiciais, de tal maneira que os resultados de dita investigaci\u00f3n cheguen a conclusi\u00f3ns incontrovertidas sobre as s\u00faas causas e as medidas que hai que adoptar para garantir a seguridade do transporte ferroviario que transcorre polo territorio de Galicia e do conxunto de Espa\u00f1a.<\/p>\n<p>&nbsp;<\/p>\n<p>&nbsp;&nbsp; &nbsp;Por ilo, e \u00e1 luz da publicaci\u00f3n do informe elaborado pola Axencia Europea Ferroviaria (European Railway Agency) para a Comisi\u00f3n Europea \u201cen relaci\u00f3n coas fortalezas e debilidades do Informe de investigaci\u00f3n do accidente de Santiago de Compostela do 23 de xullo de 2013\u201d (ERA\/ADV\/2015-6), o Parlamento de Galicia solicita, tal e como demanda o mencionado informe, que \u201cse abra unha investigaci\u00f3n que re\u00fana os requisitos de independencia e analice como m\u00ednimo as debilidades \u00e1s que fai referencia este documento\u201d respecto das investigaci\u00f3ns ata o de agora realizadas.<\/p>\n","protected":false},"excerpt":{"rendered":"<p>Santiago, 21 de febreiro de 2017.- O portavoz de Infraestruturas do Grupo Popular, Mart\u00edn Fern\u00e1ndez Prado, propuxo hoxe por terceira vez a aprobaci\u00f3n polo Parlamento galego dunha declaraci\u00f3n institucional na que se solicite a elaboraci\u00f3n dun informe independente, incontrovertido e incuestionable sobre o accidente ferroviario de Angrois. Fern\u00e1ndez Prazo reiterou o interese do PPdeG de [&hellip;]<\/p>\n","protected":false},"author":37,"featured_media":0,"comment_status":"open","ping_status":"open","sticky":false,"template":"","format":"standard","meta":{"_acf_changed":false,"footnotes":""},"categories":[1],"tags":[],"class_list":["post-53383","post","type-post","status-publish","format-standard","hentry","category-pp-de-galicia"],"acf":[],"yoast_head":"<!-- This site is optimized with the Yoast SEO plugin v27.3 - https:\/\/yoast.com\/product\/yoast-seo-wordpress\/ -->\n<title>O Grupo Popular prop\u00f3n por terceira vez que o Parlamento aprobe unha declaraci\u00f3n reclamando un informe independente e incontrovertido sobre o sinistro de Angrois - PP de Galicia<\/title>\n<meta name=\"robots\" content=\"index, follow, max-snippet:-1, max-image-preview:large, max-video-preview:-1\" \/>\n<link rel=\"canonical\" href=\"https:\/\/ppdegalicia.com\/es\/o-grupo-popular-propon-por-terceira-vez-que-o-parlamento-aprobe-unha-declaracion-reclamando-un-informe-independente-e-incontrovertido-sobre-o-sinistro-de-angrois\/\" \/>\n<meta property=\"og:locale\" content=\"es_ES\" \/>\n<meta property=\"og:type\" content=\"article\" \/>\n<meta property=\"og:title\" content=\"O Grupo Popular prop\u00f3n por terceira vez que o Parlamento aprobe unha declaraci\u00f3n reclamando un informe independente e incontrovertido sobre o sinistro de Angrois - PP de Galicia\" \/>\n<meta property=\"og:description\" content=\"Santiago, 21 de febreiro de 2017.- O portavoz de Infraestruturas do Grupo Popular, Mart\u00edn Fern\u00e1ndez Prado, propuxo hoxe por terceira vez a aprobaci\u00f3n polo Parlamento galego dunha declaraci\u00f3n institucional na que se solicite a elaboraci\u00f3n dun informe independente, incontrovertido e incuestionable sobre o accidente ferroviario de Angrois. Fern\u00e1ndez Prazo reiterou o interese do PPdeG de [&hellip;]\" \/>\n<meta property=\"og:url\" content=\"https:\/\/ppdegalicia.com\/es\/o-grupo-popular-propon-por-terceira-vez-que-o-parlamento-aprobe-unha-declaracion-reclamando-un-informe-independente-e-incontrovertido-sobre-o-sinistro-de-angrois\/\" \/>\n<meta property=\"og:site_name\" content=\"PP de Galicia\" \/>\n<meta property=\"article:publisher\" content=\"https:\/\/www.instagram.com\/ppdegalicia\/\" \/>\n<meta property=\"article:published_time\" content=\"2017-02-21T10:43:40+00:00\" \/>\n<meta name=\"author\" content=\"Super User\" \/>\n<meta name=\"twitter:card\" content=\"summary_large_image\" \/>\n<meta name=\"twitter:creator\" content=\"@ppdegalicia\" \/>\n<meta name=\"twitter:site\" content=\"@ppdegalicia\" \/>\n<meta name=\"twitter:label1\" content=\"Escrito por\" \/>\n\t<meta name=\"twitter:data1\" content=\"Super User\" \/>\n\t<meta name=\"twitter:label2\" content=\"Tiempo de lectura\" \/>\n\t<meta name=\"twitter:data2\" content=\"5 minutos\" \/>\n<script type=\"application\/ld+json\" class=\"yoast-schema-graph\">{\"@context\":\"https:\\\/\\\/schema.org\",\"@graph\":[{\"@type\":\"Article\",\"@id\":\"https:\\\/\\\/ppdegalicia.com\\\/es\\\/o-grupo-popular-propon-por-terceira-vez-que-o-parlamento-aprobe-unha-declaracion-reclamando-un-informe-independente-e-incontrovertido-sobre-o-sinistro-de-angrois\\\/#article\",\"isPartOf\":{\"@id\":\"https:\\\/\\\/ppdegalicia.com\\\/es\\\/o-grupo-popular-propon-por-terceira-vez-que-o-parlamento-aprobe-unha-declaracion-reclamando-un-informe-independente-e-incontrovertido-sobre-o-sinistro-de-angrois\\\/\"},\"author\":{\"name\":\"Super User\",\"@id\":\"https:\\\/\\\/ppdegalicia.com\\\/es\\\/#\\\/schema\\\/person\\\/d0f013b8388c980665d44009ab762960\"},\"headline\":\"O Grupo Popular prop\u00f3n por terceira vez que o Parlamento aprobe unha declaraci\u00f3n reclamando un informe independente e incontrovertido sobre o sinistro de Angrois\",\"datePublished\":\"2017-02-21T10:43:40+00:00\",\"mainEntityOfPage\":{\"@id\":\"https:\\\/\\\/ppdegalicia.com\\\/es\\\/o-grupo-popular-propon-por-terceira-vez-que-o-parlamento-aprobe-unha-declaracion-reclamando-un-informe-independente-e-incontrovertido-sobre-o-sinistro-de-angrois\\\/\"},\"wordCount\":1036,\"commentCount\":0,\"publisher\":{\"@id\":\"https:\\\/\\\/ppdegalicia.com\\\/es\\\/#organization\"},\"articleSection\":[\"PP de Galicia\"],\"inLanguage\":\"es\",\"potentialAction\":[{\"@type\":\"CommentAction\",\"name\":\"Comment\",\"target\":[\"https:\\\/\\\/ppdegalicia.com\\\/es\\\/o-grupo-popular-propon-por-terceira-vez-que-o-parlamento-aprobe-unha-declaracion-reclamando-un-informe-independente-e-incontrovertido-sobre-o-sinistro-de-angrois\\\/#respond\"]}]},{\"@type\":\"WebPage\",\"@id\":\"https:\\\/\\\/ppdegalicia.com\\\/es\\\/o-grupo-popular-propon-por-terceira-vez-que-o-parlamento-aprobe-unha-declaracion-reclamando-un-informe-independente-e-incontrovertido-sobre-o-sinistro-de-angrois\\\/\",\"url\":\"https:\\\/\\\/ppdegalicia.com\\\/es\\\/o-grupo-popular-propon-por-terceira-vez-que-o-parlamento-aprobe-unha-declaracion-reclamando-un-informe-independente-e-incontrovertido-sobre-o-sinistro-de-angrois\\\/\",\"name\":\"O Grupo Popular prop\u00f3n por terceira vez que o Parlamento aprobe unha declaraci\u00f3n reclamando un informe independente e incontrovertido sobre o sinistro de Angrois - PP de Galicia\",\"isPartOf\":{\"@id\":\"https:\\\/\\\/ppdegalicia.com\\\/es\\\/#website\"},\"datePublished\":\"2017-02-21T10:43:40+00:00\",\"breadcrumb\":{\"@id\":\"https:\\\/\\\/ppdegalicia.com\\\/es\\\/o-grupo-popular-propon-por-terceira-vez-que-o-parlamento-aprobe-unha-declaracion-reclamando-un-informe-independente-e-incontrovertido-sobre-o-sinistro-de-angrois\\\/#breadcrumb\"},\"inLanguage\":\"es\",\"potentialAction\":[{\"@type\":\"ReadAction\",\"target\":[\"https:\\\/\\\/ppdegalicia.com\\\/es\\\/o-grupo-popular-propon-por-terceira-vez-que-o-parlamento-aprobe-unha-declaracion-reclamando-un-informe-independente-e-incontrovertido-sobre-o-sinistro-de-angrois\\\/\"]}]},{\"@type\":\"BreadcrumbList\",\"@id\":\"https:\\\/\\\/ppdegalicia.com\\\/es\\\/o-grupo-popular-propon-por-terceira-vez-que-o-parlamento-aprobe-unha-declaracion-reclamando-un-informe-independente-e-incontrovertido-sobre-o-sinistro-de-angrois\\\/#breadcrumb\",\"itemListElement\":[{\"@type\":\"ListItem\",\"position\":1,\"name\":\"Portada\",\"item\":\"https:\\\/\\\/ppdegalicia.com\\\/es\\\/\"},{\"@type\":\"ListItem\",\"position\":2,\"name\":\"O Grupo Popular prop\u00f3n por terceira vez que o Parlamento aprobe unha declaraci\u00f3n reclamando un informe independente e incontrovertido sobre o sinistro de Angrois\"}]},{\"@type\":\"WebSite\",\"@id\":\"https:\\\/\\\/ppdegalicia.com\\\/es\\\/#website\",\"url\":\"https:\\\/\\\/ppdegalicia.com\\\/es\\\/\",\"name\":\"Partido Popular de Galicia\",\"description\":\"Partido Popular de Galicia\",\"publisher\":{\"@id\":\"https:\\\/\\\/ppdegalicia.com\\\/es\\\/#organization\"},\"alternateName\":\"PP de Galicia\",\"potentialAction\":[{\"@type\":\"SearchAction\",\"target\":{\"@type\":\"EntryPoint\",\"urlTemplate\":\"https:\\\/\\\/ppdegalicia.com\\\/es\\\/?s={search_term_string}\"},\"query-input\":{\"@type\":\"PropertyValueSpecification\",\"valueRequired\":true,\"valueName\":\"search_term_string\"}}],\"inLanguage\":\"es\"},{\"@type\":\"Organization\",\"@id\":\"https:\\\/\\\/ppdegalicia.com\\\/es\\\/#organization\",\"name\":\"Partido Popular de Galicia\",\"alternateName\":\"PP de Galicia\",\"url\":\"https:\\\/\\\/ppdegalicia.com\\\/es\\\/\",\"logo\":{\"@type\":\"ImageObject\",\"inLanguage\":\"es\",\"@id\":\"https:\\\/\\\/ppdegalicia.com\\\/es\\\/#\\\/schema\\\/logo\\\/image\\\/\",\"url\":\"https:\\\/\\\/ppdegalicia.com\\\/wp-content\\\/uploads\\\/2023\\\/04\\\/logoPP512.png\",\"contentUrl\":\"https:\\\/\\\/ppdegalicia.com\\\/wp-content\\\/uploads\\\/2023\\\/04\\\/logoPP512.png\",\"width\":512,\"height\":512,\"caption\":\"Partido Popular de Galicia\"},\"image\":{\"@id\":\"https:\\\/\\\/ppdegalicia.com\\\/es\\\/#\\\/schema\\\/logo\\\/image\\\/\"},\"sameAs\":[\"https:\\\/\\\/www.instagram.com\\\/ppdegalicia\\\/\",\"https:\\\/\\\/x.com\\\/ppdegalicia\",\"https:\\\/\\\/www.tiktok.com\\\/@ppdegalicia\",\"https:\\\/\\\/www.youtube.com\\\/user\\\/ppdegalicia\"]},{\"@type\":\"Person\",\"@id\":\"https:\\\/\\\/ppdegalicia.com\\\/es\\\/#\\\/schema\\\/person\\\/d0f013b8388c980665d44009ab762960\",\"name\":\"Super User\",\"image\":{\"@type\":\"ImageObject\",\"inLanguage\":\"es\",\"@id\":\"https:\\\/\\\/secure.gravatar.com\\\/avatar\\\/1db852625ef4948f58d2739bfbc51e4b9bd5c93b8fa340b59fdb594ca0845645?s=96&d=mm&r=g\",\"url\":\"https:\\\/\\\/secure.gravatar.com\\\/avatar\\\/1db852625ef4948f58d2739bfbc51e4b9bd5c93b8fa340b59fdb594ca0845645?s=96&d=mm&r=g\",\"contentUrl\":\"https:\\\/\\\/secure.gravatar.com\\\/avatar\\\/1db852625ef4948f58d2739bfbc51e4b9bd5c93b8fa340b59fdb594ca0845645?s=96&d=mm&r=g\",\"caption\":\"Super User\"},\"url\":\"https:\\\/\\\/ppdegalicia.com\\\/es\\\/author\\\/ppdegaliciagestion\\\/\"}]}<\/script>\n<!-- \/ Yoast SEO plugin. -->","yoast_head_json":{"title":"O Grupo Popular prop\u00f3n por terceira vez que o Parlamento aprobe unha declaraci\u00f3n reclamando un informe independente e incontrovertido sobre o sinistro de Angrois - PP de Galicia","robots":{"index":"index","follow":"follow","max-snippet":"max-snippet:-1","max-image-preview":"max-image-preview:large","max-video-preview":"max-video-preview:-1"},"canonical":"https:\/\/ppdegalicia.com\/es\/o-grupo-popular-propon-por-terceira-vez-que-o-parlamento-aprobe-unha-declaracion-reclamando-un-informe-independente-e-incontrovertido-sobre-o-sinistro-de-angrois\/","og_locale":"es_ES","og_type":"article","og_title":"O Grupo Popular prop\u00f3n por terceira vez que o Parlamento aprobe unha declaraci\u00f3n reclamando un informe independente e incontrovertido sobre o sinistro de Angrois - PP de Galicia","og_description":"Santiago, 21 de febreiro de 2017.- O portavoz de Infraestruturas do Grupo Popular, Mart\u00edn Fern\u00e1ndez Prado, propuxo hoxe por terceira vez a aprobaci\u00f3n polo Parlamento galego dunha declaraci\u00f3n institucional na que se solicite a elaboraci\u00f3n dun informe independente, incontrovertido e incuestionable sobre o accidente ferroviario de Angrois. Fern\u00e1ndez Prazo reiterou o interese do PPdeG de [&hellip;]","og_url":"https:\/\/ppdegalicia.com\/es\/o-grupo-popular-propon-por-terceira-vez-que-o-parlamento-aprobe-unha-declaracion-reclamando-un-informe-independente-e-incontrovertido-sobre-o-sinistro-de-angrois\/","og_site_name":"PP de Galicia","article_publisher":"https:\/\/www.instagram.com\/ppdegalicia\/","article_published_time":"2017-02-21T10:43:40+00:00","author":"Super User","twitter_card":"summary_large_image","twitter_creator":"@ppdegalicia","twitter_site":"@ppdegalicia","twitter_misc":{"Escrito por":"Super User","Tiempo de lectura":"5 minutos"},"schema":{"@context":"https:\/\/schema.org","@graph":[{"@type":"Article","@id":"https:\/\/ppdegalicia.com\/es\/o-grupo-popular-propon-por-terceira-vez-que-o-parlamento-aprobe-unha-declaracion-reclamando-un-informe-independente-e-incontrovertido-sobre-o-sinistro-de-angrois\/#article","isPartOf":{"@id":"https:\/\/ppdegalicia.com\/es\/o-grupo-popular-propon-por-terceira-vez-que-o-parlamento-aprobe-unha-declaracion-reclamando-un-informe-independente-e-incontrovertido-sobre-o-sinistro-de-angrois\/"},"author":{"name":"Super User","@id":"https:\/\/ppdegalicia.com\/es\/#\/schema\/person\/d0f013b8388c980665d44009ab762960"},"headline":"O Grupo Popular prop\u00f3n por terceira vez que o Parlamento aprobe unha declaraci\u00f3n reclamando un informe independente e incontrovertido sobre o sinistro de Angrois","datePublished":"2017-02-21T10:43:40+00:00","mainEntityOfPage":{"@id":"https:\/\/ppdegalicia.com\/es\/o-grupo-popular-propon-por-terceira-vez-que-o-parlamento-aprobe-unha-declaracion-reclamando-un-informe-independente-e-incontrovertido-sobre-o-sinistro-de-angrois\/"},"wordCount":1036,"commentCount":0,"publisher":{"@id":"https:\/\/ppdegalicia.com\/es\/#organization"},"articleSection":["PP de Galicia"],"inLanguage":"es","potentialAction":[{"@type":"CommentAction","name":"Comment","target":["https:\/\/ppdegalicia.com\/es\/o-grupo-popular-propon-por-terceira-vez-que-o-parlamento-aprobe-unha-declaracion-reclamando-un-informe-independente-e-incontrovertido-sobre-o-sinistro-de-angrois\/#respond"]}]},{"@type":"WebPage","@id":"https:\/\/ppdegalicia.com\/es\/o-grupo-popular-propon-por-terceira-vez-que-o-parlamento-aprobe-unha-declaracion-reclamando-un-informe-independente-e-incontrovertido-sobre-o-sinistro-de-angrois\/","url":"https:\/\/ppdegalicia.com\/es\/o-grupo-popular-propon-por-terceira-vez-que-o-parlamento-aprobe-unha-declaracion-reclamando-un-informe-independente-e-incontrovertido-sobre-o-sinistro-de-angrois\/","name":"O Grupo Popular prop\u00f3n por terceira vez que o Parlamento aprobe unha declaraci\u00f3n reclamando un informe independente e incontrovertido sobre o sinistro de Angrois - PP de Galicia","isPartOf":{"@id":"https:\/\/ppdegalicia.com\/es\/#website"},"datePublished":"2017-02-21T10:43:40+00:00","breadcrumb":{"@id":"https:\/\/ppdegalicia.com\/es\/o-grupo-popular-propon-por-terceira-vez-que-o-parlamento-aprobe-unha-declaracion-reclamando-un-informe-independente-e-incontrovertido-sobre-o-sinistro-de-angrois\/#breadcrumb"},"inLanguage":"es","potentialAction":[{"@type":"ReadAction","target":["https:\/\/ppdegalicia.com\/es\/o-grupo-popular-propon-por-terceira-vez-que-o-parlamento-aprobe-unha-declaracion-reclamando-un-informe-independente-e-incontrovertido-sobre-o-sinistro-de-angrois\/"]}]},{"@type":"BreadcrumbList","@id":"https:\/\/ppdegalicia.com\/es\/o-grupo-popular-propon-por-terceira-vez-que-o-parlamento-aprobe-unha-declaracion-reclamando-un-informe-independente-e-incontrovertido-sobre-o-sinistro-de-angrois\/#breadcrumb","itemListElement":[{"@type":"ListItem","position":1,"name":"Portada","item":"https:\/\/ppdegalicia.com\/es\/"},{"@type":"ListItem","position":2,"name":"O Grupo Popular prop\u00f3n por terceira vez que o Parlamento aprobe unha declaraci\u00f3n reclamando un informe independente e incontrovertido sobre o sinistro de Angrois"}]},{"@type":"WebSite","@id":"https:\/\/ppdegalicia.com\/es\/#website","url":"https:\/\/ppdegalicia.com\/es\/","name":"Partido Popular de Galicia","description":"Partido Popular de Galicia","publisher":{"@id":"https:\/\/ppdegalicia.com\/es\/#organization"},"alternateName":"PP de Galicia","potentialAction":[{"@type":"SearchAction","target":{"@type":"EntryPoint","urlTemplate":"https:\/\/ppdegalicia.com\/es\/?s={search_term_string}"},"query-input":{"@type":"PropertyValueSpecification","valueRequired":true,"valueName":"search_term_string"}}],"inLanguage":"es"},{"@type":"Organization","@id":"https:\/\/ppdegalicia.com\/es\/#organization","name":"Partido Popular de Galicia","alternateName":"PP de Galicia","url":"https:\/\/ppdegalicia.com\/es\/","logo":{"@type":"ImageObject","inLanguage":"es","@id":"https:\/\/ppdegalicia.com\/es\/#\/schema\/logo\/image\/","url":"https:\/\/ppdegalicia.com\/wp-content\/uploads\/2023\/04\/logoPP512.png","contentUrl":"https:\/\/ppdegalicia.com\/wp-content\/uploads\/2023\/04\/logoPP512.png","width":512,"height":512,"caption":"Partido Popular de Galicia"},"image":{"@id":"https:\/\/ppdegalicia.com\/es\/#\/schema\/logo\/image\/"},"sameAs":["https:\/\/www.instagram.com\/ppdegalicia\/","https:\/\/x.com\/ppdegalicia","https:\/\/www.tiktok.com\/@ppdegalicia","https:\/\/www.youtube.com\/user\/ppdegalicia"]},{"@type":"Person","@id":"https:\/\/ppdegalicia.com\/es\/#\/schema\/person\/d0f013b8388c980665d44009ab762960","name":"Super User","image":{"@type":"ImageObject","inLanguage":"es","@id":"https:\/\/secure.gravatar.com\/avatar\/1db852625ef4948f58d2739bfbc51e4b9bd5c93b8fa340b59fdb594ca0845645?s=96&d=mm&r=g","url":"https:\/\/secure.gravatar.com\/avatar\/1db852625ef4948f58d2739bfbc51e4b9bd5c93b8fa340b59fdb594ca0845645?s=96&d=mm&r=g","contentUrl":"https:\/\/secure.gravatar.com\/avatar\/1db852625ef4948f58d2739bfbc51e4b9bd5c93b8fa340b59fdb594ca0845645?s=96&d=mm&r=g","caption":"Super User"},"url":"https:\/\/ppdegalicia.com\/es\/author\/ppdegaliciagestion\/"}]}},"_links":{"self":[{"href":"https:\/\/ppdegalicia.com\/es\/wp-json\/wp\/v2\/posts\/53383","targetHints":{"allow":["GET"]}}],"collection":[{"href":"https:\/\/ppdegalicia.com\/es\/wp-json\/wp\/v2\/posts"}],"about":[{"href":"https:\/\/ppdegalicia.com\/es\/wp-json\/wp\/v2\/types\/post"}],"author":[{"embeddable":true,"href":"https:\/\/ppdegalicia.com\/es\/wp-json\/wp\/v2\/users\/37"}],"replies":[{"embeddable":true,"href":"https:\/\/ppdegalicia.com\/es\/wp-json\/wp\/v2\/comments?post=53383"}],"version-history":[{"count":0,"href":"https:\/\/ppdegalicia.com\/es\/wp-json\/wp\/v2\/posts\/53383\/revisions"}],"wp:attachment":[{"href":"https:\/\/ppdegalicia.com\/es\/wp-json\/wp\/v2\/media?parent=53383"}],"wp:term":[{"taxonomy":"category","embeddable":true,"href":"https:\/\/ppdegalicia.com\/es\/wp-json\/wp\/v2\/categories?post=53383"},{"taxonomy":"post_tag","embeddable":true,"href":"https:\/\/ppdegalicia.com\/es\/wp-json\/wp\/v2\/tags?post=53383"}],"curies":[{"name":"wp","href":"https:\/\/api.w.org\/{rel}","templated":true}]}}