{"id":53389,"date":"2017-02-22T16:35:53","date_gmt":"2017-02-22T14:35:53","guid":{"rendered":"https:\/\/ppdegalicia.com\/o-parlamento-aproba-instar-a-xunta-para-que-realice-un-informe-sobre-as-consecuencias-do-brexit-en-galicia\/"},"modified":"2017-02-22T16:35:53","modified_gmt":"2017-02-22T14:35:53","slug":"o-parlamento-aproba-instar-a-xunta-para-que-realice-un-informe-sobre-as-consecuencias-do-brexit-en-galicia","status":"publish","type":"post","link":"https:\/\/ppdegalicia.com\/es\/o-parlamento-aproba-instar-a-xunta-para-que-realice-un-informe-sobre-as-consecuencias-do-brexit-en-galicia\/","title":{"rendered":"O Parlamento aproba instar \u00e1 Xunta para que realice un informe sobre as consecuencias do Brexit en Galicia"},"content":{"rendered":"<p>Santiago, 22 de febreiro de 2017.- O Parlamento de Galicia aprobou hoxe unha proposici\u00f3n non de lei, a iniciativa do Grupo Popular, a trav\u00e9s da que se insta \u00e1 Xunta a que elabore, coa participaci\u00f3n do Consello de Acci\u00f3n Exterior de Galicia, un informe sobre os posibles impactos do Brexit na econom\u00eda galega e nos seus sectores produtivos\u201d.<\/p>\n<p><!--more--><\/p>\n<p>O portavoz do Grupo Popular, Pedro Puy, manifestou que \u201cGalicia ten que prepararse ante o novo escenario que se abre en Europa co Brexit para poder influ\u00edr nas negociaci\u00f3ns e defender os intereses galegos, tanto no \u00e1mbito institucional e financeiro como na econom\u00eda das empresas e as familias galegas\u201d.<\/p>\n<p>&nbsp;<\/p>\n<p><strong>SITUACI\u00d3N DE INCERTEZA<\/strong><\/p>\n<p>&nbsp;<\/p>\n<p>A decisi\u00f3n do Reino Unido \u201cxerou unha situaci\u00f3n de incerteza porque \u00e9 a primeira vez que un pa\u00eds abandona a Uni\u00f3n Europea\u201d, preocupaci\u00f3n que tam\u00e9n se manifesta en moitos sectores da econom\u00eda e a sociedade galega.<\/p>\n<p>&nbsp;<\/p>\n<p>Puy lembrou que o Reino Unido \u00e9 unha das econom\u00edas m\u00e1is grandes da Uni\u00f3n Europea, cunha renda per c\u00e1pita superior \u00e1 media e unha aportaci\u00f3n neta de 5.000 mill\u00f3ns de euros ao ano.<\/p>\n<p>&nbsp;<\/p>\n<p>Neste sentido, explicou que o Brexit afectar\u00e1, en primeiro lugar, aos movementos de capital e aos investimentos galegos no Reino Unido. As\u00ed mesmo, incidir\u00e1 na circulaci\u00f3n de bens e os movementos de comercio exterior, \u00e1mbito no que Galicia presenta unha balanza comercial moi favorable de 1.300 mill\u00f3ns de euros en 2016, logo de que durante o pasado ano se incrementaran as exportaci\u00f3ns un 43 por cento, fronte a un descenso tam\u00e9n do 43 por cento das importaci\u00f3ns.<\/p>\n<p>&nbsp;<\/p>\n<p><strong>PERMISOS DE RESIDENCIA E PASAPORTES<\/strong><\/p>\n<p>&nbsp;<\/p>\n<p>\u201cUn terceiro&nbsp; piar que se ver\u00e1 afectado polo Brexit ser\u00e1n as persoas, \u00e9 dicir, os traballadores, estudantes ou familiares de galegos no Reino Unido, que se ver\u00e1n obrigados de novo a utilizar permisos de residencia ou pasaportes\u201d, apuntou Pedro Puy.<\/p>\n<p>&nbsp;<\/p>\n<p>Diante desta situaci\u00f3n, o portavoz popular amosouse partidario de que os brit\u00e1nicos \u201creconsideren a s\u00faa decisi\u00f3n\u201d de sa\u00edr da Uni\u00f3n Europea, lembrando o pronunciamento neste sentido do ex primeiro ministro laborista Toni Blair, pero ante o avance deste proceso \u201cGalicia debe estar preparada e valorar as consecuencias que esta decisi\u00f3n pode ter nos distintos \u00e1mbitos institucionais, financeiros e econ\u00f3micos\u201d.<\/p>\n","protected":false},"excerpt":{"rendered":"<p>Santiago, 22 de febreiro de 2017.- O Parlamento de Galicia aprobou hoxe unha proposici\u00f3n non de lei, a iniciativa do Grupo Popular, a trav\u00e9s da que se insta \u00e1 Xunta a que elabore, coa participaci\u00f3n do Consello de Acci\u00f3n Exterior de Galicia, un informe sobre os posibles impactos do Brexit na econom\u00eda galega e nos [&hellip;]<\/p>\n","protected":false},"author":37,"featured_media":0,"comment_status":"open","ping_status":"open","sticky":false,"template":"","format":"standard","meta":{"_acf_changed":false,"footnotes":""},"categories":[1],"tags":[],"class_list":["post-53389","post","type-post","status-publish","format-standard","hentry","category-pp-de-galicia"],"acf":[],"yoast_head":"<!-- This site is optimized with the Yoast SEO plugin v27.3 - https:\/\/yoast.com\/product\/yoast-seo-wordpress\/ -->\n<title>O Parlamento aproba instar \u00e1 Xunta para que realice un informe sobre as consecuencias do Brexit en Galicia - PP de Galicia<\/title>\n<meta name=\"robots\" content=\"index, follow, max-snippet:-1, max-image-preview:large, max-video-preview:-1\" \/>\n<link rel=\"canonical\" href=\"https:\/\/ppdegalicia.com\/es\/o-parlamento-aproba-instar-a-xunta-para-que-realice-un-informe-sobre-as-consecuencias-do-brexit-en-galicia\/\" \/>\n<meta property=\"og:locale\" content=\"es_ES\" \/>\n<meta property=\"og:type\" content=\"article\" \/>\n<meta property=\"og:title\" content=\"O Parlamento aproba instar \u00e1 Xunta para que realice un informe sobre as consecuencias do Brexit en Galicia - PP de Galicia\" \/>\n<meta property=\"og:description\" content=\"Santiago, 22 de febreiro de 2017.- O Parlamento de Galicia aprobou hoxe unha proposici\u00f3n non de lei, a iniciativa do Grupo Popular, a trav\u00e9s da que se insta \u00e1 Xunta a que elabore, coa participaci\u00f3n do Consello de Acci\u00f3n Exterior de Galicia, un informe sobre os posibles impactos do Brexit na econom\u00eda galega e nos [&hellip;]\" \/>\n<meta property=\"og:url\" content=\"https:\/\/ppdegalicia.com\/es\/o-parlamento-aproba-instar-a-xunta-para-que-realice-un-informe-sobre-as-consecuencias-do-brexit-en-galicia\/\" \/>\n<meta property=\"og:site_name\" content=\"PP de Galicia\" \/>\n<meta property=\"article:publisher\" content=\"https:\/\/www.instagram.com\/ppdegalicia\/\" \/>\n<meta property=\"article:published_time\" content=\"2017-02-22T14:35:53+00:00\" \/>\n<meta name=\"author\" content=\"Super User\" \/>\n<meta name=\"twitter:card\" content=\"summary_large_image\" \/>\n<meta name=\"twitter:creator\" content=\"@ppdegalicia\" \/>\n<meta name=\"twitter:site\" content=\"@ppdegalicia\" \/>\n<meta name=\"twitter:label1\" content=\"Escrito por\" \/>\n\t<meta name=\"twitter:data1\" content=\"Super User\" \/>\n\t<meta name=\"twitter:label2\" content=\"Tiempo de lectura\" \/>\n\t<meta name=\"twitter:data2\" content=\"2 minutos\" \/>\n<script type=\"application\/ld+json\" class=\"yoast-schema-graph\">{\"@context\":\"https:\\\/\\\/schema.org\",\"@graph\":[{\"@type\":\"Article\",\"@id\":\"https:\\\/\\\/ppdegalicia.com\\\/es\\\/o-parlamento-aproba-instar-a-xunta-para-que-realice-un-informe-sobre-as-consecuencias-do-brexit-en-galicia\\\/#article\",\"isPartOf\":{\"@id\":\"https:\\\/\\\/ppdegalicia.com\\\/es\\\/o-parlamento-aproba-instar-a-xunta-para-que-realice-un-informe-sobre-as-consecuencias-do-brexit-en-galicia\\\/\"},\"author\":{\"name\":\"Super User\",\"@id\":\"https:\\\/\\\/ppdegalicia.com\\\/es\\\/#\\\/schema\\\/person\\\/d0f013b8388c980665d44009ab762960\"},\"headline\":\"O Parlamento aproba instar \u00e1 Xunta para que realice un informe sobre as consecuencias do Brexit en Galicia\",\"datePublished\":\"2017-02-22T14:35:53+00:00\",\"mainEntityOfPage\":{\"@id\":\"https:\\\/\\\/ppdegalicia.com\\\/es\\\/o-parlamento-aproba-instar-a-xunta-para-que-realice-un-informe-sobre-as-consecuencias-do-brexit-en-galicia\\\/\"},\"wordCount\":411,\"commentCount\":0,\"publisher\":{\"@id\":\"https:\\\/\\\/ppdegalicia.com\\\/es\\\/#organization\"},\"articleSection\":[\"PP de Galicia\"],\"inLanguage\":\"es\",\"potentialAction\":[{\"@type\":\"CommentAction\",\"name\":\"Comment\",\"target\":[\"https:\\\/\\\/ppdegalicia.com\\\/es\\\/o-parlamento-aproba-instar-a-xunta-para-que-realice-un-informe-sobre-as-consecuencias-do-brexit-en-galicia\\\/#respond\"]}]},{\"@type\":\"WebPage\",\"@id\":\"https:\\\/\\\/ppdegalicia.com\\\/es\\\/o-parlamento-aproba-instar-a-xunta-para-que-realice-un-informe-sobre-as-consecuencias-do-brexit-en-galicia\\\/\",\"url\":\"https:\\\/\\\/ppdegalicia.com\\\/es\\\/o-parlamento-aproba-instar-a-xunta-para-que-realice-un-informe-sobre-as-consecuencias-do-brexit-en-galicia\\\/\",\"name\":\"O Parlamento aproba instar \u00e1 Xunta para que realice un informe sobre as consecuencias do Brexit en Galicia - PP de Galicia\",\"isPartOf\":{\"@id\":\"https:\\\/\\\/ppdegalicia.com\\\/es\\\/#website\"},\"datePublished\":\"2017-02-22T14:35:53+00:00\",\"breadcrumb\":{\"@id\":\"https:\\\/\\\/ppdegalicia.com\\\/es\\\/o-parlamento-aproba-instar-a-xunta-para-que-realice-un-informe-sobre-as-consecuencias-do-brexit-en-galicia\\\/#breadcrumb\"},\"inLanguage\":\"es\",\"potentialAction\":[{\"@type\":\"ReadAction\",\"target\":[\"https:\\\/\\\/ppdegalicia.com\\\/es\\\/o-parlamento-aproba-instar-a-xunta-para-que-realice-un-informe-sobre-as-consecuencias-do-brexit-en-galicia\\\/\"]}]},{\"@type\":\"BreadcrumbList\",\"@id\":\"https:\\\/\\\/ppdegalicia.com\\\/es\\\/o-parlamento-aproba-instar-a-xunta-para-que-realice-un-informe-sobre-as-consecuencias-do-brexit-en-galicia\\\/#breadcrumb\",\"itemListElement\":[{\"@type\":\"ListItem\",\"position\":1,\"name\":\"Portada\",\"item\":\"https:\\\/\\\/ppdegalicia.com\\\/es\\\/\"},{\"@type\":\"ListItem\",\"position\":2,\"name\":\"O Parlamento aproba instar \u00e1 Xunta para que realice un informe sobre as consecuencias do Brexit en Galicia\"}]},{\"@type\":\"WebSite\",\"@id\":\"https:\\\/\\\/ppdegalicia.com\\\/es\\\/#website\",\"url\":\"https:\\\/\\\/ppdegalicia.com\\\/es\\\/\",\"name\":\"Partido Popular de Galicia\",\"description\":\"Partido Popular de Galicia\",\"publisher\":{\"@id\":\"https:\\\/\\\/ppdegalicia.com\\\/es\\\/#organization\"},\"alternateName\":\"PP de Galicia\",\"potentialAction\":[{\"@type\":\"SearchAction\",\"target\":{\"@type\":\"EntryPoint\",\"urlTemplate\":\"https:\\\/\\\/ppdegalicia.com\\\/es\\\/?s={search_term_string}\"},\"query-input\":{\"@type\":\"PropertyValueSpecification\",\"valueRequired\":true,\"valueName\":\"search_term_string\"}}],\"inLanguage\":\"es\"},{\"@type\":\"Organization\",\"@id\":\"https:\\\/\\\/ppdegalicia.com\\\/es\\\/#organization\",\"name\":\"Partido Popular de Galicia\",\"alternateName\":\"PP de Galicia\",\"url\":\"https:\\\/\\\/ppdegalicia.com\\\/es\\\/\",\"logo\":{\"@type\":\"ImageObject\",\"inLanguage\":\"es\",\"@id\":\"https:\\\/\\\/ppdegalicia.com\\\/es\\\/#\\\/schema\\\/logo\\\/image\\\/\",\"url\":\"https:\\\/\\\/ppdegalicia.com\\\/wp-content\\\/uploads\\\/2023\\\/04\\\/logoPP512.png\",\"contentUrl\":\"https:\\\/\\\/ppdegalicia.com\\\/wp-content\\\/uploads\\\/2023\\\/04\\\/logoPP512.png\",\"width\":512,\"height\":512,\"caption\":\"Partido Popular de Galicia\"},\"image\":{\"@id\":\"https:\\\/\\\/ppdegalicia.com\\\/es\\\/#\\\/schema\\\/logo\\\/image\\\/\"},\"sameAs\":[\"https:\\\/\\\/www.instagram.com\\\/ppdegalicia\\\/\",\"https:\\\/\\\/x.com\\\/ppdegalicia\",\"https:\\\/\\\/www.tiktok.com\\\/@ppdegalicia\",\"https:\\\/\\\/www.youtube.com\\\/user\\\/ppdegalicia\"]},{\"@type\":\"Person\",\"@id\":\"https:\\\/\\\/ppdegalicia.com\\\/es\\\/#\\\/schema\\\/person\\\/d0f013b8388c980665d44009ab762960\",\"name\":\"Super User\",\"image\":{\"@type\":\"ImageObject\",\"inLanguage\":\"es\",\"@id\":\"https:\\\/\\\/secure.gravatar.com\\\/avatar\\\/1db852625ef4948f58d2739bfbc51e4b9bd5c93b8fa340b59fdb594ca0845645?s=96&d=mm&r=g\",\"url\":\"https:\\\/\\\/secure.gravatar.com\\\/avatar\\\/1db852625ef4948f58d2739bfbc51e4b9bd5c93b8fa340b59fdb594ca0845645?s=96&d=mm&r=g\",\"contentUrl\":\"https:\\\/\\\/secure.gravatar.com\\\/avatar\\\/1db852625ef4948f58d2739bfbc51e4b9bd5c93b8fa340b59fdb594ca0845645?s=96&d=mm&r=g\",\"caption\":\"Super User\"},\"url\":\"https:\\\/\\\/ppdegalicia.com\\\/es\\\/author\\\/ppdegaliciagestion\\\/\"}]}<\/script>\n<!-- \/ Yoast SEO plugin. -->","yoast_head_json":{"title":"O Parlamento aproba instar \u00e1 Xunta para que realice un informe sobre as consecuencias do Brexit en Galicia - PP de Galicia","robots":{"index":"index","follow":"follow","max-snippet":"max-snippet:-1","max-image-preview":"max-image-preview:large","max-video-preview":"max-video-preview:-1"},"canonical":"https:\/\/ppdegalicia.com\/es\/o-parlamento-aproba-instar-a-xunta-para-que-realice-un-informe-sobre-as-consecuencias-do-brexit-en-galicia\/","og_locale":"es_ES","og_type":"article","og_title":"O Parlamento aproba instar \u00e1 Xunta para que realice un informe sobre as consecuencias do Brexit en Galicia - PP de Galicia","og_description":"Santiago, 22 de febreiro de 2017.- O Parlamento de Galicia aprobou hoxe unha proposici\u00f3n non de lei, a iniciativa do Grupo Popular, a trav\u00e9s da que se insta \u00e1 Xunta a que elabore, coa participaci\u00f3n do Consello de Acci\u00f3n Exterior de Galicia, un informe sobre os posibles impactos do Brexit na econom\u00eda galega e nos [&hellip;]","og_url":"https:\/\/ppdegalicia.com\/es\/o-parlamento-aproba-instar-a-xunta-para-que-realice-un-informe-sobre-as-consecuencias-do-brexit-en-galicia\/","og_site_name":"PP de Galicia","article_publisher":"https:\/\/www.instagram.com\/ppdegalicia\/","article_published_time":"2017-02-22T14:35:53+00:00","author":"Super User","twitter_card":"summary_large_image","twitter_creator":"@ppdegalicia","twitter_site":"@ppdegalicia","twitter_misc":{"Escrito por":"Super User","Tiempo de lectura":"2 minutos"},"schema":{"@context":"https:\/\/schema.org","@graph":[{"@type":"Article","@id":"https:\/\/ppdegalicia.com\/es\/o-parlamento-aproba-instar-a-xunta-para-que-realice-un-informe-sobre-as-consecuencias-do-brexit-en-galicia\/#article","isPartOf":{"@id":"https:\/\/ppdegalicia.com\/es\/o-parlamento-aproba-instar-a-xunta-para-que-realice-un-informe-sobre-as-consecuencias-do-brexit-en-galicia\/"},"author":{"name":"Super User","@id":"https:\/\/ppdegalicia.com\/es\/#\/schema\/person\/d0f013b8388c980665d44009ab762960"},"headline":"O Parlamento aproba instar \u00e1 Xunta para que realice un informe sobre as consecuencias do Brexit en Galicia","datePublished":"2017-02-22T14:35:53+00:00","mainEntityOfPage":{"@id":"https:\/\/ppdegalicia.com\/es\/o-parlamento-aproba-instar-a-xunta-para-que-realice-un-informe-sobre-as-consecuencias-do-brexit-en-galicia\/"},"wordCount":411,"commentCount":0,"publisher":{"@id":"https:\/\/ppdegalicia.com\/es\/#organization"},"articleSection":["PP de Galicia"],"inLanguage":"es","potentialAction":[{"@type":"CommentAction","name":"Comment","target":["https:\/\/ppdegalicia.com\/es\/o-parlamento-aproba-instar-a-xunta-para-que-realice-un-informe-sobre-as-consecuencias-do-brexit-en-galicia\/#respond"]}]},{"@type":"WebPage","@id":"https:\/\/ppdegalicia.com\/es\/o-parlamento-aproba-instar-a-xunta-para-que-realice-un-informe-sobre-as-consecuencias-do-brexit-en-galicia\/","url":"https:\/\/ppdegalicia.com\/es\/o-parlamento-aproba-instar-a-xunta-para-que-realice-un-informe-sobre-as-consecuencias-do-brexit-en-galicia\/","name":"O Parlamento aproba instar \u00e1 Xunta para que realice un informe sobre as consecuencias do Brexit en Galicia - PP de Galicia","isPartOf":{"@id":"https:\/\/ppdegalicia.com\/es\/#website"},"datePublished":"2017-02-22T14:35:53+00:00","breadcrumb":{"@id":"https:\/\/ppdegalicia.com\/es\/o-parlamento-aproba-instar-a-xunta-para-que-realice-un-informe-sobre-as-consecuencias-do-brexit-en-galicia\/#breadcrumb"},"inLanguage":"es","potentialAction":[{"@type":"ReadAction","target":["https:\/\/ppdegalicia.com\/es\/o-parlamento-aproba-instar-a-xunta-para-que-realice-un-informe-sobre-as-consecuencias-do-brexit-en-galicia\/"]}]},{"@type":"BreadcrumbList","@id":"https:\/\/ppdegalicia.com\/es\/o-parlamento-aproba-instar-a-xunta-para-que-realice-un-informe-sobre-as-consecuencias-do-brexit-en-galicia\/#breadcrumb","itemListElement":[{"@type":"ListItem","position":1,"name":"Portada","item":"https:\/\/ppdegalicia.com\/es\/"},{"@type":"ListItem","position":2,"name":"O Parlamento aproba instar \u00e1 Xunta para que realice un informe sobre as consecuencias do Brexit en Galicia"}]},{"@type":"WebSite","@id":"https:\/\/ppdegalicia.com\/es\/#website","url":"https:\/\/ppdegalicia.com\/es\/","name":"Partido Popular de Galicia","description":"Partido Popular de Galicia","publisher":{"@id":"https:\/\/ppdegalicia.com\/es\/#organization"},"alternateName":"PP de Galicia","potentialAction":[{"@type":"SearchAction","target":{"@type":"EntryPoint","urlTemplate":"https:\/\/ppdegalicia.com\/es\/?s={search_term_string}"},"query-input":{"@type":"PropertyValueSpecification","valueRequired":true,"valueName":"search_term_string"}}],"inLanguage":"es"},{"@type":"Organization","@id":"https:\/\/ppdegalicia.com\/es\/#organization","name":"Partido Popular de Galicia","alternateName":"PP de Galicia","url":"https:\/\/ppdegalicia.com\/es\/","logo":{"@type":"ImageObject","inLanguage":"es","@id":"https:\/\/ppdegalicia.com\/es\/#\/schema\/logo\/image\/","url":"https:\/\/ppdegalicia.com\/wp-content\/uploads\/2023\/04\/logoPP512.png","contentUrl":"https:\/\/ppdegalicia.com\/wp-content\/uploads\/2023\/04\/logoPP512.png","width":512,"height":512,"caption":"Partido Popular de Galicia"},"image":{"@id":"https:\/\/ppdegalicia.com\/es\/#\/schema\/logo\/image\/"},"sameAs":["https:\/\/www.instagram.com\/ppdegalicia\/","https:\/\/x.com\/ppdegalicia","https:\/\/www.tiktok.com\/@ppdegalicia","https:\/\/www.youtube.com\/user\/ppdegalicia"]},{"@type":"Person","@id":"https:\/\/ppdegalicia.com\/es\/#\/schema\/person\/d0f013b8388c980665d44009ab762960","name":"Super User","image":{"@type":"ImageObject","inLanguage":"es","@id":"https:\/\/secure.gravatar.com\/avatar\/1db852625ef4948f58d2739bfbc51e4b9bd5c93b8fa340b59fdb594ca0845645?s=96&d=mm&r=g","url":"https:\/\/secure.gravatar.com\/avatar\/1db852625ef4948f58d2739bfbc51e4b9bd5c93b8fa340b59fdb594ca0845645?s=96&d=mm&r=g","contentUrl":"https:\/\/secure.gravatar.com\/avatar\/1db852625ef4948f58d2739bfbc51e4b9bd5c93b8fa340b59fdb594ca0845645?s=96&d=mm&r=g","caption":"Super User"},"url":"https:\/\/ppdegalicia.com\/es\/author\/ppdegaliciagestion\/"}]}},"_links":{"self":[{"href":"https:\/\/ppdegalicia.com\/es\/wp-json\/wp\/v2\/posts\/53389","targetHints":{"allow":["GET"]}}],"collection":[{"href":"https:\/\/ppdegalicia.com\/es\/wp-json\/wp\/v2\/posts"}],"about":[{"href":"https:\/\/ppdegalicia.com\/es\/wp-json\/wp\/v2\/types\/post"}],"author":[{"embeddable":true,"href":"https:\/\/ppdegalicia.com\/es\/wp-json\/wp\/v2\/users\/37"}],"replies":[{"embeddable":true,"href":"https:\/\/ppdegalicia.com\/es\/wp-json\/wp\/v2\/comments?post=53389"}],"version-history":[{"count":0,"href":"https:\/\/ppdegalicia.com\/es\/wp-json\/wp\/v2\/posts\/53389\/revisions"}],"wp:attachment":[{"href":"https:\/\/ppdegalicia.com\/es\/wp-json\/wp\/v2\/media?parent=53389"}],"wp:term":[{"taxonomy":"category","embeddable":true,"href":"https:\/\/ppdegalicia.com\/es\/wp-json\/wp\/v2\/categories?post=53389"},{"taxonomy":"post_tag","embeddable":true,"href":"https:\/\/ppdegalicia.com\/es\/wp-json\/wp\/v2\/tags?post=53389"}],"curies":[{"name":"wp","href":"https:\/\/api.w.org\/{rel}","templated":true}]}}