{"id":53392,"date":"2017-02-23T09:05:21","date_gmt":"2017-02-23T07:05:21","guid":{"rendered":"https:\/\/ppdegalicia.com\/o-gpp-pide-respecto-a-autonomia-local-para-que-os-concellos-determinen-libremente-as-suas-taxas\/"},"modified":"2017-02-23T09:05:21","modified_gmt":"2017-02-23T07:05:21","slug":"o-gpp-pide-respecto-a-autonomia-local-para-que-os-concellos-determinen-libremente-as-suas-taxas","status":"publish","type":"post","link":"https:\/\/ppdegalicia.com\/es\/o-gpp-pide-respecto-a-autonomia-local-para-que-os-concellos-determinen-libremente-as-suas-taxas\/","title":{"rendered":"O GPP pide respecto \u00e1 autonom\u00eda local para que os concellos determinen libremente as s\u00faas taxas"},"content":{"rendered":"<p>Santiago, 22 de febreiro de 2017.- O deputado do Grupo Popular, Alberto Pazos, pediu hoxe no Parlamento respecto \u00e1 autonom\u00eda local para que os concellos galegos poidan determinar libremente o c\u00e1lculo das taxas que consideren m\u00e1is pertinentes ou aca\u00eddas para os seus intereses.<\/p>\n<p><!--more--><\/p>\n<p>No debate dunha proposici\u00f3n non de lei de En Marea sobre sentenzas do Tribunal Supremo do pasado mes de decembro en relaci\u00f3n utilizaci\u00f3n privativa ou aproveitamento especial do dominio p\u00fablico local das instalaci\u00f3ns de transporte de enerx\u00eda el\u00e9ctrica, gas, auga e hidrocarburos, Alberto Pazos felicitouse porque este grupo parlamentario \u201cacuda a este Parlamento a propo\u00f1er a extensi\u00f3n a toda Galicia dunha medida impulsada polo Partido Popular, e m\u00e1is concretamente polo PP de Arteixo\u201d.<\/p>\n<p>&nbsp;<\/p>\n<p><strong>INICIATIVAS BEN FUNDAMENTADAS<\/strong><\/p>\n<p>&nbsp;<\/p>\n<p>\u201cParecer\u00edame unha boa nova que abandonasen a defensa das moitas propostas disparatadas que realizaron as mareas de Podemos no exercicio dos gobernos municipais, e mudaran pola defensa de iniciativas ben fundamentadas, tanto xur\u00eddica como tecnicamente\u201d, apuntou.<\/p>\n<p>&nbsp;<\/p>\n<p>Alberto Pazos subli\u00f1ou que as sentenzas do Tribunal Supremo establecen que \u201co m\u00e9todo de c\u00e1lculo establecido na ordenanza de Arteixo pola utilizaci\u00f3n privativa, ocupaci\u00f3n ou aproveitamento especial do dominio p\u00fablico das instalaci\u00f3ns&nbsp; de transporte e distribuci\u00f3n de enerx\u00eda el\u00e9ctrica, gas, auga, hidrocarburos e outros \u00e9 valido, do mesmo xeito que deixa meridianamente claro que outros m\u00e9todos de c\u00e1lculo, inclu\u00eddo o auton\u00f3mico contido na Lei 6\/2003, tam\u00e9n o son\u201d.<\/p>\n<p>&nbsp;<\/p>\n<p>Neste sentido, explicou que \u201co \u00e9xito da iniciativa radica en que esa decisi\u00f3n non se baseou nunha ocorrencia, sen\u00f3n nun estudo previo que permita conclu\u00edr que a proposta ti\u00f1a cabida dentro do marco legal\u201d.<\/p>\n<p>&nbsp;<\/p>\n<p>O deputado popular demandou que cada corporaci\u00f3n municipal, \u201cno uso da autonom\u00eda local, determine libremente cal das distintas opci\u00f3ns para o c\u00e1lculo da taxa considera m\u00e1is pertinente e aca\u00edda, ben sexa auton\u00f3mica ou local\u201d. Ademais, engadiu que calquera concello ter\u00e1 a colaboraci\u00f3n da Xunta ou da Fegamp para levar adiante esta acci\u00f3n.<\/p>\n","protected":false},"excerpt":{"rendered":"<p>Santiago, 22 de febreiro de 2017.- O deputado do Grupo Popular, Alberto Pazos, pediu hoxe no Parlamento respecto \u00e1 autonom\u00eda local para que os concellos galegos poidan determinar libremente o c\u00e1lculo das taxas que consideren m\u00e1is pertinentes ou aca\u00eddas para os seus intereses.<\/p>\n","protected":false},"author":37,"featured_media":0,"comment_status":"open","ping_status":"open","sticky":false,"template":"","format":"standard","meta":{"_acf_changed":false,"footnotes":""},"categories":[1],"tags":[],"class_list":["post-53392","post","type-post","status-publish","format-standard","hentry","category-pp-de-galicia"],"acf":[],"yoast_head":"<!-- This site is optimized with the Yoast SEO plugin v27.3 - https:\/\/yoast.com\/product\/yoast-seo-wordpress\/ -->\n<title>O GPP pide respecto \u00e1 autonom\u00eda local para que os concellos determinen libremente as s\u00faas taxas - PP de Galicia<\/title>\n<meta name=\"robots\" content=\"index, follow, max-snippet:-1, max-image-preview:large, max-video-preview:-1\" \/>\n<link rel=\"canonical\" href=\"https:\/\/ppdegalicia.com\/es\/o-gpp-pide-respecto-a-autonomia-local-para-que-os-concellos-determinen-libremente-as-suas-taxas\/\" \/>\n<meta property=\"og:locale\" content=\"es_ES\" \/>\n<meta property=\"og:type\" content=\"article\" \/>\n<meta property=\"og:title\" content=\"O GPP pide respecto \u00e1 autonom\u00eda local para que os concellos determinen libremente as s\u00faas taxas - PP de Galicia\" \/>\n<meta property=\"og:description\" content=\"Santiago, 22 de febreiro de 2017.- O deputado do Grupo Popular, Alberto Pazos, pediu hoxe no Parlamento respecto \u00e1 autonom\u00eda local para que os concellos galegos poidan determinar libremente o c\u00e1lculo das taxas que consideren m\u00e1is pertinentes ou aca\u00eddas para os seus intereses.\" \/>\n<meta property=\"og:url\" content=\"https:\/\/ppdegalicia.com\/es\/o-gpp-pide-respecto-a-autonomia-local-para-que-os-concellos-determinen-libremente-as-suas-taxas\/\" \/>\n<meta property=\"og:site_name\" content=\"PP de Galicia\" \/>\n<meta property=\"article:publisher\" content=\"https:\/\/www.instagram.com\/ppdegalicia\/\" \/>\n<meta property=\"article:published_time\" content=\"2017-02-23T07:05:21+00:00\" \/>\n<meta name=\"author\" content=\"Super User\" \/>\n<meta name=\"twitter:card\" content=\"summary_large_image\" \/>\n<meta name=\"twitter:creator\" content=\"@ppdegalicia\" \/>\n<meta name=\"twitter:site\" content=\"@ppdegalicia\" \/>\n<meta name=\"twitter:label1\" content=\"Escrito por\" \/>\n\t<meta name=\"twitter:data1\" content=\"Super User\" \/>\n\t<meta name=\"twitter:label2\" content=\"Tiempo de lectura\" \/>\n\t<meta name=\"twitter:data2\" content=\"2 minutos\" \/>\n<script type=\"application\/ld+json\" class=\"yoast-schema-graph\">{\"@context\":\"https:\\\/\\\/schema.org\",\"@graph\":[{\"@type\":\"Article\",\"@id\":\"https:\\\/\\\/ppdegalicia.com\\\/es\\\/o-gpp-pide-respecto-a-autonomia-local-para-que-os-concellos-determinen-libremente-as-suas-taxas\\\/#article\",\"isPartOf\":{\"@id\":\"https:\\\/\\\/ppdegalicia.com\\\/es\\\/o-gpp-pide-respecto-a-autonomia-local-para-que-os-concellos-determinen-libremente-as-suas-taxas\\\/\"},\"author\":{\"name\":\"Super User\",\"@id\":\"https:\\\/\\\/ppdegalicia.com\\\/es\\\/#\\\/schema\\\/person\\\/d0f013b8388c980665d44009ab762960\"},\"headline\":\"O GPP pide respecto \u00e1 autonom\u00eda local para que os concellos determinen libremente as s\u00faas taxas\",\"datePublished\":\"2017-02-23T07:05:21+00:00\",\"mainEntityOfPage\":{\"@id\":\"https:\\\/\\\/ppdegalicia.com\\\/es\\\/o-gpp-pide-respecto-a-autonomia-local-para-que-os-concellos-determinen-libremente-as-suas-taxas\\\/\"},\"wordCount\":372,\"commentCount\":0,\"publisher\":{\"@id\":\"https:\\\/\\\/ppdegalicia.com\\\/es\\\/#organization\"},\"articleSection\":[\"PP de Galicia\"],\"inLanguage\":\"es\",\"potentialAction\":[{\"@type\":\"CommentAction\",\"name\":\"Comment\",\"target\":[\"https:\\\/\\\/ppdegalicia.com\\\/es\\\/o-gpp-pide-respecto-a-autonomia-local-para-que-os-concellos-determinen-libremente-as-suas-taxas\\\/#respond\"]}]},{\"@type\":\"WebPage\",\"@id\":\"https:\\\/\\\/ppdegalicia.com\\\/es\\\/o-gpp-pide-respecto-a-autonomia-local-para-que-os-concellos-determinen-libremente-as-suas-taxas\\\/\",\"url\":\"https:\\\/\\\/ppdegalicia.com\\\/es\\\/o-gpp-pide-respecto-a-autonomia-local-para-que-os-concellos-determinen-libremente-as-suas-taxas\\\/\",\"name\":\"O GPP pide respecto \u00e1 autonom\u00eda local para que os concellos determinen libremente as s\u00faas taxas - PP de Galicia\",\"isPartOf\":{\"@id\":\"https:\\\/\\\/ppdegalicia.com\\\/es\\\/#website\"},\"datePublished\":\"2017-02-23T07:05:21+00:00\",\"breadcrumb\":{\"@id\":\"https:\\\/\\\/ppdegalicia.com\\\/es\\\/o-gpp-pide-respecto-a-autonomia-local-para-que-os-concellos-determinen-libremente-as-suas-taxas\\\/#breadcrumb\"},\"inLanguage\":\"es\",\"potentialAction\":[{\"@type\":\"ReadAction\",\"target\":[\"https:\\\/\\\/ppdegalicia.com\\\/es\\\/o-gpp-pide-respecto-a-autonomia-local-para-que-os-concellos-determinen-libremente-as-suas-taxas\\\/\"]}]},{\"@type\":\"BreadcrumbList\",\"@id\":\"https:\\\/\\\/ppdegalicia.com\\\/es\\\/o-gpp-pide-respecto-a-autonomia-local-para-que-os-concellos-determinen-libremente-as-suas-taxas\\\/#breadcrumb\",\"itemListElement\":[{\"@type\":\"ListItem\",\"position\":1,\"name\":\"Portada\",\"item\":\"https:\\\/\\\/ppdegalicia.com\\\/es\\\/\"},{\"@type\":\"ListItem\",\"position\":2,\"name\":\"O GPP pide respecto \u00e1 autonom\u00eda local para que os concellos determinen libremente as s\u00faas taxas\"}]},{\"@type\":\"WebSite\",\"@id\":\"https:\\\/\\\/ppdegalicia.com\\\/es\\\/#website\",\"url\":\"https:\\\/\\\/ppdegalicia.com\\\/es\\\/\",\"name\":\"Partido Popular de Galicia\",\"description\":\"Partido Popular de Galicia\",\"publisher\":{\"@id\":\"https:\\\/\\\/ppdegalicia.com\\\/es\\\/#organization\"},\"alternateName\":\"PP de Galicia\",\"potentialAction\":[{\"@type\":\"SearchAction\",\"target\":{\"@type\":\"EntryPoint\",\"urlTemplate\":\"https:\\\/\\\/ppdegalicia.com\\\/es\\\/?s={search_term_string}\"},\"query-input\":{\"@type\":\"PropertyValueSpecification\",\"valueRequired\":true,\"valueName\":\"search_term_string\"}}],\"inLanguage\":\"es\"},{\"@type\":\"Organization\",\"@id\":\"https:\\\/\\\/ppdegalicia.com\\\/es\\\/#organization\",\"name\":\"Partido Popular de Galicia\",\"alternateName\":\"PP de Galicia\",\"url\":\"https:\\\/\\\/ppdegalicia.com\\\/es\\\/\",\"logo\":{\"@type\":\"ImageObject\",\"inLanguage\":\"es\",\"@id\":\"https:\\\/\\\/ppdegalicia.com\\\/es\\\/#\\\/schema\\\/logo\\\/image\\\/\",\"url\":\"https:\\\/\\\/ppdegalicia.com\\\/wp-content\\\/uploads\\\/2023\\\/04\\\/logoPP512.png\",\"contentUrl\":\"https:\\\/\\\/ppdegalicia.com\\\/wp-content\\\/uploads\\\/2023\\\/04\\\/logoPP512.png\",\"width\":512,\"height\":512,\"caption\":\"Partido Popular de Galicia\"},\"image\":{\"@id\":\"https:\\\/\\\/ppdegalicia.com\\\/es\\\/#\\\/schema\\\/logo\\\/image\\\/\"},\"sameAs\":[\"https:\\\/\\\/www.instagram.com\\\/ppdegalicia\\\/\",\"https:\\\/\\\/x.com\\\/ppdegalicia\",\"https:\\\/\\\/www.tiktok.com\\\/@ppdegalicia\",\"https:\\\/\\\/www.youtube.com\\\/user\\\/ppdegalicia\"]},{\"@type\":\"Person\",\"@id\":\"https:\\\/\\\/ppdegalicia.com\\\/es\\\/#\\\/schema\\\/person\\\/d0f013b8388c980665d44009ab762960\",\"name\":\"Super User\",\"image\":{\"@type\":\"ImageObject\",\"inLanguage\":\"es\",\"@id\":\"https:\\\/\\\/secure.gravatar.com\\\/avatar\\\/1db852625ef4948f58d2739bfbc51e4b9bd5c93b8fa340b59fdb594ca0845645?s=96&d=mm&r=g\",\"url\":\"https:\\\/\\\/secure.gravatar.com\\\/avatar\\\/1db852625ef4948f58d2739bfbc51e4b9bd5c93b8fa340b59fdb594ca0845645?s=96&d=mm&r=g\",\"contentUrl\":\"https:\\\/\\\/secure.gravatar.com\\\/avatar\\\/1db852625ef4948f58d2739bfbc51e4b9bd5c93b8fa340b59fdb594ca0845645?s=96&d=mm&r=g\",\"caption\":\"Super User\"},\"url\":\"https:\\\/\\\/ppdegalicia.com\\\/es\\\/author\\\/ppdegaliciagestion\\\/\"}]}<\/script>\n<!-- \/ Yoast SEO plugin. -->","yoast_head_json":{"title":"O GPP pide respecto \u00e1 autonom\u00eda local para que os concellos determinen libremente as s\u00faas taxas - PP de Galicia","robots":{"index":"index","follow":"follow","max-snippet":"max-snippet:-1","max-image-preview":"max-image-preview:large","max-video-preview":"max-video-preview:-1"},"canonical":"https:\/\/ppdegalicia.com\/es\/o-gpp-pide-respecto-a-autonomia-local-para-que-os-concellos-determinen-libremente-as-suas-taxas\/","og_locale":"es_ES","og_type":"article","og_title":"O GPP pide respecto \u00e1 autonom\u00eda local para que os concellos determinen libremente as s\u00faas taxas - PP de Galicia","og_description":"Santiago, 22 de febreiro de 2017.- O deputado do Grupo Popular, Alberto Pazos, pediu hoxe no Parlamento respecto \u00e1 autonom\u00eda local para que os concellos galegos poidan determinar libremente o c\u00e1lculo das taxas que consideren m\u00e1is pertinentes ou aca\u00eddas para os seus intereses.","og_url":"https:\/\/ppdegalicia.com\/es\/o-gpp-pide-respecto-a-autonomia-local-para-que-os-concellos-determinen-libremente-as-suas-taxas\/","og_site_name":"PP de Galicia","article_publisher":"https:\/\/www.instagram.com\/ppdegalicia\/","article_published_time":"2017-02-23T07:05:21+00:00","author":"Super User","twitter_card":"summary_large_image","twitter_creator":"@ppdegalicia","twitter_site":"@ppdegalicia","twitter_misc":{"Escrito por":"Super User","Tiempo de lectura":"2 minutos"},"schema":{"@context":"https:\/\/schema.org","@graph":[{"@type":"Article","@id":"https:\/\/ppdegalicia.com\/es\/o-gpp-pide-respecto-a-autonomia-local-para-que-os-concellos-determinen-libremente-as-suas-taxas\/#article","isPartOf":{"@id":"https:\/\/ppdegalicia.com\/es\/o-gpp-pide-respecto-a-autonomia-local-para-que-os-concellos-determinen-libremente-as-suas-taxas\/"},"author":{"name":"Super User","@id":"https:\/\/ppdegalicia.com\/es\/#\/schema\/person\/d0f013b8388c980665d44009ab762960"},"headline":"O GPP pide respecto \u00e1 autonom\u00eda local para que os concellos determinen libremente as s\u00faas taxas","datePublished":"2017-02-23T07:05:21+00:00","mainEntityOfPage":{"@id":"https:\/\/ppdegalicia.com\/es\/o-gpp-pide-respecto-a-autonomia-local-para-que-os-concellos-determinen-libremente-as-suas-taxas\/"},"wordCount":372,"commentCount":0,"publisher":{"@id":"https:\/\/ppdegalicia.com\/es\/#organization"},"articleSection":["PP de Galicia"],"inLanguage":"es","potentialAction":[{"@type":"CommentAction","name":"Comment","target":["https:\/\/ppdegalicia.com\/es\/o-gpp-pide-respecto-a-autonomia-local-para-que-os-concellos-determinen-libremente-as-suas-taxas\/#respond"]}]},{"@type":"WebPage","@id":"https:\/\/ppdegalicia.com\/es\/o-gpp-pide-respecto-a-autonomia-local-para-que-os-concellos-determinen-libremente-as-suas-taxas\/","url":"https:\/\/ppdegalicia.com\/es\/o-gpp-pide-respecto-a-autonomia-local-para-que-os-concellos-determinen-libremente-as-suas-taxas\/","name":"O GPP pide respecto \u00e1 autonom\u00eda local para que os concellos determinen libremente as s\u00faas taxas - PP de Galicia","isPartOf":{"@id":"https:\/\/ppdegalicia.com\/es\/#website"},"datePublished":"2017-02-23T07:05:21+00:00","breadcrumb":{"@id":"https:\/\/ppdegalicia.com\/es\/o-gpp-pide-respecto-a-autonomia-local-para-que-os-concellos-determinen-libremente-as-suas-taxas\/#breadcrumb"},"inLanguage":"es","potentialAction":[{"@type":"ReadAction","target":["https:\/\/ppdegalicia.com\/es\/o-gpp-pide-respecto-a-autonomia-local-para-que-os-concellos-determinen-libremente-as-suas-taxas\/"]}]},{"@type":"BreadcrumbList","@id":"https:\/\/ppdegalicia.com\/es\/o-gpp-pide-respecto-a-autonomia-local-para-que-os-concellos-determinen-libremente-as-suas-taxas\/#breadcrumb","itemListElement":[{"@type":"ListItem","position":1,"name":"Portada","item":"https:\/\/ppdegalicia.com\/es\/"},{"@type":"ListItem","position":2,"name":"O GPP pide respecto \u00e1 autonom\u00eda local para que os concellos determinen libremente as s\u00faas taxas"}]},{"@type":"WebSite","@id":"https:\/\/ppdegalicia.com\/es\/#website","url":"https:\/\/ppdegalicia.com\/es\/","name":"Partido Popular de Galicia","description":"Partido Popular de Galicia","publisher":{"@id":"https:\/\/ppdegalicia.com\/es\/#organization"},"alternateName":"PP de Galicia","potentialAction":[{"@type":"SearchAction","target":{"@type":"EntryPoint","urlTemplate":"https:\/\/ppdegalicia.com\/es\/?s={search_term_string}"},"query-input":{"@type":"PropertyValueSpecification","valueRequired":true,"valueName":"search_term_string"}}],"inLanguage":"es"},{"@type":"Organization","@id":"https:\/\/ppdegalicia.com\/es\/#organization","name":"Partido Popular de Galicia","alternateName":"PP de Galicia","url":"https:\/\/ppdegalicia.com\/es\/","logo":{"@type":"ImageObject","inLanguage":"es","@id":"https:\/\/ppdegalicia.com\/es\/#\/schema\/logo\/image\/","url":"https:\/\/ppdegalicia.com\/wp-content\/uploads\/2023\/04\/logoPP512.png","contentUrl":"https:\/\/ppdegalicia.com\/wp-content\/uploads\/2023\/04\/logoPP512.png","width":512,"height":512,"caption":"Partido Popular de Galicia"},"image":{"@id":"https:\/\/ppdegalicia.com\/es\/#\/schema\/logo\/image\/"},"sameAs":["https:\/\/www.instagram.com\/ppdegalicia\/","https:\/\/x.com\/ppdegalicia","https:\/\/www.tiktok.com\/@ppdegalicia","https:\/\/www.youtube.com\/user\/ppdegalicia"]},{"@type":"Person","@id":"https:\/\/ppdegalicia.com\/es\/#\/schema\/person\/d0f013b8388c980665d44009ab762960","name":"Super User","image":{"@type":"ImageObject","inLanguage":"es","@id":"https:\/\/secure.gravatar.com\/avatar\/1db852625ef4948f58d2739bfbc51e4b9bd5c93b8fa340b59fdb594ca0845645?s=96&d=mm&r=g","url":"https:\/\/secure.gravatar.com\/avatar\/1db852625ef4948f58d2739bfbc51e4b9bd5c93b8fa340b59fdb594ca0845645?s=96&d=mm&r=g","contentUrl":"https:\/\/secure.gravatar.com\/avatar\/1db852625ef4948f58d2739bfbc51e4b9bd5c93b8fa340b59fdb594ca0845645?s=96&d=mm&r=g","caption":"Super User"},"url":"https:\/\/ppdegalicia.com\/es\/author\/ppdegaliciagestion\/"}]}},"_links":{"self":[{"href":"https:\/\/ppdegalicia.com\/es\/wp-json\/wp\/v2\/posts\/53392","targetHints":{"allow":["GET"]}}],"collection":[{"href":"https:\/\/ppdegalicia.com\/es\/wp-json\/wp\/v2\/posts"}],"about":[{"href":"https:\/\/ppdegalicia.com\/es\/wp-json\/wp\/v2\/types\/post"}],"author":[{"embeddable":true,"href":"https:\/\/ppdegalicia.com\/es\/wp-json\/wp\/v2\/users\/37"}],"replies":[{"embeddable":true,"href":"https:\/\/ppdegalicia.com\/es\/wp-json\/wp\/v2\/comments?post=53392"}],"version-history":[{"count":0,"href":"https:\/\/ppdegalicia.com\/es\/wp-json\/wp\/v2\/posts\/53392\/revisions"}],"wp:attachment":[{"href":"https:\/\/ppdegalicia.com\/es\/wp-json\/wp\/v2\/media?parent=53392"}],"wp:term":[{"taxonomy":"category","embeddable":true,"href":"https:\/\/ppdegalicia.com\/es\/wp-json\/wp\/v2\/categories?post=53392"},{"taxonomy":"post_tag","embeddable":true,"href":"https:\/\/ppdegalicia.com\/es\/wp-json\/wp\/v2\/tags?post=53392"}],"curies":[{"name":"wp","href":"https:\/\/api.w.org\/{rel}","templated":true}]}}