{"id":53395,"date":"2017-02-24T09:16:28","date_gmt":"2017-02-24T07:16:28","guid":{"rendered":"https:\/\/ppdegalicia.com\/iniciado-nas-rias-baixas-un-percorrido-polas-diferentes-denominacions-de-orixe-e-indicacion-xeograficas-protegidas-galegas\/"},"modified":"2017-02-24T09:16:28","modified_gmt":"2017-02-24T07:16:28","slug":"iniciado-nas-rias-baixas-un-percorrido-polas-diferentes-denominacions-de-orixe-e-indicacion-xeograficas-protegidas-galegas","status":"publish","type":"post","link":"https:\/\/ppdegalicia.com\/es\/iniciado-nas-rias-baixas-un-percorrido-polas-diferentes-denominacions-de-orixe-e-indicacion-xeograficas-protegidas-galegas\/","title":{"rendered":"Iniciado nas R\u00edas Baixas un percorrido polas diferentes denominaci\u00f3ns de orixe e indicaci\u00f3n xeogr\u00e1ficas protegidas galegas"},"content":{"rendered":"<p>Santiago, 23 de febreiro de 2017.- O portavoz do Medio Rural do Grupo Popular, Jos\u00e9 Gonz\u00e1lez V\u00e1zquez,&nbsp; xunto co tam\u00e9n deputado popular Jos\u00e9 Silvestre Balseiros, iniciou esta ma\u00f1\u00e1 no Consello Regulador da Denominaci\u00f3n de Orixe R\u00edas Baixas unha xira de visita \u00e1s diferentes denominaci\u00f3ns de orixe e indicaci\u00f3ns xeogr\u00e1ficas protexidas galegas para co\u00f1ecer de primeira man as s\u00faas inquedanzas e recoller as s\u00faas propostas para a promoci\u00f3n destes produtos.<\/p>\n<p><!--more--><\/p>\n<p>Gonz\u00e1lez e Balseiros visitaron a sede do Consello Regulador en compa\u00f1\u00eda do presidente e o secretario xeral da entidade, Juan Gil de Araujo e Ram\u00f3n Huidobro, respectivamente.<\/p>\n<p>&nbsp;<\/p>\n<p><strong>APOSTA POLO SECTOR AGROALIMENTARIO<\/strong><\/p>\n<p>&nbsp;<\/p>\n<p>A visita enm\u00e1rcase nunha rolda que o portavoz do Medio Rural realizar\u00e1 nas vindeiras semanas por todas as denominaci\u00f3ns de orixe e indicaci\u00f3ns xeogr\u00e1ficas protexidas co fin de co\u00f1ecer as s\u00faas demandas, as\u00ed como amosarlles o apoio do Grupo Popular polo importante papel que xogan na comercializaci\u00f3n e promoci\u00f3n dos produtos galegos de calidade.<\/p>\n<p>O Grupo Popular contin\u00faa nesta lexislatura coa s\u00faa aposta decidida por un sector agroalimentario galego de calidade como base para o desenvolvemento do rural. Nesta li\u00f1a, consid\u00e9rase esencial o apoio \u00e1s variedades e razas aut\u00f3ctonas da agricultura e gander\u00eda galegas, as\u00ed como \u00e1s organizaci\u00f3ns que garanten a calidade dos produtos galegos.<\/p>\n","protected":false},"excerpt":{"rendered":"<p>Santiago, 23 de febreiro de 2017.- O portavoz do Medio Rural do Grupo Popular, Jos\u00e9 Gonz\u00e1lez V\u00e1zquez,&nbsp; xunto co tam\u00e9n deputado popular Jos\u00e9 Silvestre Balseiros, iniciou esta ma\u00f1\u00e1 no Consello Regulador da Denominaci\u00f3n de Orixe R\u00edas Baixas unha xira de visita \u00e1s diferentes denominaci\u00f3ns de orixe e indicaci\u00f3ns xeogr\u00e1ficas protexidas galegas para co\u00f1ecer de primeira [&hellip;]<\/p>\n","protected":false},"author":37,"featured_media":0,"comment_status":"open","ping_status":"open","sticky":false,"template":"","format":"standard","meta":{"_acf_changed":false,"footnotes":""},"categories":[1],"tags":[],"class_list":["post-53395","post","type-post","status-publish","format-standard","hentry","category-pp-de-galicia"],"acf":[],"yoast_head":"<!-- This site is optimized with the Yoast SEO plugin v27.3 - https:\/\/yoast.com\/product\/yoast-seo-wordpress\/ -->\n<title>Iniciado nas R\u00edas Baixas un percorrido polas diferentes denominaci\u00f3ns de orixe e indicaci\u00f3n xeogr\u00e1ficas protegidas galegas - PP de Galicia<\/title>\n<meta name=\"robots\" content=\"index, follow, max-snippet:-1, max-image-preview:large, max-video-preview:-1\" \/>\n<link rel=\"canonical\" href=\"https:\/\/ppdegalicia.com\/es\/iniciado-nas-rias-baixas-un-percorrido-polas-diferentes-denominacions-de-orixe-e-indicacion-xeograficas-protegidas-galegas\/\" \/>\n<meta property=\"og:locale\" content=\"es_ES\" \/>\n<meta property=\"og:type\" content=\"article\" \/>\n<meta property=\"og:title\" content=\"Iniciado nas R\u00edas Baixas un percorrido polas diferentes denominaci\u00f3ns de orixe e indicaci\u00f3n xeogr\u00e1ficas protegidas galegas - PP de Galicia\" \/>\n<meta property=\"og:description\" content=\"Santiago, 23 de febreiro de 2017.- O portavoz do Medio Rural do Grupo Popular, Jos\u00e9 Gonz\u00e1lez V\u00e1zquez,&nbsp; xunto co tam\u00e9n deputado popular Jos\u00e9 Silvestre Balseiros, iniciou esta ma\u00f1\u00e1 no Consello Regulador da Denominaci\u00f3n de Orixe R\u00edas Baixas unha xira de visita \u00e1s diferentes denominaci\u00f3ns de orixe e indicaci\u00f3ns xeogr\u00e1ficas protexidas galegas para co\u00f1ecer de primeira [&hellip;]\" \/>\n<meta property=\"og:url\" content=\"https:\/\/ppdegalicia.com\/es\/iniciado-nas-rias-baixas-un-percorrido-polas-diferentes-denominacions-de-orixe-e-indicacion-xeograficas-protegidas-galegas\/\" \/>\n<meta property=\"og:site_name\" content=\"PP de Galicia\" \/>\n<meta property=\"article:publisher\" content=\"https:\/\/www.instagram.com\/ppdegalicia\/\" \/>\n<meta property=\"article:published_time\" content=\"2017-02-24T07:16:28+00:00\" \/>\n<meta name=\"author\" content=\"Super User\" \/>\n<meta name=\"twitter:card\" content=\"summary_large_image\" \/>\n<meta name=\"twitter:creator\" content=\"@ppdegalicia\" \/>\n<meta name=\"twitter:site\" content=\"@ppdegalicia\" \/>\n<meta name=\"twitter:label1\" content=\"Escrito por\" \/>\n\t<meta name=\"twitter:data1\" content=\"Super User\" \/>\n\t<meta name=\"twitter:label2\" content=\"Tiempo de lectura\" \/>\n\t<meta name=\"twitter:data2\" content=\"1 minuto\" \/>\n<script type=\"application\/ld+json\" class=\"yoast-schema-graph\">{\"@context\":\"https:\\\/\\\/schema.org\",\"@graph\":[{\"@type\":\"Article\",\"@id\":\"https:\\\/\\\/ppdegalicia.com\\\/es\\\/iniciado-nas-rias-baixas-un-percorrido-polas-diferentes-denominacions-de-orixe-e-indicacion-xeograficas-protegidas-galegas\\\/#article\",\"isPartOf\":{\"@id\":\"https:\\\/\\\/ppdegalicia.com\\\/es\\\/iniciado-nas-rias-baixas-un-percorrido-polas-diferentes-denominacions-de-orixe-e-indicacion-xeograficas-protegidas-galegas\\\/\"},\"author\":{\"name\":\"Super User\",\"@id\":\"https:\\\/\\\/ppdegalicia.com\\\/es\\\/#\\\/schema\\\/person\\\/d0f013b8388c980665d44009ab762960\"},\"headline\":\"Iniciado nas R\u00edas Baixas un percorrido polas diferentes denominaci\u00f3ns de orixe e indicaci\u00f3n xeogr\u00e1ficas protegidas galegas\",\"datePublished\":\"2017-02-24T07:16:28+00:00\",\"mainEntityOfPage\":{\"@id\":\"https:\\\/\\\/ppdegalicia.com\\\/es\\\/iniciado-nas-rias-baixas-un-percorrido-polas-diferentes-denominacions-de-orixe-e-indicacion-xeograficas-protegidas-galegas\\\/\"},\"wordCount\":257,\"commentCount\":0,\"publisher\":{\"@id\":\"https:\\\/\\\/ppdegalicia.com\\\/es\\\/#organization\"},\"articleSection\":[\"PP de Galicia\"],\"inLanguage\":\"es\",\"potentialAction\":[{\"@type\":\"CommentAction\",\"name\":\"Comment\",\"target\":[\"https:\\\/\\\/ppdegalicia.com\\\/es\\\/iniciado-nas-rias-baixas-un-percorrido-polas-diferentes-denominacions-de-orixe-e-indicacion-xeograficas-protegidas-galegas\\\/#respond\"]}]},{\"@type\":\"WebPage\",\"@id\":\"https:\\\/\\\/ppdegalicia.com\\\/es\\\/iniciado-nas-rias-baixas-un-percorrido-polas-diferentes-denominacions-de-orixe-e-indicacion-xeograficas-protegidas-galegas\\\/\",\"url\":\"https:\\\/\\\/ppdegalicia.com\\\/es\\\/iniciado-nas-rias-baixas-un-percorrido-polas-diferentes-denominacions-de-orixe-e-indicacion-xeograficas-protegidas-galegas\\\/\",\"name\":\"Iniciado nas R\u00edas Baixas un percorrido polas diferentes denominaci\u00f3ns de orixe e indicaci\u00f3n xeogr\u00e1ficas protegidas galegas - PP de Galicia\",\"isPartOf\":{\"@id\":\"https:\\\/\\\/ppdegalicia.com\\\/es\\\/#website\"},\"datePublished\":\"2017-02-24T07:16:28+00:00\",\"breadcrumb\":{\"@id\":\"https:\\\/\\\/ppdegalicia.com\\\/es\\\/iniciado-nas-rias-baixas-un-percorrido-polas-diferentes-denominacions-de-orixe-e-indicacion-xeograficas-protegidas-galegas\\\/#breadcrumb\"},\"inLanguage\":\"es\",\"potentialAction\":[{\"@type\":\"ReadAction\",\"target\":[\"https:\\\/\\\/ppdegalicia.com\\\/es\\\/iniciado-nas-rias-baixas-un-percorrido-polas-diferentes-denominacions-de-orixe-e-indicacion-xeograficas-protegidas-galegas\\\/\"]}]},{\"@type\":\"BreadcrumbList\",\"@id\":\"https:\\\/\\\/ppdegalicia.com\\\/es\\\/iniciado-nas-rias-baixas-un-percorrido-polas-diferentes-denominacions-de-orixe-e-indicacion-xeograficas-protegidas-galegas\\\/#breadcrumb\",\"itemListElement\":[{\"@type\":\"ListItem\",\"position\":1,\"name\":\"Portada\",\"item\":\"https:\\\/\\\/ppdegalicia.com\\\/es\\\/\"},{\"@type\":\"ListItem\",\"position\":2,\"name\":\"Iniciado nas R\u00edas Baixas un percorrido polas diferentes denominaci\u00f3ns de orixe e indicaci\u00f3n xeogr\u00e1ficas protegidas galegas\"}]},{\"@type\":\"WebSite\",\"@id\":\"https:\\\/\\\/ppdegalicia.com\\\/es\\\/#website\",\"url\":\"https:\\\/\\\/ppdegalicia.com\\\/es\\\/\",\"name\":\"Partido Popular de Galicia\",\"description\":\"Partido Popular de Galicia\",\"publisher\":{\"@id\":\"https:\\\/\\\/ppdegalicia.com\\\/es\\\/#organization\"},\"alternateName\":\"PP de Galicia\",\"potentialAction\":[{\"@type\":\"SearchAction\",\"target\":{\"@type\":\"EntryPoint\",\"urlTemplate\":\"https:\\\/\\\/ppdegalicia.com\\\/es\\\/?s={search_term_string}\"},\"query-input\":{\"@type\":\"PropertyValueSpecification\",\"valueRequired\":true,\"valueName\":\"search_term_string\"}}],\"inLanguage\":\"es\"},{\"@type\":\"Organization\",\"@id\":\"https:\\\/\\\/ppdegalicia.com\\\/es\\\/#organization\",\"name\":\"Partido Popular de Galicia\",\"alternateName\":\"PP de Galicia\",\"url\":\"https:\\\/\\\/ppdegalicia.com\\\/es\\\/\",\"logo\":{\"@type\":\"ImageObject\",\"inLanguage\":\"es\",\"@id\":\"https:\\\/\\\/ppdegalicia.com\\\/es\\\/#\\\/schema\\\/logo\\\/image\\\/\",\"url\":\"https:\\\/\\\/ppdegalicia.com\\\/wp-content\\\/uploads\\\/2023\\\/04\\\/logoPP512.png\",\"contentUrl\":\"https:\\\/\\\/ppdegalicia.com\\\/wp-content\\\/uploads\\\/2023\\\/04\\\/logoPP512.png\",\"width\":512,\"height\":512,\"caption\":\"Partido Popular de Galicia\"},\"image\":{\"@id\":\"https:\\\/\\\/ppdegalicia.com\\\/es\\\/#\\\/schema\\\/logo\\\/image\\\/\"},\"sameAs\":[\"https:\\\/\\\/www.instagram.com\\\/ppdegalicia\\\/\",\"https:\\\/\\\/x.com\\\/ppdegalicia\",\"https:\\\/\\\/www.tiktok.com\\\/@ppdegalicia\",\"https:\\\/\\\/www.youtube.com\\\/user\\\/ppdegalicia\"]},{\"@type\":\"Person\",\"@id\":\"https:\\\/\\\/ppdegalicia.com\\\/es\\\/#\\\/schema\\\/person\\\/d0f013b8388c980665d44009ab762960\",\"name\":\"Super User\",\"image\":{\"@type\":\"ImageObject\",\"inLanguage\":\"es\",\"@id\":\"https:\\\/\\\/secure.gravatar.com\\\/avatar\\\/1db852625ef4948f58d2739bfbc51e4b9bd5c93b8fa340b59fdb594ca0845645?s=96&d=mm&r=g\",\"url\":\"https:\\\/\\\/secure.gravatar.com\\\/avatar\\\/1db852625ef4948f58d2739bfbc51e4b9bd5c93b8fa340b59fdb594ca0845645?s=96&d=mm&r=g\",\"contentUrl\":\"https:\\\/\\\/secure.gravatar.com\\\/avatar\\\/1db852625ef4948f58d2739bfbc51e4b9bd5c93b8fa340b59fdb594ca0845645?s=96&d=mm&r=g\",\"caption\":\"Super User\"},\"url\":\"https:\\\/\\\/ppdegalicia.com\\\/es\\\/author\\\/ppdegaliciagestion\\\/\"}]}<\/script>\n<!-- \/ Yoast SEO plugin. -->","yoast_head_json":{"title":"Iniciado nas R\u00edas Baixas un percorrido polas diferentes denominaci\u00f3ns de orixe e indicaci\u00f3n xeogr\u00e1ficas protegidas galegas - PP de Galicia","robots":{"index":"index","follow":"follow","max-snippet":"max-snippet:-1","max-image-preview":"max-image-preview:large","max-video-preview":"max-video-preview:-1"},"canonical":"https:\/\/ppdegalicia.com\/es\/iniciado-nas-rias-baixas-un-percorrido-polas-diferentes-denominacions-de-orixe-e-indicacion-xeograficas-protegidas-galegas\/","og_locale":"es_ES","og_type":"article","og_title":"Iniciado nas R\u00edas Baixas un percorrido polas diferentes denominaci\u00f3ns de orixe e indicaci\u00f3n xeogr\u00e1ficas protegidas galegas - PP de Galicia","og_description":"Santiago, 23 de febreiro de 2017.- O portavoz do Medio Rural do Grupo Popular, Jos\u00e9 Gonz\u00e1lez V\u00e1zquez,&nbsp; xunto co tam\u00e9n deputado popular Jos\u00e9 Silvestre Balseiros, iniciou esta ma\u00f1\u00e1 no Consello Regulador da Denominaci\u00f3n de Orixe R\u00edas Baixas unha xira de visita \u00e1s diferentes denominaci\u00f3ns de orixe e indicaci\u00f3ns xeogr\u00e1ficas protexidas galegas para co\u00f1ecer de primeira [&hellip;]","og_url":"https:\/\/ppdegalicia.com\/es\/iniciado-nas-rias-baixas-un-percorrido-polas-diferentes-denominacions-de-orixe-e-indicacion-xeograficas-protegidas-galegas\/","og_site_name":"PP de Galicia","article_publisher":"https:\/\/www.instagram.com\/ppdegalicia\/","article_published_time":"2017-02-24T07:16:28+00:00","author":"Super User","twitter_card":"summary_large_image","twitter_creator":"@ppdegalicia","twitter_site":"@ppdegalicia","twitter_misc":{"Escrito por":"Super User","Tiempo de lectura":"1 minuto"},"schema":{"@context":"https:\/\/schema.org","@graph":[{"@type":"Article","@id":"https:\/\/ppdegalicia.com\/es\/iniciado-nas-rias-baixas-un-percorrido-polas-diferentes-denominacions-de-orixe-e-indicacion-xeograficas-protegidas-galegas\/#article","isPartOf":{"@id":"https:\/\/ppdegalicia.com\/es\/iniciado-nas-rias-baixas-un-percorrido-polas-diferentes-denominacions-de-orixe-e-indicacion-xeograficas-protegidas-galegas\/"},"author":{"name":"Super User","@id":"https:\/\/ppdegalicia.com\/es\/#\/schema\/person\/d0f013b8388c980665d44009ab762960"},"headline":"Iniciado nas R\u00edas Baixas un percorrido polas diferentes denominaci\u00f3ns de orixe e indicaci\u00f3n xeogr\u00e1ficas protegidas galegas","datePublished":"2017-02-24T07:16:28+00:00","mainEntityOfPage":{"@id":"https:\/\/ppdegalicia.com\/es\/iniciado-nas-rias-baixas-un-percorrido-polas-diferentes-denominacions-de-orixe-e-indicacion-xeograficas-protegidas-galegas\/"},"wordCount":257,"commentCount":0,"publisher":{"@id":"https:\/\/ppdegalicia.com\/es\/#organization"},"articleSection":["PP de Galicia"],"inLanguage":"es","potentialAction":[{"@type":"CommentAction","name":"Comment","target":["https:\/\/ppdegalicia.com\/es\/iniciado-nas-rias-baixas-un-percorrido-polas-diferentes-denominacions-de-orixe-e-indicacion-xeograficas-protegidas-galegas\/#respond"]}]},{"@type":"WebPage","@id":"https:\/\/ppdegalicia.com\/es\/iniciado-nas-rias-baixas-un-percorrido-polas-diferentes-denominacions-de-orixe-e-indicacion-xeograficas-protegidas-galegas\/","url":"https:\/\/ppdegalicia.com\/es\/iniciado-nas-rias-baixas-un-percorrido-polas-diferentes-denominacions-de-orixe-e-indicacion-xeograficas-protegidas-galegas\/","name":"Iniciado nas R\u00edas Baixas un percorrido polas diferentes denominaci\u00f3ns de orixe e indicaci\u00f3n xeogr\u00e1ficas protegidas galegas - PP de Galicia","isPartOf":{"@id":"https:\/\/ppdegalicia.com\/es\/#website"},"datePublished":"2017-02-24T07:16:28+00:00","breadcrumb":{"@id":"https:\/\/ppdegalicia.com\/es\/iniciado-nas-rias-baixas-un-percorrido-polas-diferentes-denominacions-de-orixe-e-indicacion-xeograficas-protegidas-galegas\/#breadcrumb"},"inLanguage":"es","potentialAction":[{"@type":"ReadAction","target":["https:\/\/ppdegalicia.com\/es\/iniciado-nas-rias-baixas-un-percorrido-polas-diferentes-denominacions-de-orixe-e-indicacion-xeograficas-protegidas-galegas\/"]}]},{"@type":"BreadcrumbList","@id":"https:\/\/ppdegalicia.com\/es\/iniciado-nas-rias-baixas-un-percorrido-polas-diferentes-denominacions-de-orixe-e-indicacion-xeograficas-protegidas-galegas\/#breadcrumb","itemListElement":[{"@type":"ListItem","position":1,"name":"Portada","item":"https:\/\/ppdegalicia.com\/es\/"},{"@type":"ListItem","position":2,"name":"Iniciado nas R\u00edas Baixas un percorrido polas diferentes denominaci\u00f3ns de orixe e indicaci\u00f3n xeogr\u00e1ficas protegidas galegas"}]},{"@type":"WebSite","@id":"https:\/\/ppdegalicia.com\/es\/#website","url":"https:\/\/ppdegalicia.com\/es\/","name":"Partido Popular de Galicia","description":"Partido Popular de Galicia","publisher":{"@id":"https:\/\/ppdegalicia.com\/es\/#organization"},"alternateName":"PP de Galicia","potentialAction":[{"@type":"SearchAction","target":{"@type":"EntryPoint","urlTemplate":"https:\/\/ppdegalicia.com\/es\/?s={search_term_string}"},"query-input":{"@type":"PropertyValueSpecification","valueRequired":true,"valueName":"search_term_string"}}],"inLanguage":"es"},{"@type":"Organization","@id":"https:\/\/ppdegalicia.com\/es\/#organization","name":"Partido Popular de Galicia","alternateName":"PP de Galicia","url":"https:\/\/ppdegalicia.com\/es\/","logo":{"@type":"ImageObject","inLanguage":"es","@id":"https:\/\/ppdegalicia.com\/es\/#\/schema\/logo\/image\/","url":"https:\/\/ppdegalicia.com\/wp-content\/uploads\/2023\/04\/logoPP512.png","contentUrl":"https:\/\/ppdegalicia.com\/wp-content\/uploads\/2023\/04\/logoPP512.png","width":512,"height":512,"caption":"Partido Popular de Galicia"},"image":{"@id":"https:\/\/ppdegalicia.com\/es\/#\/schema\/logo\/image\/"},"sameAs":["https:\/\/www.instagram.com\/ppdegalicia\/","https:\/\/x.com\/ppdegalicia","https:\/\/www.tiktok.com\/@ppdegalicia","https:\/\/www.youtube.com\/user\/ppdegalicia"]},{"@type":"Person","@id":"https:\/\/ppdegalicia.com\/es\/#\/schema\/person\/d0f013b8388c980665d44009ab762960","name":"Super User","image":{"@type":"ImageObject","inLanguage":"es","@id":"https:\/\/secure.gravatar.com\/avatar\/1db852625ef4948f58d2739bfbc51e4b9bd5c93b8fa340b59fdb594ca0845645?s=96&d=mm&r=g","url":"https:\/\/secure.gravatar.com\/avatar\/1db852625ef4948f58d2739bfbc51e4b9bd5c93b8fa340b59fdb594ca0845645?s=96&d=mm&r=g","contentUrl":"https:\/\/secure.gravatar.com\/avatar\/1db852625ef4948f58d2739bfbc51e4b9bd5c93b8fa340b59fdb594ca0845645?s=96&d=mm&r=g","caption":"Super User"},"url":"https:\/\/ppdegalicia.com\/es\/author\/ppdegaliciagestion\/"}]}},"_links":{"self":[{"href":"https:\/\/ppdegalicia.com\/es\/wp-json\/wp\/v2\/posts\/53395","targetHints":{"allow":["GET"]}}],"collection":[{"href":"https:\/\/ppdegalicia.com\/es\/wp-json\/wp\/v2\/posts"}],"about":[{"href":"https:\/\/ppdegalicia.com\/es\/wp-json\/wp\/v2\/types\/post"}],"author":[{"embeddable":true,"href":"https:\/\/ppdegalicia.com\/es\/wp-json\/wp\/v2\/users\/37"}],"replies":[{"embeddable":true,"href":"https:\/\/ppdegalicia.com\/es\/wp-json\/wp\/v2\/comments?post=53395"}],"version-history":[{"count":0,"href":"https:\/\/ppdegalicia.com\/es\/wp-json\/wp\/v2\/posts\/53395\/revisions"}],"wp:attachment":[{"href":"https:\/\/ppdegalicia.com\/es\/wp-json\/wp\/v2\/media?parent=53395"}],"wp:term":[{"taxonomy":"category","embeddable":true,"href":"https:\/\/ppdegalicia.com\/es\/wp-json\/wp\/v2\/categories?post=53395"},{"taxonomy":"post_tag","embeddable":true,"href":"https:\/\/ppdegalicia.com\/es\/wp-json\/wp\/v2\/tags?post=53395"}],"curies":[{"name":"wp","href":"https:\/\/api.w.org\/{rel}","templated":true}]}}