{"id":53397,"date":"2017-02-24T09:27:52","date_gmt":"2017-02-24T07:27:52","guid":{"rendered":"https:\/\/ppdegalicia.com\/o-parlamento-demanda-a-posta-en-marcha-de-accions-de-apoio-aos-neofalances-que-adoptan-o-galego-como-lingua-de-comunicacion\/"},"modified":"2017-02-24T09:27:52","modified_gmt":"2017-02-24T07:27:52","slug":"o-parlamento-demanda-a-posta-en-marcha-de-accions-de-apoio-aos-neofalances-que-adoptan-o-galego-como-lingua-de-comunicacion","status":"publish","type":"post","link":"https:\/\/ppdegalicia.com\/es\/o-parlamento-demanda-a-posta-en-marcha-de-accions-de-apoio-aos-neofalances-que-adoptan-o-galego-como-lingua-de-comunicacion\/","title":{"rendered":"O Parlamento demanda a posta en marcha de acci\u00f3ns de apoio aos neofalances que adoptan o galego como lingua de comunicaci\u00f3n"},"content":{"rendered":"<p>Santiago, 24 de febreiro de 2017.- O Parlamento de Galicia aprobou hoxe a proposici\u00f3n non de lei, impulsada polo Grupo Popular, a trav\u00e9s da que se insta \u00e1 Xunta a po\u00f1er en marcha acci\u00f3ns orientadas a amosar as vantaxes de falar galego e apoiar os neofalantes que est\u00e1n pensando ou xa te\u00f1en decidido adoptar o galego como lingua de comunicaci\u00f3n. \u201cEstas acci\u00f3ns tam\u00e9n deber\u00e1n axudar a combater os posibles estereotipos e prexu\u00edzos que poidan existir arredor da intencionalidade ou competencia ling\u00fc\u00edstica de quen comeza a utilizar o idioma propio de Galicia, sen ser esta a s\u00faa lingua inicial\u201d, manifestou o portavoz de Cultura, C\u00e9sar Fern\u00e1ndez.<\/p>\n<p><!--more--><\/p>\n<p>Os neofalantes son aquelas persoas que tiveron o castel\u00e1n, ou outro idioma como lingua materna, mantiveron esta lingua como idioma de socializaci\u00f3n familiar, pero que logo aprenderon o galego en novos espazos vitais e que, a partir dese momento, falan a lingua galega.<\/p>\n<p>&nbsp;<\/p>\n<p>C\u00e9sar Fern\u00e1ndez explicou que o obxectivo \u00e9 que o Goberno galego \u201celabore un proxecto unitario que xere unha din\u00e1mica de participaci\u00f3n e colaboraci\u00f3n no seu dese\u00f1o e execuci\u00f3n coas entidades m\u00e1is representativas do \u00e1mbito ling\u00fc\u00edstico e dos sectores que representan as pol\u00edticas de xuventude para manter no tempo a continuidade das acci\u00f3ns que se promovan\u201d.<\/p>\n<p>&nbsp;<\/p>\n<p><strong>OBXECTIVOS<\/strong><\/p>\n<p>&nbsp;<\/p>\n<p>Entre os obxectivos a acadar, o portavoz popular sinalou a promoci\u00f3n dunha estratexia de acci\u00f3n dirixida, sobre todo, \u00e1 xente nova \u201cpara favorecer a utilizaci\u00f3n da lingua galega nas s\u00faas relaci\u00f3ns interpersonais e naqueles \u00e1mbitos nos que se desenvolve a s\u00faa vida coti\u00e1\u201d. Ademais, avogou por \u201cbuscar a implicaci\u00f3n dos diferentes sectores da sociedade para promover acci\u00f3ns tendentes a recuperar o galego como lingua habitual de uso coti\u00e1 en calquera faceta da vida\u201d.<\/p>\n<p>&nbsp;<\/p>\n<p>&nbsp;<\/p>\n<p>Ademais, C\u00e9sar Fern\u00e1ndez subli\u00f1ou a necesidade de \u201cfomentar o neofalantismo e a implicaci\u00f3n directa dos colectivos sociais, as asociaci\u00f3ns xuven\u00eds, de deportes, da cultura, do patrimonio, os centros de educaci\u00f3n, as empresas e, en xeral, de todas aquelas persoas que decidiron libremente utilizar a lingua galega para comunicarse e desenvolver a s\u00faa vida en lingua galega\u201d.<\/p>\n<p>&nbsp;<\/p>\n<p>\u201cTam\u00e9n \u00e9 necesario establecer medidas que visibilicen os casos de neofalantes m\u00e1is destacados, para constru\u00edr un discurso de prestixio social e internacional do galego\u201d, manifestou o portavoz popular, quen engadiu que \u201cesta \u00e9 unha pr\u00e1ctica que na realidade socioling\u00fc\u00edstica de Galicia, axuda ao \u00e9xito deste tipo de medidas incrementando o prestixio social da lingua\u201d.<\/p>\n","protected":false},"excerpt":{"rendered":"<p>Santiago, 24 de febreiro de 2017.- O Parlamento de Galicia aprobou hoxe a proposici\u00f3n non de lei, impulsada polo Grupo Popular, a trav\u00e9s da que se insta \u00e1 Xunta a po\u00f1er en marcha acci\u00f3ns orientadas a amosar as vantaxes de falar galego e apoiar os neofalantes que est\u00e1n pensando ou xa te\u00f1en decidido adoptar o [&hellip;]<\/p>\n","protected":false},"author":37,"featured_media":0,"comment_status":"open","ping_status":"open","sticky":false,"template":"","format":"standard","meta":{"_acf_changed":false,"footnotes":""},"categories":[1],"tags":[],"class_list":["post-53397","post","type-post","status-publish","format-standard","hentry","category-pp-de-galicia"],"acf":[],"yoast_head":"<!-- This site is optimized with the Yoast SEO plugin v27.3 - https:\/\/yoast.com\/product\/yoast-seo-wordpress\/ -->\n<title>O Parlamento demanda a posta en marcha de acci\u00f3ns de apoio aos neofalances que adoptan o galego como lingua de comunicaci\u00f3n - PP de Galicia<\/title>\n<meta name=\"robots\" content=\"index, follow, max-snippet:-1, max-image-preview:large, max-video-preview:-1\" \/>\n<link rel=\"canonical\" href=\"https:\/\/ppdegalicia.com\/es\/o-parlamento-demanda-a-posta-en-marcha-de-accions-de-apoio-aos-neofalances-que-adoptan-o-galego-como-lingua-de-comunicacion\/\" \/>\n<meta property=\"og:locale\" content=\"es_ES\" \/>\n<meta property=\"og:type\" content=\"article\" \/>\n<meta property=\"og:title\" content=\"O Parlamento demanda a posta en marcha de acci\u00f3ns de apoio aos neofalances que adoptan o galego como lingua de comunicaci\u00f3n - PP de Galicia\" \/>\n<meta property=\"og:description\" content=\"Santiago, 24 de febreiro de 2017.- O Parlamento de Galicia aprobou hoxe a proposici\u00f3n non de lei, impulsada polo Grupo Popular, a trav\u00e9s da que se insta \u00e1 Xunta a po\u00f1er en marcha acci\u00f3ns orientadas a amosar as vantaxes de falar galego e apoiar os neofalantes que est\u00e1n pensando ou xa te\u00f1en decidido adoptar o [&hellip;]\" \/>\n<meta property=\"og:url\" content=\"https:\/\/ppdegalicia.com\/es\/o-parlamento-demanda-a-posta-en-marcha-de-accions-de-apoio-aos-neofalances-que-adoptan-o-galego-como-lingua-de-comunicacion\/\" \/>\n<meta property=\"og:site_name\" content=\"PP de Galicia\" \/>\n<meta property=\"article:publisher\" content=\"https:\/\/www.instagram.com\/ppdegalicia\/\" \/>\n<meta property=\"article:published_time\" content=\"2017-02-24T07:27:52+00:00\" \/>\n<meta name=\"author\" content=\"Super User\" \/>\n<meta name=\"twitter:card\" content=\"summary_large_image\" \/>\n<meta name=\"twitter:creator\" content=\"@ppdegalicia\" \/>\n<meta name=\"twitter:site\" content=\"@ppdegalicia\" \/>\n<meta name=\"twitter:label1\" content=\"Escrito por\" \/>\n\t<meta name=\"twitter:data1\" content=\"Super User\" \/>\n\t<meta name=\"twitter:label2\" content=\"Tiempo de lectura\" \/>\n\t<meta name=\"twitter:data2\" content=\"2 minutos\" \/>\n<script type=\"application\/ld+json\" class=\"yoast-schema-graph\">{\"@context\":\"https:\\\/\\\/schema.org\",\"@graph\":[{\"@type\":\"Article\",\"@id\":\"https:\\\/\\\/ppdegalicia.com\\\/es\\\/o-parlamento-demanda-a-posta-en-marcha-de-accions-de-apoio-aos-neofalances-que-adoptan-o-galego-como-lingua-de-comunicacion\\\/#article\",\"isPartOf\":{\"@id\":\"https:\\\/\\\/ppdegalicia.com\\\/es\\\/o-parlamento-demanda-a-posta-en-marcha-de-accions-de-apoio-aos-neofalances-que-adoptan-o-galego-como-lingua-de-comunicacion\\\/\"},\"author\":{\"name\":\"Super User\",\"@id\":\"https:\\\/\\\/ppdegalicia.com\\\/es\\\/#\\\/schema\\\/person\\\/d0f013b8388c980665d44009ab762960\"},\"headline\":\"O Parlamento demanda a posta en marcha de acci\u00f3ns de apoio aos neofalances que adoptan o galego como lingua de comunicaci\u00f3n\",\"datePublished\":\"2017-02-24T07:27:52+00:00\",\"mainEntityOfPage\":{\"@id\":\"https:\\\/\\\/ppdegalicia.com\\\/es\\\/o-parlamento-demanda-a-posta-en-marcha-de-accions-de-apoio-aos-neofalances-que-adoptan-o-galego-como-lingua-de-comunicacion\\\/\"},\"wordCount\":459,\"commentCount\":0,\"publisher\":{\"@id\":\"https:\\\/\\\/ppdegalicia.com\\\/es\\\/#organization\"},\"articleSection\":[\"PP de Galicia\"],\"inLanguage\":\"es\",\"potentialAction\":[{\"@type\":\"CommentAction\",\"name\":\"Comment\",\"target\":[\"https:\\\/\\\/ppdegalicia.com\\\/es\\\/o-parlamento-demanda-a-posta-en-marcha-de-accions-de-apoio-aos-neofalances-que-adoptan-o-galego-como-lingua-de-comunicacion\\\/#respond\"]}]},{\"@type\":\"WebPage\",\"@id\":\"https:\\\/\\\/ppdegalicia.com\\\/es\\\/o-parlamento-demanda-a-posta-en-marcha-de-accions-de-apoio-aos-neofalances-que-adoptan-o-galego-como-lingua-de-comunicacion\\\/\",\"url\":\"https:\\\/\\\/ppdegalicia.com\\\/es\\\/o-parlamento-demanda-a-posta-en-marcha-de-accions-de-apoio-aos-neofalances-que-adoptan-o-galego-como-lingua-de-comunicacion\\\/\",\"name\":\"O Parlamento demanda a posta en marcha de acci\u00f3ns de apoio aos neofalances que adoptan o galego como lingua de comunicaci\u00f3n - PP de Galicia\",\"isPartOf\":{\"@id\":\"https:\\\/\\\/ppdegalicia.com\\\/es\\\/#website\"},\"datePublished\":\"2017-02-24T07:27:52+00:00\",\"breadcrumb\":{\"@id\":\"https:\\\/\\\/ppdegalicia.com\\\/es\\\/o-parlamento-demanda-a-posta-en-marcha-de-accions-de-apoio-aos-neofalances-que-adoptan-o-galego-como-lingua-de-comunicacion\\\/#breadcrumb\"},\"inLanguage\":\"es\",\"potentialAction\":[{\"@type\":\"ReadAction\",\"target\":[\"https:\\\/\\\/ppdegalicia.com\\\/es\\\/o-parlamento-demanda-a-posta-en-marcha-de-accions-de-apoio-aos-neofalances-que-adoptan-o-galego-como-lingua-de-comunicacion\\\/\"]}]},{\"@type\":\"BreadcrumbList\",\"@id\":\"https:\\\/\\\/ppdegalicia.com\\\/es\\\/o-parlamento-demanda-a-posta-en-marcha-de-accions-de-apoio-aos-neofalances-que-adoptan-o-galego-como-lingua-de-comunicacion\\\/#breadcrumb\",\"itemListElement\":[{\"@type\":\"ListItem\",\"position\":1,\"name\":\"Portada\",\"item\":\"https:\\\/\\\/ppdegalicia.com\\\/es\\\/\"},{\"@type\":\"ListItem\",\"position\":2,\"name\":\"O Parlamento demanda a posta en marcha de acci\u00f3ns de apoio aos neofalances que adoptan o galego como lingua de comunicaci\u00f3n\"}]},{\"@type\":\"WebSite\",\"@id\":\"https:\\\/\\\/ppdegalicia.com\\\/es\\\/#website\",\"url\":\"https:\\\/\\\/ppdegalicia.com\\\/es\\\/\",\"name\":\"Partido Popular de Galicia\",\"description\":\"Partido Popular de Galicia\",\"publisher\":{\"@id\":\"https:\\\/\\\/ppdegalicia.com\\\/es\\\/#organization\"},\"alternateName\":\"PP de Galicia\",\"potentialAction\":[{\"@type\":\"SearchAction\",\"target\":{\"@type\":\"EntryPoint\",\"urlTemplate\":\"https:\\\/\\\/ppdegalicia.com\\\/es\\\/?s={search_term_string}\"},\"query-input\":{\"@type\":\"PropertyValueSpecification\",\"valueRequired\":true,\"valueName\":\"search_term_string\"}}],\"inLanguage\":\"es\"},{\"@type\":\"Organization\",\"@id\":\"https:\\\/\\\/ppdegalicia.com\\\/es\\\/#organization\",\"name\":\"Partido Popular de Galicia\",\"alternateName\":\"PP de Galicia\",\"url\":\"https:\\\/\\\/ppdegalicia.com\\\/es\\\/\",\"logo\":{\"@type\":\"ImageObject\",\"inLanguage\":\"es\",\"@id\":\"https:\\\/\\\/ppdegalicia.com\\\/es\\\/#\\\/schema\\\/logo\\\/image\\\/\",\"url\":\"https:\\\/\\\/ppdegalicia.com\\\/wp-content\\\/uploads\\\/2023\\\/04\\\/logoPP512.png\",\"contentUrl\":\"https:\\\/\\\/ppdegalicia.com\\\/wp-content\\\/uploads\\\/2023\\\/04\\\/logoPP512.png\",\"width\":512,\"height\":512,\"caption\":\"Partido Popular de Galicia\"},\"image\":{\"@id\":\"https:\\\/\\\/ppdegalicia.com\\\/es\\\/#\\\/schema\\\/logo\\\/image\\\/\"},\"sameAs\":[\"https:\\\/\\\/www.instagram.com\\\/ppdegalicia\\\/\",\"https:\\\/\\\/x.com\\\/ppdegalicia\",\"https:\\\/\\\/www.tiktok.com\\\/@ppdegalicia\",\"https:\\\/\\\/www.youtube.com\\\/user\\\/ppdegalicia\"]},{\"@type\":\"Person\",\"@id\":\"https:\\\/\\\/ppdegalicia.com\\\/es\\\/#\\\/schema\\\/person\\\/d0f013b8388c980665d44009ab762960\",\"name\":\"Super User\",\"image\":{\"@type\":\"ImageObject\",\"inLanguage\":\"es\",\"@id\":\"https:\\\/\\\/secure.gravatar.com\\\/avatar\\\/1db852625ef4948f58d2739bfbc51e4b9bd5c93b8fa340b59fdb594ca0845645?s=96&d=mm&r=g\",\"url\":\"https:\\\/\\\/secure.gravatar.com\\\/avatar\\\/1db852625ef4948f58d2739bfbc51e4b9bd5c93b8fa340b59fdb594ca0845645?s=96&d=mm&r=g\",\"contentUrl\":\"https:\\\/\\\/secure.gravatar.com\\\/avatar\\\/1db852625ef4948f58d2739bfbc51e4b9bd5c93b8fa340b59fdb594ca0845645?s=96&d=mm&r=g\",\"caption\":\"Super User\"},\"url\":\"https:\\\/\\\/ppdegalicia.com\\\/es\\\/author\\\/ppdegaliciagestion\\\/\"}]}<\/script>\n<!-- \/ Yoast SEO plugin. -->","yoast_head_json":{"title":"O Parlamento demanda a posta en marcha de acci\u00f3ns de apoio aos neofalances que adoptan o galego como lingua de comunicaci\u00f3n - PP de Galicia","robots":{"index":"index","follow":"follow","max-snippet":"max-snippet:-1","max-image-preview":"max-image-preview:large","max-video-preview":"max-video-preview:-1"},"canonical":"https:\/\/ppdegalicia.com\/es\/o-parlamento-demanda-a-posta-en-marcha-de-accions-de-apoio-aos-neofalances-que-adoptan-o-galego-como-lingua-de-comunicacion\/","og_locale":"es_ES","og_type":"article","og_title":"O Parlamento demanda a posta en marcha de acci\u00f3ns de apoio aos neofalances que adoptan o galego como lingua de comunicaci\u00f3n - PP de Galicia","og_description":"Santiago, 24 de febreiro de 2017.- O Parlamento de Galicia aprobou hoxe a proposici\u00f3n non de lei, impulsada polo Grupo Popular, a trav\u00e9s da que se insta \u00e1 Xunta a po\u00f1er en marcha acci\u00f3ns orientadas a amosar as vantaxes de falar galego e apoiar os neofalantes que est\u00e1n pensando ou xa te\u00f1en decidido adoptar o [&hellip;]","og_url":"https:\/\/ppdegalicia.com\/es\/o-parlamento-demanda-a-posta-en-marcha-de-accions-de-apoio-aos-neofalances-que-adoptan-o-galego-como-lingua-de-comunicacion\/","og_site_name":"PP de Galicia","article_publisher":"https:\/\/www.instagram.com\/ppdegalicia\/","article_published_time":"2017-02-24T07:27:52+00:00","author":"Super User","twitter_card":"summary_large_image","twitter_creator":"@ppdegalicia","twitter_site":"@ppdegalicia","twitter_misc":{"Escrito por":"Super User","Tiempo de lectura":"2 minutos"},"schema":{"@context":"https:\/\/schema.org","@graph":[{"@type":"Article","@id":"https:\/\/ppdegalicia.com\/es\/o-parlamento-demanda-a-posta-en-marcha-de-accions-de-apoio-aos-neofalances-que-adoptan-o-galego-como-lingua-de-comunicacion\/#article","isPartOf":{"@id":"https:\/\/ppdegalicia.com\/es\/o-parlamento-demanda-a-posta-en-marcha-de-accions-de-apoio-aos-neofalances-que-adoptan-o-galego-como-lingua-de-comunicacion\/"},"author":{"name":"Super User","@id":"https:\/\/ppdegalicia.com\/es\/#\/schema\/person\/d0f013b8388c980665d44009ab762960"},"headline":"O Parlamento demanda a posta en marcha de acci\u00f3ns de apoio aos neofalances que adoptan o galego como lingua de comunicaci\u00f3n","datePublished":"2017-02-24T07:27:52+00:00","mainEntityOfPage":{"@id":"https:\/\/ppdegalicia.com\/es\/o-parlamento-demanda-a-posta-en-marcha-de-accions-de-apoio-aos-neofalances-que-adoptan-o-galego-como-lingua-de-comunicacion\/"},"wordCount":459,"commentCount":0,"publisher":{"@id":"https:\/\/ppdegalicia.com\/es\/#organization"},"articleSection":["PP de Galicia"],"inLanguage":"es","potentialAction":[{"@type":"CommentAction","name":"Comment","target":["https:\/\/ppdegalicia.com\/es\/o-parlamento-demanda-a-posta-en-marcha-de-accions-de-apoio-aos-neofalances-que-adoptan-o-galego-como-lingua-de-comunicacion\/#respond"]}]},{"@type":"WebPage","@id":"https:\/\/ppdegalicia.com\/es\/o-parlamento-demanda-a-posta-en-marcha-de-accions-de-apoio-aos-neofalances-que-adoptan-o-galego-como-lingua-de-comunicacion\/","url":"https:\/\/ppdegalicia.com\/es\/o-parlamento-demanda-a-posta-en-marcha-de-accions-de-apoio-aos-neofalances-que-adoptan-o-galego-como-lingua-de-comunicacion\/","name":"O Parlamento demanda a posta en marcha de acci\u00f3ns de apoio aos neofalances que adoptan o galego como lingua de comunicaci\u00f3n - PP de Galicia","isPartOf":{"@id":"https:\/\/ppdegalicia.com\/es\/#website"},"datePublished":"2017-02-24T07:27:52+00:00","breadcrumb":{"@id":"https:\/\/ppdegalicia.com\/es\/o-parlamento-demanda-a-posta-en-marcha-de-accions-de-apoio-aos-neofalances-que-adoptan-o-galego-como-lingua-de-comunicacion\/#breadcrumb"},"inLanguage":"es","potentialAction":[{"@type":"ReadAction","target":["https:\/\/ppdegalicia.com\/es\/o-parlamento-demanda-a-posta-en-marcha-de-accions-de-apoio-aos-neofalances-que-adoptan-o-galego-como-lingua-de-comunicacion\/"]}]},{"@type":"BreadcrumbList","@id":"https:\/\/ppdegalicia.com\/es\/o-parlamento-demanda-a-posta-en-marcha-de-accions-de-apoio-aos-neofalances-que-adoptan-o-galego-como-lingua-de-comunicacion\/#breadcrumb","itemListElement":[{"@type":"ListItem","position":1,"name":"Portada","item":"https:\/\/ppdegalicia.com\/es\/"},{"@type":"ListItem","position":2,"name":"O Parlamento demanda a posta en marcha de acci\u00f3ns de apoio aos neofalances que adoptan o galego como lingua de comunicaci\u00f3n"}]},{"@type":"WebSite","@id":"https:\/\/ppdegalicia.com\/es\/#website","url":"https:\/\/ppdegalicia.com\/es\/","name":"Partido Popular de Galicia","description":"Partido Popular de Galicia","publisher":{"@id":"https:\/\/ppdegalicia.com\/es\/#organization"},"alternateName":"PP de Galicia","potentialAction":[{"@type":"SearchAction","target":{"@type":"EntryPoint","urlTemplate":"https:\/\/ppdegalicia.com\/es\/?s={search_term_string}"},"query-input":{"@type":"PropertyValueSpecification","valueRequired":true,"valueName":"search_term_string"}}],"inLanguage":"es"},{"@type":"Organization","@id":"https:\/\/ppdegalicia.com\/es\/#organization","name":"Partido Popular de Galicia","alternateName":"PP de Galicia","url":"https:\/\/ppdegalicia.com\/es\/","logo":{"@type":"ImageObject","inLanguage":"es","@id":"https:\/\/ppdegalicia.com\/es\/#\/schema\/logo\/image\/","url":"https:\/\/ppdegalicia.com\/wp-content\/uploads\/2023\/04\/logoPP512.png","contentUrl":"https:\/\/ppdegalicia.com\/wp-content\/uploads\/2023\/04\/logoPP512.png","width":512,"height":512,"caption":"Partido Popular de Galicia"},"image":{"@id":"https:\/\/ppdegalicia.com\/es\/#\/schema\/logo\/image\/"},"sameAs":["https:\/\/www.instagram.com\/ppdegalicia\/","https:\/\/x.com\/ppdegalicia","https:\/\/www.tiktok.com\/@ppdegalicia","https:\/\/www.youtube.com\/user\/ppdegalicia"]},{"@type":"Person","@id":"https:\/\/ppdegalicia.com\/es\/#\/schema\/person\/d0f013b8388c980665d44009ab762960","name":"Super User","image":{"@type":"ImageObject","inLanguage":"es","@id":"https:\/\/secure.gravatar.com\/avatar\/1db852625ef4948f58d2739bfbc51e4b9bd5c93b8fa340b59fdb594ca0845645?s=96&d=mm&r=g","url":"https:\/\/secure.gravatar.com\/avatar\/1db852625ef4948f58d2739bfbc51e4b9bd5c93b8fa340b59fdb594ca0845645?s=96&d=mm&r=g","contentUrl":"https:\/\/secure.gravatar.com\/avatar\/1db852625ef4948f58d2739bfbc51e4b9bd5c93b8fa340b59fdb594ca0845645?s=96&d=mm&r=g","caption":"Super User"},"url":"https:\/\/ppdegalicia.com\/es\/author\/ppdegaliciagestion\/"}]}},"_links":{"self":[{"href":"https:\/\/ppdegalicia.com\/es\/wp-json\/wp\/v2\/posts\/53397","targetHints":{"allow":["GET"]}}],"collection":[{"href":"https:\/\/ppdegalicia.com\/es\/wp-json\/wp\/v2\/posts"}],"about":[{"href":"https:\/\/ppdegalicia.com\/es\/wp-json\/wp\/v2\/types\/post"}],"author":[{"embeddable":true,"href":"https:\/\/ppdegalicia.com\/es\/wp-json\/wp\/v2\/users\/37"}],"replies":[{"embeddable":true,"href":"https:\/\/ppdegalicia.com\/es\/wp-json\/wp\/v2\/comments?post=53397"}],"version-history":[{"count":0,"href":"https:\/\/ppdegalicia.com\/es\/wp-json\/wp\/v2\/posts\/53397\/revisions"}],"wp:attachment":[{"href":"https:\/\/ppdegalicia.com\/es\/wp-json\/wp\/v2\/media?parent=53397"}],"wp:term":[{"taxonomy":"category","embeddable":true,"href":"https:\/\/ppdegalicia.com\/es\/wp-json\/wp\/v2\/categories?post=53397"},{"taxonomy":"post_tag","embeddable":true,"href":"https:\/\/ppdegalicia.com\/es\/wp-json\/wp\/v2\/tags?post=53397"}],"curies":[{"name":"wp","href":"https:\/\/api.w.org\/{rel}","templated":true}]}}