{"id":53398,"date":"2017-02-27T16:11:42","date_gmt":"2017-02-27T14:11:42","guid":{"rendered":"https:\/\/ppdegalicia.com\/pedro-puy-salienta-o-debate-de-mais-de-420-cuestions-no-parlamento-nos-125-dias-da-actual-lexislatura\/"},"modified":"2017-02-27T16:11:42","modified_gmt":"2017-02-27T14:11:42","slug":"pedro-puy-salienta-o-debate-de-mais-de-420-cuestions-no-parlamento-nos-125-dias-da-actual-lexislatura","status":"publish","type":"post","link":"https:\/\/ppdegalicia.com\/es\/pedro-puy-salienta-o-debate-de-mais-de-420-cuestions-no-parlamento-nos-125-dias-da-actual-lexislatura\/","title":{"rendered":"Pedro Puy salienta o debate de m\u00e1is de 420 cuesti\u00f3ns no Parlamento nos 125 d\u00edas da actual Lexislatura"},"content":{"rendered":"<p>Santiago, 27 de febreiro de 2017.- O portavoz do Grupo Popular, Pedro Puy, salientou hoxe que desde o inicio da lexislatura, hai pouco m\u00e1is de 125 d\u00edas, se te\u00f1en debatido no Parlamento galego m\u00e1is de 420 cuesti\u00f3ns, tanto en Pleno como en comisi\u00f3ns. En concreto, 228 destes debates foron de control e 185 de impulso ao Goberno galego, dos que m\u00e1is do 70 por cento foron a iniciativa dos grupos da oposici\u00f3n.<\/p>\n<p><!--more--><\/p>\n<p>Puy fixo unha especial referencia \u00e1 aprobaci\u00f3n dos orzamentos da Xunta para 2017 e a Lei de medidas que os acompa\u00f1a, o que \u201cda conta da importancia que tivo a estabilidade pol\u00edtica no Parlamento, que permitiu non s\u00f3 dar continuidade aos equipos que elaboraron as contas p\u00fablicas sen\u00f3n tam\u00e9n garantir a s\u00faa aprobaci\u00f3n para establecer certidume e posibilidades de actuaci\u00f3n \u00e1 Xunta\u201d.<\/p>\n<p>&nbsp;<\/p>\n<p>A continuaci\u00f3n, lembrou que o Pleno leva celebrado 8 sesi\u00f3ns nas que se debateron un total de 170 cuesti\u00f3ns, das que o 75 por cento foron a iniciativa da oposici\u00f3n (135). Ademais, trat\u00e1ronse 65 iniciativas de impulso e 98 iniciativas de control ao Goberno. Neste punto, Puy destacou que \u201cdas 20 proposici\u00f3ns non de lei aprobadas, 8 eran dos grupos da oposici\u00f3n (40%), ao tempo que 5 foron aprobadas por unanimidade de todos os grupos\u201d.<\/p>\n<p>&nbsp;<\/p>\n<p><strong>ACTIVIDADE EN COMISI\u00d3N<\/strong><\/p>\n<p>&nbsp;<\/p>\n<p>No que respecta \u00e1s comisi\u00f3ns parlamentarias, Pedro Puy dixo que se te\u00f1en debatido 251 cuesti\u00f3ns, das que 130 foron de control ao Goberno e 120 proposici\u00f3ns non de lei. Ademais, sumouse a aprobaci\u00f3n a pasada semana do Regulamento do Consello de Contas.<\/p>\n<p>&nbsp;<\/p>\n<p>\u201cDe todas as iniciativas debatidas en Comisi\u00f3n, o 71 por cento foron a proposta dos grupos da oposici\u00f3n, ao tempo que se te\u00f1en aprobado 47 proposici\u00f3ns non de lei, das que 30 foron por unanimidade dos grupos parlamentarios\u201d, sinalou.<\/p>\n<p>&nbsp;<\/p>\n<p>O portavoz popular manifestou que o traballo nestes 125 d\u00edas de lexislatura \u201cest\u00e1 sendo intenso\u201d e destacou a existencia de \u201cm\u00e1is niveis de acordo dos que moitas veces se pensa para os que seguimos a actividade parlamentaria\u201d.<\/p>\n<p>&nbsp;<\/p>\n<p>Cuestionado sobre a actividade da oposici\u00f3n, Puy indicou que \u201cpresentou iniciativas construtivas tanto en pleno como en comisi\u00f3ns. Por\u00e9n, explicou que \u201chai que falar de varias oposici\u00f3ns, porque non toda a oposici\u00f3n coincide sempre en cuesti\u00f3ns relevantes e os grupos non comparten m\u00e1is que a cr\u00edtica ao goberno, pero sen puntos en com\u00fan\u201d.<\/p>\n<p>&nbsp;<\/p>\n<p><strong>RESPONSABILIDADE COAS OPOSICI\u00d3NS<\/strong><\/p>\n<p>&nbsp;<\/p>\n<p>Sobre a convocatoria de oposici\u00f3ns por parte do Goberno galego, Puy lembrou que \u201ca norma que implica que se poidan convocar esas prazas depende da s\u00faa aprobaci\u00f3n polas Cortes Xerais\u201d, unha cuesti\u00f3n que \u201cestase a debater, pero non hai un respaldo legal antes da aprobaci\u00f3n dos orzamentos\u201d.<\/p>\n<p>\n&nbsp;<br \/>\n\u201cTodos debemos ser responsables e non \u00e9 rigoroso intentar aprobar aquilo dos orzamentos que nos gusta m\u00e1is e non ter en conta o que nos poida gustar menos\u201d, manifestou, para engadir que \u201ctodos deben traballar con responsabilidade para que canto antes se acepten polas Cortes eses orzamentos\u201d.<\/p>\n<p>&nbsp;<\/p>\n<p>Pedro Puy subli\u00f1ou que \u201cnon aprobar os orzamentos do Estado ten malas consecuencias para o conxunto da cidadan\u00eda\u201d e destacou a \u201cactitude amosada polo Goberno do Estado de pactar e sumar apoios para a aprobaci\u00f3n polas Cortes da Lei de orzamentos para 2017\u201d.<\/p>\n","protected":false},"excerpt":{"rendered":"<p>Santiago, 27 de febreiro de 2017.- O portavoz do Grupo Popular, Pedro Puy, salientou hoxe que desde o inicio da lexislatura, hai pouco m\u00e1is de 125 d\u00edas, se te\u00f1en debatido no Parlamento galego m\u00e1is de 420 cuesti\u00f3ns, tanto en Pleno como en comisi\u00f3ns. En concreto, 228 destes debates foron de control e 185 de impulso [&hellip;]<\/p>\n","protected":false},"author":37,"featured_media":0,"comment_status":"open","ping_status":"open","sticky":false,"template":"","format":"standard","meta":{"_acf_changed":false,"footnotes":""},"categories":[1],"tags":[],"class_list":["post-53398","post","type-post","status-publish","format-standard","hentry","category-pp-de-galicia"],"acf":[],"yoast_head":"<!-- This site is optimized with the Yoast SEO plugin v27.3 - https:\/\/yoast.com\/product\/yoast-seo-wordpress\/ -->\n<title>Pedro Puy salienta o debate de m\u00e1is de 420 cuesti\u00f3ns no Parlamento nos 125 d\u00edas da actual Lexislatura - PP de Galicia<\/title>\n<meta name=\"robots\" content=\"index, follow, max-snippet:-1, max-image-preview:large, max-video-preview:-1\" \/>\n<link rel=\"canonical\" href=\"https:\/\/ppdegalicia.com\/es\/pedro-puy-salienta-o-debate-de-mais-de-420-cuestions-no-parlamento-nos-125-dias-da-actual-lexislatura\/\" \/>\n<meta property=\"og:locale\" content=\"es_ES\" \/>\n<meta property=\"og:type\" content=\"article\" \/>\n<meta property=\"og:title\" content=\"Pedro Puy salienta o debate de m\u00e1is de 420 cuesti\u00f3ns no Parlamento nos 125 d\u00edas da actual Lexislatura - PP de Galicia\" \/>\n<meta property=\"og:description\" content=\"Santiago, 27 de febreiro de 2017.- O portavoz do Grupo Popular, Pedro Puy, salientou hoxe que desde o inicio da lexislatura, hai pouco m\u00e1is de 125 d\u00edas, se te\u00f1en debatido no Parlamento galego m\u00e1is de 420 cuesti\u00f3ns, tanto en Pleno como en comisi\u00f3ns. En concreto, 228 destes debates foron de control e 185 de impulso [&hellip;]\" \/>\n<meta property=\"og:url\" content=\"https:\/\/ppdegalicia.com\/es\/pedro-puy-salienta-o-debate-de-mais-de-420-cuestions-no-parlamento-nos-125-dias-da-actual-lexislatura\/\" \/>\n<meta property=\"og:site_name\" content=\"PP de Galicia\" \/>\n<meta property=\"article:publisher\" content=\"https:\/\/www.instagram.com\/ppdegalicia\/\" \/>\n<meta property=\"article:published_time\" content=\"2017-02-27T14:11:42+00:00\" \/>\n<meta name=\"author\" content=\"Super User\" \/>\n<meta name=\"twitter:card\" content=\"summary_large_image\" \/>\n<meta name=\"twitter:creator\" content=\"@ppdegalicia\" \/>\n<meta name=\"twitter:site\" content=\"@ppdegalicia\" \/>\n<meta name=\"twitter:label1\" content=\"Escrito por\" \/>\n\t<meta name=\"twitter:data1\" content=\"Super User\" \/>\n\t<meta name=\"twitter:label2\" content=\"Tiempo de lectura\" \/>\n\t<meta name=\"twitter:data2\" content=\"3 minutos\" \/>\n<script type=\"application\/ld+json\" class=\"yoast-schema-graph\">{\"@context\":\"https:\\\/\\\/schema.org\",\"@graph\":[{\"@type\":\"Article\",\"@id\":\"https:\\\/\\\/ppdegalicia.com\\\/es\\\/pedro-puy-salienta-o-debate-de-mais-de-420-cuestions-no-parlamento-nos-125-dias-da-actual-lexislatura\\\/#article\",\"isPartOf\":{\"@id\":\"https:\\\/\\\/ppdegalicia.com\\\/es\\\/pedro-puy-salienta-o-debate-de-mais-de-420-cuestions-no-parlamento-nos-125-dias-da-actual-lexislatura\\\/\"},\"author\":{\"name\":\"Super User\",\"@id\":\"https:\\\/\\\/ppdegalicia.com\\\/es\\\/#\\\/schema\\\/person\\\/d0f013b8388c980665d44009ab762960\"},\"headline\":\"Pedro Puy salienta o debate de m\u00e1is de 420 cuesti\u00f3ns no Parlamento nos 125 d\u00edas da actual Lexislatura\",\"datePublished\":\"2017-02-27T14:11:42+00:00\",\"mainEntityOfPage\":{\"@id\":\"https:\\\/\\\/ppdegalicia.com\\\/es\\\/pedro-puy-salienta-o-debate-de-mais-de-420-cuestions-no-parlamento-nos-125-dias-da-actual-lexislatura\\\/\"},\"wordCount\":579,\"commentCount\":0,\"publisher\":{\"@id\":\"https:\\\/\\\/ppdegalicia.com\\\/es\\\/#organization\"},\"articleSection\":[\"PP de Galicia\"],\"inLanguage\":\"es\",\"potentialAction\":[{\"@type\":\"CommentAction\",\"name\":\"Comment\",\"target\":[\"https:\\\/\\\/ppdegalicia.com\\\/es\\\/pedro-puy-salienta-o-debate-de-mais-de-420-cuestions-no-parlamento-nos-125-dias-da-actual-lexislatura\\\/#respond\"]}]},{\"@type\":\"WebPage\",\"@id\":\"https:\\\/\\\/ppdegalicia.com\\\/es\\\/pedro-puy-salienta-o-debate-de-mais-de-420-cuestions-no-parlamento-nos-125-dias-da-actual-lexislatura\\\/\",\"url\":\"https:\\\/\\\/ppdegalicia.com\\\/es\\\/pedro-puy-salienta-o-debate-de-mais-de-420-cuestions-no-parlamento-nos-125-dias-da-actual-lexislatura\\\/\",\"name\":\"Pedro Puy salienta o debate de m\u00e1is de 420 cuesti\u00f3ns no Parlamento nos 125 d\u00edas da actual Lexislatura - PP de Galicia\",\"isPartOf\":{\"@id\":\"https:\\\/\\\/ppdegalicia.com\\\/es\\\/#website\"},\"datePublished\":\"2017-02-27T14:11:42+00:00\",\"breadcrumb\":{\"@id\":\"https:\\\/\\\/ppdegalicia.com\\\/es\\\/pedro-puy-salienta-o-debate-de-mais-de-420-cuestions-no-parlamento-nos-125-dias-da-actual-lexislatura\\\/#breadcrumb\"},\"inLanguage\":\"es\",\"potentialAction\":[{\"@type\":\"ReadAction\",\"target\":[\"https:\\\/\\\/ppdegalicia.com\\\/es\\\/pedro-puy-salienta-o-debate-de-mais-de-420-cuestions-no-parlamento-nos-125-dias-da-actual-lexislatura\\\/\"]}]},{\"@type\":\"BreadcrumbList\",\"@id\":\"https:\\\/\\\/ppdegalicia.com\\\/es\\\/pedro-puy-salienta-o-debate-de-mais-de-420-cuestions-no-parlamento-nos-125-dias-da-actual-lexislatura\\\/#breadcrumb\",\"itemListElement\":[{\"@type\":\"ListItem\",\"position\":1,\"name\":\"Portada\",\"item\":\"https:\\\/\\\/ppdegalicia.com\\\/es\\\/\"},{\"@type\":\"ListItem\",\"position\":2,\"name\":\"Pedro Puy salienta o debate de m\u00e1is de 420 cuesti\u00f3ns no Parlamento nos 125 d\u00edas da actual Lexislatura\"}]},{\"@type\":\"WebSite\",\"@id\":\"https:\\\/\\\/ppdegalicia.com\\\/es\\\/#website\",\"url\":\"https:\\\/\\\/ppdegalicia.com\\\/es\\\/\",\"name\":\"Partido Popular de Galicia\",\"description\":\"Partido Popular de Galicia\",\"publisher\":{\"@id\":\"https:\\\/\\\/ppdegalicia.com\\\/es\\\/#organization\"},\"alternateName\":\"PP de Galicia\",\"potentialAction\":[{\"@type\":\"SearchAction\",\"target\":{\"@type\":\"EntryPoint\",\"urlTemplate\":\"https:\\\/\\\/ppdegalicia.com\\\/es\\\/?s={search_term_string}\"},\"query-input\":{\"@type\":\"PropertyValueSpecification\",\"valueRequired\":true,\"valueName\":\"search_term_string\"}}],\"inLanguage\":\"es\"},{\"@type\":\"Organization\",\"@id\":\"https:\\\/\\\/ppdegalicia.com\\\/es\\\/#organization\",\"name\":\"Partido Popular de Galicia\",\"alternateName\":\"PP de Galicia\",\"url\":\"https:\\\/\\\/ppdegalicia.com\\\/es\\\/\",\"logo\":{\"@type\":\"ImageObject\",\"inLanguage\":\"es\",\"@id\":\"https:\\\/\\\/ppdegalicia.com\\\/es\\\/#\\\/schema\\\/logo\\\/image\\\/\",\"url\":\"https:\\\/\\\/ppdegalicia.com\\\/wp-content\\\/uploads\\\/2023\\\/04\\\/logoPP512.png\",\"contentUrl\":\"https:\\\/\\\/ppdegalicia.com\\\/wp-content\\\/uploads\\\/2023\\\/04\\\/logoPP512.png\",\"width\":512,\"height\":512,\"caption\":\"Partido Popular de Galicia\"},\"image\":{\"@id\":\"https:\\\/\\\/ppdegalicia.com\\\/es\\\/#\\\/schema\\\/logo\\\/image\\\/\"},\"sameAs\":[\"https:\\\/\\\/www.instagram.com\\\/ppdegalicia\\\/\",\"https:\\\/\\\/x.com\\\/ppdegalicia\",\"https:\\\/\\\/www.tiktok.com\\\/@ppdegalicia\",\"https:\\\/\\\/www.youtube.com\\\/user\\\/ppdegalicia\"]},{\"@type\":\"Person\",\"@id\":\"https:\\\/\\\/ppdegalicia.com\\\/es\\\/#\\\/schema\\\/person\\\/d0f013b8388c980665d44009ab762960\",\"name\":\"Super User\",\"image\":{\"@type\":\"ImageObject\",\"inLanguage\":\"es\",\"@id\":\"https:\\\/\\\/secure.gravatar.com\\\/avatar\\\/1db852625ef4948f58d2739bfbc51e4b9bd5c93b8fa340b59fdb594ca0845645?s=96&d=mm&r=g\",\"url\":\"https:\\\/\\\/secure.gravatar.com\\\/avatar\\\/1db852625ef4948f58d2739bfbc51e4b9bd5c93b8fa340b59fdb594ca0845645?s=96&d=mm&r=g\",\"contentUrl\":\"https:\\\/\\\/secure.gravatar.com\\\/avatar\\\/1db852625ef4948f58d2739bfbc51e4b9bd5c93b8fa340b59fdb594ca0845645?s=96&d=mm&r=g\",\"caption\":\"Super User\"},\"url\":\"https:\\\/\\\/ppdegalicia.com\\\/es\\\/author\\\/ppdegaliciagestion\\\/\"}]}<\/script>\n<!-- \/ Yoast SEO plugin. -->","yoast_head_json":{"title":"Pedro Puy salienta o debate de m\u00e1is de 420 cuesti\u00f3ns no Parlamento nos 125 d\u00edas da actual Lexislatura - PP de Galicia","robots":{"index":"index","follow":"follow","max-snippet":"max-snippet:-1","max-image-preview":"max-image-preview:large","max-video-preview":"max-video-preview:-1"},"canonical":"https:\/\/ppdegalicia.com\/es\/pedro-puy-salienta-o-debate-de-mais-de-420-cuestions-no-parlamento-nos-125-dias-da-actual-lexislatura\/","og_locale":"es_ES","og_type":"article","og_title":"Pedro Puy salienta o debate de m\u00e1is de 420 cuesti\u00f3ns no Parlamento nos 125 d\u00edas da actual Lexislatura - PP de Galicia","og_description":"Santiago, 27 de febreiro de 2017.- O portavoz do Grupo Popular, Pedro Puy, salientou hoxe que desde o inicio da lexislatura, hai pouco m\u00e1is de 125 d\u00edas, se te\u00f1en debatido no Parlamento galego m\u00e1is de 420 cuesti\u00f3ns, tanto en Pleno como en comisi\u00f3ns. En concreto, 228 destes debates foron de control e 185 de impulso [&hellip;]","og_url":"https:\/\/ppdegalicia.com\/es\/pedro-puy-salienta-o-debate-de-mais-de-420-cuestions-no-parlamento-nos-125-dias-da-actual-lexislatura\/","og_site_name":"PP de Galicia","article_publisher":"https:\/\/www.instagram.com\/ppdegalicia\/","article_published_time":"2017-02-27T14:11:42+00:00","author":"Super User","twitter_card":"summary_large_image","twitter_creator":"@ppdegalicia","twitter_site":"@ppdegalicia","twitter_misc":{"Escrito por":"Super User","Tiempo de lectura":"3 minutos"},"schema":{"@context":"https:\/\/schema.org","@graph":[{"@type":"Article","@id":"https:\/\/ppdegalicia.com\/es\/pedro-puy-salienta-o-debate-de-mais-de-420-cuestions-no-parlamento-nos-125-dias-da-actual-lexislatura\/#article","isPartOf":{"@id":"https:\/\/ppdegalicia.com\/es\/pedro-puy-salienta-o-debate-de-mais-de-420-cuestions-no-parlamento-nos-125-dias-da-actual-lexislatura\/"},"author":{"name":"Super User","@id":"https:\/\/ppdegalicia.com\/es\/#\/schema\/person\/d0f013b8388c980665d44009ab762960"},"headline":"Pedro Puy salienta o debate de m\u00e1is de 420 cuesti\u00f3ns no Parlamento nos 125 d\u00edas da actual Lexislatura","datePublished":"2017-02-27T14:11:42+00:00","mainEntityOfPage":{"@id":"https:\/\/ppdegalicia.com\/es\/pedro-puy-salienta-o-debate-de-mais-de-420-cuestions-no-parlamento-nos-125-dias-da-actual-lexislatura\/"},"wordCount":579,"commentCount":0,"publisher":{"@id":"https:\/\/ppdegalicia.com\/es\/#organization"},"articleSection":["PP de Galicia"],"inLanguage":"es","potentialAction":[{"@type":"CommentAction","name":"Comment","target":["https:\/\/ppdegalicia.com\/es\/pedro-puy-salienta-o-debate-de-mais-de-420-cuestions-no-parlamento-nos-125-dias-da-actual-lexislatura\/#respond"]}]},{"@type":"WebPage","@id":"https:\/\/ppdegalicia.com\/es\/pedro-puy-salienta-o-debate-de-mais-de-420-cuestions-no-parlamento-nos-125-dias-da-actual-lexislatura\/","url":"https:\/\/ppdegalicia.com\/es\/pedro-puy-salienta-o-debate-de-mais-de-420-cuestions-no-parlamento-nos-125-dias-da-actual-lexislatura\/","name":"Pedro Puy salienta o debate de m\u00e1is de 420 cuesti\u00f3ns no Parlamento nos 125 d\u00edas da actual Lexislatura - PP de Galicia","isPartOf":{"@id":"https:\/\/ppdegalicia.com\/es\/#website"},"datePublished":"2017-02-27T14:11:42+00:00","breadcrumb":{"@id":"https:\/\/ppdegalicia.com\/es\/pedro-puy-salienta-o-debate-de-mais-de-420-cuestions-no-parlamento-nos-125-dias-da-actual-lexislatura\/#breadcrumb"},"inLanguage":"es","potentialAction":[{"@type":"ReadAction","target":["https:\/\/ppdegalicia.com\/es\/pedro-puy-salienta-o-debate-de-mais-de-420-cuestions-no-parlamento-nos-125-dias-da-actual-lexislatura\/"]}]},{"@type":"BreadcrumbList","@id":"https:\/\/ppdegalicia.com\/es\/pedro-puy-salienta-o-debate-de-mais-de-420-cuestions-no-parlamento-nos-125-dias-da-actual-lexislatura\/#breadcrumb","itemListElement":[{"@type":"ListItem","position":1,"name":"Portada","item":"https:\/\/ppdegalicia.com\/es\/"},{"@type":"ListItem","position":2,"name":"Pedro Puy salienta o debate de m\u00e1is de 420 cuesti\u00f3ns no Parlamento nos 125 d\u00edas da actual Lexislatura"}]},{"@type":"WebSite","@id":"https:\/\/ppdegalicia.com\/es\/#website","url":"https:\/\/ppdegalicia.com\/es\/","name":"Partido Popular de Galicia","description":"Partido Popular de Galicia","publisher":{"@id":"https:\/\/ppdegalicia.com\/es\/#organization"},"alternateName":"PP de Galicia","potentialAction":[{"@type":"SearchAction","target":{"@type":"EntryPoint","urlTemplate":"https:\/\/ppdegalicia.com\/es\/?s={search_term_string}"},"query-input":{"@type":"PropertyValueSpecification","valueRequired":true,"valueName":"search_term_string"}}],"inLanguage":"es"},{"@type":"Organization","@id":"https:\/\/ppdegalicia.com\/es\/#organization","name":"Partido Popular de Galicia","alternateName":"PP de Galicia","url":"https:\/\/ppdegalicia.com\/es\/","logo":{"@type":"ImageObject","inLanguage":"es","@id":"https:\/\/ppdegalicia.com\/es\/#\/schema\/logo\/image\/","url":"https:\/\/ppdegalicia.com\/wp-content\/uploads\/2023\/04\/logoPP512.png","contentUrl":"https:\/\/ppdegalicia.com\/wp-content\/uploads\/2023\/04\/logoPP512.png","width":512,"height":512,"caption":"Partido Popular de Galicia"},"image":{"@id":"https:\/\/ppdegalicia.com\/es\/#\/schema\/logo\/image\/"},"sameAs":["https:\/\/www.instagram.com\/ppdegalicia\/","https:\/\/x.com\/ppdegalicia","https:\/\/www.tiktok.com\/@ppdegalicia","https:\/\/www.youtube.com\/user\/ppdegalicia"]},{"@type":"Person","@id":"https:\/\/ppdegalicia.com\/es\/#\/schema\/person\/d0f013b8388c980665d44009ab762960","name":"Super User","image":{"@type":"ImageObject","inLanguage":"es","@id":"https:\/\/secure.gravatar.com\/avatar\/1db852625ef4948f58d2739bfbc51e4b9bd5c93b8fa340b59fdb594ca0845645?s=96&d=mm&r=g","url":"https:\/\/secure.gravatar.com\/avatar\/1db852625ef4948f58d2739bfbc51e4b9bd5c93b8fa340b59fdb594ca0845645?s=96&d=mm&r=g","contentUrl":"https:\/\/secure.gravatar.com\/avatar\/1db852625ef4948f58d2739bfbc51e4b9bd5c93b8fa340b59fdb594ca0845645?s=96&d=mm&r=g","caption":"Super User"},"url":"https:\/\/ppdegalicia.com\/es\/author\/ppdegaliciagestion\/"}]}},"_links":{"self":[{"href":"https:\/\/ppdegalicia.com\/es\/wp-json\/wp\/v2\/posts\/53398","targetHints":{"allow":["GET"]}}],"collection":[{"href":"https:\/\/ppdegalicia.com\/es\/wp-json\/wp\/v2\/posts"}],"about":[{"href":"https:\/\/ppdegalicia.com\/es\/wp-json\/wp\/v2\/types\/post"}],"author":[{"embeddable":true,"href":"https:\/\/ppdegalicia.com\/es\/wp-json\/wp\/v2\/users\/37"}],"replies":[{"embeddable":true,"href":"https:\/\/ppdegalicia.com\/es\/wp-json\/wp\/v2\/comments?post=53398"}],"version-history":[{"count":0,"href":"https:\/\/ppdegalicia.com\/es\/wp-json\/wp\/v2\/posts\/53398\/revisions"}],"wp:attachment":[{"href":"https:\/\/ppdegalicia.com\/es\/wp-json\/wp\/v2\/media?parent=53398"}],"wp:term":[{"taxonomy":"category","embeddable":true,"href":"https:\/\/ppdegalicia.com\/es\/wp-json\/wp\/v2\/categories?post=53398"},{"taxonomy":"post_tag","embeddable":true,"href":"https:\/\/ppdegalicia.com\/es\/wp-json\/wp\/v2\/tags?post=53398"}],"curies":[{"name":"wp","href":"https:\/\/api.w.org\/{rel}","templated":true}]}}