{"id":53403,"date":"2017-03-03T12:35:10","date_gmt":"2017-03-03T10:35:10","guid":{"rendered":"https:\/\/ppdegalicia.com\/o-goberno-central-cumpriu-con-axilidade-ante-a-problematica-sober-a-devolucion-das-clausulas-chan\/"},"modified":"2017-03-03T12:35:10","modified_gmt":"2017-03-03T10:35:10","slug":"o-goberno-central-cumpriu-con-axilidade-ante-a-problematica-sober-a-devolucion-das-clausulas-chan","status":"publish","type":"post","link":"https:\/\/ppdegalicia.com\/es\/o-goberno-central-cumpriu-con-axilidade-ante-a-problematica-sober-a-devolucion-das-clausulas-chan\/","title":{"rendered":"O Goberno central \u00abcumpriu con axilidade\u00bb ante a problem\u00e1tica sober a devoluci\u00f3n das cl\u00e1usulas chan"},"content":{"rendered":"<p>Santiago, 3 de marzo de 2017.- O portavoz de Vivenda do Grupo Popular, Jaime Casti\u00f1eira, asegurou hoxe que o Goberno central \u201ccumpriu con axilidade\u201d dando unha resposta r\u00e1pida \u00e1s sentenzas sobre a devoluci\u00f3n das cl\u00e1usulas chan por parte das entidades financeiras, aprobando un Real Decreto-Lei a trav\u00e9s do que no prazo m\u00e1ximo de tres meses as entidades deben responder \u00e1s reclamaci\u00f3ns dos afectados.<\/p>\n<p><!--more--><\/p>\n<p>Casti\u00f1eira manifestou que \u201c\u00e1s \u00fanicas \u00e1s que non lles gustou o Real Decreto-Lei foi \u00e1s entidades financeiras\u201d, a\u00ednda que distinguiu entre \u201caquelas que de inmediato se puxeron mans \u00e1 obra e outras que puxeron reparos a aceptalo\u201d.<\/p>\n<p>&nbsp;<\/p>\n<p><strong>PROCEDEMENTO<\/strong><\/p>\n<p>&nbsp;<\/p>\n<p>Na s\u00faa intervenci\u00f3n, o portavoz popular lembrou que o Goberno central aprobou o Real Decreto-Lei o pasado 20 de xaneiro, unha norma que foi validada polo Congreso dos Deputados o 31 do mesmo mes.<\/p>\n<p>&nbsp;<\/p>\n<p>A trav\u00e9s deste decreto, as entidades financeiras dispo\u00f1en do prazo de un mes para habilitar un sistema que sexa co\u00f1ecido polos afectados para que poidan presentar as s\u00faas reclamaci\u00f3ns, que en tres meses ter\u00e1n que ser respondidas presentando un c\u00e1lculo da devoluci\u00f3n das cl\u00e1usulas chan ou motivando a denegaci\u00f3n da devoluci\u00f3n. Ante esta resposta das entidades financeiras, os usuarios poder\u00e1n aceptar a proposta ou acudir \u00e1 v\u00eda xudicial se consideran que non se atenden as s\u00faas demandas.<\/p>\n","protected":false},"excerpt":{"rendered":"<p>Santiago, 3 de marzo de 2017.- O portavoz de Vivenda do Grupo Popular, Jaime Casti\u00f1eira, asegurou hoxe que o Goberno central \u201ccumpriu con axilidade\u201d dando unha resposta r\u00e1pida \u00e1s sentenzas sobre a devoluci\u00f3n das cl\u00e1usulas chan por parte das entidades financeiras, aprobando un Real Decreto-Lei a trav\u00e9s do que no prazo m\u00e1ximo de tres meses [&hellip;]<\/p>\n","protected":false},"author":37,"featured_media":0,"comment_status":"open","ping_status":"open","sticky":false,"template":"","format":"standard","meta":{"_acf_changed":false,"footnotes":""},"categories":[1],"tags":[],"class_list":["post-53403","post","type-post","status-publish","format-standard","hentry","category-pp-de-galicia"],"acf":[],"yoast_head":"<!-- This site is optimized with the Yoast SEO plugin v27.3 - https:\/\/yoast.com\/product\/yoast-seo-wordpress\/ -->\n<title>O Goberno central &quot;cumpriu con axilidade&quot; ante a problem\u00e1tica sober a devoluci\u00f3n das cl\u00e1usulas chan - PP de Galicia<\/title>\n<meta name=\"robots\" content=\"index, follow, max-snippet:-1, max-image-preview:large, max-video-preview:-1\" \/>\n<link rel=\"canonical\" href=\"https:\/\/ppdegalicia.com\/es\/o-goberno-central-cumpriu-con-axilidade-ante-a-problematica-sober-a-devolucion-das-clausulas-chan\/\" \/>\n<meta property=\"og:locale\" content=\"es_ES\" \/>\n<meta property=\"og:type\" content=\"article\" \/>\n<meta property=\"og:title\" content=\"O Goberno central &quot;cumpriu con axilidade&quot; ante a problem\u00e1tica sober a devoluci\u00f3n das cl\u00e1usulas chan - PP de Galicia\" \/>\n<meta property=\"og:description\" content=\"Santiago, 3 de marzo de 2017.- O portavoz de Vivenda do Grupo Popular, Jaime Casti\u00f1eira, asegurou hoxe que o Goberno central \u201ccumpriu con axilidade\u201d dando unha resposta r\u00e1pida \u00e1s sentenzas sobre a devoluci\u00f3n das cl\u00e1usulas chan por parte das entidades financeiras, aprobando un Real Decreto-Lei a trav\u00e9s do que no prazo m\u00e1ximo de tres meses [&hellip;]\" \/>\n<meta property=\"og:url\" content=\"https:\/\/ppdegalicia.com\/es\/o-goberno-central-cumpriu-con-axilidade-ante-a-problematica-sober-a-devolucion-das-clausulas-chan\/\" \/>\n<meta property=\"og:site_name\" content=\"PP de Galicia\" \/>\n<meta property=\"article:publisher\" content=\"https:\/\/www.instagram.com\/ppdegalicia\/\" \/>\n<meta property=\"article:published_time\" content=\"2017-03-03T10:35:10+00:00\" \/>\n<meta name=\"author\" content=\"Super User\" \/>\n<meta name=\"twitter:card\" content=\"summary_large_image\" \/>\n<meta name=\"twitter:creator\" content=\"@ppdegalicia\" \/>\n<meta name=\"twitter:site\" content=\"@ppdegalicia\" \/>\n<meta name=\"twitter:label1\" content=\"Escrito por\" \/>\n\t<meta name=\"twitter:data1\" content=\"Super User\" \/>\n\t<meta name=\"twitter:label2\" content=\"Tiempo de lectura\" \/>\n\t<meta name=\"twitter:data2\" content=\"1 minuto\" \/>\n<script type=\"application\/ld+json\" class=\"yoast-schema-graph\">{\"@context\":\"https:\\\/\\\/schema.org\",\"@graph\":[{\"@type\":\"Article\",\"@id\":\"https:\\\/\\\/ppdegalicia.com\\\/es\\\/o-goberno-central-cumpriu-con-axilidade-ante-a-problematica-sober-a-devolucion-das-clausulas-chan\\\/#article\",\"isPartOf\":{\"@id\":\"https:\\\/\\\/ppdegalicia.com\\\/es\\\/o-goberno-central-cumpriu-con-axilidade-ante-a-problematica-sober-a-devolucion-das-clausulas-chan\\\/\"},\"author\":{\"name\":\"Super User\",\"@id\":\"https:\\\/\\\/ppdegalicia.com\\\/es\\\/#\\\/schema\\\/person\\\/d0f013b8388c980665d44009ab762960\"},\"headline\":\"O Goberno central \u00abcumpriu con axilidade\u00bb ante a problem\u00e1tica sober a devoluci\u00f3n das cl\u00e1usulas chan\",\"datePublished\":\"2017-03-03T10:35:10+00:00\",\"mainEntityOfPage\":{\"@id\":\"https:\\\/\\\/ppdegalicia.com\\\/es\\\/o-goberno-central-cumpriu-con-axilidade-ante-a-problematica-sober-a-devolucion-das-clausulas-chan\\\/\"},\"wordCount\":253,\"commentCount\":0,\"publisher\":{\"@id\":\"https:\\\/\\\/ppdegalicia.com\\\/es\\\/#organization\"},\"articleSection\":[\"PP de Galicia\"],\"inLanguage\":\"es\",\"potentialAction\":[{\"@type\":\"CommentAction\",\"name\":\"Comment\",\"target\":[\"https:\\\/\\\/ppdegalicia.com\\\/es\\\/o-goberno-central-cumpriu-con-axilidade-ante-a-problematica-sober-a-devolucion-das-clausulas-chan\\\/#respond\"]}]},{\"@type\":\"WebPage\",\"@id\":\"https:\\\/\\\/ppdegalicia.com\\\/es\\\/o-goberno-central-cumpriu-con-axilidade-ante-a-problematica-sober-a-devolucion-das-clausulas-chan\\\/\",\"url\":\"https:\\\/\\\/ppdegalicia.com\\\/es\\\/o-goberno-central-cumpriu-con-axilidade-ante-a-problematica-sober-a-devolucion-das-clausulas-chan\\\/\",\"name\":\"O Goberno central \\\"cumpriu con axilidade\\\" ante a problem\u00e1tica sober a devoluci\u00f3n das cl\u00e1usulas chan - PP de Galicia\",\"isPartOf\":{\"@id\":\"https:\\\/\\\/ppdegalicia.com\\\/es\\\/#website\"},\"datePublished\":\"2017-03-03T10:35:10+00:00\",\"breadcrumb\":{\"@id\":\"https:\\\/\\\/ppdegalicia.com\\\/es\\\/o-goberno-central-cumpriu-con-axilidade-ante-a-problematica-sober-a-devolucion-das-clausulas-chan\\\/#breadcrumb\"},\"inLanguage\":\"es\",\"potentialAction\":[{\"@type\":\"ReadAction\",\"target\":[\"https:\\\/\\\/ppdegalicia.com\\\/es\\\/o-goberno-central-cumpriu-con-axilidade-ante-a-problematica-sober-a-devolucion-das-clausulas-chan\\\/\"]}]},{\"@type\":\"BreadcrumbList\",\"@id\":\"https:\\\/\\\/ppdegalicia.com\\\/es\\\/o-goberno-central-cumpriu-con-axilidade-ante-a-problematica-sober-a-devolucion-das-clausulas-chan\\\/#breadcrumb\",\"itemListElement\":[{\"@type\":\"ListItem\",\"position\":1,\"name\":\"Portada\",\"item\":\"https:\\\/\\\/ppdegalicia.com\\\/es\\\/\"},{\"@type\":\"ListItem\",\"position\":2,\"name\":\"O Goberno central &#8220;cumpriu con axilidade&#8221; ante a problem\u00e1tica sober a devoluci\u00f3n das cl\u00e1usulas chan\"}]},{\"@type\":\"WebSite\",\"@id\":\"https:\\\/\\\/ppdegalicia.com\\\/es\\\/#website\",\"url\":\"https:\\\/\\\/ppdegalicia.com\\\/es\\\/\",\"name\":\"Partido Popular de Galicia\",\"description\":\"Partido Popular de Galicia\",\"publisher\":{\"@id\":\"https:\\\/\\\/ppdegalicia.com\\\/es\\\/#organization\"},\"alternateName\":\"PP de Galicia\",\"potentialAction\":[{\"@type\":\"SearchAction\",\"target\":{\"@type\":\"EntryPoint\",\"urlTemplate\":\"https:\\\/\\\/ppdegalicia.com\\\/es\\\/?s={search_term_string}\"},\"query-input\":{\"@type\":\"PropertyValueSpecification\",\"valueRequired\":true,\"valueName\":\"search_term_string\"}}],\"inLanguage\":\"es\"},{\"@type\":\"Organization\",\"@id\":\"https:\\\/\\\/ppdegalicia.com\\\/es\\\/#organization\",\"name\":\"Partido Popular de Galicia\",\"alternateName\":\"PP de Galicia\",\"url\":\"https:\\\/\\\/ppdegalicia.com\\\/es\\\/\",\"logo\":{\"@type\":\"ImageObject\",\"inLanguage\":\"es\",\"@id\":\"https:\\\/\\\/ppdegalicia.com\\\/es\\\/#\\\/schema\\\/logo\\\/image\\\/\",\"url\":\"https:\\\/\\\/ppdegalicia.com\\\/wp-content\\\/uploads\\\/2023\\\/04\\\/logoPP512.png\",\"contentUrl\":\"https:\\\/\\\/ppdegalicia.com\\\/wp-content\\\/uploads\\\/2023\\\/04\\\/logoPP512.png\",\"width\":512,\"height\":512,\"caption\":\"Partido Popular de Galicia\"},\"image\":{\"@id\":\"https:\\\/\\\/ppdegalicia.com\\\/es\\\/#\\\/schema\\\/logo\\\/image\\\/\"},\"sameAs\":[\"https:\\\/\\\/www.instagram.com\\\/ppdegalicia\\\/\",\"https:\\\/\\\/x.com\\\/ppdegalicia\",\"https:\\\/\\\/www.tiktok.com\\\/@ppdegalicia\",\"https:\\\/\\\/www.youtube.com\\\/user\\\/ppdegalicia\"]},{\"@type\":\"Person\",\"@id\":\"https:\\\/\\\/ppdegalicia.com\\\/es\\\/#\\\/schema\\\/person\\\/d0f013b8388c980665d44009ab762960\",\"name\":\"Super User\",\"image\":{\"@type\":\"ImageObject\",\"inLanguage\":\"es\",\"@id\":\"https:\\\/\\\/secure.gravatar.com\\\/avatar\\\/1db852625ef4948f58d2739bfbc51e4b9bd5c93b8fa340b59fdb594ca0845645?s=96&d=mm&r=g\",\"url\":\"https:\\\/\\\/secure.gravatar.com\\\/avatar\\\/1db852625ef4948f58d2739bfbc51e4b9bd5c93b8fa340b59fdb594ca0845645?s=96&d=mm&r=g\",\"contentUrl\":\"https:\\\/\\\/secure.gravatar.com\\\/avatar\\\/1db852625ef4948f58d2739bfbc51e4b9bd5c93b8fa340b59fdb594ca0845645?s=96&d=mm&r=g\",\"caption\":\"Super User\"},\"url\":\"https:\\\/\\\/ppdegalicia.com\\\/es\\\/author\\\/ppdegaliciagestion\\\/\"}]}<\/script>\n<!-- \/ Yoast SEO plugin. -->","yoast_head_json":{"title":"O Goberno central \"cumpriu con axilidade\" ante a problem\u00e1tica sober a devoluci\u00f3n das cl\u00e1usulas chan - PP de Galicia","robots":{"index":"index","follow":"follow","max-snippet":"max-snippet:-1","max-image-preview":"max-image-preview:large","max-video-preview":"max-video-preview:-1"},"canonical":"https:\/\/ppdegalicia.com\/es\/o-goberno-central-cumpriu-con-axilidade-ante-a-problematica-sober-a-devolucion-das-clausulas-chan\/","og_locale":"es_ES","og_type":"article","og_title":"O Goberno central \"cumpriu con axilidade\" ante a problem\u00e1tica sober a devoluci\u00f3n das cl\u00e1usulas chan - PP de Galicia","og_description":"Santiago, 3 de marzo de 2017.- O portavoz de Vivenda do Grupo Popular, Jaime Casti\u00f1eira, asegurou hoxe que o Goberno central \u201ccumpriu con axilidade\u201d dando unha resposta r\u00e1pida \u00e1s sentenzas sobre a devoluci\u00f3n das cl\u00e1usulas chan por parte das entidades financeiras, aprobando un Real Decreto-Lei a trav\u00e9s do que no prazo m\u00e1ximo de tres meses [&hellip;]","og_url":"https:\/\/ppdegalicia.com\/es\/o-goberno-central-cumpriu-con-axilidade-ante-a-problematica-sober-a-devolucion-das-clausulas-chan\/","og_site_name":"PP de Galicia","article_publisher":"https:\/\/www.instagram.com\/ppdegalicia\/","article_published_time":"2017-03-03T10:35:10+00:00","author":"Super User","twitter_card":"summary_large_image","twitter_creator":"@ppdegalicia","twitter_site":"@ppdegalicia","twitter_misc":{"Escrito por":"Super User","Tiempo de lectura":"1 minuto"},"schema":{"@context":"https:\/\/schema.org","@graph":[{"@type":"Article","@id":"https:\/\/ppdegalicia.com\/es\/o-goberno-central-cumpriu-con-axilidade-ante-a-problematica-sober-a-devolucion-das-clausulas-chan\/#article","isPartOf":{"@id":"https:\/\/ppdegalicia.com\/es\/o-goberno-central-cumpriu-con-axilidade-ante-a-problematica-sober-a-devolucion-das-clausulas-chan\/"},"author":{"name":"Super User","@id":"https:\/\/ppdegalicia.com\/es\/#\/schema\/person\/d0f013b8388c980665d44009ab762960"},"headline":"O Goberno central \u00abcumpriu con axilidade\u00bb ante a problem\u00e1tica sober a devoluci\u00f3n das cl\u00e1usulas chan","datePublished":"2017-03-03T10:35:10+00:00","mainEntityOfPage":{"@id":"https:\/\/ppdegalicia.com\/es\/o-goberno-central-cumpriu-con-axilidade-ante-a-problematica-sober-a-devolucion-das-clausulas-chan\/"},"wordCount":253,"commentCount":0,"publisher":{"@id":"https:\/\/ppdegalicia.com\/es\/#organization"},"articleSection":["PP de Galicia"],"inLanguage":"es","potentialAction":[{"@type":"CommentAction","name":"Comment","target":["https:\/\/ppdegalicia.com\/es\/o-goberno-central-cumpriu-con-axilidade-ante-a-problematica-sober-a-devolucion-das-clausulas-chan\/#respond"]}]},{"@type":"WebPage","@id":"https:\/\/ppdegalicia.com\/es\/o-goberno-central-cumpriu-con-axilidade-ante-a-problematica-sober-a-devolucion-das-clausulas-chan\/","url":"https:\/\/ppdegalicia.com\/es\/o-goberno-central-cumpriu-con-axilidade-ante-a-problematica-sober-a-devolucion-das-clausulas-chan\/","name":"O Goberno central \"cumpriu con axilidade\" ante a problem\u00e1tica sober a devoluci\u00f3n das cl\u00e1usulas chan - PP de Galicia","isPartOf":{"@id":"https:\/\/ppdegalicia.com\/es\/#website"},"datePublished":"2017-03-03T10:35:10+00:00","breadcrumb":{"@id":"https:\/\/ppdegalicia.com\/es\/o-goberno-central-cumpriu-con-axilidade-ante-a-problematica-sober-a-devolucion-das-clausulas-chan\/#breadcrumb"},"inLanguage":"es","potentialAction":[{"@type":"ReadAction","target":["https:\/\/ppdegalicia.com\/es\/o-goberno-central-cumpriu-con-axilidade-ante-a-problematica-sober-a-devolucion-das-clausulas-chan\/"]}]},{"@type":"BreadcrumbList","@id":"https:\/\/ppdegalicia.com\/es\/o-goberno-central-cumpriu-con-axilidade-ante-a-problematica-sober-a-devolucion-das-clausulas-chan\/#breadcrumb","itemListElement":[{"@type":"ListItem","position":1,"name":"Portada","item":"https:\/\/ppdegalicia.com\/es\/"},{"@type":"ListItem","position":2,"name":"O Goberno central &#8220;cumpriu con axilidade&#8221; ante a problem\u00e1tica sober a devoluci\u00f3n das cl\u00e1usulas chan"}]},{"@type":"WebSite","@id":"https:\/\/ppdegalicia.com\/es\/#website","url":"https:\/\/ppdegalicia.com\/es\/","name":"Partido Popular de Galicia","description":"Partido Popular de Galicia","publisher":{"@id":"https:\/\/ppdegalicia.com\/es\/#organization"},"alternateName":"PP de Galicia","potentialAction":[{"@type":"SearchAction","target":{"@type":"EntryPoint","urlTemplate":"https:\/\/ppdegalicia.com\/es\/?s={search_term_string}"},"query-input":{"@type":"PropertyValueSpecification","valueRequired":true,"valueName":"search_term_string"}}],"inLanguage":"es"},{"@type":"Organization","@id":"https:\/\/ppdegalicia.com\/es\/#organization","name":"Partido Popular de Galicia","alternateName":"PP de Galicia","url":"https:\/\/ppdegalicia.com\/es\/","logo":{"@type":"ImageObject","inLanguage":"es","@id":"https:\/\/ppdegalicia.com\/es\/#\/schema\/logo\/image\/","url":"https:\/\/ppdegalicia.com\/wp-content\/uploads\/2023\/04\/logoPP512.png","contentUrl":"https:\/\/ppdegalicia.com\/wp-content\/uploads\/2023\/04\/logoPP512.png","width":512,"height":512,"caption":"Partido Popular de Galicia"},"image":{"@id":"https:\/\/ppdegalicia.com\/es\/#\/schema\/logo\/image\/"},"sameAs":["https:\/\/www.instagram.com\/ppdegalicia\/","https:\/\/x.com\/ppdegalicia","https:\/\/www.tiktok.com\/@ppdegalicia","https:\/\/www.youtube.com\/user\/ppdegalicia"]},{"@type":"Person","@id":"https:\/\/ppdegalicia.com\/es\/#\/schema\/person\/d0f013b8388c980665d44009ab762960","name":"Super User","image":{"@type":"ImageObject","inLanguage":"es","@id":"https:\/\/secure.gravatar.com\/avatar\/1db852625ef4948f58d2739bfbc51e4b9bd5c93b8fa340b59fdb594ca0845645?s=96&d=mm&r=g","url":"https:\/\/secure.gravatar.com\/avatar\/1db852625ef4948f58d2739bfbc51e4b9bd5c93b8fa340b59fdb594ca0845645?s=96&d=mm&r=g","contentUrl":"https:\/\/secure.gravatar.com\/avatar\/1db852625ef4948f58d2739bfbc51e4b9bd5c93b8fa340b59fdb594ca0845645?s=96&d=mm&r=g","caption":"Super User"},"url":"https:\/\/ppdegalicia.com\/es\/author\/ppdegaliciagestion\/"}]}},"_links":{"self":[{"href":"https:\/\/ppdegalicia.com\/es\/wp-json\/wp\/v2\/posts\/53403","targetHints":{"allow":["GET"]}}],"collection":[{"href":"https:\/\/ppdegalicia.com\/es\/wp-json\/wp\/v2\/posts"}],"about":[{"href":"https:\/\/ppdegalicia.com\/es\/wp-json\/wp\/v2\/types\/post"}],"author":[{"embeddable":true,"href":"https:\/\/ppdegalicia.com\/es\/wp-json\/wp\/v2\/users\/37"}],"replies":[{"embeddable":true,"href":"https:\/\/ppdegalicia.com\/es\/wp-json\/wp\/v2\/comments?post=53403"}],"version-history":[{"count":0,"href":"https:\/\/ppdegalicia.com\/es\/wp-json\/wp\/v2\/posts\/53403\/revisions"}],"wp:attachment":[{"href":"https:\/\/ppdegalicia.com\/es\/wp-json\/wp\/v2\/media?parent=53403"}],"wp:term":[{"taxonomy":"category","embeddable":true,"href":"https:\/\/ppdegalicia.com\/es\/wp-json\/wp\/v2\/categories?post=53403"},{"taxonomy":"post_tag","embeddable":true,"href":"https:\/\/ppdegalicia.com\/es\/wp-json\/wp\/v2\/tags?post=53403"}],"curies":[{"name":"wp","href":"https:\/\/api.w.org\/{rel}","templated":true}]}}