{"id":53404,"date":"2017-03-03T12:41:35","date_gmt":"2017-03-03T10:41:35","guid":{"rendered":"https:\/\/ppdegalicia.com\/o-ppdeg-cualifica-de-regularizacion-inedita-no-sistema-tributario-espanol-a-resposta-a-problematica-dos-pensionistas-retornados\/"},"modified":"2017-03-03T12:41:35","modified_gmt":"2017-03-03T10:41:35","slug":"o-ppdeg-cualifica-de-regularizacion-inedita-no-sistema-tributario-espanol-a-resposta-a-problematica-dos-pensionistas-retornados","status":"publish","type":"post","link":"https:\/\/ppdegalicia.com\/es\/o-ppdeg-cualifica-de-regularizacion-inedita-no-sistema-tributario-espanol-a-resposta-a-problematica-dos-pensionistas-retornados\/","title":{"rendered":"O PPdeG cualifica de \u00abregularizaci\u00f3n in\u00e9dita no sistema tributario espa\u00f1ol a resposta \u00e1 problem\u00e1tica dos pensionistas retornados"},"content":{"rendered":"<p>Santiago, 3 de marzo de 2017.- O deputado do Grupo Popular Jos\u00e9 Gonz\u00e1lez V\u00e1zquez asegurou hoxe que a resposta dada polo Goberno central \u00e1 problem\u00e1tica das pensi\u00f3ns de emigrantes retornados en Espa\u00f1a \u201cfoi unha regularizaci\u00f3n in\u00e9dita no sistema tributario espa\u00f1ol\u201d, que conlevou a condonaci\u00f3n de sanci\u00f3ns, recargos e intereses de demora. As\u00ed mesmo, acusou \u00e1 oposici\u00f3n de pretender dar un trato diferente a pensionistas espa\u00f1ois respecto dos emigrantes retornados, xa que os primeiros tributan no imposto da renda das persoas f\u00edsicas sen ning\u00fan tipo de r\u00e9xime espec\u00edfico.<\/p>\n<p><!--more--><\/p>\n<p>Gonz\u00e1lez V\u00e1zquez lembrou que o Goberno central \u201catendeu as especiais circunstancias que caracterizan aos perceptores de pensi\u00f3ns estranxeiras\u201d a trav\u00e9s dunha disposici\u00f3n adicional lexislativa que conced\u00eda un per\u00edodo no que non se esix\u00edan recargas, intereses nin sanci\u00f3ns a quen regularizou voluntariamente a s\u00faa situaci\u00f3n entre o 1 de xaneiro e o 30 de xu\u00f1o de 2015.<\/p>\n<p>&nbsp;<\/p>\n<p>\u201cDeste xeito, existiu un per\u00edodo extraordinario para regularizar estas pensi\u00f3ns percibidas do estranxeiro por residentes en Espa\u00f1a e, unha vez rematado este proceso, apl\u00edcase a estas persoas a normativa xeral tributaria como a calquera contribu\u00ednte\u201d, sinalou.<\/p>\n","protected":false},"excerpt":{"rendered":"<p>Santiago, 3 de marzo de 2017.- O deputado do Grupo Popular Jos\u00e9 Gonz\u00e1lez V\u00e1zquez asegurou hoxe que a resposta dada polo Goberno central \u00e1 problem\u00e1tica das pensi\u00f3ns de emigrantes retornados en Espa\u00f1a \u201cfoi unha regularizaci\u00f3n in\u00e9dita no sistema tributario espa\u00f1ol\u201d, que conlevou a condonaci\u00f3n de sanci\u00f3ns, recargos e intereses de demora. As\u00ed mesmo, acusou \u00e1 [&hellip;]<\/p>\n","protected":false},"author":37,"featured_media":0,"comment_status":"open","ping_status":"open","sticky":false,"template":"","format":"standard","meta":{"_acf_changed":false,"footnotes":""},"categories":[1],"tags":[],"class_list":["post-53404","post","type-post","status-publish","format-standard","hentry","category-pp-de-galicia"],"acf":[],"yoast_head":"<!-- This site is optimized with the Yoast SEO plugin v27.3 - https:\/\/yoast.com\/product\/yoast-seo-wordpress\/ -->\n<title>O PPdeG cualifica de &quot;regularizaci\u00f3n in\u00e9dita no sistema tributario espa\u00f1ol a resposta \u00e1 problem\u00e1tica dos pensionistas retornados - PP de Galicia<\/title>\n<meta name=\"robots\" content=\"index, follow, max-snippet:-1, max-image-preview:large, max-video-preview:-1\" \/>\n<link rel=\"canonical\" href=\"https:\/\/ppdegalicia.com\/es\/o-ppdeg-cualifica-de-regularizacion-inedita-no-sistema-tributario-espanol-a-resposta-a-problematica-dos-pensionistas-retornados\/\" \/>\n<meta property=\"og:locale\" content=\"es_ES\" \/>\n<meta property=\"og:type\" content=\"article\" \/>\n<meta property=\"og:title\" content=\"O PPdeG cualifica de &quot;regularizaci\u00f3n in\u00e9dita no sistema tributario espa\u00f1ol a resposta \u00e1 problem\u00e1tica dos pensionistas retornados - PP de Galicia\" \/>\n<meta property=\"og:description\" content=\"Santiago, 3 de marzo de 2017.- O deputado do Grupo Popular Jos\u00e9 Gonz\u00e1lez V\u00e1zquez asegurou hoxe que a resposta dada polo Goberno central \u00e1 problem\u00e1tica das pensi\u00f3ns de emigrantes retornados en Espa\u00f1a \u201cfoi unha regularizaci\u00f3n in\u00e9dita no sistema tributario espa\u00f1ol\u201d, que conlevou a condonaci\u00f3n de sanci\u00f3ns, recargos e intereses de demora. As\u00ed mesmo, acusou \u00e1 [&hellip;]\" \/>\n<meta property=\"og:url\" content=\"https:\/\/ppdegalicia.com\/es\/o-ppdeg-cualifica-de-regularizacion-inedita-no-sistema-tributario-espanol-a-resposta-a-problematica-dos-pensionistas-retornados\/\" \/>\n<meta property=\"og:site_name\" content=\"PP de Galicia\" \/>\n<meta property=\"article:publisher\" content=\"https:\/\/www.instagram.com\/ppdegalicia\/\" \/>\n<meta property=\"article:published_time\" content=\"2017-03-03T10:41:35+00:00\" \/>\n<meta name=\"author\" content=\"Super User\" \/>\n<meta name=\"twitter:card\" content=\"summary_large_image\" \/>\n<meta name=\"twitter:creator\" content=\"@ppdegalicia\" \/>\n<meta name=\"twitter:site\" content=\"@ppdegalicia\" \/>\n<meta name=\"twitter:label1\" content=\"Escrito por\" \/>\n\t<meta name=\"twitter:data1\" content=\"Super User\" \/>\n\t<meta name=\"twitter:label2\" content=\"Tiempo de lectura\" \/>\n\t<meta name=\"twitter:data2\" content=\"1 minuto\" \/>\n<script type=\"application\/ld+json\" class=\"yoast-schema-graph\">{\"@context\":\"https:\\\/\\\/schema.org\",\"@graph\":[{\"@type\":\"Article\",\"@id\":\"https:\\\/\\\/ppdegalicia.com\\\/es\\\/o-ppdeg-cualifica-de-regularizacion-inedita-no-sistema-tributario-espanol-a-resposta-a-problematica-dos-pensionistas-retornados\\\/#article\",\"isPartOf\":{\"@id\":\"https:\\\/\\\/ppdegalicia.com\\\/es\\\/o-ppdeg-cualifica-de-regularizacion-inedita-no-sistema-tributario-espanol-a-resposta-a-problematica-dos-pensionistas-retornados\\\/\"},\"author\":{\"name\":\"Super User\",\"@id\":\"https:\\\/\\\/ppdegalicia.com\\\/es\\\/#\\\/schema\\\/person\\\/d0f013b8388c980665d44009ab762960\"},\"headline\":\"O PPdeG cualifica de \u00abregularizaci\u00f3n in\u00e9dita no sistema tributario espa\u00f1ol a resposta \u00e1 problem\u00e1tica dos pensionistas retornados\",\"datePublished\":\"2017-03-03T10:41:35+00:00\",\"mainEntityOfPage\":{\"@id\":\"https:\\\/\\\/ppdegalicia.com\\\/es\\\/o-ppdeg-cualifica-de-regularizacion-inedita-no-sistema-tributario-espanol-a-resposta-a-problematica-dos-pensionistas-retornados\\\/\"},\"wordCount\":227,\"commentCount\":0,\"publisher\":{\"@id\":\"https:\\\/\\\/ppdegalicia.com\\\/es\\\/#organization\"},\"articleSection\":[\"PP de Galicia\"],\"inLanguage\":\"es\",\"potentialAction\":[{\"@type\":\"CommentAction\",\"name\":\"Comment\",\"target\":[\"https:\\\/\\\/ppdegalicia.com\\\/es\\\/o-ppdeg-cualifica-de-regularizacion-inedita-no-sistema-tributario-espanol-a-resposta-a-problematica-dos-pensionistas-retornados\\\/#respond\"]}]},{\"@type\":\"WebPage\",\"@id\":\"https:\\\/\\\/ppdegalicia.com\\\/es\\\/o-ppdeg-cualifica-de-regularizacion-inedita-no-sistema-tributario-espanol-a-resposta-a-problematica-dos-pensionistas-retornados\\\/\",\"url\":\"https:\\\/\\\/ppdegalicia.com\\\/es\\\/o-ppdeg-cualifica-de-regularizacion-inedita-no-sistema-tributario-espanol-a-resposta-a-problematica-dos-pensionistas-retornados\\\/\",\"name\":\"O PPdeG cualifica de \\\"regularizaci\u00f3n in\u00e9dita no sistema tributario espa\u00f1ol a resposta \u00e1 problem\u00e1tica dos pensionistas retornados - PP de Galicia\",\"isPartOf\":{\"@id\":\"https:\\\/\\\/ppdegalicia.com\\\/es\\\/#website\"},\"datePublished\":\"2017-03-03T10:41:35+00:00\",\"breadcrumb\":{\"@id\":\"https:\\\/\\\/ppdegalicia.com\\\/es\\\/o-ppdeg-cualifica-de-regularizacion-inedita-no-sistema-tributario-espanol-a-resposta-a-problematica-dos-pensionistas-retornados\\\/#breadcrumb\"},\"inLanguage\":\"es\",\"potentialAction\":[{\"@type\":\"ReadAction\",\"target\":[\"https:\\\/\\\/ppdegalicia.com\\\/es\\\/o-ppdeg-cualifica-de-regularizacion-inedita-no-sistema-tributario-espanol-a-resposta-a-problematica-dos-pensionistas-retornados\\\/\"]}]},{\"@type\":\"BreadcrumbList\",\"@id\":\"https:\\\/\\\/ppdegalicia.com\\\/es\\\/o-ppdeg-cualifica-de-regularizacion-inedita-no-sistema-tributario-espanol-a-resposta-a-problematica-dos-pensionistas-retornados\\\/#breadcrumb\",\"itemListElement\":[{\"@type\":\"ListItem\",\"position\":1,\"name\":\"Portada\",\"item\":\"https:\\\/\\\/ppdegalicia.com\\\/es\\\/\"},{\"@type\":\"ListItem\",\"position\":2,\"name\":\"O PPdeG cualifica de &#8220;regularizaci\u00f3n in\u00e9dita no sistema tributario espa\u00f1ol a resposta \u00e1 problem\u00e1tica dos pensionistas retornados\"}]},{\"@type\":\"WebSite\",\"@id\":\"https:\\\/\\\/ppdegalicia.com\\\/es\\\/#website\",\"url\":\"https:\\\/\\\/ppdegalicia.com\\\/es\\\/\",\"name\":\"Partido Popular de Galicia\",\"description\":\"Partido Popular de Galicia\",\"publisher\":{\"@id\":\"https:\\\/\\\/ppdegalicia.com\\\/es\\\/#organization\"},\"alternateName\":\"PP de Galicia\",\"potentialAction\":[{\"@type\":\"SearchAction\",\"target\":{\"@type\":\"EntryPoint\",\"urlTemplate\":\"https:\\\/\\\/ppdegalicia.com\\\/es\\\/?s={search_term_string}\"},\"query-input\":{\"@type\":\"PropertyValueSpecification\",\"valueRequired\":true,\"valueName\":\"search_term_string\"}}],\"inLanguage\":\"es\"},{\"@type\":\"Organization\",\"@id\":\"https:\\\/\\\/ppdegalicia.com\\\/es\\\/#organization\",\"name\":\"Partido Popular de Galicia\",\"alternateName\":\"PP de Galicia\",\"url\":\"https:\\\/\\\/ppdegalicia.com\\\/es\\\/\",\"logo\":{\"@type\":\"ImageObject\",\"inLanguage\":\"es\",\"@id\":\"https:\\\/\\\/ppdegalicia.com\\\/es\\\/#\\\/schema\\\/logo\\\/image\\\/\",\"url\":\"https:\\\/\\\/ppdegalicia.com\\\/wp-content\\\/uploads\\\/2023\\\/04\\\/logoPP512.png\",\"contentUrl\":\"https:\\\/\\\/ppdegalicia.com\\\/wp-content\\\/uploads\\\/2023\\\/04\\\/logoPP512.png\",\"width\":512,\"height\":512,\"caption\":\"Partido Popular de Galicia\"},\"image\":{\"@id\":\"https:\\\/\\\/ppdegalicia.com\\\/es\\\/#\\\/schema\\\/logo\\\/image\\\/\"},\"sameAs\":[\"https:\\\/\\\/www.instagram.com\\\/ppdegalicia\\\/\",\"https:\\\/\\\/x.com\\\/ppdegalicia\",\"https:\\\/\\\/www.tiktok.com\\\/@ppdegalicia\",\"https:\\\/\\\/www.youtube.com\\\/user\\\/ppdegalicia\"]},{\"@type\":\"Person\",\"@id\":\"https:\\\/\\\/ppdegalicia.com\\\/es\\\/#\\\/schema\\\/person\\\/d0f013b8388c980665d44009ab762960\",\"name\":\"Super User\",\"image\":{\"@type\":\"ImageObject\",\"inLanguage\":\"es\",\"@id\":\"https:\\\/\\\/secure.gravatar.com\\\/avatar\\\/1db852625ef4948f58d2739bfbc51e4b9bd5c93b8fa340b59fdb594ca0845645?s=96&d=mm&r=g\",\"url\":\"https:\\\/\\\/secure.gravatar.com\\\/avatar\\\/1db852625ef4948f58d2739bfbc51e4b9bd5c93b8fa340b59fdb594ca0845645?s=96&d=mm&r=g\",\"contentUrl\":\"https:\\\/\\\/secure.gravatar.com\\\/avatar\\\/1db852625ef4948f58d2739bfbc51e4b9bd5c93b8fa340b59fdb594ca0845645?s=96&d=mm&r=g\",\"caption\":\"Super User\"},\"url\":\"https:\\\/\\\/ppdegalicia.com\\\/es\\\/author\\\/ppdegaliciagestion\\\/\"}]}<\/script>\n<!-- \/ Yoast SEO plugin. -->","yoast_head_json":{"title":"O PPdeG cualifica de \"regularizaci\u00f3n in\u00e9dita no sistema tributario espa\u00f1ol a resposta \u00e1 problem\u00e1tica dos pensionistas retornados - PP de Galicia","robots":{"index":"index","follow":"follow","max-snippet":"max-snippet:-1","max-image-preview":"max-image-preview:large","max-video-preview":"max-video-preview:-1"},"canonical":"https:\/\/ppdegalicia.com\/es\/o-ppdeg-cualifica-de-regularizacion-inedita-no-sistema-tributario-espanol-a-resposta-a-problematica-dos-pensionistas-retornados\/","og_locale":"es_ES","og_type":"article","og_title":"O PPdeG cualifica de \"regularizaci\u00f3n in\u00e9dita no sistema tributario espa\u00f1ol a resposta \u00e1 problem\u00e1tica dos pensionistas retornados - PP de Galicia","og_description":"Santiago, 3 de marzo de 2017.- O deputado do Grupo Popular Jos\u00e9 Gonz\u00e1lez V\u00e1zquez asegurou hoxe que a resposta dada polo Goberno central \u00e1 problem\u00e1tica das pensi\u00f3ns de emigrantes retornados en Espa\u00f1a \u201cfoi unha regularizaci\u00f3n in\u00e9dita no sistema tributario espa\u00f1ol\u201d, que conlevou a condonaci\u00f3n de sanci\u00f3ns, recargos e intereses de demora. As\u00ed mesmo, acusou \u00e1 [&hellip;]","og_url":"https:\/\/ppdegalicia.com\/es\/o-ppdeg-cualifica-de-regularizacion-inedita-no-sistema-tributario-espanol-a-resposta-a-problematica-dos-pensionistas-retornados\/","og_site_name":"PP de Galicia","article_publisher":"https:\/\/www.instagram.com\/ppdegalicia\/","article_published_time":"2017-03-03T10:41:35+00:00","author":"Super User","twitter_card":"summary_large_image","twitter_creator":"@ppdegalicia","twitter_site":"@ppdegalicia","twitter_misc":{"Escrito por":"Super User","Tiempo de lectura":"1 minuto"},"schema":{"@context":"https:\/\/schema.org","@graph":[{"@type":"Article","@id":"https:\/\/ppdegalicia.com\/es\/o-ppdeg-cualifica-de-regularizacion-inedita-no-sistema-tributario-espanol-a-resposta-a-problematica-dos-pensionistas-retornados\/#article","isPartOf":{"@id":"https:\/\/ppdegalicia.com\/es\/o-ppdeg-cualifica-de-regularizacion-inedita-no-sistema-tributario-espanol-a-resposta-a-problematica-dos-pensionistas-retornados\/"},"author":{"name":"Super User","@id":"https:\/\/ppdegalicia.com\/es\/#\/schema\/person\/d0f013b8388c980665d44009ab762960"},"headline":"O PPdeG cualifica de \u00abregularizaci\u00f3n in\u00e9dita no sistema tributario espa\u00f1ol a resposta \u00e1 problem\u00e1tica dos pensionistas retornados","datePublished":"2017-03-03T10:41:35+00:00","mainEntityOfPage":{"@id":"https:\/\/ppdegalicia.com\/es\/o-ppdeg-cualifica-de-regularizacion-inedita-no-sistema-tributario-espanol-a-resposta-a-problematica-dos-pensionistas-retornados\/"},"wordCount":227,"commentCount":0,"publisher":{"@id":"https:\/\/ppdegalicia.com\/es\/#organization"},"articleSection":["PP de Galicia"],"inLanguage":"es","potentialAction":[{"@type":"CommentAction","name":"Comment","target":["https:\/\/ppdegalicia.com\/es\/o-ppdeg-cualifica-de-regularizacion-inedita-no-sistema-tributario-espanol-a-resposta-a-problematica-dos-pensionistas-retornados\/#respond"]}]},{"@type":"WebPage","@id":"https:\/\/ppdegalicia.com\/es\/o-ppdeg-cualifica-de-regularizacion-inedita-no-sistema-tributario-espanol-a-resposta-a-problematica-dos-pensionistas-retornados\/","url":"https:\/\/ppdegalicia.com\/es\/o-ppdeg-cualifica-de-regularizacion-inedita-no-sistema-tributario-espanol-a-resposta-a-problematica-dos-pensionistas-retornados\/","name":"O PPdeG cualifica de \"regularizaci\u00f3n in\u00e9dita no sistema tributario espa\u00f1ol a resposta \u00e1 problem\u00e1tica dos pensionistas retornados - PP de Galicia","isPartOf":{"@id":"https:\/\/ppdegalicia.com\/es\/#website"},"datePublished":"2017-03-03T10:41:35+00:00","breadcrumb":{"@id":"https:\/\/ppdegalicia.com\/es\/o-ppdeg-cualifica-de-regularizacion-inedita-no-sistema-tributario-espanol-a-resposta-a-problematica-dos-pensionistas-retornados\/#breadcrumb"},"inLanguage":"es","potentialAction":[{"@type":"ReadAction","target":["https:\/\/ppdegalicia.com\/es\/o-ppdeg-cualifica-de-regularizacion-inedita-no-sistema-tributario-espanol-a-resposta-a-problematica-dos-pensionistas-retornados\/"]}]},{"@type":"BreadcrumbList","@id":"https:\/\/ppdegalicia.com\/es\/o-ppdeg-cualifica-de-regularizacion-inedita-no-sistema-tributario-espanol-a-resposta-a-problematica-dos-pensionistas-retornados\/#breadcrumb","itemListElement":[{"@type":"ListItem","position":1,"name":"Portada","item":"https:\/\/ppdegalicia.com\/es\/"},{"@type":"ListItem","position":2,"name":"O PPdeG cualifica de &#8220;regularizaci\u00f3n in\u00e9dita no sistema tributario espa\u00f1ol a resposta \u00e1 problem\u00e1tica dos pensionistas retornados"}]},{"@type":"WebSite","@id":"https:\/\/ppdegalicia.com\/es\/#website","url":"https:\/\/ppdegalicia.com\/es\/","name":"Partido Popular de Galicia","description":"Partido Popular de Galicia","publisher":{"@id":"https:\/\/ppdegalicia.com\/es\/#organization"},"alternateName":"PP de Galicia","potentialAction":[{"@type":"SearchAction","target":{"@type":"EntryPoint","urlTemplate":"https:\/\/ppdegalicia.com\/es\/?s={search_term_string}"},"query-input":{"@type":"PropertyValueSpecification","valueRequired":true,"valueName":"search_term_string"}}],"inLanguage":"es"},{"@type":"Organization","@id":"https:\/\/ppdegalicia.com\/es\/#organization","name":"Partido Popular de Galicia","alternateName":"PP de Galicia","url":"https:\/\/ppdegalicia.com\/es\/","logo":{"@type":"ImageObject","inLanguage":"es","@id":"https:\/\/ppdegalicia.com\/es\/#\/schema\/logo\/image\/","url":"https:\/\/ppdegalicia.com\/wp-content\/uploads\/2023\/04\/logoPP512.png","contentUrl":"https:\/\/ppdegalicia.com\/wp-content\/uploads\/2023\/04\/logoPP512.png","width":512,"height":512,"caption":"Partido Popular de Galicia"},"image":{"@id":"https:\/\/ppdegalicia.com\/es\/#\/schema\/logo\/image\/"},"sameAs":["https:\/\/www.instagram.com\/ppdegalicia\/","https:\/\/x.com\/ppdegalicia","https:\/\/www.tiktok.com\/@ppdegalicia","https:\/\/www.youtube.com\/user\/ppdegalicia"]},{"@type":"Person","@id":"https:\/\/ppdegalicia.com\/es\/#\/schema\/person\/d0f013b8388c980665d44009ab762960","name":"Super User","image":{"@type":"ImageObject","inLanguage":"es","@id":"https:\/\/secure.gravatar.com\/avatar\/1db852625ef4948f58d2739bfbc51e4b9bd5c93b8fa340b59fdb594ca0845645?s=96&d=mm&r=g","url":"https:\/\/secure.gravatar.com\/avatar\/1db852625ef4948f58d2739bfbc51e4b9bd5c93b8fa340b59fdb594ca0845645?s=96&d=mm&r=g","contentUrl":"https:\/\/secure.gravatar.com\/avatar\/1db852625ef4948f58d2739bfbc51e4b9bd5c93b8fa340b59fdb594ca0845645?s=96&d=mm&r=g","caption":"Super User"},"url":"https:\/\/ppdegalicia.com\/es\/author\/ppdegaliciagestion\/"}]}},"_links":{"self":[{"href":"https:\/\/ppdegalicia.com\/es\/wp-json\/wp\/v2\/posts\/53404","targetHints":{"allow":["GET"]}}],"collection":[{"href":"https:\/\/ppdegalicia.com\/es\/wp-json\/wp\/v2\/posts"}],"about":[{"href":"https:\/\/ppdegalicia.com\/es\/wp-json\/wp\/v2\/types\/post"}],"author":[{"embeddable":true,"href":"https:\/\/ppdegalicia.com\/es\/wp-json\/wp\/v2\/users\/37"}],"replies":[{"embeddable":true,"href":"https:\/\/ppdegalicia.com\/es\/wp-json\/wp\/v2\/comments?post=53404"}],"version-history":[{"count":0,"href":"https:\/\/ppdegalicia.com\/es\/wp-json\/wp\/v2\/posts\/53404\/revisions"}],"wp:attachment":[{"href":"https:\/\/ppdegalicia.com\/es\/wp-json\/wp\/v2\/media?parent=53404"}],"wp:term":[{"taxonomy":"category","embeddable":true,"href":"https:\/\/ppdegalicia.com\/es\/wp-json\/wp\/v2\/categories?post=53404"},{"taxonomy":"post_tag","embeddable":true,"href":"https:\/\/ppdegalicia.com\/es\/wp-json\/wp\/v2\/tags?post=53404"}],"curies":[{"name":"wp","href":"https:\/\/api.w.org\/{rel}","templated":true}]}}