{"id":53416,"date":"2017-03-07T10:42:51","date_gmt":"2017-03-07T08:42:51","guid":{"rendered":"https:\/\/ppdegalicia.com\/o-parlamento-aproba-por-unanimidade-a-nova-proposicion-de-lei-que-demanda-a-transferencia-da-ap-9-a-galicia\/"},"modified":"2017-03-07T10:42:51","modified_gmt":"2017-03-07T08:42:51","slug":"o-parlamento-aproba-por-unanimidade-a-nova-proposicion-de-lei-que-demanda-a-transferencia-da-ap-9-a-galicia","status":"publish","type":"post","link":"https:\/\/ppdegalicia.com\/es\/o-parlamento-aproba-por-unanimidade-a-nova-proposicion-de-lei-que-demanda-a-transferencia-da-ap-9-a-galicia\/","title":{"rendered":"O Parlamento aproba por unanimidade a nova proposici\u00f3n de lei que demanda a transferencia da AP-9 a Galicia"},"content":{"rendered":"<p>Santiago, 7 de marzo de 2017.- O Parlamento de Galicia aprobou hoxe por unanimidade a proposici\u00f3n de lei, para presentar perante o Congreso dos Deputados, a trav\u00e9s da que se solicita a transferencia da titularidade e as competencias da AP-9 \u00e1 Comunidade galega. O portavoz de Infraestruturas, Mart\u00edn Fern\u00e1ndez Prado, afirmou que con esta nova proposici\u00f3n \u201co Goberno central ter\u00e1 menos argumentos para dicir que non \u00e1 transferencia desta autoestrada\u201d.<\/p>\n<p><!--more--><\/p>\n<p>Mart\u00edn Fern\u00e1ndez iniciou a s\u00faa intervenci\u00f3n, do mesmo xeito que far\u00e1n todos os deputados do Grupo Popular nesta sesi\u00f3n plenaria, manifestando que \u201cseguimos agardando polas desculpas da deputada de En Marea ante as calumnias vertidas contra todos os membros do PPdeG nas redes sociais cham\u00e1ndonos asasinos de mulleres\u201d.<\/p>\n<p>&nbsp;<\/p>\n<p>O portavoz popular amosou a s\u00faa satisfacci\u00f3n \u201cporque este Parlamento recupere a unanimidade na solicitude da transferencia da AP-9 a Galicia\u201d, unha situaci\u00f3n que \u201cten a s\u00faa importancia e valor pol\u00edtico tendo en conta a composici\u00f3n actual do Congreso dos Deputados\u201d.<\/p>\n<p>&nbsp;<\/p>\n<p>Fern\u00e1ndez Prado salientou a \u201ccoherencia do Partido Popular de Galicia que, independentemente de se est\u00e1 no Goberno ou na oposici\u00f3n, sempre mantivo unha postura igual solicitando a transferencia da AP-9, algo que outras formaci\u00f3ns pol\u00edticas non poden defender\u201d.<\/p>\n<p>&nbsp;<\/p>\n<p><strong>ELIMINACI\u00d3N DE ASPECTOS CONFLITIVOS<\/strong><\/p>\n<p>&nbsp;<\/p>\n<p>A nova proposici\u00f3n de lei aprobada hoxe no Parlamento por unanimidade elimina os aspectos que serviron aos servizos xur\u00eddicos do Goberno e do Congreso para xustificar a non tramitaci\u00f3n da anterior proposta lexislativa. En concreto, Mart\u00edn Fern\u00e1ndez explicou que se elimina o prazo m\u00e1ximo de seis meses para realizar esta transferencia e que este traspaso non supor\u00e1 incremento alg\u00fan para os cr\u00e9ditos nin diminuci\u00f3n dos ingresos nos orzamentos xerais do Estado.<\/p>\n<p>&nbsp;<\/p>\n<p>\u201cEsperamos que esta nova proposici\u00f3n de lei avance na s\u00faa tramitaci\u00f3n no Congreso dos Deputados, un obxectivo claro do actual Goberno galego e do Partido Popular de Galicia\u201d, manifestou.<\/p>\n<p>&nbsp;<\/p>\n<p>Mart\u00edn Fern\u00e1ndez clarexou que \u201cestamos a discutir sobre a titularidade da autoestrada e non sobre a eliminaci\u00f3n das peaxes\u201d, xa que \u201choubo partidos pol\u00edticos que tentaron enganar aos galegos dicindo que este traspaso supor\u00eda a gratuidade da AP-9\u201d. \u201cHai que cumprir o contrato asinado coa empresa concesionaria, o que non impide que a Xunta poida levar a cabo na AP-9, do mesmo xeito que fai nas autoestradas da s\u00faa competencia, unha bonificaci\u00f3n das peaxes, pero non a s\u00faa eliminaci\u00f3n\u201d, indicou<\/p>\n<p>&nbsp;<\/p>\n<p>Para rematar, o portavoz popular salientou que o&nbsp; Goberno galego \u201cxa fixo avances nesta transferencia, coa reuni\u00f3n que mantiveron o Presidente da Xunta e o ministro de Fomento na que se acordou crear unha comisi\u00f3n bilateral para compartir todas as decisi\u00f3n sobre a AP-9\u201d. A primeira reuni\u00f3n desta Comisi\u00f3n bilateral celebrouse hai poucos d\u00edas, chegando a importantes acordos como a licitaci\u00f3n no mes de abril do novo acceso \u00e1 Cidade da Cultura, medidas precisas para paliar o impacto de ru\u00eddo en Redondela ou abordar a situaci\u00f3n do treito urbano da AP-9 en Vigo.<\/p>\n","protected":false},"excerpt":{"rendered":"<p>Santiago, 7 de marzo de 2017.- O Parlamento de Galicia aprobou hoxe por unanimidade a proposici\u00f3n de lei, para presentar perante o Congreso dos Deputados, a trav\u00e9s da que se solicita a transferencia da titularidade e as competencias da AP-9 \u00e1 Comunidade galega. O portavoz de Infraestruturas, Mart\u00edn Fern\u00e1ndez Prado, afirmou que con esta nova [&hellip;]<\/p>\n","protected":false},"author":37,"featured_media":0,"comment_status":"open","ping_status":"open","sticky":false,"template":"","format":"standard","meta":{"_acf_changed":false,"footnotes":""},"categories":[1],"tags":[],"class_list":["post-53416","post","type-post","status-publish","format-standard","hentry","category-pp-de-galicia"],"acf":[],"yoast_head":"<!-- This site is optimized with the Yoast SEO plugin v27.3 - https:\/\/yoast.com\/product\/yoast-seo-wordpress\/ -->\n<title>O Parlamento aproba por unanimidade a nova proposici\u00f3n de lei que demanda a transferencia da AP-9 a Galicia - PP de Galicia<\/title>\n<meta name=\"robots\" content=\"index, follow, max-snippet:-1, max-image-preview:large, max-video-preview:-1\" \/>\n<link rel=\"canonical\" href=\"https:\/\/ppdegalicia.com\/es\/o-parlamento-aproba-por-unanimidade-a-nova-proposicion-de-lei-que-demanda-a-transferencia-da-ap-9-a-galicia\/\" \/>\n<meta property=\"og:locale\" content=\"es_ES\" \/>\n<meta property=\"og:type\" content=\"article\" \/>\n<meta property=\"og:title\" content=\"O Parlamento aproba por unanimidade a nova proposici\u00f3n de lei que demanda a transferencia da AP-9 a Galicia - PP de Galicia\" \/>\n<meta property=\"og:description\" content=\"Santiago, 7 de marzo de 2017.- O Parlamento de Galicia aprobou hoxe por unanimidade a proposici\u00f3n de lei, para presentar perante o Congreso dos Deputados, a trav\u00e9s da que se solicita a transferencia da titularidade e as competencias da AP-9 \u00e1 Comunidade galega. O portavoz de Infraestruturas, Mart\u00edn Fern\u00e1ndez Prado, afirmou que con esta nova [&hellip;]\" \/>\n<meta property=\"og:url\" content=\"https:\/\/ppdegalicia.com\/es\/o-parlamento-aproba-por-unanimidade-a-nova-proposicion-de-lei-que-demanda-a-transferencia-da-ap-9-a-galicia\/\" \/>\n<meta property=\"og:site_name\" content=\"PP de Galicia\" \/>\n<meta property=\"article:publisher\" content=\"https:\/\/www.instagram.com\/ppdegalicia\/\" \/>\n<meta property=\"article:published_time\" content=\"2017-03-07T08:42:51+00:00\" \/>\n<meta name=\"author\" content=\"Super User\" \/>\n<meta name=\"twitter:card\" content=\"summary_large_image\" \/>\n<meta name=\"twitter:creator\" content=\"@ppdegalicia\" \/>\n<meta name=\"twitter:site\" content=\"@ppdegalicia\" \/>\n<meta name=\"twitter:label1\" content=\"Escrito por\" \/>\n\t<meta name=\"twitter:data1\" content=\"Super User\" \/>\n\t<meta name=\"twitter:label2\" content=\"Tiempo de lectura\" \/>\n\t<meta name=\"twitter:data2\" content=\"3 minutos\" \/>\n<script type=\"application\/ld+json\" class=\"yoast-schema-graph\">{\"@context\":\"https:\\\/\\\/schema.org\",\"@graph\":[{\"@type\":\"Article\",\"@id\":\"https:\\\/\\\/ppdegalicia.com\\\/es\\\/o-parlamento-aproba-por-unanimidade-a-nova-proposicion-de-lei-que-demanda-a-transferencia-da-ap-9-a-galicia\\\/#article\",\"isPartOf\":{\"@id\":\"https:\\\/\\\/ppdegalicia.com\\\/es\\\/o-parlamento-aproba-por-unanimidade-a-nova-proposicion-de-lei-que-demanda-a-transferencia-da-ap-9-a-galicia\\\/\"},\"author\":{\"name\":\"Super User\",\"@id\":\"https:\\\/\\\/ppdegalicia.com\\\/es\\\/#\\\/schema\\\/person\\\/d0f013b8388c980665d44009ab762960\"},\"headline\":\"O Parlamento aproba por unanimidade a nova proposici\u00f3n de lei que demanda a transferencia da AP-9 a Galicia\",\"datePublished\":\"2017-03-07T08:42:51+00:00\",\"mainEntityOfPage\":{\"@id\":\"https:\\\/\\\/ppdegalicia.com\\\/es\\\/o-parlamento-aproba-por-unanimidade-a-nova-proposicion-de-lei-que-demanda-a-transferencia-da-ap-9-a-galicia\\\/\"},\"wordCount\":550,\"commentCount\":0,\"publisher\":{\"@id\":\"https:\\\/\\\/ppdegalicia.com\\\/es\\\/#organization\"},\"articleSection\":[\"PP de Galicia\"],\"inLanguage\":\"es\",\"potentialAction\":[{\"@type\":\"CommentAction\",\"name\":\"Comment\",\"target\":[\"https:\\\/\\\/ppdegalicia.com\\\/es\\\/o-parlamento-aproba-por-unanimidade-a-nova-proposicion-de-lei-que-demanda-a-transferencia-da-ap-9-a-galicia\\\/#respond\"]}]},{\"@type\":\"WebPage\",\"@id\":\"https:\\\/\\\/ppdegalicia.com\\\/es\\\/o-parlamento-aproba-por-unanimidade-a-nova-proposicion-de-lei-que-demanda-a-transferencia-da-ap-9-a-galicia\\\/\",\"url\":\"https:\\\/\\\/ppdegalicia.com\\\/es\\\/o-parlamento-aproba-por-unanimidade-a-nova-proposicion-de-lei-que-demanda-a-transferencia-da-ap-9-a-galicia\\\/\",\"name\":\"O Parlamento aproba por unanimidade a nova proposici\u00f3n de lei que demanda a transferencia da AP-9 a Galicia - PP de Galicia\",\"isPartOf\":{\"@id\":\"https:\\\/\\\/ppdegalicia.com\\\/es\\\/#website\"},\"datePublished\":\"2017-03-07T08:42:51+00:00\",\"breadcrumb\":{\"@id\":\"https:\\\/\\\/ppdegalicia.com\\\/es\\\/o-parlamento-aproba-por-unanimidade-a-nova-proposicion-de-lei-que-demanda-a-transferencia-da-ap-9-a-galicia\\\/#breadcrumb\"},\"inLanguage\":\"es\",\"potentialAction\":[{\"@type\":\"ReadAction\",\"target\":[\"https:\\\/\\\/ppdegalicia.com\\\/es\\\/o-parlamento-aproba-por-unanimidade-a-nova-proposicion-de-lei-que-demanda-a-transferencia-da-ap-9-a-galicia\\\/\"]}]},{\"@type\":\"BreadcrumbList\",\"@id\":\"https:\\\/\\\/ppdegalicia.com\\\/es\\\/o-parlamento-aproba-por-unanimidade-a-nova-proposicion-de-lei-que-demanda-a-transferencia-da-ap-9-a-galicia\\\/#breadcrumb\",\"itemListElement\":[{\"@type\":\"ListItem\",\"position\":1,\"name\":\"Portada\",\"item\":\"https:\\\/\\\/ppdegalicia.com\\\/es\\\/\"},{\"@type\":\"ListItem\",\"position\":2,\"name\":\"O Parlamento aproba por unanimidade a nova proposici\u00f3n de lei que demanda a transferencia da AP-9 a Galicia\"}]},{\"@type\":\"WebSite\",\"@id\":\"https:\\\/\\\/ppdegalicia.com\\\/es\\\/#website\",\"url\":\"https:\\\/\\\/ppdegalicia.com\\\/es\\\/\",\"name\":\"Partido Popular de Galicia\",\"description\":\"Partido Popular de Galicia\",\"publisher\":{\"@id\":\"https:\\\/\\\/ppdegalicia.com\\\/es\\\/#organization\"},\"alternateName\":\"PP de Galicia\",\"potentialAction\":[{\"@type\":\"SearchAction\",\"target\":{\"@type\":\"EntryPoint\",\"urlTemplate\":\"https:\\\/\\\/ppdegalicia.com\\\/es\\\/?s={search_term_string}\"},\"query-input\":{\"@type\":\"PropertyValueSpecification\",\"valueRequired\":true,\"valueName\":\"search_term_string\"}}],\"inLanguage\":\"es\"},{\"@type\":\"Organization\",\"@id\":\"https:\\\/\\\/ppdegalicia.com\\\/es\\\/#organization\",\"name\":\"Partido Popular de Galicia\",\"alternateName\":\"PP de Galicia\",\"url\":\"https:\\\/\\\/ppdegalicia.com\\\/es\\\/\",\"logo\":{\"@type\":\"ImageObject\",\"inLanguage\":\"es\",\"@id\":\"https:\\\/\\\/ppdegalicia.com\\\/es\\\/#\\\/schema\\\/logo\\\/image\\\/\",\"url\":\"https:\\\/\\\/ppdegalicia.com\\\/wp-content\\\/uploads\\\/2023\\\/04\\\/logoPP512.png\",\"contentUrl\":\"https:\\\/\\\/ppdegalicia.com\\\/wp-content\\\/uploads\\\/2023\\\/04\\\/logoPP512.png\",\"width\":512,\"height\":512,\"caption\":\"Partido Popular de Galicia\"},\"image\":{\"@id\":\"https:\\\/\\\/ppdegalicia.com\\\/es\\\/#\\\/schema\\\/logo\\\/image\\\/\"},\"sameAs\":[\"https:\\\/\\\/www.instagram.com\\\/ppdegalicia\\\/\",\"https:\\\/\\\/x.com\\\/ppdegalicia\",\"https:\\\/\\\/www.tiktok.com\\\/@ppdegalicia\",\"https:\\\/\\\/www.youtube.com\\\/user\\\/ppdegalicia\"]},{\"@type\":\"Person\",\"@id\":\"https:\\\/\\\/ppdegalicia.com\\\/es\\\/#\\\/schema\\\/person\\\/d0f013b8388c980665d44009ab762960\",\"name\":\"Super User\",\"image\":{\"@type\":\"ImageObject\",\"inLanguage\":\"es\",\"@id\":\"https:\\\/\\\/secure.gravatar.com\\\/avatar\\\/1db852625ef4948f58d2739bfbc51e4b9bd5c93b8fa340b59fdb594ca0845645?s=96&d=mm&r=g\",\"url\":\"https:\\\/\\\/secure.gravatar.com\\\/avatar\\\/1db852625ef4948f58d2739bfbc51e4b9bd5c93b8fa340b59fdb594ca0845645?s=96&d=mm&r=g\",\"contentUrl\":\"https:\\\/\\\/secure.gravatar.com\\\/avatar\\\/1db852625ef4948f58d2739bfbc51e4b9bd5c93b8fa340b59fdb594ca0845645?s=96&d=mm&r=g\",\"caption\":\"Super User\"},\"url\":\"https:\\\/\\\/ppdegalicia.com\\\/es\\\/author\\\/ppdegaliciagestion\\\/\"}]}<\/script>\n<!-- \/ Yoast SEO plugin. -->","yoast_head_json":{"title":"O Parlamento aproba por unanimidade a nova proposici\u00f3n de lei que demanda a transferencia da AP-9 a Galicia - PP de Galicia","robots":{"index":"index","follow":"follow","max-snippet":"max-snippet:-1","max-image-preview":"max-image-preview:large","max-video-preview":"max-video-preview:-1"},"canonical":"https:\/\/ppdegalicia.com\/es\/o-parlamento-aproba-por-unanimidade-a-nova-proposicion-de-lei-que-demanda-a-transferencia-da-ap-9-a-galicia\/","og_locale":"es_ES","og_type":"article","og_title":"O Parlamento aproba por unanimidade a nova proposici\u00f3n de lei que demanda a transferencia da AP-9 a Galicia - PP de Galicia","og_description":"Santiago, 7 de marzo de 2017.- O Parlamento de Galicia aprobou hoxe por unanimidade a proposici\u00f3n de lei, para presentar perante o Congreso dos Deputados, a trav\u00e9s da que se solicita a transferencia da titularidade e as competencias da AP-9 \u00e1 Comunidade galega. O portavoz de Infraestruturas, Mart\u00edn Fern\u00e1ndez Prado, afirmou que con esta nova [&hellip;]","og_url":"https:\/\/ppdegalicia.com\/es\/o-parlamento-aproba-por-unanimidade-a-nova-proposicion-de-lei-que-demanda-a-transferencia-da-ap-9-a-galicia\/","og_site_name":"PP de Galicia","article_publisher":"https:\/\/www.instagram.com\/ppdegalicia\/","article_published_time":"2017-03-07T08:42:51+00:00","author":"Super User","twitter_card":"summary_large_image","twitter_creator":"@ppdegalicia","twitter_site":"@ppdegalicia","twitter_misc":{"Escrito por":"Super User","Tiempo de lectura":"3 minutos"},"schema":{"@context":"https:\/\/schema.org","@graph":[{"@type":"Article","@id":"https:\/\/ppdegalicia.com\/es\/o-parlamento-aproba-por-unanimidade-a-nova-proposicion-de-lei-que-demanda-a-transferencia-da-ap-9-a-galicia\/#article","isPartOf":{"@id":"https:\/\/ppdegalicia.com\/es\/o-parlamento-aproba-por-unanimidade-a-nova-proposicion-de-lei-que-demanda-a-transferencia-da-ap-9-a-galicia\/"},"author":{"name":"Super User","@id":"https:\/\/ppdegalicia.com\/es\/#\/schema\/person\/d0f013b8388c980665d44009ab762960"},"headline":"O Parlamento aproba por unanimidade a nova proposici\u00f3n de lei que demanda a transferencia da AP-9 a Galicia","datePublished":"2017-03-07T08:42:51+00:00","mainEntityOfPage":{"@id":"https:\/\/ppdegalicia.com\/es\/o-parlamento-aproba-por-unanimidade-a-nova-proposicion-de-lei-que-demanda-a-transferencia-da-ap-9-a-galicia\/"},"wordCount":550,"commentCount":0,"publisher":{"@id":"https:\/\/ppdegalicia.com\/es\/#organization"},"articleSection":["PP de Galicia"],"inLanguage":"es","potentialAction":[{"@type":"CommentAction","name":"Comment","target":["https:\/\/ppdegalicia.com\/es\/o-parlamento-aproba-por-unanimidade-a-nova-proposicion-de-lei-que-demanda-a-transferencia-da-ap-9-a-galicia\/#respond"]}]},{"@type":"WebPage","@id":"https:\/\/ppdegalicia.com\/es\/o-parlamento-aproba-por-unanimidade-a-nova-proposicion-de-lei-que-demanda-a-transferencia-da-ap-9-a-galicia\/","url":"https:\/\/ppdegalicia.com\/es\/o-parlamento-aproba-por-unanimidade-a-nova-proposicion-de-lei-que-demanda-a-transferencia-da-ap-9-a-galicia\/","name":"O Parlamento aproba por unanimidade a nova proposici\u00f3n de lei que demanda a transferencia da AP-9 a Galicia - PP de Galicia","isPartOf":{"@id":"https:\/\/ppdegalicia.com\/es\/#website"},"datePublished":"2017-03-07T08:42:51+00:00","breadcrumb":{"@id":"https:\/\/ppdegalicia.com\/es\/o-parlamento-aproba-por-unanimidade-a-nova-proposicion-de-lei-que-demanda-a-transferencia-da-ap-9-a-galicia\/#breadcrumb"},"inLanguage":"es","potentialAction":[{"@type":"ReadAction","target":["https:\/\/ppdegalicia.com\/es\/o-parlamento-aproba-por-unanimidade-a-nova-proposicion-de-lei-que-demanda-a-transferencia-da-ap-9-a-galicia\/"]}]},{"@type":"BreadcrumbList","@id":"https:\/\/ppdegalicia.com\/es\/o-parlamento-aproba-por-unanimidade-a-nova-proposicion-de-lei-que-demanda-a-transferencia-da-ap-9-a-galicia\/#breadcrumb","itemListElement":[{"@type":"ListItem","position":1,"name":"Portada","item":"https:\/\/ppdegalicia.com\/es\/"},{"@type":"ListItem","position":2,"name":"O Parlamento aproba por unanimidade a nova proposici\u00f3n de lei que demanda a transferencia da AP-9 a Galicia"}]},{"@type":"WebSite","@id":"https:\/\/ppdegalicia.com\/es\/#website","url":"https:\/\/ppdegalicia.com\/es\/","name":"Partido Popular de Galicia","description":"Partido Popular de Galicia","publisher":{"@id":"https:\/\/ppdegalicia.com\/es\/#organization"},"alternateName":"PP de Galicia","potentialAction":[{"@type":"SearchAction","target":{"@type":"EntryPoint","urlTemplate":"https:\/\/ppdegalicia.com\/es\/?s={search_term_string}"},"query-input":{"@type":"PropertyValueSpecification","valueRequired":true,"valueName":"search_term_string"}}],"inLanguage":"es"},{"@type":"Organization","@id":"https:\/\/ppdegalicia.com\/es\/#organization","name":"Partido Popular de Galicia","alternateName":"PP de Galicia","url":"https:\/\/ppdegalicia.com\/es\/","logo":{"@type":"ImageObject","inLanguage":"es","@id":"https:\/\/ppdegalicia.com\/es\/#\/schema\/logo\/image\/","url":"https:\/\/ppdegalicia.com\/wp-content\/uploads\/2023\/04\/logoPP512.png","contentUrl":"https:\/\/ppdegalicia.com\/wp-content\/uploads\/2023\/04\/logoPP512.png","width":512,"height":512,"caption":"Partido Popular de Galicia"},"image":{"@id":"https:\/\/ppdegalicia.com\/es\/#\/schema\/logo\/image\/"},"sameAs":["https:\/\/www.instagram.com\/ppdegalicia\/","https:\/\/x.com\/ppdegalicia","https:\/\/www.tiktok.com\/@ppdegalicia","https:\/\/www.youtube.com\/user\/ppdegalicia"]},{"@type":"Person","@id":"https:\/\/ppdegalicia.com\/es\/#\/schema\/person\/d0f013b8388c980665d44009ab762960","name":"Super User","image":{"@type":"ImageObject","inLanguage":"es","@id":"https:\/\/secure.gravatar.com\/avatar\/1db852625ef4948f58d2739bfbc51e4b9bd5c93b8fa340b59fdb594ca0845645?s=96&d=mm&r=g","url":"https:\/\/secure.gravatar.com\/avatar\/1db852625ef4948f58d2739bfbc51e4b9bd5c93b8fa340b59fdb594ca0845645?s=96&d=mm&r=g","contentUrl":"https:\/\/secure.gravatar.com\/avatar\/1db852625ef4948f58d2739bfbc51e4b9bd5c93b8fa340b59fdb594ca0845645?s=96&d=mm&r=g","caption":"Super User"},"url":"https:\/\/ppdegalicia.com\/es\/author\/ppdegaliciagestion\/"}]}},"_links":{"self":[{"href":"https:\/\/ppdegalicia.com\/es\/wp-json\/wp\/v2\/posts\/53416","targetHints":{"allow":["GET"]}}],"collection":[{"href":"https:\/\/ppdegalicia.com\/es\/wp-json\/wp\/v2\/posts"}],"about":[{"href":"https:\/\/ppdegalicia.com\/es\/wp-json\/wp\/v2\/types\/post"}],"author":[{"embeddable":true,"href":"https:\/\/ppdegalicia.com\/es\/wp-json\/wp\/v2\/users\/37"}],"replies":[{"embeddable":true,"href":"https:\/\/ppdegalicia.com\/es\/wp-json\/wp\/v2\/comments?post=53416"}],"version-history":[{"count":0,"href":"https:\/\/ppdegalicia.com\/es\/wp-json\/wp\/v2\/posts\/53416\/revisions"}],"wp:attachment":[{"href":"https:\/\/ppdegalicia.com\/es\/wp-json\/wp\/v2\/media?parent=53416"}],"wp:term":[{"taxonomy":"category","embeddable":true,"href":"https:\/\/ppdegalicia.com\/es\/wp-json\/wp\/v2\/categories?post=53416"},{"taxonomy":"post_tag","embeddable":true,"href":"https:\/\/ppdegalicia.com\/es\/wp-json\/wp\/v2\/tags?post=53416"}],"curies":[{"name":"wp","href":"https:\/\/api.w.org\/{rel}","templated":true}]}}