{"id":53427,"date":"2017-03-11T12:51:50","date_gmt":"2017-03-11T10:51:50","guid":{"rendered":"https:\/\/ppdegalicia.com\/feijoo-pide-ao-ppdeg-a-mesma-proximidade-coa-que-ganaron-en-2009-2012-e-2016-para-recuperar-o-poder-local-nas-municipais\/"},"modified":"2017-03-11T12:51:50","modified_gmt":"2017-03-11T10:51:50","slug":"feijoo-pide-ao-ppdeg-a-mesma-proximidade-coa-que-ganaron-en-2009-2012-e-2016-para-recuperar-o-poder-local-nas-municipais","status":"publish","type":"post","link":"https:\/\/ppdegalicia.com\/es\/feijoo-pide-ao-ppdeg-a-mesma-proximidade-coa-que-ganaron-en-2009-2012-e-2016-para-recuperar-o-poder-local-nas-municipais\/","title":{"rendered":"Feij\u00f3o pide ao PPdeG a mesma proximidade coa que ga\u00f1aron en 2009, 2012 e 2016 para recuperar o poder local nas municipais"},"content":{"rendered":"<p><strong>Santiago, 11 de marzo de 2017.<\/strong>&#8211; O presidente do PPdeG, Alberto N\u00fa\u00f1ez Feij\u00f3o, pediu ao seu partido a mesma proximidade cos cidad\u00e1ns coa que lograron ga\u00f1ar as elecci\u00f3ns nos anos 2009, 2012 e 2016 para poder recuperar o poder local nas vindeiras elecci\u00f3ns municipais de 2019.<\/p>\n<p><!--more--><\/p>\n<p>Segundo asegurou, o obxectivo \u00e9 consolidar a confianza que lles deron nas pasadas auton\u00f3micas al\u00ed onde llela retiraron en 2015. Deste modo, incidiu en que a obriga dos populares \u00e9 darlle a todos eses galegos un proxecto ilusionante en cada concello, que lles permita confiar maioritariamente no PPdeG no \u00e1mbito municipal coa mesma intensidade que o fixeron no eido auton\u00f3mico.&nbsp;<\/p>\n<p>&nbsp;<\/p>\n<p>\u201cHoxe sabemos que o respaldo da xente se obt\u00e9n estando coa xente\u201d, dixo mentres lembraba o \u00e9xito do Faladoiro que o levou o pasado ver\u00e1n por distintos concellos de Galicia. Feij\u00f3o definiuno como o comezo dunha actitude que non se pode perder e baseada en darlle tanta importancia aos aforos multitudinarios como a conversa \u201cde ti a ti\u201d, xa que, tal e como sinalou, \u00e9 esencial saber escoitar ao pobo galego con humildade.<\/p>\n<p>&nbsp;<\/p>\n<p>RENDER CONTAS&nbsp;<\/p>\n<p>\nDurante a s\u00faa intervenci\u00f3n na Xunta Directiva que o partido celebrou esta ma\u00f1\u00e1, na que tam\u00e9n interviron Diego Calvo, Ana Pastor e Miguel Tellado, Feij\u00f3o manifestou que o PPdeG non \u00e9 un proxecto individual, sen\u00f3n un \u00e9xito colectivo, por iso o seu deber \u00e9 explicar o que se est\u00e1 facendo co apoio que o partido deu ao Goberno auton\u00f3mico. O presidente engadiu que \u201chai que render contas ante quen nos apoiou\u201d e m\u00e1is despois do reto de ga\u00f1ar os pasados comicios auton\u00f3micos, agradecendo o respaldo dos populares.<\/p>\n<p>&nbsp;<\/p>\n<p>De igual xeito, tam\u00e9n puxo en valor a lecci\u00f3n que o partido deu tralos resultados das elecci\u00f3ns municipais de 2015, cos que se daba por perdida a maior\u00eda absoluta. Nese sentido, Feij\u00f3o destacou que, lonxe de renderse ou dividirse, uniuse m\u00e1is.<\/p>\n<p>&nbsp;<\/p>\n<p>OS RESULTADOS DO TRABALLO &nbsp;<\/p>\n<p>\nNo seu discurso, o presidente destacou que \u201co pobo galego pediu estabilidade, e o pobo galego ten estabilidade\u201d. As\u00ed, remarcou sentirse orgulloso de que no menor tempo posible o Goberno auton\u00f3mico foi capaz de dotar \u00e1 nosa terra duns orzamentos que reflicten que a econom\u00eda contin\u00fae crecendo e que o paro siga baixando.&nbsp;<\/p>\n<p>&nbsp;<\/p>\n<p>&nbsp;\u201cConsolidar o progreso de Galicia e incrementar o benestar dos galegos. Eses son os grandes obxectivos da comunidade\u201d, subli\u00f1ou Feij\u00f3o ao tempo que salientaba que \u201cos galegos nos pediron resultados\u201d. Respecto a isto, indicou que moitos deles xa os puideron percibir durante os primeiros meses de xesti\u00f3n grazas a medidas como a exenci\u00f3n de impostos para mozos, familias numerosas ou persoas con discapacidade que adquiran unha vivenda habitual en parroquias pouco poboadas; o pago a provedores nunha media de 10 d\u00edas; o aumento dos ingresos para as m\u00e1is de 100.000 familias que forman os empregados p\u00fablicos ao volver percibir o complemento espec\u00edfico das pagas extra; ou o desbloqueo a todas as infraestruturas hospitalarias pendentes e o avance das obras que xa estaban en marcha.<\/p>\n<p>&nbsp;<\/p>\n<p>Por outra banda, o l\u00edder do PPdeG tam\u00e9n salientou as medidas tomadas nos primeiros 100 d\u00edas de lexislatura como as destinadas aos galegos que acaban de nacer, sinalando a ampliaci\u00f3n da Tarxeta Benvida, a apertura de novas escolas infant\u00eds p\u00fablicas, a previsi\u00f3ns de 30 novas casas ni\u00f1os no rural para este ano, ou as melloras no programa de vacinaci\u00f3n infantil. Xa para os galegos que est\u00e1n estudando, fixo fincap\u00e9 na aposta polo pluriling\u00fcismo coa bonificaci\u00f3n das taxas da Escola Oficial de Idiomas, na aprobaci\u00f3n do proxecto Escolas Conectadas, na inclusi\u00f3n de materias como Programaci\u00f3n e Rob\u00f3tica, ou na adaptaci\u00f3n e mellora da oferta de titulaci\u00f3ns universitarias; e no tocante aos nosos maiores, destacou a planificaci\u00f3n de sete novas residencias p\u00fablicas nas cidades e que temos unha ratio mellor \u00e1 media nacional na atenci\u00f3n \u00e1 dependencia.<\/p>\n<p>&nbsp;<\/p>\n<p>Feij\u00f3o tampouco esqueceu aos cidad\u00e1ns con maiores dificultades, recalcando decisi\u00f3ns tomadas nestes primeiros meses de Goberno como as melloras no Bono de Alugueiro Social, os avances na tramitaci\u00f3n de 2.800 vivendas sociais novas, as plantillas reforzadas nos servizos sociais dos concellos, o complemento das pensi\u00f3ns non contributivas, ou o aumento nas axudas para as v\u00edtimas de violencia de x\u00e9nero.<\/p>\n<p>&nbsp;<\/p>\n<p>A XESTI\u00d3N COMO MELLOR AVAL<\/p>\n<p>\n\u201cA gran vantaxe que temos fronte aos nosos adversarios pol\u00edticos \u00e9 que n\u00f3s podemos reivindicar a nosa xesti\u00f3n\u201d, afirmou Feij\u00f3o explicando que nela te\u00f1en o seu mellor aval.&nbsp;<\/p>\n<p>&nbsp;<\/p>\n<p>Nese senso, apuntou que, co goberno dos populares, Galicia estase a converter no lugar m\u00e1is favorable para ser aut\u00f3nomo; agora rex\u00edstranse &nbsp;datos hist\u00f3ricos no sector tur\u00edstico; fomos a primeira comunidade en xestionar as axudas da PAC e estanse xerando m\u00e1is empresas que nunca no rural; a flota galega ten novas posibilidades cun 20 % m\u00e1is de cotas e hai m\u00e1is axudas para pescadores e mariscadores; e estase apostando polo emprendemento e por unha econom\u00eda innovadora.&nbsp;<\/p>\n<div class=\"k2_video\"><iframe title=\"Feij\u00f3o na Xunta Directiva do PPdeG\" width=\"500\" height=\"281\" src=\"https:\/\/www.youtube.com\/embed\/n12g37-O6f8?feature=oembed\" frameborder=\"0\" allow=\"accelerometer; autoplay; clipboard-write; encrypted-media; gyroscope; picture-in-picture; web-share\" referrerpolicy=\"strict-origin-when-cross-origin\" allowfullscreen><\/iframe>\n<\/div>\n","protected":false},"excerpt":{"rendered":"<p>Santiago, 11 de marzo de 2017.&#8211; O presidente do PPdeG, Alberto N\u00fa\u00f1ez Feij\u00f3o, pediu ao seu partido a mesma proximidade cos cidad\u00e1ns coa que lograron ga\u00f1ar as elecci\u00f3ns nos anos 2009, 2012 e 2016 para poder recuperar o poder local nas vindeiras elecci\u00f3ns municipais de 2019.<\/p>\n","protected":false},"author":37,"featured_media":0,"comment_status":"open","ping_status":"open","sticky":false,"template":"","format":"standard","meta":{"_acf_changed":false,"footnotes":""},"categories":[1],"tags":[],"class_list":["post-53427","post","type-post","status-publish","format-standard","hentry","category-pp-de-galicia"],"acf":[],"yoast_head":"<!-- This site is optimized with the Yoast SEO plugin v27.3 - https:\/\/yoast.com\/product\/yoast-seo-wordpress\/ -->\n<title>Feij\u00f3o pide ao PPdeG a mesma proximidade coa que ga\u00f1aron en 2009, 2012 e 2016 para recuperar o poder local nas municipais - PP de Galicia<\/title>\n<meta name=\"robots\" content=\"index, follow, max-snippet:-1, max-image-preview:large, max-video-preview:-1\" \/>\n<link rel=\"canonical\" href=\"https:\/\/ppdegalicia.com\/es\/feijoo-pide-ao-ppdeg-a-mesma-proximidade-coa-que-ganaron-en-2009-2012-e-2016-para-recuperar-o-poder-local-nas-municipais\/\" \/>\n<meta property=\"og:locale\" content=\"es_ES\" \/>\n<meta property=\"og:type\" content=\"article\" \/>\n<meta property=\"og:title\" content=\"Feij\u00f3o pide ao PPdeG a mesma proximidade coa que ga\u00f1aron en 2009, 2012 e 2016 para recuperar o poder local nas municipais - PP de Galicia\" \/>\n<meta property=\"og:description\" content=\"Santiago, 11 de marzo de 2017.&#8211; O presidente do PPdeG, Alberto N\u00fa\u00f1ez Feij\u00f3o, pediu ao seu partido a mesma proximidade cos cidad\u00e1ns coa que lograron ga\u00f1ar as elecci\u00f3ns nos anos 2009, 2012 e 2016 para poder recuperar o poder local nas vindeiras elecci\u00f3ns municipais de 2019.\" \/>\n<meta property=\"og:url\" content=\"https:\/\/ppdegalicia.com\/es\/feijoo-pide-ao-ppdeg-a-mesma-proximidade-coa-que-ganaron-en-2009-2012-e-2016-para-recuperar-o-poder-local-nas-municipais\/\" \/>\n<meta property=\"og:site_name\" content=\"PP de Galicia\" \/>\n<meta property=\"article:publisher\" content=\"https:\/\/www.instagram.com\/ppdegalicia\/\" \/>\n<meta property=\"article:published_time\" content=\"2017-03-11T10:51:50+00:00\" \/>\n<meta name=\"author\" content=\"Super User\" \/>\n<meta name=\"twitter:card\" content=\"summary_large_image\" \/>\n<meta name=\"twitter:creator\" content=\"@ppdegalicia\" \/>\n<meta name=\"twitter:site\" content=\"@ppdegalicia\" \/>\n<meta name=\"twitter:label1\" content=\"Escrito por\" \/>\n\t<meta name=\"twitter:data1\" content=\"Super User\" \/>\n\t<meta name=\"twitter:label2\" content=\"Tiempo de lectura\" \/>\n\t<meta name=\"twitter:data2\" content=\"4 minutos\" \/>\n<script type=\"application\/ld+json\" class=\"yoast-schema-graph\">{\"@context\":\"https:\\\/\\\/schema.org\",\"@graph\":[{\"@type\":\"Article\",\"@id\":\"https:\\\/\\\/ppdegalicia.com\\\/es\\\/feijoo-pide-ao-ppdeg-a-mesma-proximidade-coa-que-ganaron-en-2009-2012-e-2016-para-recuperar-o-poder-local-nas-municipais\\\/#article\",\"isPartOf\":{\"@id\":\"https:\\\/\\\/ppdegalicia.com\\\/es\\\/feijoo-pide-ao-ppdeg-a-mesma-proximidade-coa-que-ganaron-en-2009-2012-e-2016-para-recuperar-o-poder-local-nas-municipais\\\/\"},\"author\":{\"name\":\"Super User\",\"@id\":\"https:\\\/\\\/ppdegalicia.com\\\/es\\\/#\\\/schema\\\/person\\\/d0f013b8388c980665d44009ab762960\"},\"headline\":\"Feij\u00f3o pide ao PPdeG a mesma proximidade coa que ga\u00f1aron en 2009, 2012 e 2016 para recuperar o poder local nas municipais\",\"datePublished\":\"2017-03-11T10:51:50+00:00\",\"mainEntityOfPage\":{\"@id\":\"https:\\\/\\\/ppdegalicia.com\\\/es\\\/feijoo-pide-ao-ppdeg-a-mesma-proximidade-coa-que-ganaron-en-2009-2012-e-2016-para-recuperar-o-poder-local-nas-municipais\\\/\"},\"wordCount\":899,\"commentCount\":0,\"publisher\":{\"@id\":\"https:\\\/\\\/ppdegalicia.com\\\/es\\\/#organization\"},\"articleSection\":[\"PP de Galicia\"],\"inLanguage\":\"es\",\"potentialAction\":[{\"@type\":\"CommentAction\",\"name\":\"Comment\",\"target\":[\"https:\\\/\\\/ppdegalicia.com\\\/es\\\/feijoo-pide-ao-ppdeg-a-mesma-proximidade-coa-que-ganaron-en-2009-2012-e-2016-para-recuperar-o-poder-local-nas-municipais\\\/#respond\"]}]},{\"@type\":\"WebPage\",\"@id\":\"https:\\\/\\\/ppdegalicia.com\\\/es\\\/feijoo-pide-ao-ppdeg-a-mesma-proximidade-coa-que-ganaron-en-2009-2012-e-2016-para-recuperar-o-poder-local-nas-municipais\\\/\",\"url\":\"https:\\\/\\\/ppdegalicia.com\\\/es\\\/feijoo-pide-ao-ppdeg-a-mesma-proximidade-coa-que-ganaron-en-2009-2012-e-2016-para-recuperar-o-poder-local-nas-municipais\\\/\",\"name\":\"Feij\u00f3o pide ao PPdeG a mesma proximidade coa que ga\u00f1aron en 2009, 2012 e 2016 para recuperar o poder local nas municipais - PP de Galicia\",\"isPartOf\":{\"@id\":\"https:\\\/\\\/ppdegalicia.com\\\/es\\\/#website\"},\"datePublished\":\"2017-03-11T10:51:50+00:00\",\"breadcrumb\":{\"@id\":\"https:\\\/\\\/ppdegalicia.com\\\/es\\\/feijoo-pide-ao-ppdeg-a-mesma-proximidade-coa-que-ganaron-en-2009-2012-e-2016-para-recuperar-o-poder-local-nas-municipais\\\/#breadcrumb\"},\"inLanguage\":\"es\",\"potentialAction\":[{\"@type\":\"ReadAction\",\"target\":[\"https:\\\/\\\/ppdegalicia.com\\\/es\\\/feijoo-pide-ao-ppdeg-a-mesma-proximidade-coa-que-ganaron-en-2009-2012-e-2016-para-recuperar-o-poder-local-nas-municipais\\\/\"]}]},{\"@type\":\"BreadcrumbList\",\"@id\":\"https:\\\/\\\/ppdegalicia.com\\\/es\\\/feijoo-pide-ao-ppdeg-a-mesma-proximidade-coa-que-ganaron-en-2009-2012-e-2016-para-recuperar-o-poder-local-nas-municipais\\\/#breadcrumb\",\"itemListElement\":[{\"@type\":\"ListItem\",\"position\":1,\"name\":\"Portada\",\"item\":\"https:\\\/\\\/ppdegalicia.com\\\/es\\\/\"},{\"@type\":\"ListItem\",\"position\":2,\"name\":\"Feij\u00f3o pide ao PPdeG a mesma proximidade coa que ga\u00f1aron en 2009, 2012 e 2016 para recuperar o poder local nas municipais\"}]},{\"@type\":\"WebSite\",\"@id\":\"https:\\\/\\\/ppdegalicia.com\\\/es\\\/#website\",\"url\":\"https:\\\/\\\/ppdegalicia.com\\\/es\\\/\",\"name\":\"Partido Popular de Galicia\",\"description\":\"Partido Popular de Galicia\",\"publisher\":{\"@id\":\"https:\\\/\\\/ppdegalicia.com\\\/es\\\/#organization\"},\"alternateName\":\"PP de Galicia\",\"potentialAction\":[{\"@type\":\"SearchAction\",\"target\":{\"@type\":\"EntryPoint\",\"urlTemplate\":\"https:\\\/\\\/ppdegalicia.com\\\/es\\\/?s={search_term_string}\"},\"query-input\":{\"@type\":\"PropertyValueSpecification\",\"valueRequired\":true,\"valueName\":\"search_term_string\"}}],\"inLanguage\":\"es\"},{\"@type\":\"Organization\",\"@id\":\"https:\\\/\\\/ppdegalicia.com\\\/es\\\/#organization\",\"name\":\"Partido Popular de Galicia\",\"alternateName\":\"PP de Galicia\",\"url\":\"https:\\\/\\\/ppdegalicia.com\\\/es\\\/\",\"logo\":{\"@type\":\"ImageObject\",\"inLanguage\":\"es\",\"@id\":\"https:\\\/\\\/ppdegalicia.com\\\/es\\\/#\\\/schema\\\/logo\\\/image\\\/\",\"url\":\"https:\\\/\\\/ppdegalicia.com\\\/wp-content\\\/uploads\\\/2023\\\/04\\\/logoPP512.png\",\"contentUrl\":\"https:\\\/\\\/ppdegalicia.com\\\/wp-content\\\/uploads\\\/2023\\\/04\\\/logoPP512.png\",\"width\":512,\"height\":512,\"caption\":\"Partido Popular de Galicia\"},\"image\":{\"@id\":\"https:\\\/\\\/ppdegalicia.com\\\/es\\\/#\\\/schema\\\/logo\\\/image\\\/\"},\"sameAs\":[\"https:\\\/\\\/www.instagram.com\\\/ppdegalicia\\\/\",\"https:\\\/\\\/x.com\\\/ppdegalicia\",\"https:\\\/\\\/www.tiktok.com\\\/@ppdegalicia\",\"https:\\\/\\\/www.youtube.com\\\/user\\\/ppdegalicia\"]},{\"@type\":\"Person\",\"@id\":\"https:\\\/\\\/ppdegalicia.com\\\/es\\\/#\\\/schema\\\/person\\\/d0f013b8388c980665d44009ab762960\",\"name\":\"Super User\",\"image\":{\"@type\":\"ImageObject\",\"inLanguage\":\"es\",\"@id\":\"https:\\\/\\\/secure.gravatar.com\\\/avatar\\\/1db852625ef4948f58d2739bfbc51e4b9bd5c93b8fa340b59fdb594ca0845645?s=96&d=mm&r=g\",\"url\":\"https:\\\/\\\/secure.gravatar.com\\\/avatar\\\/1db852625ef4948f58d2739bfbc51e4b9bd5c93b8fa340b59fdb594ca0845645?s=96&d=mm&r=g\",\"contentUrl\":\"https:\\\/\\\/secure.gravatar.com\\\/avatar\\\/1db852625ef4948f58d2739bfbc51e4b9bd5c93b8fa340b59fdb594ca0845645?s=96&d=mm&r=g\",\"caption\":\"Super User\"},\"url\":\"https:\\\/\\\/ppdegalicia.com\\\/es\\\/author\\\/ppdegaliciagestion\\\/\"}]}<\/script>\n<!-- \/ Yoast SEO plugin. -->","yoast_head_json":{"title":"Feij\u00f3o pide ao PPdeG a mesma proximidade coa que ga\u00f1aron en 2009, 2012 e 2016 para recuperar o poder local nas municipais - PP de Galicia","robots":{"index":"index","follow":"follow","max-snippet":"max-snippet:-1","max-image-preview":"max-image-preview:large","max-video-preview":"max-video-preview:-1"},"canonical":"https:\/\/ppdegalicia.com\/es\/feijoo-pide-ao-ppdeg-a-mesma-proximidade-coa-que-ganaron-en-2009-2012-e-2016-para-recuperar-o-poder-local-nas-municipais\/","og_locale":"es_ES","og_type":"article","og_title":"Feij\u00f3o pide ao PPdeG a mesma proximidade coa que ga\u00f1aron en 2009, 2012 e 2016 para recuperar o poder local nas municipais - PP de Galicia","og_description":"Santiago, 11 de marzo de 2017.&#8211; O presidente do PPdeG, Alberto N\u00fa\u00f1ez Feij\u00f3o, pediu ao seu partido a mesma proximidade cos cidad\u00e1ns coa que lograron ga\u00f1ar as elecci\u00f3ns nos anos 2009, 2012 e 2016 para poder recuperar o poder local nas vindeiras elecci\u00f3ns municipais de 2019.","og_url":"https:\/\/ppdegalicia.com\/es\/feijoo-pide-ao-ppdeg-a-mesma-proximidade-coa-que-ganaron-en-2009-2012-e-2016-para-recuperar-o-poder-local-nas-municipais\/","og_site_name":"PP de Galicia","article_publisher":"https:\/\/www.instagram.com\/ppdegalicia\/","article_published_time":"2017-03-11T10:51:50+00:00","author":"Super User","twitter_card":"summary_large_image","twitter_creator":"@ppdegalicia","twitter_site":"@ppdegalicia","twitter_misc":{"Escrito por":"Super User","Tiempo de lectura":"4 minutos"},"schema":{"@context":"https:\/\/schema.org","@graph":[{"@type":"Article","@id":"https:\/\/ppdegalicia.com\/es\/feijoo-pide-ao-ppdeg-a-mesma-proximidade-coa-que-ganaron-en-2009-2012-e-2016-para-recuperar-o-poder-local-nas-municipais\/#article","isPartOf":{"@id":"https:\/\/ppdegalicia.com\/es\/feijoo-pide-ao-ppdeg-a-mesma-proximidade-coa-que-ganaron-en-2009-2012-e-2016-para-recuperar-o-poder-local-nas-municipais\/"},"author":{"name":"Super User","@id":"https:\/\/ppdegalicia.com\/es\/#\/schema\/person\/d0f013b8388c980665d44009ab762960"},"headline":"Feij\u00f3o pide ao PPdeG a mesma proximidade coa que ga\u00f1aron en 2009, 2012 e 2016 para recuperar o poder local nas municipais","datePublished":"2017-03-11T10:51:50+00:00","mainEntityOfPage":{"@id":"https:\/\/ppdegalicia.com\/es\/feijoo-pide-ao-ppdeg-a-mesma-proximidade-coa-que-ganaron-en-2009-2012-e-2016-para-recuperar-o-poder-local-nas-municipais\/"},"wordCount":899,"commentCount":0,"publisher":{"@id":"https:\/\/ppdegalicia.com\/es\/#organization"},"articleSection":["PP de Galicia"],"inLanguage":"es","potentialAction":[{"@type":"CommentAction","name":"Comment","target":["https:\/\/ppdegalicia.com\/es\/feijoo-pide-ao-ppdeg-a-mesma-proximidade-coa-que-ganaron-en-2009-2012-e-2016-para-recuperar-o-poder-local-nas-municipais\/#respond"]}]},{"@type":"WebPage","@id":"https:\/\/ppdegalicia.com\/es\/feijoo-pide-ao-ppdeg-a-mesma-proximidade-coa-que-ganaron-en-2009-2012-e-2016-para-recuperar-o-poder-local-nas-municipais\/","url":"https:\/\/ppdegalicia.com\/es\/feijoo-pide-ao-ppdeg-a-mesma-proximidade-coa-que-ganaron-en-2009-2012-e-2016-para-recuperar-o-poder-local-nas-municipais\/","name":"Feij\u00f3o pide ao PPdeG a mesma proximidade coa que ga\u00f1aron en 2009, 2012 e 2016 para recuperar o poder local nas municipais - PP de Galicia","isPartOf":{"@id":"https:\/\/ppdegalicia.com\/es\/#website"},"datePublished":"2017-03-11T10:51:50+00:00","breadcrumb":{"@id":"https:\/\/ppdegalicia.com\/es\/feijoo-pide-ao-ppdeg-a-mesma-proximidade-coa-que-ganaron-en-2009-2012-e-2016-para-recuperar-o-poder-local-nas-municipais\/#breadcrumb"},"inLanguage":"es","potentialAction":[{"@type":"ReadAction","target":["https:\/\/ppdegalicia.com\/es\/feijoo-pide-ao-ppdeg-a-mesma-proximidade-coa-que-ganaron-en-2009-2012-e-2016-para-recuperar-o-poder-local-nas-municipais\/"]}]},{"@type":"BreadcrumbList","@id":"https:\/\/ppdegalicia.com\/es\/feijoo-pide-ao-ppdeg-a-mesma-proximidade-coa-que-ganaron-en-2009-2012-e-2016-para-recuperar-o-poder-local-nas-municipais\/#breadcrumb","itemListElement":[{"@type":"ListItem","position":1,"name":"Portada","item":"https:\/\/ppdegalicia.com\/es\/"},{"@type":"ListItem","position":2,"name":"Feij\u00f3o pide ao PPdeG a mesma proximidade coa que ga\u00f1aron en 2009, 2012 e 2016 para recuperar o poder local nas municipais"}]},{"@type":"WebSite","@id":"https:\/\/ppdegalicia.com\/es\/#website","url":"https:\/\/ppdegalicia.com\/es\/","name":"Partido Popular de Galicia","description":"Partido Popular de Galicia","publisher":{"@id":"https:\/\/ppdegalicia.com\/es\/#organization"},"alternateName":"PP de Galicia","potentialAction":[{"@type":"SearchAction","target":{"@type":"EntryPoint","urlTemplate":"https:\/\/ppdegalicia.com\/es\/?s={search_term_string}"},"query-input":{"@type":"PropertyValueSpecification","valueRequired":true,"valueName":"search_term_string"}}],"inLanguage":"es"},{"@type":"Organization","@id":"https:\/\/ppdegalicia.com\/es\/#organization","name":"Partido Popular de Galicia","alternateName":"PP de Galicia","url":"https:\/\/ppdegalicia.com\/es\/","logo":{"@type":"ImageObject","inLanguage":"es","@id":"https:\/\/ppdegalicia.com\/es\/#\/schema\/logo\/image\/","url":"https:\/\/ppdegalicia.com\/wp-content\/uploads\/2023\/04\/logoPP512.png","contentUrl":"https:\/\/ppdegalicia.com\/wp-content\/uploads\/2023\/04\/logoPP512.png","width":512,"height":512,"caption":"Partido Popular de Galicia"},"image":{"@id":"https:\/\/ppdegalicia.com\/es\/#\/schema\/logo\/image\/"},"sameAs":["https:\/\/www.instagram.com\/ppdegalicia\/","https:\/\/x.com\/ppdegalicia","https:\/\/www.tiktok.com\/@ppdegalicia","https:\/\/www.youtube.com\/user\/ppdegalicia"]},{"@type":"Person","@id":"https:\/\/ppdegalicia.com\/es\/#\/schema\/person\/d0f013b8388c980665d44009ab762960","name":"Super User","image":{"@type":"ImageObject","inLanguage":"es","@id":"https:\/\/secure.gravatar.com\/avatar\/1db852625ef4948f58d2739bfbc51e4b9bd5c93b8fa340b59fdb594ca0845645?s=96&d=mm&r=g","url":"https:\/\/secure.gravatar.com\/avatar\/1db852625ef4948f58d2739bfbc51e4b9bd5c93b8fa340b59fdb594ca0845645?s=96&d=mm&r=g","contentUrl":"https:\/\/secure.gravatar.com\/avatar\/1db852625ef4948f58d2739bfbc51e4b9bd5c93b8fa340b59fdb594ca0845645?s=96&d=mm&r=g","caption":"Super User"},"url":"https:\/\/ppdegalicia.com\/es\/author\/ppdegaliciagestion\/"}]}},"_links":{"self":[{"href":"https:\/\/ppdegalicia.com\/es\/wp-json\/wp\/v2\/posts\/53427","targetHints":{"allow":["GET"]}}],"collection":[{"href":"https:\/\/ppdegalicia.com\/es\/wp-json\/wp\/v2\/posts"}],"about":[{"href":"https:\/\/ppdegalicia.com\/es\/wp-json\/wp\/v2\/types\/post"}],"author":[{"embeddable":true,"href":"https:\/\/ppdegalicia.com\/es\/wp-json\/wp\/v2\/users\/37"}],"replies":[{"embeddable":true,"href":"https:\/\/ppdegalicia.com\/es\/wp-json\/wp\/v2\/comments?post=53427"}],"version-history":[{"count":0,"href":"https:\/\/ppdegalicia.com\/es\/wp-json\/wp\/v2\/posts\/53427\/revisions"}],"wp:attachment":[{"href":"https:\/\/ppdegalicia.com\/es\/wp-json\/wp\/v2\/media?parent=53427"}],"wp:term":[{"taxonomy":"category","embeddable":true,"href":"https:\/\/ppdegalicia.com\/es\/wp-json\/wp\/v2\/categories?post=53427"},{"taxonomy":"post_tag","embeddable":true,"href":"https:\/\/ppdegalicia.com\/es\/wp-json\/wp\/v2\/tags?post=53427"}],"curies":[{"name":"wp","href":"https:\/\/api.w.org\/{rel}","templated":true}]}}