{"id":53440,"date":"2017-03-16T13:32:22","date_gmt":"2017-03-16T11:32:22","guid":{"rendered":"https:\/\/ppdegalicia.com\/o-ppdeg-apoia-demandar-que-se-modifique-a-normativa-para-que-os-consumidores-conezan-os-paises-de-orixe-dos-meles\/"},"modified":"2017-03-16T13:32:22","modified_gmt":"2017-03-16T11:32:22","slug":"o-ppdeg-apoia-demandar-que-se-modifique-a-normativa-para-que-os-consumidores-conezan-os-paises-de-orixe-dos-meles","status":"publish","type":"post","link":"https:\/\/ppdegalicia.com\/es\/o-ppdeg-apoia-demandar-que-se-modifique-a-normativa-para-que-os-consumidores-conezan-os-paises-de-orixe-dos-meles\/","title":{"rendered":"O PPdeG apoia demandar que se modifique a normativa para que os consumidores co\u00f1ezan os pa\u00edses de orixe dos meles"},"content":{"rendered":"<p>Santiago, 16 de marzo de 2017.- O Grupo Popular apoiou esta ma\u00f1\u00e1 no Parlamento a aprobaci\u00f3n dunha proposici\u00f3n non de lei a trav\u00e9s da que se demanda ao Goberno central para que modifique a normativa actual de xeito que os consumidores co\u00f1ezan os pa\u00edses de orixe dos meles envasados en Espa\u00f1a no caso da comercializaci\u00f3n de mesturas de produtos e distintos pa\u00edses de orixe. As\u00ed mesmo, solic\u00edtase un impulso \u00e1 promoci\u00f3n do mel producido ao amparo da indicaci\u00f3n xeogr\u00e1fica protexida Mel de Galicia.<\/p>\n<p><!--more--><\/p>\n<p>Jos\u00e9 Gonz\u00e1lez amosou o apoio do PPdeG \u00e1 protecci\u00f3n do sector ap\u00edcola galego, as\u00ed como ao dereito dos consumidores a co\u00f1ecer o que est\u00e1n mercando. Neste sentido, coincidiu coa oposici\u00f3n \u201cna necesidade de que a orixe do mel se reflexe no etiquetado para que se defendan as\u00ed os intereses dos consumidores\u201d.<\/p>\n<p>&nbsp;<\/p>\n<p>\u201cImos apoiar sempre ao sector agroalimentario galego de calidade como base para o desenvolvemento rural\u201d, manifestou o portavoz popular. As\u00ed, considerou esencial \u201co apoio \u00e1s variedades e razas aut\u00f3ctonas da agricultura e gander\u00eda galegas, as\u00ed como \u00e1s organizaci\u00f3ns que garanten a calidade dos produtos galegos\u201d.<\/p>\n<p>&nbsp;<\/p>\n<p><strong>ELEVADA CALIDADE E REPUTACI\u00d3N<\/strong><\/p>\n<p>&nbsp;<\/p>\n<p>Gonz\u00e1lez explicou que o sector do mel en Galicia est\u00e1 formado fundamentalmente por apicultores con pequenas explotaci\u00f3ns e empresas envasadoras especializadas na comercializaci\u00f3n dese produto. \u201cTr\u00e1tase dun mel de elevada calidade e con gran reputaci\u00f3n no mercado galego e espa\u00f1ol, de a\u00ed a existencia da Indicaci\u00f3n Xeogr\u00e1fica Protexida Mel de Galicia\u201d, engadiu.<\/p>\n<p>&nbsp;<\/p>\n<p>Deste xeito, indicou que a obriga de indicar nas etiquetas os pa\u00edses de orixe no caso das mesturas de meles \u201cnon condiciona a actividade das empresas galegas e \u00e9 un xeito de evitar a competencia desleal de produto de inferior calidade procedente de f\u00f3ra, sobre todo de determinados pa\u00edses terceiros onde os requisitos legais e os controis son m\u00e1is laxos\u201d.<\/p>\n","protected":false},"excerpt":{"rendered":"<p>Santiago, 16 de marzo de 2017.- O Grupo Popular apoiou esta ma\u00f1\u00e1 no Parlamento a aprobaci\u00f3n dunha proposici\u00f3n non de lei a trav\u00e9s da que se demanda ao Goberno central para que modifique a normativa actual de xeito que os consumidores co\u00f1ezan os pa\u00edses de orixe dos meles envasados en Espa\u00f1a no caso da comercializaci\u00f3n [&hellip;]<\/p>\n","protected":false},"author":37,"featured_media":0,"comment_status":"open","ping_status":"open","sticky":false,"template":"","format":"standard","meta":{"_acf_changed":false,"footnotes":""},"categories":[1],"tags":[],"class_list":["post-53440","post","type-post","status-publish","format-standard","hentry","category-pp-de-galicia"],"acf":[],"yoast_head":"<!-- This site is optimized with the Yoast SEO plugin v27.3 - https:\/\/yoast.com\/product\/yoast-seo-wordpress\/ -->\n<title>O PPdeG apoia demandar que se modifique a normativa para que os consumidores co\u00f1ezan os pa\u00edses de orixe dos meles - PP de Galicia<\/title>\n<meta name=\"robots\" content=\"index, follow, max-snippet:-1, max-image-preview:large, max-video-preview:-1\" \/>\n<link rel=\"canonical\" href=\"https:\/\/ppdegalicia.com\/es\/o-ppdeg-apoia-demandar-que-se-modifique-a-normativa-para-que-os-consumidores-conezan-os-paises-de-orixe-dos-meles\/\" \/>\n<meta property=\"og:locale\" content=\"es_ES\" \/>\n<meta property=\"og:type\" content=\"article\" \/>\n<meta property=\"og:title\" content=\"O PPdeG apoia demandar que se modifique a normativa para que os consumidores co\u00f1ezan os pa\u00edses de orixe dos meles - PP de Galicia\" \/>\n<meta property=\"og:description\" content=\"Santiago, 16 de marzo de 2017.- O Grupo Popular apoiou esta ma\u00f1\u00e1 no Parlamento a aprobaci\u00f3n dunha proposici\u00f3n non de lei a trav\u00e9s da que se demanda ao Goberno central para que modifique a normativa actual de xeito que os consumidores co\u00f1ezan os pa\u00edses de orixe dos meles envasados en Espa\u00f1a no caso da comercializaci\u00f3n [&hellip;]\" \/>\n<meta property=\"og:url\" content=\"https:\/\/ppdegalicia.com\/es\/o-ppdeg-apoia-demandar-que-se-modifique-a-normativa-para-que-os-consumidores-conezan-os-paises-de-orixe-dos-meles\/\" \/>\n<meta property=\"og:site_name\" content=\"PP de Galicia\" \/>\n<meta property=\"article:publisher\" content=\"https:\/\/www.instagram.com\/ppdegalicia\/\" \/>\n<meta property=\"article:published_time\" content=\"2017-03-16T11:32:22+00:00\" \/>\n<meta name=\"author\" content=\"Super User\" \/>\n<meta name=\"twitter:card\" content=\"summary_large_image\" \/>\n<meta name=\"twitter:creator\" content=\"@ppdegalicia\" \/>\n<meta name=\"twitter:site\" content=\"@ppdegalicia\" \/>\n<meta name=\"twitter:label1\" content=\"Escrito por\" \/>\n\t<meta name=\"twitter:data1\" content=\"Super User\" \/>\n\t<meta name=\"twitter:label2\" content=\"Tiempo de lectura\" \/>\n\t<meta name=\"twitter:data2\" content=\"2 minutos\" \/>\n<script type=\"application\/ld+json\" class=\"yoast-schema-graph\">{\"@context\":\"https:\\\/\\\/schema.org\",\"@graph\":[{\"@type\":\"Article\",\"@id\":\"https:\\\/\\\/ppdegalicia.com\\\/es\\\/o-ppdeg-apoia-demandar-que-se-modifique-a-normativa-para-que-os-consumidores-conezan-os-paises-de-orixe-dos-meles\\\/#article\",\"isPartOf\":{\"@id\":\"https:\\\/\\\/ppdegalicia.com\\\/es\\\/o-ppdeg-apoia-demandar-que-se-modifique-a-normativa-para-que-os-consumidores-conezan-os-paises-de-orixe-dos-meles\\\/\"},\"author\":{\"name\":\"Super User\",\"@id\":\"https:\\\/\\\/ppdegalicia.com\\\/es\\\/#\\\/schema\\\/person\\\/d0f013b8388c980665d44009ab762960\"},\"headline\":\"O PPdeG apoia demandar que se modifique a normativa para que os consumidores co\u00f1ezan os pa\u00edses de orixe dos meles\",\"datePublished\":\"2017-03-16T11:32:22+00:00\",\"mainEntityOfPage\":{\"@id\":\"https:\\\/\\\/ppdegalicia.com\\\/es\\\/o-ppdeg-apoia-demandar-que-se-modifique-a-normativa-para-que-os-consumidores-conezan-os-paises-de-orixe-dos-meles\\\/\"},\"wordCount\":351,\"commentCount\":0,\"publisher\":{\"@id\":\"https:\\\/\\\/ppdegalicia.com\\\/es\\\/#organization\"},\"articleSection\":[\"PP de Galicia\"],\"inLanguage\":\"es\",\"potentialAction\":[{\"@type\":\"CommentAction\",\"name\":\"Comment\",\"target\":[\"https:\\\/\\\/ppdegalicia.com\\\/es\\\/o-ppdeg-apoia-demandar-que-se-modifique-a-normativa-para-que-os-consumidores-conezan-os-paises-de-orixe-dos-meles\\\/#respond\"]}]},{\"@type\":\"WebPage\",\"@id\":\"https:\\\/\\\/ppdegalicia.com\\\/es\\\/o-ppdeg-apoia-demandar-que-se-modifique-a-normativa-para-que-os-consumidores-conezan-os-paises-de-orixe-dos-meles\\\/\",\"url\":\"https:\\\/\\\/ppdegalicia.com\\\/es\\\/o-ppdeg-apoia-demandar-que-se-modifique-a-normativa-para-que-os-consumidores-conezan-os-paises-de-orixe-dos-meles\\\/\",\"name\":\"O PPdeG apoia demandar que se modifique a normativa para que os consumidores co\u00f1ezan os pa\u00edses de orixe dos meles - PP de Galicia\",\"isPartOf\":{\"@id\":\"https:\\\/\\\/ppdegalicia.com\\\/es\\\/#website\"},\"datePublished\":\"2017-03-16T11:32:22+00:00\",\"breadcrumb\":{\"@id\":\"https:\\\/\\\/ppdegalicia.com\\\/es\\\/o-ppdeg-apoia-demandar-que-se-modifique-a-normativa-para-que-os-consumidores-conezan-os-paises-de-orixe-dos-meles\\\/#breadcrumb\"},\"inLanguage\":\"es\",\"potentialAction\":[{\"@type\":\"ReadAction\",\"target\":[\"https:\\\/\\\/ppdegalicia.com\\\/es\\\/o-ppdeg-apoia-demandar-que-se-modifique-a-normativa-para-que-os-consumidores-conezan-os-paises-de-orixe-dos-meles\\\/\"]}]},{\"@type\":\"BreadcrumbList\",\"@id\":\"https:\\\/\\\/ppdegalicia.com\\\/es\\\/o-ppdeg-apoia-demandar-que-se-modifique-a-normativa-para-que-os-consumidores-conezan-os-paises-de-orixe-dos-meles\\\/#breadcrumb\",\"itemListElement\":[{\"@type\":\"ListItem\",\"position\":1,\"name\":\"Portada\",\"item\":\"https:\\\/\\\/ppdegalicia.com\\\/es\\\/\"},{\"@type\":\"ListItem\",\"position\":2,\"name\":\"O PPdeG apoia demandar que se modifique a normativa para que os consumidores co\u00f1ezan os pa\u00edses de orixe dos meles\"}]},{\"@type\":\"WebSite\",\"@id\":\"https:\\\/\\\/ppdegalicia.com\\\/es\\\/#website\",\"url\":\"https:\\\/\\\/ppdegalicia.com\\\/es\\\/\",\"name\":\"Partido Popular de Galicia\",\"description\":\"Partido Popular de Galicia\",\"publisher\":{\"@id\":\"https:\\\/\\\/ppdegalicia.com\\\/es\\\/#organization\"},\"alternateName\":\"PP de Galicia\",\"potentialAction\":[{\"@type\":\"SearchAction\",\"target\":{\"@type\":\"EntryPoint\",\"urlTemplate\":\"https:\\\/\\\/ppdegalicia.com\\\/es\\\/?s={search_term_string}\"},\"query-input\":{\"@type\":\"PropertyValueSpecification\",\"valueRequired\":true,\"valueName\":\"search_term_string\"}}],\"inLanguage\":\"es\"},{\"@type\":\"Organization\",\"@id\":\"https:\\\/\\\/ppdegalicia.com\\\/es\\\/#organization\",\"name\":\"Partido Popular de Galicia\",\"alternateName\":\"PP de Galicia\",\"url\":\"https:\\\/\\\/ppdegalicia.com\\\/es\\\/\",\"logo\":{\"@type\":\"ImageObject\",\"inLanguage\":\"es\",\"@id\":\"https:\\\/\\\/ppdegalicia.com\\\/es\\\/#\\\/schema\\\/logo\\\/image\\\/\",\"url\":\"https:\\\/\\\/ppdegalicia.com\\\/wp-content\\\/uploads\\\/2023\\\/04\\\/logoPP512.png\",\"contentUrl\":\"https:\\\/\\\/ppdegalicia.com\\\/wp-content\\\/uploads\\\/2023\\\/04\\\/logoPP512.png\",\"width\":512,\"height\":512,\"caption\":\"Partido Popular de Galicia\"},\"image\":{\"@id\":\"https:\\\/\\\/ppdegalicia.com\\\/es\\\/#\\\/schema\\\/logo\\\/image\\\/\"},\"sameAs\":[\"https:\\\/\\\/www.instagram.com\\\/ppdegalicia\\\/\",\"https:\\\/\\\/x.com\\\/ppdegalicia\",\"https:\\\/\\\/www.tiktok.com\\\/@ppdegalicia\",\"https:\\\/\\\/www.youtube.com\\\/user\\\/ppdegalicia\"]},{\"@type\":\"Person\",\"@id\":\"https:\\\/\\\/ppdegalicia.com\\\/es\\\/#\\\/schema\\\/person\\\/d0f013b8388c980665d44009ab762960\",\"name\":\"Super User\",\"image\":{\"@type\":\"ImageObject\",\"inLanguage\":\"es\",\"@id\":\"https:\\\/\\\/secure.gravatar.com\\\/avatar\\\/1db852625ef4948f58d2739bfbc51e4b9bd5c93b8fa340b59fdb594ca0845645?s=96&d=mm&r=g\",\"url\":\"https:\\\/\\\/secure.gravatar.com\\\/avatar\\\/1db852625ef4948f58d2739bfbc51e4b9bd5c93b8fa340b59fdb594ca0845645?s=96&d=mm&r=g\",\"contentUrl\":\"https:\\\/\\\/secure.gravatar.com\\\/avatar\\\/1db852625ef4948f58d2739bfbc51e4b9bd5c93b8fa340b59fdb594ca0845645?s=96&d=mm&r=g\",\"caption\":\"Super User\"},\"url\":\"https:\\\/\\\/ppdegalicia.com\\\/es\\\/author\\\/ppdegaliciagestion\\\/\"}]}<\/script>\n<!-- \/ Yoast SEO plugin. -->","yoast_head_json":{"title":"O PPdeG apoia demandar que se modifique a normativa para que os consumidores co\u00f1ezan os pa\u00edses de orixe dos meles - PP de Galicia","robots":{"index":"index","follow":"follow","max-snippet":"max-snippet:-1","max-image-preview":"max-image-preview:large","max-video-preview":"max-video-preview:-1"},"canonical":"https:\/\/ppdegalicia.com\/es\/o-ppdeg-apoia-demandar-que-se-modifique-a-normativa-para-que-os-consumidores-conezan-os-paises-de-orixe-dos-meles\/","og_locale":"es_ES","og_type":"article","og_title":"O PPdeG apoia demandar que se modifique a normativa para que os consumidores co\u00f1ezan os pa\u00edses de orixe dos meles - PP de Galicia","og_description":"Santiago, 16 de marzo de 2017.- O Grupo Popular apoiou esta ma\u00f1\u00e1 no Parlamento a aprobaci\u00f3n dunha proposici\u00f3n non de lei a trav\u00e9s da que se demanda ao Goberno central para que modifique a normativa actual de xeito que os consumidores co\u00f1ezan os pa\u00edses de orixe dos meles envasados en Espa\u00f1a no caso da comercializaci\u00f3n [&hellip;]","og_url":"https:\/\/ppdegalicia.com\/es\/o-ppdeg-apoia-demandar-que-se-modifique-a-normativa-para-que-os-consumidores-conezan-os-paises-de-orixe-dos-meles\/","og_site_name":"PP de Galicia","article_publisher":"https:\/\/www.instagram.com\/ppdegalicia\/","article_published_time":"2017-03-16T11:32:22+00:00","author":"Super User","twitter_card":"summary_large_image","twitter_creator":"@ppdegalicia","twitter_site":"@ppdegalicia","twitter_misc":{"Escrito por":"Super User","Tiempo de lectura":"2 minutos"},"schema":{"@context":"https:\/\/schema.org","@graph":[{"@type":"Article","@id":"https:\/\/ppdegalicia.com\/es\/o-ppdeg-apoia-demandar-que-se-modifique-a-normativa-para-que-os-consumidores-conezan-os-paises-de-orixe-dos-meles\/#article","isPartOf":{"@id":"https:\/\/ppdegalicia.com\/es\/o-ppdeg-apoia-demandar-que-se-modifique-a-normativa-para-que-os-consumidores-conezan-os-paises-de-orixe-dos-meles\/"},"author":{"name":"Super User","@id":"https:\/\/ppdegalicia.com\/es\/#\/schema\/person\/d0f013b8388c980665d44009ab762960"},"headline":"O PPdeG apoia demandar que se modifique a normativa para que os consumidores co\u00f1ezan os pa\u00edses de orixe dos meles","datePublished":"2017-03-16T11:32:22+00:00","mainEntityOfPage":{"@id":"https:\/\/ppdegalicia.com\/es\/o-ppdeg-apoia-demandar-que-se-modifique-a-normativa-para-que-os-consumidores-conezan-os-paises-de-orixe-dos-meles\/"},"wordCount":351,"commentCount":0,"publisher":{"@id":"https:\/\/ppdegalicia.com\/es\/#organization"},"articleSection":["PP de Galicia"],"inLanguage":"es","potentialAction":[{"@type":"CommentAction","name":"Comment","target":["https:\/\/ppdegalicia.com\/es\/o-ppdeg-apoia-demandar-que-se-modifique-a-normativa-para-que-os-consumidores-conezan-os-paises-de-orixe-dos-meles\/#respond"]}]},{"@type":"WebPage","@id":"https:\/\/ppdegalicia.com\/es\/o-ppdeg-apoia-demandar-que-se-modifique-a-normativa-para-que-os-consumidores-conezan-os-paises-de-orixe-dos-meles\/","url":"https:\/\/ppdegalicia.com\/es\/o-ppdeg-apoia-demandar-que-se-modifique-a-normativa-para-que-os-consumidores-conezan-os-paises-de-orixe-dos-meles\/","name":"O PPdeG apoia demandar que se modifique a normativa para que os consumidores co\u00f1ezan os pa\u00edses de orixe dos meles - PP de Galicia","isPartOf":{"@id":"https:\/\/ppdegalicia.com\/es\/#website"},"datePublished":"2017-03-16T11:32:22+00:00","breadcrumb":{"@id":"https:\/\/ppdegalicia.com\/es\/o-ppdeg-apoia-demandar-que-se-modifique-a-normativa-para-que-os-consumidores-conezan-os-paises-de-orixe-dos-meles\/#breadcrumb"},"inLanguage":"es","potentialAction":[{"@type":"ReadAction","target":["https:\/\/ppdegalicia.com\/es\/o-ppdeg-apoia-demandar-que-se-modifique-a-normativa-para-que-os-consumidores-conezan-os-paises-de-orixe-dos-meles\/"]}]},{"@type":"BreadcrumbList","@id":"https:\/\/ppdegalicia.com\/es\/o-ppdeg-apoia-demandar-que-se-modifique-a-normativa-para-que-os-consumidores-conezan-os-paises-de-orixe-dos-meles\/#breadcrumb","itemListElement":[{"@type":"ListItem","position":1,"name":"Portada","item":"https:\/\/ppdegalicia.com\/es\/"},{"@type":"ListItem","position":2,"name":"O PPdeG apoia demandar que se modifique a normativa para que os consumidores co\u00f1ezan os pa\u00edses de orixe dos meles"}]},{"@type":"WebSite","@id":"https:\/\/ppdegalicia.com\/es\/#website","url":"https:\/\/ppdegalicia.com\/es\/","name":"Partido Popular de Galicia","description":"Partido Popular de Galicia","publisher":{"@id":"https:\/\/ppdegalicia.com\/es\/#organization"},"alternateName":"PP de Galicia","potentialAction":[{"@type":"SearchAction","target":{"@type":"EntryPoint","urlTemplate":"https:\/\/ppdegalicia.com\/es\/?s={search_term_string}"},"query-input":{"@type":"PropertyValueSpecification","valueRequired":true,"valueName":"search_term_string"}}],"inLanguage":"es"},{"@type":"Organization","@id":"https:\/\/ppdegalicia.com\/es\/#organization","name":"Partido Popular de Galicia","alternateName":"PP de Galicia","url":"https:\/\/ppdegalicia.com\/es\/","logo":{"@type":"ImageObject","inLanguage":"es","@id":"https:\/\/ppdegalicia.com\/es\/#\/schema\/logo\/image\/","url":"https:\/\/ppdegalicia.com\/wp-content\/uploads\/2023\/04\/logoPP512.png","contentUrl":"https:\/\/ppdegalicia.com\/wp-content\/uploads\/2023\/04\/logoPP512.png","width":512,"height":512,"caption":"Partido Popular de Galicia"},"image":{"@id":"https:\/\/ppdegalicia.com\/es\/#\/schema\/logo\/image\/"},"sameAs":["https:\/\/www.instagram.com\/ppdegalicia\/","https:\/\/x.com\/ppdegalicia","https:\/\/www.tiktok.com\/@ppdegalicia","https:\/\/www.youtube.com\/user\/ppdegalicia"]},{"@type":"Person","@id":"https:\/\/ppdegalicia.com\/es\/#\/schema\/person\/d0f013b8388c980665d44009ab762960","name":"Super User","image":{"@type":"ImageObject","inLanguage":"es","@id":"https:\/\/secure.gravatar.com\/avatar\/1db852625ef4948f58d2739bfbc51e4b9bd5c93b8fa340b59fdb594ca0845645?s=96&d=mm&r=g","url":"https:\/\/secure.gravatar.com\/avatar\/1db852625ef4948f58d2739bfbc51e4b9bd5c93b8fa340b59fdb594ca0845645?s=96&d=mm&r=g","contentUrl":"https:\/\/secure.gravatar.com\/avatar\/1db852625ef4948f58d2739bfbc51e4b9bd5c93b8fa340b59fdb594ca0845645?s=96&d=mm&r=g","caption":"Super User"},"url":"https:\/\/ppdegalicia.com\/es\/author\/ppdegaliciagestion\/"}]}},"_links":{"self":[{"href":"https:\/\/ppdegalicia.com\/es\/wp-json\/wp\/v2\/posts\/53440","targetHints":{"allow":["GET"]}}],"collection":[{"href":"https:\/\/ppdegalicia.com\/es\/wp-json\/wp\/v2\/posts"}],"about":[{"href":"https:\/\/ppdegalicia.com\/es\/wp-json\/wp\/v2\/types\/post"}],"author":[{"embeddable":true,"href":"https:\/\/ppdegalicia.com\/es\/wp-json\/wp\/v2\/users\/37"}],"replies":[{"embeddable":true,"href":"https:\/\/ppdegalicia.com\/es\/wp-json\/wp\/v2\/comments?post=53440"}],"version-history":[{"count":0,"href":"https:\/\/ppdegalicia.com\/es\/wp-json\/wp\/v2\/posts\/53440\/revisions"}],"wp:attachment":[{"href":"https:\/\/ppdegalicia.com\/es\/wp-json\/wp\/v2\/media?parent=53440"}],"wp:term":[{"taxonomy":"category","embeddable":true,"href":"https:\/\/ppdegalicia.com\/es\/wp-json\/wp\/v2\/categories?post=53440"},{"taxonomy":"post_tag","embeddable":true,"href":"https:\/\/ppdegalicia.com\/es\/wp-json\/wp\/v2\/tags?post=53440"}],"curies":[{"name":"wp","href":"https:\/\/api.w.org\/{rel}","templated":true}]}}