{"id":53445,"date":"2017-03-17T09:39:40","date_gmt":"2017-03-17T07:39:40","guid":{"rendered":"https:\/\/ppdegalicia.com\/o-numero-de-galegos-nados-en-galicia-e-residentes-no-exterior-reduciuse-no-ultimo-ano-en-540-persoas\/"},"modified":"2017-03-17T09:39:40","modified_gmt":"2017-03-17T07:39:40","slug":"o-numero-de-galegos-nados-en-galicia-e-residentes-no-exterior-reduciuse-no-ultimo-ano-en-540-persoas","status":"publish","type":"post","link":"https:\/\/ppdegalicia.com\/es\/o-numero-de-galegos-nados-en-galicia-e-residentes-no-exterior-reduciuse-no-ultimo-ano-en-540-persoas\/","title":{"rendered":"O n\u00famero de galegos nados en Galicia e residentes no exterior reduciuse no \u00faltimo ano en 540 persoas"},"content":{"rendered":"<p><strong>Santiago, 17 de marzo de 2017.-<\/strong> O n\u00famero de galegos nados en Galicia e residentes no Exterior reduciuse de 2015 a 2016 en 540 persoas, segundo explicou hoxe Raquel Arias no Parlamento de Galicia.<\/p>\n<p><!--more--><\/p>\n<p>&nbsp;<\/p>\n<p>A deputado popular aclarou que \u201cunha cousa \u00e9 o n\u00famero que reflexa as altas no Padr\u00f3n de Espa\u00f1ois Residentes no Estranxeiro e outra cousa distinta as persoas que emigran\u201d. As\u00ed, segundo dixo, \u201co que si aumentou foi o n\u00famero de galegos xa nados no exterior, \u00e9 dicir, os cidad\u00e1ns que xa resid\u00edan f\u00f3ra, pero que adquiriron a nacionalidade pola Lei de Memoria Hist\u00f3rica, e os fillos de galegos da di\u00e1spora\u201d.<\/p>\n<p>&nbsp;<\/p>\n<p><strong>EMPREGO XUVENIL<\/strong><\/p>\n<p>&nbsp;<\/p>\n<p>\u201cTres de cada catro galegos residentes no estranxeiro son xa nados na di\u00e1spora\u201d, enfatizou Arias, e \u201cesa \u00e9 a raz\u00f3n pola que a pol\u00edtica exterior do Goberno galego dir\u00edxese non s\u00f3 aos galegos emigrados sen\u00f3n tam\u00e9n aos galegos residentes no exterior, xa que, de non ser as\u00ed deixariamos fora desas pol\u00edticas \u00f3 70 por cento dos galegos\u201d.<\/p>\n<p>&nbsp;<\/p>\n<p>Arias tam\u00e9n salientou que o emprego xuvenil \u201c\u00e9 unha prioridade\u201d para o Goberno galego e que, con ese obxectivo, \u201ctraballa para crear m\u00e1is e mellores empregos\u201d.<\/p>\n<p>&nbsp;<\/p>\n<p>A\u00ednda que fuxindo de triunfalismos, os resultados destas actuaci\u00f3ns son positivos. A realidade \u00e9 que o n\u00famero de parados entre os menores de 30 baixou ao 16,6 por cento no \u00faltimo ano, igualando a taxa existente hai 6 anos; aumentou a cifra de ocupados nun 3,40 por cento e os contratos indefinidos neste colectivo acheg\u00e1ronse ao 20 por cento.<\/p>\n<p>&nbsp;<\/p>\n<p><strong>LI\u00d1AS DE AXUDA<\/strong><\/p>\n<p>&nbsp;<\/p>\n<p>A deputada popular lembrou, as\u00ed mesmo, as li\u00f1as de axuda habilitadas pola Xunta. Neste punto, referiuse \u00e1s achegas para promover o autoemprego e a actividade emprendedora na Comunidade galega dos galegos retornados e que, segundo matizou, son compatibles con axudas doutros departamentos da Xunta, como a Conseller\u00eda de Econom\u00eda, Emprego e Industria, ou o IGAPE, para aut\u00f3nomos e emprendedores galegos, residan onde residan.<\/p>\n<p>&nbsp;<\/p>\n<p>Tam\u00e9n \u00e1s axudas extraordinarias para o retorno e mesmo das bolsas excelencia mocidade exterior, especificamente dirixida aos universitarios galegos residentes no exterior.<\/p>\n<p>&nbsp;<\/p>\n<p>Raquel Arias conclu\u00edu asegurando que os galegos retornados te\u00f1en os mesmos dereitos que o resto de cidad\u00e1ns de Galicia no acceso \u00e1s axudas en materia de vivenda, asistencia inmediata en materia sanitaria ou &nbsp;bolsas de traballo.<\/p>\n","protected":false},"excerpt":{"rendered":"<p>Santiago, 17 de marzo de 2017.- O n\u00famero de galegos nados en Galicia e residentes no Exterior reduciuse de 2015 a 2016 en 540 persoas, segundo explicou hoxe Raquel Arias no Parlamento de Galicia.<\/p>\n","protected":false},"author":37,"featured_media":0,"comment_status":"open","ping_status":"open","sticky":false,"template":"","format":"standard","meta":{"_acf_changed":false,"footnotes":""},"categories":[1],"tags":[],"class_list":["post-53445","post","type-post","status-publish","format-standard","hentry","category-pp-de-galicia"],"acf":[],"yoast_head":"<!-- This site is optimized with the Yoast SEO plugin v27.3 - https:\/\/yoast.com\/product\/yoast-seo-wordpress\/ -->\n<title>O n\u00famero de galegos nados en Galicia e residentes no exterior reduciuse no \u00faltimo ano en 540 persoas - PP de Galicia<\/title>\n<meta name=\"robots\" content=\"index, follow, max-snippet:-1, max-image-preview:large, max-video-preview:-1\" \/>\n<link rel=\"canonical\" href=\"https:\/\/ppdegalicia.com\/es\/o-numero-de-galegos-nados-en-galicia-e-residentes-no-exterior-reduciuse-no-ultimo-ano-en-540-persoas\/\" \/>\n<meta property=\"og:locale\" content=\"es_ES\" \/>\n<meta property=\"og:type\" content=\"article\" \/>\n<meta property=\"og:title\" content=\"O n\u00famero de galegos nados en Galicia e residentes no exterior reduciuse no \u00faltimo ano en 540 persoas - PP de Galicia\" \/>\n<meta property=\"og:description\" content=\"Santiago, 17 de marzo de 2017.- O n\u00famero de galegos nados en Galicia e residentes no Exterior reduciuse de 2015 a 2016 en 540 persoas, segundo explicou hoxe Raquel Arias no Parlamento de Galicia.\" \/>\n<meta property=\"og:url\" content=\"https:\/\/ppdegalicia.com\/es\/o-numero-de-galegos-nados-en-galicia-e-residentes-no-exterior-reduciuse-no-ultimo-ano-en-540-persoas\/\" \/>\n<meta property=\"og:site_name\" content=\"PP de Galicia\" \/>\n<meta property=\"article:publisher\" content=\"https:\/\/www.instagram.com\/ppdegalicia\/\" \/>\n<meta property=\"article:published_time\" content=\"2017-03-17T07:39:40+00:00\" \/>\n<meta name=\"author\" content=\"Super User\" \/>\n<meta name=\"twitter:card\" content=\"summary_large_image\" \/>\n<meta name=\"twitter:creator\" content=\"@ppdegalicia\" \/>\n<meta name=\"twitter:site\" content=\"@ppdegalicia\" \/>\n<meta name=\"twitter:label1\" content=\"Escrito por\" \/>\n\t<meta name=\"twitter:data1\" content=\"Super User\" \/>\n\t<meta name=\"twitter:label2\" content=\"Tiempo de lectura\" \/>\n\t<meta name=\"twitter:data2\" content=\"2 minutos\" \/>\n<script type=\"application\/ld+json\" class=\"yoast-schema-graph\">{\"@context\":\"https:\\\/\\\/schema.org\",\"@graph\":[{\"@type\":\"Article\",\"@id\":\"https:\\\/\\\/ppdegalicia.com\\\/es\\\/o-numero-de-galegos-nados-en-galicia-e-residentes-no-exterior-reduciuse-no-ultimo-ano-en-540-persoas\\\/#article\",\"isPartOf\":{\"@id\":\"https:\\\/\\\/ppdegalicia.com\\\/es\\\/o-numero-de-galegos-nados-en-galicia-e-residentes-no-exterior-reduciuse-no-ultimo-ano-en-540-persoas\\\/\"},\"author\":{\"name\":\"Super User\",\"@id\":\"https:\\\/\\\/ppdegalicia.com\\\/es\\\/#\\\/schema\\\/person\\\/d0f013b8388c980665d44009ab762960\"},\"headline\":\"O n\u00famero de galegos nados en Galicia e residentes no exterior reduciuse no \u00faltimo ano en 540 persoas\",\"datePublished\":\"2017-03-17T07:39:40+00:00\",\"mainEntityOfPage\":{\"@id\":\"https:\\\/\\\/ppdegalicia.com\\\/es\\\/o-numero-de-galegos-nados-en-galicia-e-residentes-no-exterior-reduciuse-no-ultimo-ano-en-540-persoas\\\/\"},\"wordCount\":416,\"commentCount\":0,\"publisher\":{\"@id\":\"https:\\\/\\\/ppdegalicia.com\\\/es\\\/#organization\"},\"articleSection\":[\"PP de Galicia\"],\"inLanguage\":\"es\",\"potentialAction\":[{\"@type\":\"CommentAction\",\"name\":\"Comment\",\"target\":[\"https:\\\/\\\/ppdegalicia.com\\\/es\\\/o-numero-de-galegos-nados-en-galicia-e-residentes-no-exterior-reduciuse-no-ultimo-ano-en-540-persoas\\\/#respond\"]}]},{\"@type\":\"WebPage\",\"@id\":\"https:\\\/\\\/ppdegalicia.com\\\/es\\\/o-numero-de-galegos-nados-en-galicia-e-residentes-no-exterior-reduciuse-no-ultimo-ano-en-540-persoas\\\/\",\"url\":\"https:\\\/\\\/ppdegalicia.com\\\/es\\\/o-numero-de-galegos-nados-en-galicia-e-residentes-no-exterior-reduciuse-no-ultimo-ano-en-540-persoas\\\/\",\"name\":\"O n\u00famero de galegos nados en Galicia e residentes no exterior reduciuse no \u00faltimo ano en 540 persoas - PP de Galicia\",\"isPartOf\":{\"@id\":\"https:\\\/\\\/ppdegalicia.com\\\/es\\\/#website\"},\"datePublished\":\"2017-03-17T07:39:40+00:00\",\"breadcrumb\":{\"@id\":\"https:\\\/\\\/ppdegalicia.com\\\/es\\\/o-numero-de-galegos-nados-en-galicia-e-residentes-no-exterior-reduciuse-no-ultimo-ano-en-540-persoas\\\/#breadcrumb\"},\"inLanguage\":\"es\",\"potentialAction\":[{\"@type\":\"ReadAction\",\"target\":[\"https:\\\/\\\/ppdegalicia.com\\\/es\\\/o-numero-de-galegos-nados-en-galicia-e-residentes-no-exterior-reduciuse-no-ultimo-ano-en-540-persoas\\\/\"]}]},{\"@type\":\"BreadcrumbList\",\"@id\":\"https:\\\/\\\/ppdegalicia.com\\\/es\\\/o-numero-de-galegos-nados-en-galicia-e-residentes-no-exterior-reduciuse-no-ultimo-ano-en-540-persoas\\\/#breadcrumb\",\"itemListElement\":[{\"@type\":\"ListItem\",\"position\":1,\"name\":\"Portada\",\"item\":\"https:\\\/\\\/ppdegalicia.com\\\/es\\\/\"},{\"@type\":\"ListItem\",\"position\":2,\"name\":\"O n\u00famero de galegos nados en Galicia e residentes no exterior reduciuse no \u00faltimo ano en 540 persoas\"}]},{\"@type\":\"WebSite\",\"@id\":\"https:\\\/\\\/ppdegalicia.com\\\/es\\\/#website\",\"url\":\"https:\\\/\\\/ppdegalicia.com\\\/es\\\/\",\"name\":\"Partido Popular de Galicia\",\"description\":\"Partido Popular de Galicia\",\"publisher\":{\"@id\":\"https:\\\/\\\/ppdegalicia.com\\\/es\\\/#organization\"},\"alternateName\":\"PP de Galicia\",\"potentialAction\":[{\"@type\":\"SearchAction\",\"target\":{\"@type\":\"EntryPoint\",\"urlTemplate\":\"https:\\\/\\\/ppdegalicia.com\\\/es\\\/?s={search_term_string}\"},\"query-input\":{\"@type\":\"PropertyValueSpecification\",\"valueRequired\":true,\"valueName\":\"search_term_string\"}}],\"inLanguage\":\"es\"},{\"@type\":\"Organization\",\"@id\":\"https:\\\/\\\/ppdegalicia.com\\\/es\\\/#organization\",\"name\":\"Partido Popular de Galicia\",\"alternateName\":\"PP de Galicia\",\"url\":\"https:\\\/\\\/ppdegalicia.com\\\/es\\\/\",\"logo\":{\"@type\":\"ImageObject\",\"inLanguage\":\"es\",\"@id\":\"https:\\\/\\\/ppdegalicia.com\\\/es\\\/#\\\/schema\\\/logo\\\/image\\\/\",\"url\":\"https:\\\/\\\/ppdegalicia.com\\\/wp-content\\\/uploads\\\/2023\\\/04\\\/logoPP512.png\",\"contentUrl\":\"https:\\\/\\\/ppdegalicia.com\\\/wp-content\\\/uploads\\\/2023\\\/04\\\/logoPP512.png\",\"width\":512,\"height\":512,\"caption\":\"Partido Popular de Galicia\"},\"image\":{\"@id\":\"https:\\\/\\\/ppdegalicia.com\\\/es\\\/#\\\/schema\\\/logo\\\/image\\\/\"},\"sameAs\":[\"https:\\\/\\\/www.instagram.com\\\/ppdegalicia\\\/\",\"https:\\\/\\\/x.com\\\/ppdegalicia\",\"https:\\\/\\\/www.tiktok.com\\\/@ppdegalicia\",\"https:\\\/\\\/www.youtube.com\\\/user\\\/ppdegalicia\"]},{\"@type\":\"Person\",\"@id\":\"https:\\\/\\\/ppdegalicia.com\\\/es\\\/#\\\/schema\\\/person\\\/d0f013b8388c980665d44009ab762960\",\"name\":\"Super User\",\"image\":{\"@type\":\"ImageObject\",\"inLanguage\":\"es\",\"@id\":\"https:\\\/\\\/secure.gravatar.com\\\/avatar\\\/1db852625ef4948f58d2739bfbc51e4b9bd5c93b8fa340b59fdb594ca0845645?s=96&d=mm&r=g\",\"url\":\"https:\\\/\\\/secure.gravatar.com\\\/avatar\\\/1db852625ef4948f58d2739bfbc51e4b9bd5c93b8fa340b59fdb594ca0845645?s=96&d=mm&r=g\",\"contentUrl\":\"https:\\\/\\\/secure.gravatar.com\\\/avatar\\\/1db852625ef4948f58d2739bfbc51e4b9bd5c93b8fa340b59fdb594ca0845645?s=96&d=mm&r=g\",\"caption\":\"Super User\"},\"url\":\"https:\\\/\\\/ppdegalicia.com\\\/es\\\/author\\\/ppdegaliciagestion\\\/\"}]}<\/script>\n<!-- \/ Yoast SEO plugin. -->","yoast_head_json":{"title":"O n\u00famero de galegos nados en Galicia e residentes no exterior reduciuse no \u00faltimo ano en 540 persoas - PP de Galicia","robots":{"index":"index","follow":"follow","max-snippet":"max-snippet:-1","max-image-preview":"max-image-preview:large","max-video-preview":"max-video-preview:-1"},"canonical":"https:\/\/ppdegalicia.com\/es\/o-numero-de-galegos-nados-en-galicia-e-residentes-no-exterior-reduciuse-no-ultimo-ano-en-540-persoas\/","og_locale":"es_ES","og_type":"article","og_title":"O n\u00famero de galegos nados en Galicia e residentes no exterior reduciuse no \u00faltimo ano en 540 persoas - PP de Galicia","og_description":"Santiago, 17 de marzo de 2017.- O n\u00famero de galegos nados en Galicia e residentes no Exterior reduciuse de 2015 a 2016 en 540 persoas, segundo explicou hoxe Raquel Arias no Parlamento de Galicia.","og_url":"https:\/\/ppdegalicia.com\/es\/o-numero-de-galegos-nados-en-galicia-e-residentes-no-exterior-reduciuse-no-ultimo-ano-en-540-persoas\/","og_site_name":"PP de Galicia","article_publisher":"https:\/\/www.instagram.com\/ppdegalicia\/","article_published_time":"2017-03-17T07:39:40+00:00","author":"Super User","twitter_card":"summary_large_image","twitter_creator":"@ppdegalicia","twitter_site":"@ppdegalicia","twitter_misc":{"Escrito por":"Super User","Tiempo de lectura":"2 minutos"},"schema":{"@context":"https:\/\/schema.org","@graph":[{"@type":"Article","@id":"https:\/\/ppdegalicia.com\/es\/o-numero-de-galegos-nados-en-galicia-e-residentes-no-exterior-reduciuse-no-ultimo-ano-en-540-persoas\/#article","isPartOf":{"@id":"https:\/\/ppdegalicia.com\/es\/o-numero-de-galegos-nados-en-galicia-e-residentes-no-exterior-reduciuse-no-ultimo-ano-en-540-persoas\/"},"author":{"name":"Super User","@id":"https:\/\/ppdegalicia.com\/es\/#\/schema\/person\/d0f013b8388c980665d44009ab762960"},"headline":"O n\u00famero de galegos nados en Galicia e residentes no exterior reduciuse no \u00faltimo ano en 540 persoas","datePublished":"2017-03-17T07:39:40+00:00","mainEntityOfPage":{"@id":"https:\/\/ppdegalicia.com\/es\/o-numero-de-galegos-nados-en-galicia-e-residentes-no-exterior-reduciuse-no-ultimo-ano-en-540-persoas\/"},"wordCount":416,"commentCount":0,"publisher":{"@id":"https:\/\/ppdegalicia.com\/es\/#organization"},"articleSection":["PP de Galicia"],"inLanguage":"es","potentialAction":[{"@type":"CommentAction","name":"Comment","target":["https:\/\/ppdegalicia.com\/es\/o-numero-de-galegos-nados-en-galicia-e-residentes-no-exterior-reduciuse-no-ultimo-ano-en-540-persoas\/#respond"]}]},{"@type":"WebPage","@id":"https:\/\/ppdegalicia.com\/es\/o-numero-de-galegos-nados-en-galicia-e-residentes-no-exterior-reduciuse-no-ultimo-ano-en-540-persoas\/","url":"https:\/\/ppdegalicia.com\/es\/o-numero-de-galegos-nados-en-galicia-e-residentes-no-exterior-reduciuse-no-ultimo-ano-en-540-persoas\/","name":"O n\u00famero de galegos nados en Galicia e residentes no exterior reduciuse no \u00faltimo ano en 540 persoas - PP de Galicia","isPartOf":{"@id":"https:\/\/ppdegalicia.com\/es\/#website"},"datePublished":"2017-03-17T07:39:40+00:00","breadcrumb":{"@id":"https:\/\/ppdegalicia.com\/es\/o-numero-de-galegos-nados-en-galicia-e-residentes-no-exterior-reduciuse-no-ultimo-ano-en-540-persoas\/#breadcrumb"},"inLanguage":"es","potentialAction":[{"@type":"ReadAction","target":["https:\/\/ppdegalicia.com\/es\/o-numero-de-galegos-nados-en-galicia-e-residentes-no-exterior-reduciuse-no-ultimo-ano-en-540-persoas\/"]}]},{"@type":"BreadcrumbList","@id":"https:\/\/ppdegalicia.com\/es\/o-numero-de-galegos-nados-en-galicia-e-residentes-no-exterior-reduciuse-no-ultimo-ano-en-540-persoas\/#breadcrumb","itemListElement":[{"@type":"ListItem","position":1,"name":"Portada","item":"https:\/\/ppdegalicia.com\/es\/"},{"@type":"ListItem","position":2,"name":"O n\u00famero de galegos nados en Galicia e residentes no exterior reduciuse no \u00faltimo ano en 540 persoas"}]},{"@type":"WebSite","@id":"https:\/\/ppdegalicia.com\/es\/#website","url":"https:\/\/ppdegalicia.com\/es\/","name":"Partido Popular de Galicia","description":"Partido Popular de Galicia","publisher":{"@id":"https:\/\/ppdegalicia.com\/es\/#organization"},"alternateName":"PP de Galicia","potentialAction":[{"@type":"SearchAction","target":{"@type":"EntryPoint","urlTemplate":"https:\/\/ppdegalicia.com\/es\/?s={search_term_string}"},"query-input":{"@type":"PropertyValueSpecification","valueRequired":true,"valueName":"search_term_string"}}],"inLanguage":"es"},{"@type":"Organization","@id":"https:\/\/ppdegalicia.com\/es\/#organization","name":"Partido Popular de Galicia","alternateName":"PP de Galicia","url":"https:\/\/ppdegalicia.com\/es\/","logo":{"@type":"ImageObject","inLanguage":"es","@id":"https:\/\/ppdegalicia.com\/es\/#\/schema\/logo\/image\/","url":"https:\/\/ppdegalicia.com\/wp-content\/uploads\/2023\/04\/logoPP512.png","contentUrl":"https:\/\/ppdegalicia.com\/wp-content\/uploads\/2023\/04\/logoPP512.png","width":512,"height":512,"caption":"Partido Popular de Galicia"},"image":{"@id":"https:\/\/ppdegalicia.com\/es\/#\/schema\/logo\/image\/"},"sameAs":["https:\/\/www.instagram.com\/ppdegalicia\/","https:\/\/x.com\/ppdegalicia","https:\/\/www.tiktok.com\/@ppdegalicia","https:\/\/www.youtube.com\/user\/ppdegalicia"]},{"@type":"Person","@id":"https:\/\/ppdegalicia.com\/es\/#\/schema\/person\/d0f013b8388c980665d44009ab762960","name":"Super User","image":{"@type":"ImageObject","inLanguage":"es","@id":"https:\/\/secure.gravatar.com\/avatar\/1db852625ef4948f58d2739bfbc51e4b9bd5c93b8fa340b59fdb594ca0845645?s=96&d=mm&r=g","url":"https:\/\/secure.gravatar.com\/avatar\/1db852625ef4948f58d2739bfbc51e4b9bd5c93b8fa340b59fdb594ca0845645?s=96&d=mm&r=g","contentUrl":"https:\/\/secure.gravatar.com\/avatar\/1db852625ef4948f58d2739bfbc51e4b9bd5c93b8fa340b59fdb594ca0845645?s=96&d=mm&r=g","caption":"Super User"},"url":"https:\/\/ppdegalicia.com\/es\/author\/ppdegaliciagestion\/"}]}},"_links":{"self":[{"href":"https:\/\/ppdegalicia.com\/es\/wp-json\/wp\/v2\/posts\/53445","targetHints":{"allow":["GET"]}}],"collection":[{"href":"https:\/\/ppdegalicia.com\/es\/wp-json\/wp\/v2\/posts"}],"about":[{"href":"https:\/\/ppdegalicia.com\/es\/wp-json\/wp\/v2\/types\/post"}],"author":[{"embeddable":true,"href":"https:\/\/ppdegalicia.com\/es\/wp-json\/wp\/v2\/users\/37"}],"replies":[{"embeddable":true,"href":"https:\/\/ppdegalicia.com\/es\/wp-json\/wp\/v2\/comments?post=53445"}],"version-history":[{"count":0,"href":"https:\/\/ppdegalicia.com\/es\/wp-json\/wp\/v2\/posts\/53445\/revisions"}],"wp:attachment":[{"href":"https:\/\/ppdegalicia.com\/es\/wp-json\/wp\/v2\/media?parent=53445"}],"wp:term":[{"taxonomy":"category","embeddable":true,"href":"https:\/\/ppdegalicia.com\/es\/wp-json\/wp\/v2\/categories?post=53445"},{"taxonomy":"post_tag","embeddable":true,"href":"https:\/\/ppdegalicia.com\/es\/wp-json\/wp\/v2\/tags?post=53445"}],"curies":[{"name":"wp","href":"https:\/\/api.w.org\/{rel}","templated":true}]}}