{"id":53446,"date":"2017-03-17T16:47:18","date_gmt":"2017-03-17T14:47:18","guid":{"rendered":"https:\/\/ppdegalicia.com\/o-parlamento-insta-a-xunta-a-avanzar-na-implantacion-de-medidas-de-eficiencia-enerxetica-nos-edificios-administrativos-e-xudiciais\/"},"modified":"2017-03-17T16:47:18","modified_gmt":"2017-03-17T14:47:18","slug":"o-parlamento-insta-a-xunta-a-avanzar-na-implantacion-de-medidas-de-eficiencia-enerxetica-nos-edificios-administrativos-e-xudiciais","status":"publish","type":"post","link":"https:\/\/ppdegalicia.com\/es\/o-parlamento-insta-a-xunta-a-avanzar-na-implantacion-de-medidas-de-eficiencia-enerxetica-nos-edificios-administrativos-e-xudiciais\/","title":{"rendered":"O Parlamento insta \u00e1 Xunta a avanzar na implantaci\u00f3n de medidas de eficiencia enerx\u00e9tica nos edificios administrativos e xudiciais"},"content":{"rendered":"<p>Santiago, 17 de marzo de 2017.- O Parlamento de Galicia aprobou esta ma\u00f1\u00e1 por unanimidade unha proposici\u00f3n non de lei, a iniciativa do Grupo Popular, a trav\u00e9s da que se insta \u00e1 Xunta de Galicia a continuar avanzando na implantaci\u00f3n de medidas de eficiencia enerx\u00e9tica nos edificios administrativos e xudiciais, co fin de reducir o consumo enerx\u00e9tico, minimizar a emisi\u00f3n de gases de efecto invernadoiro e acadar o mellor aproveitamento posible das enerx\u00edas renovables, redundando todo elo nunha mellora da sostibilidade ambiental destes inmobles. Ademais, a Xunta deber\u00e1 remitir ao Parlamento os resultados anuais do sistema de seguimento e avaliaci\u00f3n da s\u00faa Estratexia de aforro e eficiencia enerx\u00e9tica.<\/p>\n<p><!--more--><\/p>\n<p>O deputado do Grupo Popular Jacobo Moreira explicou que a Xunta de Galicia est\u00e1 a desenvolver o Plan de aforro e eficiencia enerx\u00e9tica da Administraci\u00f3n P\u00fablica para o per\u00edodo 2015-2020, en cumprimento da directiva da Uni\u00f3n Europea sobre a eficiencia enerx\u00e9tica.<\/p>\n<p>&nbsp;<\/p>\n<p><strong>COMBUSTIBLE AUT\u00d3CTONO<\/strong><\/p>\n<p>&nbsp;<\/p>\n<p>\u201cAs\u00ed mesmo, o actual Goberno galego puxo en marcha a Estratexia integral de impulso da biomasa 2014-2020 ao comprobar a conveniencia de fomentar o consumo deste combustible aut\u00f3ctono, menos contaminante e que permite colaborar ao desenvolvemento do tecido empresarial de Galicia e \u00e1 reduci\u00f3n dos riscos de incendios forestais\u201d, apuntou.<\/p>\n<p>&nbsp;<\/p>\n<p>Jacobo Moreira manifestou que, dentro destas iniciativas, a Xunta est\u00e1 a acometer actuaci\u00f3ns en materia de eficiencia enerx\u00e9tica nos edificios administrativos e xudiciais en tres \u00e1mbitos de actuaci\u00f3n: un primeiro, cun proxecto piloto de renovaci\u00f3n de caldeiras de biomasa en nove edificios xudiciais e un edificio administrativo; un segundo, coa instalaci\u00f3n dun district heating no complexo de San Caetano que proporciona auga quente e calefacci\u00f3n a todos os edificios; e en terceiro lugar, coa execuci\u00f3n de actuaci\u00f3ns por un importe de 12,5 mill\u00f3ns de euros, a cargo de fondos FEDER e recursos propios, para reducir a produci\u00f3n de enerx\u00eda en case tres mill\u00f3ns de kwh ao ano.<\/p>\n<p>&nbsp;<\/p>\n<p><strong>EXEMPLARIDADE<\/strong><\/p>\n<p>&nbsp;<\/p>\n<p>Esta \u00faltima actuaci\u00f3n abranguer\u00e1 unha mellora dos sistemas de iluminaci\u00f3n artificial, coa substituci\u00f3n de hal\u00f3xenos e bombillas de baixo consumo por l\u00e1mpadas con tecnolox\u00eda LED; a mellora dos sistemas de climatizaci\u00f3n; e optimizaci\u00f3n da envolvente dos edificios, mellorando o illamento t\u00e9rmico e aplicando sistemas de sombreamento para evitar a insolaci\u00f3n directa.<\/p>\n<p>&nbsp;<\/p>\n<p>\u201cDe acordo cos todos estes pasos que est\u00e1 a dar a Xunta de Galicia no impulso da eficiencia enerx\u00e9tica, desde o Grupo Popular consideramos necesario que se estendan estas medidas \u00e1 mellora da eficiencia enerx\u00e9tica dos edificios administrativos e xudiciais da Xunta de Galicia\u201d, afirmou o deputado popular.<\/p>\n<p>&nbsp;<\/p>\n<p>Ademais, salientou que este tipo de medidas adoptadas pola Administraci\u00f3n P\u00fablica, \u201cademais de servir para lograr o obxectivo principal de reducir o consumo enerx\u00e9tico e as emisi\u00f3n de CO2, tam\u00e9n te\u00f1en un compo\u00f1ente de exemplaridade de cara a sociedade\u201d.<\/p>\n","protected":false},"excerpt":{"rendered":"<p>Santiago, 17 de marzo de 2017.- O Parlamento de Galicia aprobou esta ma\u00f1\u00e1 por unanimidade unha proposici\u00f3n non de lei, a iniciativa do Grupo Popular, a trav\u00e9s da que se insta \u00e1 Xunta de Galicia a continuar avanzando na implantaci\u00f3n de medidas de eficiencia enerx\u00e9tica nos edificios administrativos e xudiciais, co fin de reducir o [&hellip;]<\/p>\n","protected":false},"author":37,"featured_media":0,"comment_status":"open","ping_status":"open","sticky":false,"template":"","format":"standard","meta":{"_acf_changed":false,"footnotes":""},"categories":[1],"tags":[],"class_list":["post-53446","post","type-post","status-publish","format-standard","hentry","category-pp-de-galicia"],"acf":[],"yoast_head":"<!-- This site is optimized with the Yoast SEO plugin v27.3 - https:\/\/yoast.com\/product\/yoast-seo-wordpress\/ -->\n<title>O Parlamento insta \u00e1 Xunta a avanzar na implantaci\u00f3n de medidas de eficiencia enerx\u00e9tica nos edificios administrativos e xudiciais - PP de Galicia<\/title>\n<meta name=\"robots\" content=\"index, follow, max-snippet:-1, max-image-preview:large, max-video-preview:-1\" \/>\n<link rel=\"canonical\" href=\"https:\/\/ppdegalicia.com\/es\/o-parlamento-insta-a-xunta-a-avanzar-na-implantacion-de-medidas-de-eficiencia-enerxetica-nos-edificios-administrativos-e-xudiciais\/\" \/>\n<meta property=\"og:locale\" content=\"es_ES\" \/>\n<meta property=\"og:type\" content=\"article\" \/>\n<meta property=\"og:title\" content=\"O Parlamento insta \u00e1 Xunta a avanzar na implantaci\u00f3n de medidas de eficiencia enerx\u00e9tica nos edificios administrativos e xudiciais - PP de Galicia\" \/>\n<meta property=\"og:description\" content=\"Santiago, 17 de marzo de 2017.- O Parlamento de Galicia aprobou esta ma\u00f1\u00e1 por unanimidade unha proposici\u00f3n non de lei, a iniciativa do Grupo Popular, a trav\u00e9s da que se insta \u00e1 Xunta de Galicia a continuar avanzando na implantaci\u00f3n de medidas de eficiencia enerx\u00e9tica nos edificios administrativos e xudiciais, co fin de reducir o [&hellip;]\" \/>\n<meta property=\"og:url\" content=\"https:\/\/ppdegalicia.com\/es\/o-parlamento-insta-a-xunta-a-avanzar-na-implantacion-de-medidas-de-eficiencia-enerxetica-nos-edificios-administrativos-e-xudiciais\/\" \/>\n<meta property=\"og:site_name\" content=\"PP de Galicia\" \/>\n<meta property=\"article:publisher\" content=\"https:\/\/www.instagram.com\/ppdegalicia\/\" \/>\n<meta property=\"article:published_time\" content=\"2017-03-17T14:47:18+00:00\" \/>\n<meta name=\"author\" content=\"Super User\" \/>\n<meta name=\"twitter:card\" content=\"summary_large_image\" \/>\n<meta name=\"twitter:creator\" content=\"@ppdegalicia\" \/>\n<meta name=\"twitter:site\" content=\"@ppdegalicia\" \/>\n<meta name=\"twitter:label1\" content=\"Escrito por\" \/>\n\t<meta name=\"twitter:data1\" content=\"Super User\" \/>\n\t<meta name=\"twitter:label2\" content=\"Tiempo de lectura\" \/>\n\t<meta name=\"twitter:data2\" content=\"2 minutos\" \/>\n<script type=\"application\/ld+json\" class=\"yoast-schema-graph\">{\"@context\":\"https:\\\/\\\/schema.org\",\"@graph\":[{\"@type\":\"Article\",\"@id\":\"https:\\\/\\\/ppdegalicia.com\\\/es\\\/o-parlamento-insta-a-xunta-a-avanzar-na-implantacion-de-medidas-de-eficiencia-enerxetica-nos-edificios-administrativos-e-xudiciais\\\/#article\",\"isPartOf\":{\"@id\":\"https:\\\/\\\/ppdegalicia.com\\\/es\\\/o-parlamento-insta-a-xunta-a-avanzar-na-implantacion-de-medidas-de-eficiencia-enerxetica-nos-edificios-administrativos-e-xudiciais\\\/\"},\"author\":{\"name\":\"Super User\",\"@id\":\"https:\\\/\\\/ppdegalicia.com\\\/es\\\/#\\\/schema\\\/person\\\/d0f013b8388c980665d44009ab762960\"},\"headline\":\"O Parlamento insta \u00e1 Xunta a avanzar na implantaci\u00f3n de medidas de eficiencia enerx\u00e9tica nos edificios administrativos e xudiciais\",\"datePublished\":\"2017-03-17T14:47:18+00:00\",\"mainEntityOfPage\":{\"@id\":\"https:\\\/\\\/ppdegalicia.com\\\/es\\\/o-parlamento-insta-a-xunta-a-avanzar-na-implantacion-de-medidas-de-eficiencia-enerxetica-nos-edificios-administrativos-e-xudiciais\\\/\"},\"wordCount\":519,\"commentCount\":0,\"publisher\":{\"@id\":\"https:\\\/\\\/ppdegalicia.com\\\/es\\\/#organization\"},\"articleSection\":[\"PP de Galicia\"],\"inLanguage\":\"es\",\"potentialAction\":[{\"@type\":\"CommentAction\",\"name\":\"Comment\",\"target\":[\"https:\\\/\\\/ppdegalicia.com\\\/es\\\/o-parlamento-insta-a-xunta-a-avanzar-na-implantacion-de-medidas-de-eficiencia-enerxetica-nos-edificios-administrativos-e-xudiciais\\\/#respond\"]}]},{\"@type\":\"WebPage\",\"@id\":\"https:\\\/\\\/ppdegalicia.com\\\/es\\\/o-parlamento-insta-a-xunta-a-avanzar-na-implantacion-de-medidas-de-eficiencia-enerxetica-nos-edificios-administrativos-e-xudiciais\\\/\",\"url\":\"https:\\\/\\\/ppdegalicia.com\\\/es\\\/o-parlamento-insta-a-xunta-a-avanzar-na-implantacion-de-medidas-de-eficiencia-enerxetica-nos-edificios-administrativos-e-xudiciais\\\/\",\"name\":\"O Parlamento insta \u00e1 Xunta a avanzar na implantaci\u00f3n de medidas de eficiencia enerx\u00e9tica nos edificios administrativos e xudiciais - PP de Galicia\",\"isPartOf\":{\"@id\":\"https:\\\/\\\/ppdegalicia.com\\\/es\\\/#website\"},\"datePublished\":\"2017-03-17T14:47:18+00:00\",\"breadcrumb\":{\"@id\":\"https:\\\/\\\/ppdegalicia.com\\\/es\\\/o-parlamento-insta-a-xunta-a-avanzar-na-implantacion-de-medidas-de-eficiencia-enerxetica-nos-edificios-administrativos-e-xudiciais\\\/#breadcrumb\"},\"inLanguage\":\"es\",\"potentialAction\":[{\"@type\":\"ReadAction\",\"target\":[\"https:\\\/\\\/ppdegalicia.com\\\/es\\\/o-parlamento-insta-a-xunta-a-avanzar-na-implantacion-de-medidas-de-eficiencia-enerxetica-nos-edificios-administrativos-e-xudiciais\\\/\"]}]},{\"@type\":\"BreadcrumbList\",\"@id\":\"https:\\\/\\\/ppdegalicia.com\\\/es\\\/o-parlamento-insta-a-xunta-a-avanzar-na-implantacion-de-medidas-de-eficiencia-enerxetica-nos-edificios-administrativos-e-xudiciais\\\/#breadcrumb\",\"itemListElement\":[{\"@type\":\"ListItem\",\"position\":1,\"name\":\"Portada\",\"item\":\"https:\\\/\\\/ppdegalicia.com\\\/es\\\/\"},{\"@type\":\"ListItem\",\"position\":2,\"name\":\"O Parlamento insta \u00e1 Xunta a avanzar na implantaci\u00f3n de medidas de eficiencia enerx\u00e9tica nos edificios administrativos e xudiciais\"}]},{\"@type\":\"WebSite\",\"@id\":\"https:\\\/\\\/ppdegalicia.com\\\/es\\\/#website\",\"url\":\"https:\\\/\\\/ppdegalicia.com\\\/es\\\/\",\"name\":\"Partido Popular de Galicia\",\"description\":\"Partido Popular de Galicia\",\"publisher\":{\"@id\":\"https:\\\/\\\/ppdegalicia.com\\\/es\\\/#organization\"},\"alternateName\":\"PP de Galicia\",\"potentialAction\":[{\"@type\":\"SearchAction\",\"target\":{\"@type\":\"EntryPoint\",\"urlTemplate\":\"https:\\\/\\\/ppdegalicia.com\\\/es\\\/?s={search_term_string}\"},\"query-input\":{\"@type\":\"PropertyValueSpecification\",\"valueRequired\":true,\"valueName\":\"search_term_string\"}}],\"inLanguage\":\"es\"},{\"@type\":\"Organization\",\"@id\":\"https:\\\/\\\/ppdegalicia.com\\\/es\\\/#organization\",\"name\":\"Partido Popular de Galicia\",\"alternateName\":\"PP de Galicia\",\"url\":\"https:\\\/\\\/ppdegalicia.com\\\/es\\\/\",\"logo\":{\"@type\":\"ImageObject\",\"inLanguage\":\"es\",\"@id\":\"https:\\\/\\\/ppdegalicia.com\\\/es\\\/#\\\/schema\\\/logo\\\/image\\\/\",\"url\":\"https:\\\/\\\/ppdegalicia.com\\\/wp-content\\\/uploads\\\/2023\\\/04\\\/logoPP512.png\",\"contentUrl\":\"https:\\\/\\\/ppdegalicia.com\\\/wp-content\\\/uploads\\\/2023\\\/04\\\/logoPP512.png\",\"width\":512,\"height\":512,\"caption\":\"Partido Popular de Galicia\"},\"image\":{\"@id\":\"https:\\\/\\\/ppdegalicia.com\\\/es\\\/#\\\/schema\\\/logo\\\/image\\\/\"},\"sameAs\":[\"https:\\\/\\\/www.instagram.com\\\/ppdegalicia\\\/\",\"https:\\\/\\\/x.com\\\/ppdegalicia\",\"https:\\\/\\\/www.tiktok.com\\\/@ppdegalicia\",\"https:\\\/\\\/www.youtube.com\\\/user\\\/ppdegalicia\"]},{\"@type\":\"Person\",\"@id\":\"https:\\\/\\\/ppdegalicia.com\\\/es\\\/#\\\/schema\\\/person\\\/d0f013b8388c980665d44009ab762960\",\"name\":\"Super User\",\"image\":{\"@type\":\"ImageObject\",\"inLanguage\":\"es\",\"@id\":\"https:\\\/\\\/secure.gravatar.com\\\/avatar\\\/1db852625ef4948f58d2739bfbc51e4b9bd5c93b8fa340b59fdb594ca0845645?s=96&d=mm&r=g\",\"url\":\"https:\\\/\\\/secure.gravatar.com\\\/avatar\\\/1db852625ef4948f58d2739bfbc51e4b9bd5c93b8fa340b59fdb594ca0845645?s=96&d=mm&r=g\",\"contentUrl\":\"https:\\\/\\\/secure.gravatar.com\\\/avatar\\\/1db852625ef4948f58d2739bfbc51e4b9bd5c93b8fa340b59fdb594ca0845645?s=96&d=mm&r=g\",\"caption\":\"Super User\"},\"url\":\"https:\\\/\\\/ppdegalicia.com\\\/es\\\/author\\\/ppdegaliciagestion\\\/\"}]}<\/script>\n<!-- \/ Yoast SEO plugin. -->","yoast_head_json":{"title":"O Parlamento insta \u00e1 Xunta a avanzar na implantaci\u00f3n de medidas de eficiencia enerx\u00e9tica nos edificios administrativos e xudiciais - PP de Galicia","robots":{"index":"index","follow":"follow","max-snippet":"max-snippet:-1","max-image-preview":"max-image-preview:large","max-video-preview":"max-video-preview:-1"},"canonical":"https:\/\/ppdegalicia.com\/es\/o-parlamento-insta-a-xunta-a-avanzar-na-implantacion-de-medidas-de-eficiencia-enerxetica-nos-edificios-administrativos-e-xudiciais\/","og_locale":"es_ES","og_type":"article","og_title":"O Parlamento insta \u00e1 Xunta a avanzar na implantaci\u00f3n de medidas de eficiencia enerx\u00e9tica nos edificios administrativos e xudiciais - PP de Galicia","og_description":"Santiago, 17 de marzo de 2017.- O Parlamento de Galicia aprobou esta ma\u00f1\u00e1 por unanimidade unha proposici\u00f3n non de lei, a iniciativa do Grupo Popular, a trav\u00e9s da que se insta \u00e1 Xunta de Galicia a continuar avanzando na implantaci\u00f3n de medidas de eficiencia enerx\u00e9tica nos edificios administrativos e xudiciais, co fin de reducir o [&hellip;]","og_url":"https:\/\/ppdegalicia.com\/es\/o-parlamento-insta-a-xunta-a-avanzar-na-implantacion-de-medidas-de-eficiencia-enerxetica-nos-edificios-administrativos-e-xudiciais\/","og_site_name":"PP de Galicia","article_publisher":"https:\/\/www.instagram.com\/ppdegalicia\/","article_published_time":"2017-03-17T14:47:18+00:00","author":"Super User","twitter_card":"summary_large_image","twitter_creator":"@ppdegalicia","twitter_site":"@ppdegalicia","twitter_misc":{"Escrito por":"Super User","Tiempo de lectura":"2 minutos"},"schema":{"@context":"https:\/\/schema.org","@graph":[{"@type":"Article","@id":"https:\/\/ppdegalicia.com\/es\/o-parlamento-insta-a-xunta-a-avanzar-na-implantacion-de-medidas-de-eficiencia-enerxetica-nos-edificios-administrativos-e-xudiciais\/#article","isPartOf":{"@id":"https:\/\/ppdegalicia.com\/es\/o-parlamento-insta-a-xunta-a-avanzar-na-implantacion-de-medidas-de-eficiencia-enerxetica-nos-edificios-administrativos-e-xudiciais\/"},"author":{"name":"Super User","@id":"https:\/\/ppdegalicia.com\/es\/#\/schema\/person\/d0f013b8388c980665d44009ab762960"},"headline":"O Parlamento insta \u00e1 Xunta a avanzar na implantaci\u00f3n de medidas de eficiencia enerx\u00e9tica nos edificios administrativos e xudiciais","datePublished":"2017-03-17T14:47:18+00:00","mainEntityOfPage":{"@id":"https:\/\/ppdegalicia.com\/es\/o-parlamento-insta-a-xunta-a-avanzar-na-implantacion-de-medidas-de-eficiencia-enerxetica-nos-edificios-administrativos-e-xudiciais\/"},"wordCount":519,"commentCount":0,"publisher":{"@id":"https:\/\/ppdegalicia.com\/es\/#organization"},"articleSection":["PP de Galicia"],"inLanguage":"es","potentialAction":[{"@type":"CommentAction","name":"Comment","target":["https:\/\/ppdegalicia.com\/es\/o-parlamento-insta-a-xunta-a-avanzar-na-implantacion-de-medidas-de-eficiencia-enerxetica-nos-edificios-administrativos-e-xudiciais\/#respond"]}]},{"@type":"WebPage","@id":"https:\/\/ppdegalicia.com\/es\/o-parlamento-insta-a-xunta-a-avanzar-na-implantacion-de-medidas-de-eficiencia-enerxetica-nos-edificios-administrativos-e-xudiciais\/","url":"https:\/\/ppdegalicia.com\/es\/o-parlamento-insta-a-xunta-a-avanzar-na-implantacion-de-medidas-de-eficiencia-enerxetica-nos-edificios-administrativos-e-xudiciais\/","name":"O Parlamento insta \u00e1 Xunta a avanzar na implantaci\u00f3n de medidas de eficiencia enerx\u00e9tica nos edificios administrativos e xudiciais - PP de Galicia","isPartOf":{"@id":"https:\/\/ppdegalicia.com\/es\/#website"},"datePublished":"2017-03-17T14:47:18+00:00","breadcrumb":{"@id":"https:\/\/ppdegalicia.com\/es\/o-parlamento-insta-a-xunta-a-avanzar-na-implantacion-de-medidas-de-eficiencia-enerxetica-nos-edificios-administrativos-e-xudiciais\/#breadcrumb"},"inLanguage":"es","potentialAction":[{"@type":"ReadAction","target":["https:\/\/ppdegalicia.com\/es\/o-parlamento-insta-a-xunta-a-avanzar-na-implantacion-de-medidas-de-eficiencia-enerxetica-nos-edificios-administrativos-e-xudiciais\/"]}]},{"@type":"BreadcrumbList","@id":"https:\/\/ppdegalicia.com\/es\/o-parlamento-insta-a-xunta-a-avanzar-na-implantacion-de-medidas-de-eficiencia-enerxetica-nos-edificios-administrativos-e-xudiciais\/#breadcrumb","itemListElement":[{"@type":"ListItem","position":1,"name":"Portada","item":"https:\/\/ppdegalicia.com\/es\/"},{"@type":"ListItem","position":2,"name":"O Parlamento insta \u00e1 Xunta a avanzar na implantaci\u00f3n de medidas de eficiencia enerx\u00e9tica nos edificios administrativos e xudiciais"}]},{"@type":"WebSite","@id":"https:\/\/ppdegalicia.com\/es\/#website","url":"https:\/\/ppdegalicia.com\/es\/","name":"Partido Popular de Galicia","description":"Partido Popular de Galicia","publisher":{"@id":"https:\/\/ppdegalicia.com\/es\/#organization"},"alternateName":"PP de Galicia","potentialAction":[{"@type":"SearchAction","target":{"@type":"EntryPoint","urlTemplate":"https:\/\/ppdegalicia.com\/es\/?s={search_term_string}"},"query-input":{"@type":"PropertyValueSpecification","valueRequired":true,"valueName":"search_term_string"}}],"inLanguage":"es"},{"@type":"Organization","@id":"https:\/\/ppdegalicia.com\/es\/#organization","name":"Partido Popular de Galicia","alternateName":"PP de Galicia","url":"https:\/\/ppdegalicia.com\/es\/","logo":{"@type":"ImageObject","inLanguage":"es","@id":"https:\/\/ppdegalicia.com\/es\/#\/schema\/logo\/image\/","url":"https:\/\/ppdegalicia.com\/wp-content\/uploads\/2023\/04\/logoPP512.png","contentUrl":"https:\/\/ppdegalicia.com\/wp-content\/uploads\/2023\/04\/logoPP512.png","width":512,"height":512,"caption":"Partido Popular de Galicia"},"image":{"@id":"https:\/\/ppdegalicia.com\/es\/#\/schema\/logo\/image\/"},"sameAs":["https:\/\/www.instagram.com\/ppdegalicia\/","https:\/\/x.com\/ppdegalicia","https:\/\/www.tiktok.com\/@ppdegalicia","https:\/\/www.youtube.com\/user\/ppdegalicia"]},{"@type":"Person","@id":"https:\/\/ppdegalicia.com\/es\/#\/schema\/person\/d0f013b8388c980665d44009ab762960","name":"Super User","image":{"@type":"ImageObject","inLanguage":"es","@id":"https:\/\/secure.gravatar.com\/avatar\/1db852625ef4948f58d2739bfbc51e4b9bd5c93b8fa340b59fdb594ca0845645?s=96&d=mm&r=g","url":"https:\/\/secure.gravatar.com\/avatar\/1db852625ef4948f58d2739bfbc51e4b9bd5c93b8fa340b59fdb594ca0845645?s=96&d=mm&r=g","contentUrl":"https:\/\/secure.gravatar.com\/avatar\/1db852625ef4948f58d2739bfbc51e4b9bd5c93b8fa340b59fdb594ca0845645?s=96&d=mm&r=g","caption":"Super User"},"url":"https:\/\/ppdegalicia.com\/es\/author\/ppdegaliciagestion\/"}]}},"_links":{"self":[{"href":"https:\/\/ppdegalicia.com\/es\/wp-json\/wp\/v2\/posts\/53446","targetHints":{"allow":["GET"]}}],"collection":[{"href":"https:\/\/ppdegalicia.com\/es\/wp-json\/wp\/v2\/posts"}],"about":[{"href":"https:\/\/ppdegalicia.com\/es\/wp-json\/wp\/v2\/types\/post"}],"author":[{"embeddable":true,"href":"https:\/\/ppdegalicia.com\/es\/wp-json\/wp\/v2\/users\/37"}],"replies":[{"embeddable":true,"href":"https:\/\/ppdegalicia.com\/es\/wp-json\/wp\/v2\/comments?post=53446"}],"version-history":[{"count":0,"href":"https:\/\/ppdegalicia.com\/es\/wp-json\/wp\/v2\/posts\/53446\/revisions"}],"wp:attachment":[{"href":"https:\/\/ppdegalicia.com\/es\/wp-json\/wp\/v2\/media?parent=53446"}],"wp:term":[{"taxonomy":"category","embeddable":true,"href":"https:\/\/ppdegalicia.com\/es\/wp-json\/wp\/v2\/categories?post=53446"},{"taxonomy":"post_tag","embeddable":true,"href":"https:\/\/ppdegalicia.com\/es\/wp-json\/wp\/v2\/tags?post=53446"}],"curies":[{"name":"wp","href":"https:\/\/api.w.org\/{rel}","templated":true}]}}