{"id":53472,"date":"2017-03-28T11:42:34","date_gmt":"2017-03-28T09:42:34","guid":{"rendered":"https:\/\/ppdegalicia.com\/o-grupo-popular-solicitara-no-pleno-a-creacion-de-cemiterios-para-as-confesions-minoritarias-con-maior-arraigo-en-galicia\/"},"modified":"2017-03-28T11:42:34","modified_gmt":"2017-03-28T09:42:34","slug":"o-grupo-popular-solicitara-no-pleno-a-creacion-de-cemiterios-para-as-confesions-minoritarias-con-maior-arraigo-en-galicia","status":"publish","type":"post","link":"https:\/\/ppdegalicia.com\/es\/o-grupo-popular-solicitara-no-pleno-a-creacion-de-cemiterios-para-as-confesions-minoritarias-con-maior-arraigo-en-galicia\/","title":{"rendered":"O Grupo Popular solicitar\u00e1 no pleno a creaci\u00f3n de cemiterios para as confesi\u00f3ns minoritarias con maior arraigo en Galicia"},"content":{"rendered":"<p>Santiago, 28 de marzo de 2017.- O Grupo Popular defender&aacute; no Pleno da vindeira semana o impulso &aacute; creaci&oacute;n de cemiterios que atendan a demanda de soterramentos conforme aos requisitos das confesi&oacute;ns minoritarias con maior arraigo en Galicia, como a musulm&aacute;n ou a xudea. As&iacute; mesmo, demandar&aacute; a elaboraci&oacute;n dun programa de actos que conmemore o 30 aniversario da declaraci&oacute;n do Cami&ntilde;o de Santiago como Primeiro Itinerario Cultural Europeo.<\/p>\n<p>\n<!--more--><br \/>\n<br \/>Ao remate da Xunta de Portavoces, o viceportavoz do Grupo Popular, Miguel Tellado, concretou que a sesi&oacute;n plenaria da vindeira semana incl&uacute;e 28 asuntos, dos que 22 son a iniciativa da oposici&oacute;n.<\/p>\n<p>GOBERNO QUE COMPARECE<\/p>\n<p>En concreto, o Pleno dar&aacute; comezo coa comparecencia do conselleiro de Facenda, coa que se pecha as presenzas dos membros do Goberno galego para dar conta das li&ntilde;as xerais de actuaci&oacute;n nos seus departamentos para a presente lexislatura. &ldquo;Estamos a falar dun Goberno que comparece e que acode ao Parlamento a render contas, do mesmo xeito que tam&eacute;n o fixo o propio Presidente da Xunta para informar do contido e alcance da Conferencia de Presidentes&rdquo;, apuntou Tellado.<\/p>\n<p>&nbsp;<\/p>\n<p>Respecto das iniciativas que defender&aacute; o Grupo Popular, o viceportavoz lembrou que &ldquo;hai 30 anos que o Cami&ntilde;o de Santiago foi nomeado Primeiro Itinerario Cultural Europeo, polo que instamos &aacute; Xunta a conmemorar este aniversario cun programa de actividades&rdquo;.<\/p>\n<p>&nbsp;<\/p>\n<p>&ldquo;Cremos que o Cami&ntilde;o de Santiago &eacute; un s&iacute;mbolo da nosa visi&oacute;n de Europa: cunha ra&iacute;z no humanismo cristi&aacute;n, pero tolerante e integradora&rdquo;, manifestou.<\/p>\n<p>&nbsp;<\/p>\n<p><strong>CEMITERIOS CONFESI&Oacute;NS MINORITARIAS<\/strong><\/p>\n<p>&nbsp;<\/p>\n<p>O Grupo Popular tam&eacute;n leva ao Pleno da vindeira semana outra proposici&oacute;n non de lei, que recolle unha proposta do programa electoral co que o PPdeG se presentou &aacute;s &uacute;ltimas elecci&oacute;ns auton&oacute;micas, a trav&eacute;s da que se insta &aacute; Xunta para que, en colaboraci&oacute;n coa Federaci&oacute;n Galega de Municipios e Provincias (Fegamp), se creen cemiterios adaptados &aacute;s confesi&oacute;ns minoritarias.<\/p>\n<p>&nbsp;<\/p>\n<p>Esta proposta responde &aacute;s dificultades que amosaron a representantes do PPdeG membros da colectividade xudea ou musulm&aacute;n para atopar espazos nos que poder soterrar aos seus mortos segundo as s&uacute;as costumes. &ldquo;O Partido Popular de Galicia, ao contrario doutros grupos que fan bandeira do anticlericalismo, respecta profundamente o feito relixioso, non s&oacute; como unha manifestaci&oacute;n cultural sen&oacute;n tam&eacute;n como a expresi&oacute;n dunha liberdade fundamental, como &eacute; a liberdade de culto&rdquo;, explicou Miguel Tellado.<br \/>No apartado de preguntas, o Grupo Popular cuestionar&aacute; ao Goberno galego sobre a posici&oacute;n que defendeu na Comisi&oacute;n Xeral das comunidades aut&oacute;nomas respecto da necesidade dun Plan nacional do ensino celebrada onte; sobre as familias que se te&ntilde;en beneficiado do plan de axudas &aacute; natalidade; ou sobre a evoluci&oacute;n por segmento da flota das descargas e vendas nos &uacute;ltimos anos no caladoiro nacional Cant&aacute;brico-Noroeste.<\/p>\n","protected":false},"excerpt":{"rendered":"<p>Santiago, 28 de marzo de 2017.- O Grupo Popular defender&aacute; no Pleno da vindeira semana o impulso &aacute; creaci&oacute;n de cemiterios que atendan a demanda de soterramentos conforme aos requisitos das confesi&oacute;ns minoritarias con maior arraigo en Galicia, como a musulm&aacute;n ou a xudea. As&iacute; mesmo, demandar&aacute; a elaboraci&oacute;n dun programa de actos que conmemore [&hellip;]<\/p>\n","protected":false},"author":37,"featured_media":0,"comment_status":"open","ping_status":"open","sticky":false,"template":"","format":"standard","meta":{"_acf_changed":false,"footnotes":""},"categories":[1],"tags":[],"class_list":["post-53472","post","type-post","status-publish","format-standard","hentry","category-pp-de-galicia"],"acf":[],"yoast_head":"<!-- This site is optimized with the Yoast SEO plugin v27.3 - https:\/\/yoast.com\/product\/yoast-seo-wordpress\/ -->\n<title>O Grupo Popular solicitar\u00e1 no pleno a creaci\u00f3n de cemiterios para as confesi\u00f3ns minoritarias con maior arraigo en Galicia - PP de Galicia<\/title>\n<meta name=\"robots\" content=\"index, follow, max-snippet:-1, max-image-preview:large, max-video-preview:-1\" \/>\n<link rel=\"canonical\" href=\"https:\/\/ppdegalicia.com\/es\/o-grupo-popular-solicitara-no-pleno-a-creacion-de-cemiterios-para-as-confesions-minoritarias-con-maior-arraigo-en-galicia\/\" \/>\n<meta property=\"og:locale\" content=\"es_ES\" \/>\n<meta property=\"og:type\" content=\"article\" \/>\n<meta property=\"og:title\" content=\"O Grupo Popular solicitar\u00e1 no pleno a creaci\u00f3n de cemiterios para as confesi\u00f3ns minoritarias con maior arraigo en Galicia - PP de Galicia\" \/>\n<meta property=\"og:description\" content=\"Santiago, 28 de marzo de 2017.- O Grupo Popular defender&aacute; no Pleno da vindeira semana o impulso &aacute; creaci&oacute;n de cemiterios que atendan a demanda de soterramentos conforme aos requisitos das confesi&oacute;ns minoritarias con maior arraigo en Galicia, como a musulm&aacute;n ou a xudea. As&iacute; mesmo, demandar&aacute; a elaboraci&oacute;n dun programa de actos que conmemore [&hellip;]\" \/>\n<meta property=\"og:url\" content=\"https:\/\/ppdegalicia.com\/es\/o-grupo-popular-solicitara-no-pleno-a-creacion-de-cemiterios-para-as-confesions-minoritarias-con-maior-arraigo-en-galicia\/\" \/>\n<meta property=\"og:site_name\" content=\"PP de Galicia\" \/>\n<meta property=\"article:publisher\" content=\"https:\/\/www.instagram.com\/ppdegalicia\/\" \/>\n<meta property=\"article:published_time\" content=\"2017-03-28T09:42:34+00:00\" \/>\n<meta name=\"author\" content=\"Super User\" \/>\n<meta name=\"twitter:card\" content=\"summary_large_image\" \/>\n<meta name=\"twitter:creator\" content=\"@ppdegalicia\" \/>\n<meta name=\"twitter:site\" content=\"@ppdegalicia\" \/>\n<meta name=\"twitter:label1\" content=\"Escrito por\" \/>\n\t<meta name=\"twitter:data1\" content=\"Super User\" \/>\n\t<meta name=\"twitter:label2\" content=\"Tiempo de lectura\" \/>\n\t<meta name=\"twitter:data2\" content=\"3 minutos\" \/>\n<script type=\"application\/ld+json\" class=\"yoast-schema-graph\">{\"@context\":\"https:\\\/\\\/schema.org\",\"@graph\":[{\"@type\":\"Article\",\"@id\":\"https:\\\/\\\/ppdegalicia.com\\\/es\\\/o-grupo-popular-solicitara-no-pleno-a-creacion-de-cemiterios-para-as-confesions-minoritarias-con-maior-arraigo-en-galicia\\\/#article\",\"isPartOf\":{\"@id\":\"https:\\\/\\\/ppdegalicia.com\\\/es\\\/o-grupo-popular-solicitara-no-pleno-a-creacion-de-cemiterios-para-as-confesions-minoritarias-con-maior-arraigo-en-galicia\\\/\"},\"author\":{\"name\":\"Super User\",\"@id\":\"https:\\\/\\\/ppdegalicia.com\\\/es\\\/#\\\/schema\\\/person\\\/d0f013b8388c980665d44009ab762960\"},\"headline\":\"O Grupo Popular solicitar\u00e1 no pleno a creaci\u00f3n de cemiterios para as confesi\u00f3ns minoritarias con maior arraigo en Galicia\",\"datePublished\":\"2017-03-28T09:42:34+00:00\",\"mainEntityOfPage\":{\"@id\":\"https:\\\/\\\/ppdegalicia.com\\\/es\\\/o-grupo-popular-solicitara-no-pleno-a-creacion-de-cemiterios-para-as-confesions-minoritarias-con-maior-arraigo-en-galicia\\\/\"},\"wordCount\":562,\"commentCount\":0,\"publisher\":{\"@id\":\"https:\\\/\\\/ppdegalicia.com\\\/es\\\/#organization\"},\"articleSection\":[\"PP de Galicia\"],\"inLanguage\":\"es\",\"potentialAction\":[{\"@type\":\"CommentAction\",\"name\":\"Comment\",\"target\":[\"https:\\\/\\\/ppdegalicia.com\\\/es\\\/o-grupo-popular-solicitara-no-pleno-a-creacion-de-cemiterios-para-as-confesions-minoritarias-con-maior-arraigo-en-galicia\\\/#respond\"]}]},{\"@type\":\"WebPage\",\"@id\":\"https:\\\/\\\/ppdegalicia.com\\\/es\\\/o-grupo-popular-solicitara-no-pleno-a-creacion-de-cemiterios-para-as-confesions-minoritarias-con-maior-arraigo-en-galicia\\\/\",\"url\":\"https:\\\/\\\/ppdegalicia.com\\\/es\\\/o-grupo-popular-solicitara-no-pleno-a-creacion-de-cemiterios-para-as-confesions-minoritarias-con-maior-arraigo-en-galicia\\\/\",\"name\":\"O Grupo Popular solicitar\u00e1 no pleno a creaci\u00f3n de cemiterios para as confesi\u00f3ns minoritarias con maior arraigo en Galicia - PP de Galicia\",\"isPartOf\":{\"@id\":\"https:\\\/\\\/ppdegalicia.com\\\/es\\\/#website\"},\"datePublished\":\"2017-03-28T09:42:34+00:00\",\"breadcrumb\":{\"@id\":\"https:\\\/\\\/ppdegalicia.com\\\/es\\\/o-grupo-popular-solicitara-no-pleno-a-creacion-de-cemiterios-para-as-confesions-minoritarias-con-maior-arraigo-en-galicia\\\/#breadcrumb\"},\"inLanguage\":\"es\",\"potentialAction\":[{\"@type\":\"ReadAction\",\"target\":[\"https:\\\/\\\/ppdegalicia.com\\\/es\\\/o-grupo-popular-solicitara-no-pleno-a-creacion-de-cemiterios-para-as-confesions-minoritarias-con-maior-arraigo-en-galicia\\\/\"]}]},{\"@type\":\"BreadcrumbList\",\"@id\":\"https:\\\/\\\/ppdegalicia.com\\\/es\\\/o-grupo-popular-solicitara-no-pleno-a-creacion-de-cemiterios-para-as-confesions-minoritarias-con-maior-arraigo-en-galicia\\\/#breadcrumb\",\"itemListElement\":[{\"@type\":\"ListItem\",\"position\":1,\"name\":\"Portada\",\"item\":\"https:\\\/\\\/ppdegalicia.com\\\/es\\\/\"},{\"@type\":\"ListItem\",\"position\":2,\"name\":\"O Grupo Popular solicitar\u00e1 no pleno a creaci\u00f3n de cemiterios para as confesi\u00f3ns minoritarias con maior arraigo en Galicia\"}]},{\"@type\":\"WebSite\",\"@id\":\"https:\\\/\\\/ppdegalicia.com\\\/es\\\/#website\",\"url\":\"https:\\\/\\\/ppdegalicia.com\\\/es\\\/\",\"name\":\"Partido Popular de Galicia\",\"description\":\"Partido Popular de Galicia\",\"publisher\":{\"@id\":\"https:\\\/\\\/ppdegalicia.com\\\/es\\\/#organization\"},\"alternateName\":\"PP de Galicia\",\"potentialAction\":[{\"@type\":\"SearchAction\",\"target\":{\"@type\":\"EntryPoint\",\"urlTemplate\":\"https:\\\/\\\/ppdegalicia.com\\\/es\\\/?s={search_term_string}\"},\"query-input\":{\"@type\":\"PropertyValueSpecification\",\"valueRequired\":true,\"valueName\":\"search_term_string\"}}],\"inLanguage\":\"es\"},{\"@type\":\"Organization\",\"@id\":\"https:\\\/\\\/ppdegalicia.com\\\/es\\\/#organization\",\"name\":\"Partido Popular de Galicia\",\"alternateName\":\"PP de Galicia\",\"url\":\"https:\\\/\\\/ppdegalicia.com\\\/es\\\/\",\"logo\":{\"@type\":\"ImageObject\",\"inLanguage\":\"es\",\"@id\":\"https:\\\/\\\/ppdegalicia.com\\\/es\\\/#\\\/schema\\\/logo\\\/image\\\/\",\"url\":\"https:\\\/\\\/ppdegalicia.com\\\/wp-content\\\/uploads\\\/2023\\\/04\\\/logoPP512.png\",\"contentUrl\":\"https:\\\/\\\/ppdegalicia.com\\\/wp-content\\\/uploads\\\/2023\\\/04\\\/logoPP512.png\",\"width\":512,\"height\":512,\"caption\":\"Partido Popular de Galicia\"},\"image\":{\"@id\":\"https:\\\/\\\/ppdegalicia.com\\\/es\\\/#\\\/schema\\\/logo\\\/image\\\/\"},\"sameAs\":[\"https:\\\/\\\/www.instagram.com\\\/ppdegalicia\\\/\",\"https:\\\/\\\/x.com\\\/ppdegalicia\",\"https:\\\/\\\/www.tiktok.com\\\/@ppdegalicia\",\"https:\\\/\\\/www.youtube.com\\\/user\\\/ppdegalicia\"]},{\"@type\":\"Person\",\"@id\":\"https:\\\/\\\/ppdegalicia.com\\\/es\\\/#\\\/schema\\\/person\\\/d0f013b8388c980665d44009ab762960\",\"name\":\"Super User\",\"image\":{\"@type\":\"ImageObject\",\"inLanguage\":\"es\",\"@id\":\"https:\\\/\\\/secure.gravatar.com\\\/avatar\\\/1db852625ef4948f58d2739bfbc51e4b9bd5c93b8fa340b59fdb594ca0845645?s=96&d=mm&r=g\",\"url\":\"https:\\\/\\\/secure.gravatar.com\\\/avatar\\\/1db852625ef4948f58d2739bfbc51e4b9bd5c93b8fa340b59fdb594ca0845645?s=96&d=mm&r=g\",\"contentUrl\":\"https:\\\/\\\/secure.gravatar.com\\\/avatar\\\/1db852625ef4948f58d2739bfbc51e4b9bd5c93b8fa340b59fdb594ca0845645?s=96&d=mm&r=g\",\"caption\":\"Super User\"},\"url\":\"https:\\\/\\\/ppdegalicia.com\\\/es\\\/author\\\/ppdegaliciagestion\\\/\"}]}<\/script>\n<!-- \/ Yoast SEO plugin. -->","yoast_head_json":{"title":"O Grupo Popular solicitar\u00e1 no pleno a creaci\u00f3n de cemiterios para as confesi\u00f3ns minoritarias con maior arraigo en Galicia - PP de Galicia","robots":{"index":"index","follow":"follow","max-snippet":"max-snippet:-1","max-image-preview":"max-image-preview:large","max-video-preview":"max-video-preview:-1"},"canonical":"https:\/\/ppdegalicia.com\/es\/o-grupo-popular-solicitara-no-pleno-a-creacion-de-cemiterios-para-as-confesions-minoritarias-con-maior-arraigo-en-galicia\/","og_locale":"es_ES","og_type":"article","og_title":"O Grupo Popular solicitar\u00e1 no pleno a creaci\u00f3n de cemiterios para as confesi\u00f3ns minoritarias con maior arraigo en Galicia - PP de Galicia","og_description":"Santiago, 28 de marzo de 2017.- O Grupo Popular defender&aacute; no Pleno da vindeira semana o impulso &aacute; creaci&oacute;n de cemiterios que atendan a demanda de soterramentos conforme aos requisitos das confesi&oacute;ns minoritarias con maior arraigo en Galicia, como a musulm&aacute;n ou a xudea. As&iacute; mesmo, demandar&aacute; a elaboraci&oacute;n dun programa de actos que conmemore [&hellip;]","og_url":"https:\/\/ppdegalicia.com\/es\/o-grupo-popular-solicitara-no-pleno-a-creacion-de-cemiterios-para-as-confesions-minoritarias-con-maior-arraigo-en-galicia\/","og_site_name":"PP de Galicia","article_publisher":"https:\/\/www.instagram.com\/ppdegalicia\/","article_published_time":"2017-03-28T09:42:34+00:00","author":"Super User","twitter_card":"summary_large_image","twitter_creator":"@ppdegalicia","twitter_site":"@ppdegalicia","twitter_misc":{"Escrito por":"Super User","Tiempo de lectura":"3 minutos"},"schema":{"@context":"https:\/\/schema.org","@graph":[{"@type":"Article","@id":"https:\/\/ppdegalicia.com\/es\/o-grupo-popular-solicitara-no-pleno-a-creacion-de-cemiterios-para-as-confesions-minoritarias-con-maior-arraigo-en-galicia\/#article","isPartOf":{"@id":"https:\/\/ppdegalicia.com\/es\/o-grupo-popular-solicitara-no-pleno-a-creacion-de-cemiterios-para-as-confesions-minoritarias-con-maior-arraigo-en-galicia\/"},"author":{"name":"Super User","@id":"https:\/\/ppdegalicia.com\/es\/#\/schema\/person\/d0f013b8388c980665d44009ab762960"},"headline":"O Grupo Popular solicitar\u00e1 no pleno a creaci\u00f3n de cemiterios para as confesi\u00f3ns minoritarias con maior arraigo en Galicia","datePublished":"2017-03-28T09:42:34+00:00","mainEntityOfPage":{"@id":"https:\/\/ppdegalicia.com\/es\/o-grupo-popular-solicitara-no-pleno-a-creacion-de-cemiterios-para-as-confesions-minoritarias-con-maior-arraigo-en-galicia\/"},"wordCount":562,"commentCount":0,"publisher":{"@id":"https:\/\/ppdegalicia.com\/es\/#organization"},"articleSection":["PP de Galicia"],"inLanguage":"es","potentialAction":[{"@type":"CommentAction","name":"Comment","target":["https:\/\/ppdegalicia.com\/es\/o-grupo-popular-solicitara-no-pleno-a-creacion-de-cemiterios-para-as-confesions-minoritarias-con-maior-arraigo-en-galicia\/#respond"]}]},{"@type":"WebPage","@id":"https:\/\/ppdegalicia.com\/es\/o-grupo-popular-solicitara-no-pleno-a-creacion-de-cemiterios-para-as-confesions-minoritarias-con-maior-arraigo-en-galicia\/","url":"https:\/\/ppdegalicia.com\/es\/o-grupo-popular-solicitara-no-pleno-a-creacion-de-cemiterios-para-as-confesions-minoritarias-con-maior-arraigo-en-galicia\/","name":"O Grupo Popular solicitar\u00e1 no pleno a creaci\u00f3n de cemiterios para as confesi\u00f3ns minoritarias con maior arraigo en Galicia - PP de Galicia","isPartOf":{"@id":"https:\/\/ppdegalicia.com\/es\/#website"},"datePublished":"2017-03-28T09:42:34+00:00","breadcrumb":{"@id":"https:\/\/ppdegalicia.com\/es\/o-grupo-popular-solicitara-no-pleno-a-creacion-de-cemiterios-para-as-confesions-minoritarias-con-maior-arraigo-en-galicia\/#breadcrumb"},"inLanguage":"es","potentialAction":[{"@type":"ReadAction","target":["https:\/\/ppdegalicia.com\/es\/o-grupo-popular-solicitara-no-pleno-a-creacion-de-cemiterios-para-as-confesions-minoritarias-con-maior-arraigo-en-galicia\/"]}]},{"@type":"BreadcrumbList","@id":"https:\/\/ppdegalicia.com\/es\/o-grupo-popular-solicitara-no-pleno-a-creacion-de-cemiterios-para-as-confesions-minoritarias-con-maior-arraigo-en-galicia\/#breadcrumb","itemListElement":[{"@type":"ListItem","position":1,"name":"Portada","item":"https:\/\/ppdegalicia.com\/es\/"},{"@type":"ListItem","position":2,"name":"O Grupo Popular solicitar\u00e1 no pleno a creaci\u00f3n de cemiterios para as confesi\u00f3ns minoritarias con maior arraigo en Galicia"}]},{"@type":"WebSite","@id":"https:\/\/ppdegalicia.com\/es\/#website","url":"https:\/\/ppdegalicia.com\/es\/","name":"Partido Popular de Galicia","description":"Partido Popular de Galicia","publisher":{"@id":"https:\/\/ppdegalicia.com\/es\/#organization"},"alternateName":"PP de Galicia","potentialAction":[{"@type":"SearchAction","target":{"@type":"EntryPoint","urlTemplate":"https:\/\/ppdegalicia.com\/es\/?s={search_term_string}"},"query-input":{"@type":"PropertyValueSpecification","valueRequired":true,"valueName":"search_term_string"}}],"inLanguage":"es"},{"@type":"Organization","@id":"https:\/\/ppdegalicia.com\/es\/#organization","name":"Partido Popular de Galicia","alternateName":"PP de Galicia","url":"https:\/\/ppdegalicia.com\/es\/","logo":{"@type":"ImageObject","inLanguage":"es","@id":"https:\/\/ppdegalicia.com\/es\/#\/schema\/logo\/image\/","url":"https:\/\/ppdegalicia.com\/wp-content\/uploads\/2023\/04\/logoPP512.png","contentUrl":"https:\/\/ppdegalicia.com\/wp-content\/uploads\/2023\/04\/logoPP512.png","width":512,"height":512,"caption":"Partido Popular de Galicia"},"image":{"@id":"https:\/\/ppdegalicia.com\/es\/#\/schema\/logo\/image\/"},"sameAs":["https:\/\/www.instagram.com\/ppdegalicia\/","https:\/\/x.com\/ppdegalicia","https:\/\/www.tiktok.com\/@ppdegalicia","https:\/\/www.youtube.com\/user\/ppdegalicia"]},{"@type":"Person","@id":"https:\/\/ppdegalicia.com\/es\/#\/schema\/person\/d0f013b8388c980665d44009ab762960","name":"Super User","image":{"@type":"ImageObject","inLanguage":"es","@id":"https:\/\/secure.gravatar.com\/avatar\/1db852625ef4948f58d2739bfbc51e4b9bd5c93b8fa340b59fdb594ca0845645?s=96&d=mm&r=g","url":"https:\/\/secure.gravatar.com\/avatar\/1db852625ef4948f58d2739bfbc51e4b9bd5c93b8fa340b59fdb594ca0845645?s=96&d=mm&r=g","contentUrl":"https:\/\/secure.gravatar.com\/avatar\/1db852625ef4948f58d2739bfbc51e4b9bd5c93b8fa340b59fdb594ca0845645?s=96&d=mm&r=g","caption":"Super User"},"url":"https:\/\/ppdegalicia.com\/es\/author\/ppdegaliciagestion\/"}]}},"_links":{"self":[{"href":"https:\/\/ppdegalicia.com\/es\/wp-json\/wp\/v2\/posts\/53472","targetHints":{"allow":["GET"]}}],"collection":[{"href":"https:\/\/ppdegalicia.com\/es\/wp-json\/wp\/v2\/posts"}],"about":[{"href":"https:\/\/ppdegalicia.com\/es\/wp-json\/wp\/v2\/types\/post"}],"author":[{"embeddable":true,"href":"https:\/\/ppdegalicia.com\/es\/wp-json\/wp\/v2\/users\/37"}],"replies":[{"embeddable":true,"href":"https:\/\/ppdegalicia.com\/es\/wp-json\/wp\/v2\/comments?post=53472"}],"version-history":[{"count":0,"href":"https:\/\/ppdegalicia.com\/es\/wp-json\/wp\/v2\/posts\/53472\/revisions"}],"wp:attachment":[{"href":"https:\/\/ppdegalicia.com\/es\/wp-json\/wp\/v2\/media?parent=53472"}],"wp:term":[{"taxonomy":"category","embeddable":true,"href":"https:\/\/ppdegalicia.com\/es\/wp-json\/wp\/v2\/categories?post=53472"},{"taxonomy":"post_tag","embeddable":true,"href":"https:\/\/ppdegalicia.com\/es\/wp-json\/wp\/v2\/tags?post=53472"}],"curies":[{"name":"wp","href":"https:\/\/api.w.org\/{rel}","templated":true}]}}