{"id":53483,"date":"2017-04-03T15:49:47","date_gmt":"2017-04-03T13:49:47","guid":{"rendered":"https:\/\/ppdegalicia.com\/puy-asegura-que-a-demanda-de-creacion-de-cemiterios-para-confesions-minoritarias-reforza-o-principio-de-liberdade-relixiosa-e-de-cooperacion-coas-distintas-crenzas\/"},"modified":"2017-04-03T15:49:47","modified_gmt":"2017-04-03T13:49:47","slug":"puy-asegura-que-a-demanda-de-creacion-de-cemiterios-para-confesions-minoritarias-reforza-o-principio-de-liberdade-relixiosa-e-de-cooperacion-coas-distintas-crenzas","status":"publish","type":"post","link":"https:\/\/ppdegalicia.com\/es\/puy-asegura-que-a-demanda-de-creacion-de-cemiterios-para-confesions-minoritarias-reforza-o-principio-de-liberdade-relixiosa-e-de-cooperacion-coas-distintas-crenzas\/","title":{"rendered":"Puy asegura que a demanda de creaci\u00f3n de cemiterios para confesi\u00f3ns minoritarias reforza o principio de liberdade relixiosa e de cooperaci\u00f3n coas distintas crenzas"},"content":{"rendered":"<p>Santiago, 3 de abril de 2017.- O Grupo Popular defender&aacute; no Pleno desta semana a creaci&oacute;n de cemiterios que atendan a demanda de soterramentos das confesi&oacute;ns minoritarias con maior arraigo en Galicia, especialmente musulm&aacute;ns e xudeus; e a conmemoraci&oacute;n do 30 aniversario do reco&ntilde;ecemento do Cami&ntilde;o de Santiago como 1&ordm; Itinerario Cultural Europeo. En concreto, estas d&uacute;as iniciativas &ldquo;tratan do reforzamento tanto dun dos principios fundamentais da Constituci&oacute;n Espa&ntilde;ola, como &eacute; o principio de liberdade relixiosa e de cooperaci&oacute;n coas confesi&oacute;ns relixiosas; como da contribuci&oacute;n ao reforzamento da idea de Europa cunha forte raigame cultural&rdquo;, afirmou o portavoz popular, Pedro Puy.<\/p>\n<p>\n<!--more--><br \/>\n<br \/>Na s&uacute;a explicaci&oacute;n, Puy lembrou que a Constituci&oacute;n Espa&ntilde;ola establece no seu artigo 16 o principio de liberdade relixiosa, ao tempo que no artigo 16.3 recolle o principio de que ningunha confesi&oacute;n relixiosa ten car&aacute;cter estatal, pero que os poderes p&uacute;blicos ter&aacute;n en conta as crenzas relixiosas da sociedade espa&ntilde;ola e manter&aacute;n relaci&oacute;ns de cooperaci&oacute;n coa Igrexa Cat&oacute;lica e as demais confesi&oacute;ns.<\/p>\n<p><strong>MANDATO ESENCIAL DA CONSTITUCI&Oacute;N<\/strong><\/p>\n<p>Deste xeito, manifestou que &ldquo;os poderes p&uacute;blicos, nomeadamente a Xunta e os concellos galegos, te&ntilde;en que actuar para a creaci&oacute;n en Galicia de cemiterios de car&aacute;cter supramunicipal para soterrar &aacute;s persoas de confesi&oacute;ns relixiosas minoritarias, principalmente musulm&aacute;n e xudea&rdquo;.<\/p>\n<p>&nbsp;<\/p>\n<p>Pedro Puy afirmou que na actualidade diversas comunidades aut&oacute;nomas espa&ntilde;olas xa contan con este tipo de cemiterios. A ausencia en Galicia destes espazos &ldquo;implica que unha persoa que profese algunha destas confesi&oacute;ns e queira ser soterrado de acordo con esa confesi&oacute;n, a familia ter&aacute; que pagar o desprazamento correspondente, cun custo que oscila entre os 5.000 e os 15.000 euros&rdquo;.<\/p>\n<p>Coa aprobaci&oacute;n desta proposici&oacute;n non de lei, o Grupo Popular pretende recoller un &ldquo;mandato esencial da Constituci&oacute;n Espa&ntilde;ola, cooperando coas confesi&oacute;ns relixiosas nas que creen galegos ou residentes en Galicia e que te&ntilde;en todo o dereito a que os poderes p&uacute;blicos lle dean resposta a esta problem&aacute;tica&rdquo;.<\/p>\n<p><strong>CONSTRUCI&Oacute;N DE EUROPA<\/strong><\/p>\n<p>En segundo lugar, o Grupo Popular defender&aacute; na sesi&oacute;n plenaria que a Xunta elabore un programa de conmemoraci&oacute;n do 30 aniversario do reco&ntilde;ecemento polo Consello de Europa do Cami&ntilde;o de Santiago como Primeiro Itinerario Cultural Europeo.<\/p>\n<p>Puy asegurou que este feito &ldquo;suscita interese tanto na delegaci&oacute;n espa&ntilde;ola diante do Consello de Europa como na propia instituci&oacute;n en xeral, porque &eacute; certo que Europa se constr&uacute;e a trav&eacute;s de avances institucionais, de acordos pol&iacute;ticos, pero tam&eacute;n a trav&eacute;s de iniciativas de fonda importancia cultural, como &eacute; o reco&ntilde;ecemento do Cami&ntilde;o de Santiago como algo que desde a Idade Media xunta a europeos de todas as naci&oacute;ns no obxectivo com&uacute;n de chegar a Compostela&rdquo;.Para rematar, os deputados populares cuestionar&aacute;n ao Goberno galego sobre o n&uacute;mero de familias que se beneficiaron do plan de axudas &aacute; natalidade; sobre a evoluci&oacute;n das descargas e vendas no caladoiro nacional Cant&aacute;brico-Noroeste; e sobre a posici&oacute;n que o conselleiro de Educaci&oacute;n defendeu na Comisi&oacute;n Xeral das Comunidades Aut&oacute;nomas, celebrada a pasada semana no Senado, respecto da necesidade dun Pacto Nacional no ensino.<\/p>\n","protected":false},"excerpt":{"rendered":"<p>Santiago, 3 de abril de 2017.- O Grupo Popular defender&aacute; no Pleno desta semana a creaci&oacute;n de cemiterios que atendan a demanda de soterramentos das confesi&oacute;ns minoritarias con maior arraigo en Galicia, especialmente musulm&aacute;ns e xudeus; e a conmemoraci&oacute;n do 30 aniversario do reco&ntilde;ecemento do Cami&ntilde;o de Santiago como 1&ordm; Itinerario Cultural Europeo. En concreto, [&hellip;]<\/p>\n","protected":false},"author":37,"featured_media":0,"comment_status":"open","ping_status":"open","sticky":false,"template":"","format":"standard","meta":{"_acf_changed":false,"footnotes":""},"categories":[1],"tags":[],"class_list":["post-53483","post","type-post","status-publish","format-standard","hentry","category-pp-de-galicia"],"acf":[],"yoast_head":"<!-- This site is optimized with the Yoast SEO plugin v27.3 - https:\/\/yoast.com\/product\/yoast-seo-wordpress\/ -->\n<title>Puy asegura que a demanda de creaci\u00f3n de cemiterios para confesi\u00f3ns minoritarias reforza o principio de liberdade relixiosa e de cooperaci\u00f3n coas distintas crenzas - PP de Galicia<\/title>\n<meta name=\"robots\" content=\"index, follow, max-snippet:-1, max-image-preview:large, max-video-preview:-1\" \/>\n<link rel=\"canonical\" href=\"https:\/\/ppdegalicia.com\/es\/puy-asegura-que-a-demanda-de-creacion-de-cemiterios-para-confesions-minoritarias-reforza-o-principio-de-liberdade-relixiosa-e-de-cooperacion-coas-distintas-crenzas\/\" \/>\n<meta property=\"og:locale\" content=\"es_ES\" \/>\n<meta property=\"og:type\" content=\"article\" \/>\n<meta property=\"og:title\" content=\"Puy asegura que a demanda de creaci\u00f3n de cemiterios para confesi\u00f3ns minoritarias reforza o principio de liberdade relixiosa e de cooperaci\u00f3n coas distintas crenzas - PP de Galicia\" \/>\n<meta property=\"og:description\" content=\"Santiago, 3 de abril de 2017.- O Grupo Popular defender&aacute; no Pleno desta semana a creaci&oacute;n de cemiterios que atendan a demanda de soterramentos das confesi&oacute;ns minoritarias con maior arraigo en Galicia, especialmente musulm&aacute;ns e xudeus; e a conmemoraci&oacute;n do 30 aniversario do reco&ntilde;ecemento do Cami&ntilde;o de Santiago como 1&ordm; Itinerario Cultural Europeo. En concreto, [&hellip;]\" \/>\n<meta property=\"og:url\" content=\"https:\/\/ppdegalicia.com\/es\/puy-asegura-que-a-demanda-de-creacion-de-cemiterios-para-confesions-minoritarias-reforza-o-principio-de-liberdade-relixiosa-e-de-cooperacion-coas-distintas-crenzas\/\" \/>\n<meta property=\"og:site_name\" content=\"PP de Galicia\" \/>\n<meta property=\"article:publisher\" content=\"https:\/\/www.instagram.com\/ppdegalicia\/\" \/>\n<meta property=\"article:published_time\" content=\"2017-04-03T13:49:47+00:00\" \/>\n<meta name=\"author\" content=\"Super User\" \/>\n<meta name=\"twitter:card\" content=\"summary_large_image\" \/>\n<meta name=\"twitter:creator\" content=\"@ppdegalicia\" \/>\n<meta name=\"twitter:site\" content=\"@ppdegalicia\" \/>\n<meta name=\"twitter:label1\" content=\"Escrito por\" \/>\n\t<meta name=\"twitter:data1\" content=\"Super User\" \/>\n\t<meta name=\"twitter:label2\" content=\"Tiempo de lectura\" \/>\n\t<meta name=\"twitter:data2\" content=\"3 minutos\" \/>\n<script type=\"application\/ld+json\" class=\"yoast-schema-graph\">{\"@context\":\"https:\\\/\\\/schema.org\",\"@graph\":[{\"@type\":\"Article\",\"@id\":\"https:\\\/\\\/ppdegalicia.com\\\/es\\\/puy-asegura-que-a-demanda-de-creacion-de-cemiterios-para-confesions-minoritarias-reforza-o-principio-de-liberdade-relixiosa-e-de-cooperacion-coas-distintas-crenzas\\\/#article\",\"isPartOf\":{\"@id\":\"https:\\\/\\\/ppdegalicia.com\\\/es\\\/puy-asegura-que-a-demanda-de-creacion-de-cemiterios-para-confesions-minoritarias-reforza-o-principio-de-liberdade-relixiosa-e-de-cooperacion-coas-distintas-crenzas\\\/\"},\"author\":{\"name\":\"Super User\",\"@id\":\"https:\\\/\\\/ppdegalicia.com\\\/es\\\/#\\\/schema\\\/person\\\/d0f013b8388c980665d44009ab762960\"},\"headline\":\"Puy asegura que a demanda de creaci\u00f3n de cemiterios para confesi\u00f3ns minoritarias reforza o principio de liberdade relixiosa e de cooperaci\u00f3n coas distintas crenzas\",\"datePublished\":\"2017-04-03T13:49:47+00:00\",\"mainEntityOfPage\":{\"@id\":\"https:\\\/\\\/ppdegalicia.com\\\/es\\\/puy-asegura-que-a-demanda-de-creacion-de-cemiterios-para-confesions-minoritarias-reforza-o-principio-de-liberdade-relixiosa-e-de-cooperacion-coas-distintas-crenzas\\\/\"},\"wordCount\":667,\"commentCount\":0,\"publisher\":{\"@id\":\"https:\\\/\\\/ppdegalicia.com\\\/es\\\/#organization\"},\"articleSection\":[\"PP de Galicia\"],\"inLanguage\":\"es\",\"potentialAction\":[{\"@type\":\"CommentAction\",\"name\":\"Comment\",\"target\":[\"https:\\\/\\\/ppdegalicia.com\\\/es\\\/puy-asegura-que-a-demanda-de-creacion-de-cemiterios-para-confesions-minoritarias-reforza-o-principio-de-liberdade-relixiosa-e-de-cooperacion-coas-distintas-crenzas\\\/#respond\"]}]},{\"@type\":\"WebPage\",\"@id\":\"https:\\\/\\\/ppdegalicia.com\\\/es\\\/puy-asegura-que-a-demanda-de-creacion-de-cemiterios-para-confesions-minoritarias-reforza-o-principio-de-liberdade-relixiosa-e-de-cooperacion-coas-distintas-crenzas\\\/\",\"url\":\"https:\\\/\\\/ppdegalicia.com\\\/es\\\/puy-asegura-que-a-demanda-de-creacion-de-cemiterios-para-confesions-minoritarias-reforza-o-principio-de-liberdade-relixiosa-e-de-cooperacion-coas-distintas-crenzas\\\/\",\"name\":\"Puy asegura que a demanda de creaci\u00f3n de cemiterios para confesi\u00f3ns minoritarias reforza o principio de liberdade relixiosa e de cooperaci\u00f3n coas distintas crenzas - PP de Galicia\",\"isPartOf\":{\"@id\":\"https:\\\/\\\/ppdegalicia.com\\\/es\\\/#website\"},\"datePublished\":\"2017-04-03T13:49:47+00:00\",\"breadcrumb\":{\"@id\":\"https:\\\/\\\/ppdegalicia.com\\\/es\\\/puy-asegura-que-a-demanda-de-creacion-de-cemiterios-para-confesions-minoritarias-reforza-o-principio-de-liberdade-relixiosa-e-de-cooperacion-coas-distintas-crenzas\\\/#breadcrumb\"},\"inLanguage\":\"es\",\"potentialAction\":[{\"@type\":\"ReadAction\",\"target\":[\"https:\\\/\\\/ppdegalicia.com\\\/es\\\/puy-asegura-que-a-demanda-de-creacion-de-cemiterios-para-confesions-minoritarias-reforza-o-principio-de-liberdade-relixiosa-e-de-cooperacion-coas-distintas-crenzas\\\/\"]}]},{\"@type\":\"BreadcrumbList\",\"@id\":\"https:\\\/\\\/ppdegalicia.com\\\/es\\\/puy-asegura-que-a-demanda-de-creacion-de-cemiterios-para-confesions-minoritarias-reforza-o-principio-de-liberdade-relixiosa-e-de-cooperacion-coas-distintas-crenzas\\\/#breadcrumb\",\"itemListElement\":[{\"@type\":\"ListItem\",\"position\":1,\"name\":\"Portada\",\"item\":\"https:\\\/\\\/ppdegalicia.com\\\/es\\\/\"},{\"@type\":\"ListItem\",\"position\":2,\"name\":\"Puy asegura que a demanda de creaci\u00f3n de cemiterios para confesi\u00f3ns minoritarias reforza o principio de liberdade relixiosa e de cooperaci\u00f3n coas distintas crenzas\"}]},{\"@type\":\"WebSite\",\"@id\":\"https:\\\/\\\/ppdegalicia.com\\\/es\\\/#website\",\"url\":\"https:\\\/\\\/ppdegalicia.com\\\/es\\\/\",\"name\":\"Partido Popular de Galicia\",\"description\":\"Partido Popular de Galicia\",\"publisher\":{\"@id\":\"https:\\\/\\\/ppdegalicia.com\\\/es\\\/#organization\"},\"alternateName\":\"PP de Galicia\",\"potentialAction\":[{\"@type\":\"SearchAction\",\"target\":{\"@type\":\"EntryPoint\",\"urlTemplate\":\"https:\\\/\\\/ppdegalicia.com\\\/es\\\/?s={search_term_string}\"},\"query-input\":{\"@type\":\"PropertyValueSpecification\",\"valueRequired\":true,\"valueName\":\"search_term_string\"}}],\"inLanguage\":\"es\"},{\"@type\":\"Organization\",\"@id\":\"https:\\\/\\\/ppdegalicia.com\\\/es\\\/#organization\",\"name\":\"Partido Popular de Galicia\",\"alternateName\":\"PP de Galicia\",\"url\":\"https:\\\/\\\/ppdegalicia.com\\\/es\\\/\",\"logo\":{\"@type\":\"ImageObject\",\"inLanguage\":\"es\",\"@id\":\"https:\\\/\\\/ppdegalicia.com\\\/es\\\/#\\\/schema\\\/logo\\\/image\\\/\",\"url\":\"https:\\\/\\\/ppdegalicia.com\\\/wp-content\\\/uploads\\\/2023\\\/04\\\/logoPP512.png\",\"contentUrl\":\"https:\\\/\\\/ppdegalicia.com\\\/wp-content\\\/uploads\\\/2023\\\/04\\\/logoPP512.png\",\"width\":512,\"height\":512,\"caption\":\"Partido Popular de Galicia\"},\"image\":{\"@id\":\"https:\\\/\\\/ppdegalicia.com\\\/es\\\/#\\\/schema\\\/logo\\\/image\\\/\"},\"sameAs\":[\"https:\\\/\\\/www.instagram.com\\\/ppdegalicia\\\/\",\"https:\\\/\\\/x.com\\\/ppdegalicia\",\"https:\\\/\\\/www.tiktok.com\\\/@ppdegalicia\",\"https:\\\/\\\/www.youtube.com\\\/user\\\/ppdegalicia\"]},{\"@type\":\"Person\",\"@id\":\"https:\\\/\\\/ppdegalicia.com\\\/es\\\/#\\\/schema\\\/person\\\/d0f013b8388c980665d44009ab762960\",\"name\":\"Super User\",\"image\":{\"@type\":\"ImageObject\",\"inLanguage\":\"es\",\"@id\":\"https:\\\/\\\/secure.gravatar.com\\\/avatar\\\/1db852625ef4948f58d2739bfbc51e4b9bd5c93b8fa340b59fdb594ca0845645?s=96&d=mm&r=g\",\"url\":\"https:\\\/\\\/secure.gravatar.com\\\/avatar\\\/1db852625ef4948f58d2739bfbc51e4b9bd5c93b8fa340b59fdb594ca0845645?s=96&d=mm&r=g\",\"contentUrl\":\"https:\\\/\\\/secure.gravatar.com\\\/avatar\\\/1db852625ef4948f58d2739bfbc51e4b9bd5c93b8fa340b59fdb594ca0845645?s=96&d=mm&r=g\",\"caption\":\"Super User\"},\"url\":\"https:\\\/\\\/ppdegalicia.com\\\/es\\\/author\\\/ppdegaliciagestion\\\/\"}]}<\/script>\n<!-- \/ Yoast SEO plugin. -->","yoast_head_json":{"title":"Puy asegura que a demanda de creaci\u00f3n de cemiterios para confesi\u00f3ns minoritarias reforza o principio de liberdade relixiosa e de cooperaci\u00f3n coas distintas crenzas - PP de Galicia","robots":{"index":"index","follow":"follow","max-snippet":"max-snippet:-1","max-image-preview":"max-image-preview:large","max-video-preview":"max-video-preview:-1"},"canonical":"https:\/\/ppdegalicia.com\/es\/puy-asegura-que-a-demanda-de-creacion-de-cemiterios-para-confesions-minoritarias-reforza-o-principio-de-liberdade-relixiosa-e-de-cooperacion-coas-distintas-crenzas\/","og_locale":"es_ES","og_type":"article","og_title":"Puy asegura que a demanda de creaci\u00f3n de cemiterios para confesi\u00f3ns minoritarias reforza o principio de liberdade relixiosa e de cooperaci\u00f3n coas distintas crenzas - PP de Galicia","og_description":"Santiago, 3 de abril de 2017.- O Grupo Popular defender&aacute; no Pleno desta semana a creaci&oacute;n de cemiterios que atendan a demanda de soterramentos das confesi&oacute;ns minoritarias con maior arraigo en Galicia, especialmente musulm&aacute;ns e xudeus; e a conmemoraci&oacute;n do 30 aniversario do reco&ntilde;ecemento do Cami&ntilde;o de Santiago como 1&ordm; Itinerario Cultural Europeo. En concreto, [&hellip;]","og_url":"https:\/\/ppdegalicia.com\/es\/puy-asegura-que-a-demanda-de-creacion-de-cemiterios-para-confesions-minoritarias-reforza-o-principio-de-liberdade-relixiosa-e-de-cooperacion-coas-distintas-crenzas\/","og_site_name":"PP de Galicia","article_publisher":"https:\/\/www.instagram.com\/ppdegalicia\/","article_published_time":"2017-04-03T13:49:47+00:00","author":"Super User","twitter_card":"summary_large_image","twitter_creator":"@ppdegalicia","twitter_site":"@ppdegalicia","twitter_misc":{"Escrito por":"Super User","Tiempo de lectura":"3 minutos"},"schema":{"@context":"https:\/\/schema.org","@graph":[{"@type":"Article","@id":"https:\/\/ppdegalicia.com\/es\/puy-asegura-que-a-demanda-de-creacion-de-cemiterios-para-confesions-minoritarias-reforza-o-principio-de-liberdade-relixiosa-e-de-cooperacion-coas-distintas-crenzas\/#article","isPartOf":{"@id":"https:\/\/ppdegalicia.com\/es\/puy-asegura-que-a-demanda-de-creacion-de-cemiterios-para-confesions-minoritarias-reforza-o-principio-de-liberdade-relixiosa-e-de-cooperacion-coas-distintas-crenzas\/"},"author":{"name":"Super User","@id":"https:\/\/ppdegalicia.com\/es\/#\/schema\/person\/d0f013b8388c980665d44009ab762960"},"headline":"Puy asegura que a demanda de creaci\u00f3n de cemiterios para confesi\u00f3ns minoritarias reforza o principio de liberdade relixiosa e de cooperaci\u00f3n coas distintas crenzas","datePublished":"2017-04-03T13:49:47+00:00","mainEntityOfPage":{"@id":"https:\/\/ppdegalicia.com\/es\/puy-asegura-que-a-demanda-de-creacion-de-cemiterios-para-confesions-minoritarias-reforza-o-principio-de-liberdade-relixiosa-e-de-cooperacion-coas-distintas-crenzas\/"},"wordCount":667,"commentCount":0,"publisher":{"@id":"https:\/\/ppdegalicia.com\/es\/#organization"},"articleSection":["PP de Galicia"],"inLanguage":"es","potentialAction":[{"@type":"CommentAction","name":"Comment","target":["https:\/\/ppdegalicia.com\/es\/puy-asegura-que-a-demanda-de-creacion-de-cemiterios-para-confesions-minoritarias-reforza-o-principio-de-liberdade-relixiosa-e-de-cooperacion-coas-distintas-crenzas\/#respond"]}]},{"@type":"WebPage","@id":"https:\/\/ppdegalicia.com\/es\/puy-asegura-que-a-demanda-de-creacion-de-cemiterios-para-confesions-minoritarias-reforza-o-principio-de-liberdade-relixiosa-e-de-cooperacion-coas-distintas-crenzas\/","url":"https:\/\/ppdegalicia.com\/es\/puy-asegura-que-a-demanda-de-creacion-de-cemiterios-para-confesions-minoritarias-reforza-o-principio-de-liberdade-relixiosa-e-de-cooperacion-coas-distintas-crenzas\/","name":"Puy asegura que a demanda de creaci\u00f3n de cemiterios para confesi\u00f3ns minoritarias reforza o principio de liberdade relixiosa e de cooperaci\u00f3n coas distintas crenzas - PP de Galicia","isPartOf":{"@id":"https:\/\/ppdegalicia.com\/es\/#website"},"datePublished":"2017-04-03T13:49:47+00:00","breadcrumb":{"@id":"https:\/\/ppdegalicia.com\/es\/puy-asegura-que-a-demanda-de-creacion-de-cemiterios-para-confesions-minoritarias-reforza-o-principio-de-liberdade-relixiosa-e-de-cooperacion-coas-distintas-crenzas\/#breadcrumb"},"inLanguage":"es","potentialAction":[{"@type":"ReadAction","target":["https:\/\/ppdegalicia.com\/es\/puy-asegura-que-a-demanda-de-creacion-de-cemiterios-para-confesions-minoritarias-reforza-o-principio-de-liberdade-relixiosa-e-de-cooperacion-coas-distintas-crenzas\/"]}]},{"@type":"BreadcrumbList","@id":"https:\/\/ppdegalicia.com\/es\/puy-asegura-que-a-demanda-de-creacion-de-cemiterios-para-confesions-minoritarias-reforza-o-principio-de-liberdade-relixiosa-e-de-cooperacion-coas-distintas-crenzas\/#breadcrumb","itemListElement":[{"@type":"ListItem","position":1,"name":"Portada","item":"https:\/\/ppdegalicia.com\/es\/"},{"@type":"ListItem","position":2,"name":"Puy asegura que a demanda de creaci\u00f3n de cemiterios para confesi\u00f3ns minoritarias reforza o principio de liberdade relixiosa e de cooperaci\u00f3n coas distintas crenzas"}]},{"@type":"WebSite","@id":"https:\/\/ppdegalicia.com\/es\/#website","url":"https:\/\/ppdegalicia.com\/es\/","name":"Partido Popular de Galicia","description":"Partido Popular de Galicia","publisher":{"@id":"https:\/\/ppdegalicia.com\/es\/#organization"},"alternateName":"PP de Galicia","potentialAction":[{"@type":"SearchAction","target":{"@type":"EntryPoint","urlTemplate":"https:\/\/ppdegalicia.com\/es\/?s={search_term_string}"},"query-input":{"@type":"PropertyValueSpecification","valueRequired":true,"valueName":"search_term_string"}}],"inLanguage":"es"},{"@type":"Organization","@id":"https:\/\/ppdegalicia.com\/es\/#organization","name":"Partido Popular de Galicia","alternateName":"PP de Galicia","url":"https:\/\/ppdegalicia.com\/es\/","logo":{"@type":"ImageObject","inLanguage":"es","@id":"https:\/\/ppdegalicia.com\/es\/#\/schema\/logo\/image\/","url":"https:\/\/ppdegalicia.com\/wp-content\/uploads\/2023\/04\/logoPP512.png","contentUrl":"https:\/\/ppdegalicia.com\/wp-content\/uploads\/2023\/04\/logoPP512.png","width":512,"height":512,"caption":"Partido Popular de Galicia"},"image":{"@id":"https:\/\/ppdegalicia.com\/es\/#\/schema\/logo\/image\/"},"sameAs":["https:\/\/www.instagram.com\/ppdegalicia\/","https:\/\/x.com\/ppdegalicia","https:\/\/www.tiktok.com\/@ppdegalicia","https:\/\/www.youtube.com\/user\/ppdegalicia"]},{"@type":"Person","@id":"https:\/\/ppdegalicia.com\/es\/#\/schema\/person\/d0f013b8388c980665d44009ab762960","name":"Super User","image":{"@type":"ImageObject","inLanguage":"es","@id":"https:\/\/secure.gravatar.com\/avatar\/1db852625ef4948f58d2739bfbc51e4b9bd5c93b8fa340b59fdb594ca0845645?s=96&d=mm&r=g","url":"https:\/\/secure.gravatar.com\/avatar\/1db852625ef4948f58d2739bfbc51e4b9bd5c93b8fa340b59fdb594ca0845645?s=96&d=mm&r=g","contentUrl":"https:\/\/secure.gravatar.com\/avatar\/1db852625ef4948f58d2739bfbc51e4b9bd5c93b8fa340b59fdb594ca0845645?s=96&d=mm&r=g","caption":"Super User"},"url":"https:\/\/ppdegalicia.com\/es\/author\/ppdegaliciagestion\/"}]}},"_links":{"self":[{"href":"https:\/\/ppdegalicia.com\/es\/wp-json\/wp\/v2\/posts\/53483","targetHints":{"allow":["GET"]}}],"collection":[{"href":"https:\/\/ppdegalicia.com\/es\/wp-json\/wp\/v2\/posts"}],"about":[{"href":"https:\/\/ppdegalicia.com\/es\/wp-json\/wp\/v2\/types\/post"}],"author":[{"embeddable":true,"href":"https:\/\/ppdegalicia.com\/es\/wp-json\/wp\/v2\/users\/37"}],"replies":[{"embeddable":true,"href":"https:\/\/ppdegalicia.com\/es\/wp-json\/wp\/v2\/comments?post=53483"}],"version-history":[{"count":0,"href":"https:\/\/ppdegalicia.com\/es\/wp-json\/wp\/v2\/posts\/53483\/revisions"}],"wp:attachment":[{"href":"https:\/\/ppdegalicia.com\/es\/wp-json\/wp\/v2\/media?parent=53483"}],"wp:term":[{"taxonomy":"category","embeddable":true,"href":"https:\/\/ppdegalicia.com\/es\/wp-json\/wp\/v2\/categories?post=53483"},{"taxonomy":"post_tag","embeddable":true,"href":"https:\/\/ppdegalicia.com\/es\/wp-json\/wp\/v2\/tags?post=53483"}],"curies":[{"name":"wp","href":"https:\/\/api.w.org\/{rel}","templated":true}]}}