{"id":53517,"date":"2017-04-21T12:00:06","date_gmt":"2017-04-21T10:00:06","guid":{"rendered":"https:\/\/ppdegalicia.com\/tellado-cre-que-hoxe-comeza-a-formacion-dun-proxecto-que-debe-ilusionar-a-cidade-da-coruna\/"},"modified":"2017-04-21T12:00:06","modified_gmt":"2017-04-21T10:00:06","slug":"tellado-cre-que-hoxe-comeza-a-formacion-dun-proxecto-que-debe-ilusionar-a-cidade-da-coruna","status":"publish","type":"post","link":"https:\/\/ppdegalicia.com\/es\/tellado-cre-que-hoxe-comeza-a-formacion-dun-proxecto-que-debe-ilusionar-a-cidade-da-coruna\/","title":{"rendered":"Tellado cre que hoxe comeza \u201ca formaci\u00f3n dun proxecto que debe ilusionar \u00e1 cidade da Coru\u00f1a\u201d"},"content":{"rendered":"<p>Santiago, 21 de abril 2017.- O secretario xeral do PPdeG, Miguel Tellado, ofreceu unha rolda de prensa este venres nas horas previas ao Congreso local da cidade da Coru&ntilde;a, e na que destacou que agarda desta cita que &ldquo;saia un partido local m&aacute;is unido, m&aacute;is activo e, por tanto, m&aacute;is forte, de cara ao duro traballo que hai por diante nos dous vindeiros anos&rdquo;. Sobre isto, incidiu en que hoxe comeza a &ldquo;formaci&oacute;n dun proxecto que debe ilusionar &aacute; Coru&ntilde;a&rdquo; e co obxectivo de desbancar a Xulio Ferreiro do &ldquo;desgoberno da cidade&rdquo;.<br \/>\n<!--more-->\n<\/p>\n<p>No mesmo sentido, e no marco do proceso de intensa renovaci&oacute;n local levado a cabo polos populares nos &uacute;ltimos meses, valorou positivamente que nesta semana se pechase a data para a celebraci&oacute;n do Congreso na cidade de Lugo, fixado para o pr&oacute;ximo 26 de maio.<\/p>\n<p>&nbsp;<\/p>\n<p>O PARTIDO APOIAR&Aacute; A GAGO EN SEVILLA<br \/>Tellado cualificou esta fin de semana de &ldquo;especial&rdquo; porque se celebra en Sevilla o Congreso Nacional de Nuevas Generaciones no que sair&aacute; elixido presidente o l&iacute;der da nosa organizaci&oacute;n xuvenil a nivel auton&oacute;mico, Diego Gago. Neste sentido, subli&ntilde;ou que estar&aacute; fondamente arroupado por unha delegaci&oacute;n duns cen membros dos populares galegos, e que contar&aacute; coa asistencia do presidente provincial de Pontevedra, Alfonso Rueda.<\/p>\n<p>&nbsp;<\/p>\n<p>As&iacute;, o secretario xeral gabou a labor de Gago durante estes anos como concelleiro da oposici&oacute;n en Vigo, as&iacute; como &aacute; fronte de NN.XX. Do mesmo modo, lembrou que durante os vindeiros meses compatibilizar&aacute; as d&uacute;as presidencias, pero que a renovaci&oacute;n do Comit&eacute; Executivo auton&oacute;mico da nosa organizaci&oacute;n xuvenil se afrontar&aacute; o antes posible.<\/p>\n<p>&nbsp;<\/p>\n<p>O PPDEG NUNCA INSULTOU A CARMEN SANTOS<br \/>O n&uacute;mero dous dos populares galegos tam&eacute;n se quixo referir ao feito de que a secretaria xeral de Podemos Galicia elevase &aacute; Presidencia do Parlamento unha petici&oacute;n de amparo na que acusaba ao noso deputado Alberto Pazos de ofendela por referirse a ela como \u00abesta se&ntilde;ora\u00bb.<\/p>\n<p>&nbsp;<\/p>\n<p>Tellado cualificou esta manobra de &ldquo;rid&iacute;cula&rdquo; e lembrou que o partido tomou hai semanas a decisi&oacute;n de non tomala como unha interlocutora v&aacute;lida para a vida parlamentaria, xa que se trata dunha persoa &ldquo;que non &eacute; digna para ocupar un escano do Parlamento galego&rdquo; tras acusar aos membros do PPdeG de ser asasinos de mulleres. Malia isto, insistiu en que a formaci&oacute;n non ten ning&uacute;n inconveniente en &ldquo;interactuar con calquera dos grupos, incluso coas Mareas, para acadar acordos positivos para Galicia&rdquo;.<\/p>\n<p>&nbsp;<\/p>\n<p>O secretario xeral cre que &ldquo;o populismo acostumouse r&aacute;pido a golpear con pu&ntilde;o de ferro, con insultos, inxurias e descualificaci&oacute;ns&rdquo; e que tam&eacute;n &ldquo;se acostumou a encaixar as simples cr&iacute;ticas con mand&iacute;bula de cristal&rdquo;. Sobre este punto, valorou que &ldquo;cremos que isto non &eacute; admisible, porque o PPdeG nunca insultou &aacute; se&ntilde;ora Santos, nin nunca se referiu a ela do xeito pexorativo que si lle dedicaron publicamente os seus compa&ntilde;eiros de partido&rdquo;.<\/p>\n<p>&nbsp;<\/p>\n<p>Deste xeito, Tellado conclu&iacute;u que o PPdeG non est&aacute; disposto a &ldquo;consentir o que consentiu a pasada lexislatura&rdquo;, en referencia aos constantes insultos proferidos polos antecesores das Mareas, e lamentou que os demais grupos da oposici&oacute;n se presten a facer &ldquo;seguidismo dos espect&aacute;culos da se&ntilde;ora Santos&rdquo;. &ldquo;Se entre todos queren convertela en lideresa da oposici&oacute;n, xa que demostraron que Villares non lles vale, que o digan e o fagan&rdquo;, rematou.<\/p>\n","protected":false},"excerpt":{"rendered":"<p>Santiago, 21 de abril 2017.- O secretario xeral do PPdeG, Miguel Tellado, ofreceu unha rolda de prensa este venres nas horas previas ao Congreso local da cidade da Coru&ntilde;a, e na que destacou que agarda desta cita que &ldquo;saia un partido local m&aacute;is unido, m&aacute;is activo e, por tanto, m&aacute;is forte, de cara ao duro [&hellip;]<\/p>\n","protected":false},"author":37,"featured_media":0,"comment_status":"open","ping_status":"open","sticky":false,"template":"","format":"standard","meta":{"_acf_changed":false,"footnotes":""},"categories":[1],"tags":[],"class_list":["post-53517","post","type-post","status-publish","format-standard","hentry","category-pp-de-galicia"],"acf":[],"yoast_head":"<!-- This site is optimized with the Yoast SEO plugin v27.3 - https:\/\/yoast.com\/product\/yoast-seo-wordpress\/ -->\n<title>Tellado cre que hoxe comeza \u201ca formaci\u00f3n dun proxecto que debe ilusionar \u00e1 cidade da Coru\u00f1a\u201d - PP de Galicia<\/title>\n<meta name=\"robots\" content=\"index, follow, max-snippet:-1, max-image-preview:large, max-video-preview:-1\" \/>\n<link rel=\"canonical\" href=\"https:\/\/ppdegalicia.com\/es\/tellado-cre-que-hoxe-comeza-a-formacion-dun-proxecto-que-debe-ilusionar-a-cidade-da-coruna\/\" \/>\n<meta property=\"og:locale\" content=\"es_ES\" \/>\n<meta property=\"og:type\" content=\"article\" \/>\n<meta property=\"og:title\" content=\"Tellado cre que hoxe comeza \u201ca formaci\u00f3n dun proxecto que debe ilusionar \u00e1 cidade da Coru\u00f1a\u201d - PP de Galicia\" \/>\n<meta property=\"og:description\" content=\"Santiago, 21 de abril 2017.- O secretario xeral do PPdeG, Miguel Tellado, ofreceu unha rolda de prensa este venres nas horas previas ao Congreso local da cidade da Coru&ntilde;a, e na que destacou que agarda desta cita que &ldquo;saia un partido local m&aacute;is unido, m&aacute;is activo e, por tanto, m&aacute;is forte, de cara ao duro [&hellip;]\" \/>\n<meta property=\"og:url\" content=\"https:\/\/ppdegalicia.com\/es\/tellado-cre-que-hoxe-comeza-a-formacion-dun-proxecto-que-debe-ilusionar-a-cidade-da-coruna\/\" \/>\n<meta property=\"og:site_name\" content=\"PP de Galicia\" \/>\n<meta property=\"article:publisher\" content=\"https:\/\/www.instagram.com\/ppdegalicia\/\" \/>\n<meta property=\"article:published_time\" content=\"2017-04-21T10:00:06+00:00\" \/>\n<meta name=\"author\" content=\"Super User\" \/>\n<meta name=\"twitter:card\" content=\"summary_large_image\" \/>\n<meta name=\"twitter:creator\" content=\"@ppdegalicia\" \/>\n<meta name=\"twitter:site\" content=\"@ppdegalicia\" \/>\n<meta name=\"twitter:label1\" content=\"Escrito por\" \/>\n\t<meta name=\"twitter:data1\" content=\"Super User\" \/>\n\t<meta name=\"twitter:label2\" content=\"Tiempo de lectura\" \/>\n\t<meta name=\"twitter:data2\" content=\"3 minutos\" \/>\n<script type=\"application\/ld+json\" class=\"yoast-schema-graph\">{\"@context\":\"https:\\\/\\\/schema.org\",\"@graph\":[{\"@type\":\"Article\",\"@id\":\"https:\\\/\\\/ppdegalicia.com\\\/es\\\/tellado-cre-que-hoxe-comeza-a-formacion-dun-proxecto-que-debe-ilusionar-a-cidade-da-coruna\\\/#article\",\"isPartOf\":{\"@id\":\"https:\\\/\\\/ppdegalicia.com\\\/es\\\/tellado-cre-que-hoxe-comeza-a-formacion-dun-proxecto-que-debe-ilusionar-a-cidade-da-coruna\\\/\"},\"author\":{\"name\":\"Super User\",\"@id\":\"https:\\\/\\\/ppdegalicia.com\\\/es\\\/#\\\/schema\\\/person\\\/d0f013b8388c980665d44009ab762960\"},\"headline\":\"Tellado cre que hoxe comeza \u201ca formaci\u00f3n dun proxecto que debe ilusionar \u00e1 cidade da Coru\u00f1a\u201d\",\"datePublished\":\"2017-04-21T10:00:06+00:00\",\"mainEntityOfPage\":{\"@id\":\"https:\\\/\\\/ppdegalicia.com\\\/es\\\/tellado-cre-que-hoxe-comeza-a-formacion-dun-proxecto-que-debe-ilusionar-a-cidade-da-coruna\\\/\"},\"wordCount\":676,\"commentCount\":0,\"publisher\":{\"@id\":\"https:\\\/\\\/ppdegalicia.com\\\/es\\\/#organization\"},\"articleSection\":[\"PP de Galicia\"],\"inLanguage\":\"es\",\"potentialAction\":[{\"@type\":\"CommentAction\",\"name\":\"Comment\",\"target\":[\"https:\\\/\\\/ppdegalicia.com\\\/es\\\/tellado-cre-que-hoxe-comeza-a-formacion-dun-proxecto-que-debe-ilusionar-a-cidade-da-coruna\\\/#respond\"]}]},{\"@type\":\"WebPage\",\"@id\":\"https:\\\/\\\/ppdegalicia.com\\\/es\\\/tellado-cre-que-hoxe-comeza-a-formacion-dun-proxecto-que-debe-ilusionar-a-cidade-da-coruna\\\/\",\"url\":\"https:\\\/\\\/ppdegalicia.com\\\/es\\\/tellado-cre-que-hoxe-comeza-a-formacion-dun-proxecto-que-debe-ilusionar-a-cidade-da-coruna\\\/\",\"name\":\"Tellado cre que hoxe comeza \u201ca formaci\u00f3n dun proxecto que debe ilusionar \u00e1 cidade da Coru\u00f1a\u201d - PP de Galicia\",\"isPartOf\":{\"@id\":\"https:\\\/\\\/ppdegalicia.com\\\/es\\\/#website\"},\"datePublished\":\"2017-04-21T10:00:06+00:00\",\"breadcrumb\":{\"@id\":\"https:\\\/\\\/ppdegalicia.com\\\/es\\\/tellado-cre-que-hoxe-comeza-a-formacion-dun-proxecto-que-debe-ilusionar-a-cidade-da-coruna\\\/#breadcrumb\"},\"inLanguage\":\"es\",\"potentialAction\":[{\"@type\":\"ReadAction\",\"target\":[\"https:\\\/\\\/ppdegalicia.com\\\/es\\\/tellado-cre-que-hoxe-comeza-a-formacion-dun-proxecto-que-debe-ilusionar-a-cidade-da-coruna\\\/\"]}]},{\"@type\":\"BreadcrumbList\",\"@id\":\"https:\\\/\\\/ppdegalicia.com\\\/es\\\/tellado-cre-que-hoxe-comeza-a-formacion-dun-proxecto-que-debe-ilusionar-a-cidade-da-coruna\\\/#breadcrumb\",\"itemListElement\":[{\"@type\":\"ListItem\",\"position\":1,\"name\":\"Portada\",\"item\":\"https:\\\/\\\/ppdegalicia.com\\\/es\\\/\"},{\"@type\":\"ListItem\",\"position\":2,\"name\":\"Tellado cre que hoxe comeza \u201ca formaci\u00f3n dun proxecto que debe ilusionar \u00e1 cidade da Coru\u00f1a\u201d\"}]},{\"@type\":\"WebSite\",\"@id\":\"https:\\\/\\\/ppdegalicia.com\\\/es\\\/#website\",\"url\":\"https:\\\/\\\/ppdegalicia.com\\\/es\\\/\",\"name\":\"Partido Popular de Galicia\",\"description\":\"Partido Popular de Galicia\",\"publisher\":{\"@id\":\"https:\\\/\\\/ppdegalicia.com\\\/es\\\/#organization\"},\"alternateName\":\"PP de Galicia\",\"potentialAction\":[{\"@type\":\"SearchAction\",\"target\":{\"@type\":\"EntryPoint\",\"urlTemplate\":\"https:\\\/\\\/ppdegalicia.com\\\/es\\\/?s={search_term_string}\"},\"query-input\":{\"@type\":\"PropertyValueSpecification\",\"valueRequired\":true,\"valueName\":\"search_term_string\"}}],\"inLanguage\":\"es\"},{\"@type\":\"Organization\",\"@id\":\"https:\\\/\\\/ppdegalicia.com\\\/es\\\/#organization\",\"name\":\"Partido Popular de Galicia\",\"alternateName\":\"PP de Galicia\",\"url\":\"https:\\\/\\\/ppdegalicia.com\\\/es\\\/\",\"logo\":{\"@type\":\"ImageObject\",\"inLanguage\":\"es\",\"@id\":\"https:\\\/\\\/ppdegalicia.com\\\/es\\\/#\\\/schema\\\/logo\\\/image\\\/\",\"url\":\"https:\\\/\\\/ppdegalicia.com\\\/wp-content\\\/uploads\\\/2023\\\/04\\\/logoPP512.png\",\"contentUrl\":\"https:\\\/\\\/ppdegalicia.com\\\/wp-content\\\/uploads\\\/2023\\\/04\\\/logoPP512.png\",\"width\":512,\"height\":512,\"caption\":\"Partido Popular de Galicia\"},\"image\":{\"@id\":\"https:\\\/\\\/ppdegalicia.com\\\/es\\\/#\\\/schema\\\/logo\\\/image\\\/\"},\"sameAs\":[\"https:\\\/\\\/www.instagram.com\\\/ppdegalicia\\\/\",\"https:\\\/\\\/x.com\\\/ppdegalicia\",\"https:\\\/\\\/www.tiktok.com\\\/@ppdegalicia\",\"https:\\\/\\\/www.youtube.com\\\/user\\\/ppdegalicia\"]},{\"@type\":\"Person\",\"@id\":\"https:\\\/\\\/ppdegalicia.com\\\/es\\\/#\\\/schema\\\/person\\\/d0f013b8388c980665d44009ab762960\",\"name\":\"Super User\",\"image\":{\"@type\":\"ImageObject\",\"inLanguage\":\"es\",\"@id\":\"https:\\\/\\\/secure.gravatar.com\\\/avatar\\\/1db852625ef4948f58d2739bfbc51e4b9bd5c93b8fa340b59fdb594ca0845645?s=96&d=mm&r=g\",\"url\":\"https:\\\/\\\/secure.gravatar.com\\\/avatar\\\/1db852625ef4948f58d2739bfbc51e4b9bd5c93b8fa340b59fdb594ca0845645?s=96&d=mm&r=g\",\"contentUrl\":\"https:\\\/\\\/secure.gravatar.com\\\/avatar\\\/1db852625ef4948f58d2739bfbc51e4b9bd5c93b8fa340b59fdb594ca0845645?s=96&d=mm&r=g\",\"caption\":\"Super User\"},\"url\":\"https:\\\/\\\/ppdegalicia.com\\\/es\\\/author\\\/ppdegaliciagestion\\\/\"}]}<\/script>\n<!-- \/ Yoast SEO plugin. -->","yoast_head_json":{"title":"Tellado cre que hoxe comeza \u201ca formaci\u00f3n dun proxecto que debe ilusionar \u00e1 cidade da Coru\u00f1a\u201d - PP de Galicia","robots":{"index":"index","follow":"follow","max-snippet":"max-snippet:-1","max-image-preview":"max-image-preview:large","max-video-preview":"max-video-preview:-1"},"canonical":"https:\/\/ppdegalicia.com\/es\/tellado-cre-que-hoxe-comeza-a-formacion-dun-proxecto-que-debe-ilusionar-a-cidade-da-coruna\/","og_locale":"es_ES","og_type":"article","og_title":"Tellado cre que hoxe comeza \u201ca formaci\u00f3n dun proxecto que debe ilusionar \u00e1 cidade da Coru\u00f1a\u201d - PP de Galicia","og_description":"Santiago, 21 de abril 2017.- O secretario xeral do PPdeG, Miguel Tellado, ofreceu unha rolda de prensa este venres nas horas previas ao Congreso local da cidade da Coru&ntilde;a, e na que destacou que agarda desta cita que &ldquo;saia un partido local m&aacute;is unido, m&aacute;is activo e, por tanto, m&aacute;is forte, de cara ao duro [&hellip;]","og_url":"https:\/\/ppdegalicia.com\/es\/tellado-cre-que-hoxe-comeza-a-formacion-dun-proxecto-que-debe-ilusionar-a-cidade-da-coruna\/","og_site_name":"PP de Galicia","article_publisher":"https:\/\/www.instagram.com\/ppdegalicia\/","article_published_time":"2017-04-21T10:00:06+00:00","author":"Super User","twitter_card":"summary_large_image","twitter_creator":"@ppdegalicia","twitter_site":"@ppdegalicia","twitter_misc":{"Escrito por":"Super User","Tiempo de lectura":"3 minutos"},"schema":{"@context":"https:\/\/schema.org","@graph":[{"@type":"Article","@id":"https:\/\/ppdegalicia.com\/es\/tellado-cre-que-hoxe-comeza-a-formacion-dun-proxecto-que-debe-ilusionar-a-cidade-da-coruna\/#article","isPartOf":{"@id":"https:\/\/ppdegalicia.com\/es\/tellado-cre-que-hoxe-comeza-a-formacion-dun-proxecto-que-debe-ilusionar-a-cidade-da-coruna\/"},"author":{"name":"Super User","@id":"https:\/\/ppdegalicia.com\/es\/#\/schema\/person\/d0f013b8388c980665d44009ab762960"},"headline":"Tellado cre que hoxe comeza \u201ca formaci\u00f3n dun proxecto que debe ilusionar \u00e1 cidade da Coru\u00f1a\u201d","datePublished":"2017-04-21T10:00:06+00:00","mainEntityOfPage":{"@id":"https:\/\/ppdegalicia.com\/es\/tellado-cre-que-hoxe-comeza-a-formacion-dun-proxecto-que-debe-ilusionar-a-cidade-da-coruna\/"},"wordCount":676,"commentCount":0,"publisher":{"@id":"https:\/\/ppdegalicia.com\/es\/#organization"},"articleSection":["PP de Galicia"],"inLanguage":"es","potentialAction":[{"@type":"CommentAction","name":"Comment","target":["https:\/\/ppdegalicia.com\/es\/tellado-cre-que-hoxe-comeza-a-formacion-dun-proxecto-que-debe-ilusionar-a-cidade-da-coruna\/#respond"]}]},{"@type":"WebPage","@id":"https:\/\/ppdegalicia.com\/es\/tellado-cre-que-hoxe-comeza-a-formacion-dun-proxecto-que-debe-ilusionar-a-cidade-da-coruna\/","url":"https:\/\/ppdegalicia.com\/es\/tellado-cre-que-hoxe-comeza-a-formacion-dun-proxecto-que-debe-ilusionar-a-cidade-da-coruna\/","name":"Tellado cre que hoxe comeza \u201ca formaci\u00f3n dun proxecto que debe ilusionar \u00e1 cidade da Coru\u00f1a\u201d - PP de Galicia","isPartOf":{"@id":"https:\/\/ppdegalicia.com\/es\/#website"},"datePublished":"2017-04-21T10:00:06+00:00","breadcrumb":{"@id":"https:\/\/ppdegalicia.com\/es\/tellado-cre-que-hoxe-comeza-a-formacion-dun-proxecto-que-debe-ilusionar-a-cidade-da-coruna\/#breadcrumb"},"inLanguage":"es","potentialAction":[{"@type":"ReadAction","target":["https:\/\/ppdegalicia.com\/es\/tellado-cre-que-hoxe-comeza-a-formacion-dun-proxecto-que-debe-ilusionar-a-cidade-da-coruna\/"]}]},{"@type":"BreadcrumbList","@id":"https:\/\/ppdegalicia.com\/es\/tellado-cre-que-hoxe-comeza-a-formacion-dun-proxecto-que-debe-ilusionar-a-cidade-da-coruna\/#breadcrumb","itemListElement":[{"@type":"ListItem","position":1,"name":"Portada","item":"https:\/\/ppdegalicia.com\/es\/"},{"@type":"ListItem","position":2,"name":"Tellado cre que hoxe comeza \u201ca formaci\u00f3n dun proxecto que debe ilusionar \u00e1 cidade da Coru\u00f1a\u201d"}]},{"@type":"WebSite","@id":"https:\/\/ppdegalicia.com\/es\/#website","url":"https:\/\/ppdegalicia.com\/es\/","name":"Partido Popular de Galicia","description":"Partido Popular de Galicia","publisher":{"@id":"https:\/\/ppdegalicia.com\/es\/#organization"},"alternateName":"PP de Galicia","potentialAction":[{"@type":"SearchAction","target":{"@type":"EntryPoint","urlTemplate":"https:\/\/ppdegalicia.com\/es\/?s={search_term_string}"},"query-input":{"@type":"PropertyValueSpecification","valueRequired":true,"valueName":"search_term_string"}}],"inLanguage":"es"},{"@type":"Organization","@id":"https:\/\/ppdegalicia.com\/es\/#organization","name":"Partido Popular de Galicia","alternateName":"PP de Galicia","url":"https:\/\/ppdegalicia.com\/es\/","logo":{"@type":"ImageObject","inLanguage":"es","@id":"https:\/\/ppdegalicia.com\/es\/#\/schema\/logo\/image\/","url":"https:\/\/ppdegalicia.com\/wp-content\/uploads\/2023\/04\/logoPP512.png","contentUrl":"https:\/\/ppdegalicia.com\/wp-content\/uploads\/2023\/04\/logoPP512.png","width":512,"height":512,"caption":"Partido Popular de Galicia"},"image":{"@id":"https:\/\/ppdegalicia.com\/es\/#\/schema\/logo\/image\/"},"sameAs":["https:\/\/www.instagram.com\/ppdegalicia\/","https:\/\/x.com\/ppdegalicia","https:\/\/www.tiktok.com\/@ppdegalicia","https:\/\/www.youtube.com\/user\/ppdegalicia"]},{"@type":"Person","@id":"https:\/\/ppdegalicia.com\/es\/#\/schema\/person\/d0f013b8388c980665d44009ab762960","name":"Super User","image":{"@type":"ImageObject","inLanguage":"es","@id":"https:\/\/secure.gravatar.com\/avatar\/1db852625ef4948f58d2739bfbc51e4b9bd5c93b8fa340b59fdb594ca0845645?s=96&d=mm&r=g","url":"https:\/\/secure.gravatar.com\/avatar\/1db852625ef4948f58d2739bfbc51e4b9bd5c93b8fa340b59fdb594ca0845645?s=96&d=mm&r=g","contentUrl":"https:\/\/secure.gravatar.com\/avatar\/1db852625ef4948f58d2739bfbc51e4b9bd5c93b8fa340b59fdb594ca0845645?s=96&d=mm&r=g","caption":"Super User"},"url":"https:\/\/ppdegalicia.com\/es\/author\/ppdegaliciagestion\/"}]}},"_links":{"self":[{"href":"https:\/\/ppdegalicia.com\/es\/wp-json\/wp\/v2\/posts\/53517","targetHints":{"allow":["GET"]}}],"collection":[{"href":"https:\/\/ppdegalicia.com\/es\/wp-json\/wp\/v2\/posts"}],"about":[{"href":"https:\/\/ppdegalicia.com\/es\/wp-json\/wp\/v2\/types\/post"}],"author":[{"embeddable":true,"href":"https:\/\/ppdegalicia.com\/es\/wp-json\/wp\/v2\/users\/37"}],"replies":[{"embeddable":true,"href":"https:\/\/ppdegalicia.com\/es\/wp-json\/wp\/v2\/comments?post=53517"}],"version-history":[{"count":0,"href":"https:\/\/ppdegalicia.com\/es\/wp-json\/wp\/v2\/posts\/53517\/revisions"}],"wp:attachment":[{"href":"https:\/\/ppdegalicia.com\/es\/wp-json\/wp\/v2\/media?parent=53517"}],"wp:term":[{"taxonomy":"category","embeddable":true,"href":"https:\/\/ppdegalicia.com\/es\/wp-json\/wp\/v2\/categories?post=53517"},{"taxonomy":"post_tag","embeddable":true,"href":"https:\/\/ppdegalicia.com\/es\/wp-json\/wp\/v2\/tags?post=53517"}],"curies":[{"name":"wp","href":"https:\/\/api.w.org\/{rel}","templated":true}]}}