{"id":53569,"date":"2017-05-24T10:51:26","date_gmt":"2017-05-24T08:51:26","guid":{"rendered":"https:\/\/ppdegalicia.com\/o-parlamento-aproba-instar-a-xunta-para-que-mantena-e-promova-as-axudas-na-area-de-rehabilitacion-dos-caminos-de-santiago-como-minimo-ata-2020\/"},"modified":"2017-05-24T10:51:26","modified_gmt":"2017-05-24T08:51:26","slug":"o-parlamento-aproba-instar-a-xunta-para-que-mantena-e-promova-as-axudas-na-area-de-rehabilitacion-dos-caminos-de-santiago-como-minimo-ata-2020","status":"publish","type":"post","link":"https:\/\/ppdegalicia.com\/es\/o-parlamento-aproba-instar-a-xunta-para-que-mantena-e-promova-as-axudas-na-area-de-rehabilitacion-dos-caminos-de-santiago-como-minimo-ata-2020\/","title":{"rendered":"O Parlamento aproba instar \u00e1 Xunta para que mante\u00f1a e promova as axudas na \u00c1rea de Rehabilitaci\u00f3n dos Cami\u00f1os de Santiago como m\u00ednimo ata 2020"},"content":{"rendered":"<p>Santiago, 24 de maio de 2017.- O Parlamento de Galicia aprobou hoxe, por iniciativa do Grupo Popular, instar &aacute; Xunta de Galicia a manter e promover as axudas na &Aacute;rea de Rehabilitaci&oacute;n dos Cami&ntilde;os de Santiago nos pr&oacute;ximos anos, como m&iacute;nimo ata o ano 2020. &ldquo;Contribu&iacute;r &aacute; rehabilitaci&oacute;n das vivendas e axudar aos seus habitantes &eacute; contribu&iacute;r &aacute; fixaci&oacute;n da poboaci&oacute;n no medio rural de Galicia, un obxectivo que debe ser participado por todos os grupos pol&iacute;ticos&rdquo;, sinalou a deputada popular, Mar&iacute;a Ant&oacute;n.<\/p>\n<p>\n<!--more--><br \/>\n<br \/>Na s&uacute;a intervenci&oacute;n, Ant&oacute;n lembrou que a &Aacute;rea de Rehabilitaci&oacute;n Integral (ARI) dos Cami&ntilde;os de Santiago en Galicia foi declarada a finais de 2010 no marco do Plan de Vivenda 2009-2012. &ldquo;Foi unha aposta do Goberno galego pola valorizaci&oacute;n da Ruta Xacobea, pero, sobre todo, &eacute; unha aposta pola veci&ntilde;anza das parroquias, vilas e cidades que forman parte desta importante ruta de peregrinaci&oacute;n, no sentido de ofrecerlles unha li&ntilde;a espec&iacute;fica para axudarlles a conservar o seu patrimonio m&aacute;is importante: a vivenda&rdquo;, sinalou.<\/p>\n<p>Os destinatarios destas axudas son persoas propietarias &uacute;nicas de edificios ou de vivendas, as comunidades de propietarios de vivendas ou as agrupaci&oacute;ns de comunidades de propietarios de vivendas de 445 parroquias de 107 concellos galegos. Desde a declaraci&oacute;n da ARI, xa se te&ntilde;en rehabilitado 255 vivendas nos arredores dos Cami&ntilde;os de Santiago, nas que se investiron cerca de 1,5 mill&oacute;ns de euros, &aacute;s que se sumar&aacute;n outras 235 vivendas que est&aacute;n en tramitaci&oacute;n nas que se investir&aacute;n m&aacute;is de 1,1 mill&oacute;ns de euros.<\/p>\n<p><strong>AMPLIAR A NOVA CONVOCATORIA<\/strong><\/p>\n<p>Mar&iacute;a Ant&oacute;n lembrou que a Conseller&iacute;a de Infraestruturas e Vivenda xa ten preparada unha nova convocatoria de axudas cunha previsi&oacute;n de investimento superior aos 2,1 mill&oacute;ns de euros, que se incardina na pr&oacute;rroga do Plan Estatal de Vivenda 2013-2016.<\/p>\n<p>&ldquo;O programa Vivendas no Cami&ntilde;o ten un potencial maior do amosado ata agora, polo que o noso interese reside en que este programa perdure m&aacute;is al&aacute; da xa anunciada convocatoria para este ano&rdquo;, engadiu. Ademais, dixo que &ldquo;debemos ser capaces de sensibilizar aos posibles beneficiarios para que utilicen estas axudas e &aacute;s administraci&oacute;ns implicadas para que sexan &aacute;xiles na s&uacute;a tramitaci&oacute;n, xa que o procedemento administrativo non pode ser un freo &aacute; hora de facer efectivo o programa&rdquo;.<\/p>\n","protected":false},"excerpt":{"rendered":"<p>Santiago, 24 de maio de 2017.- O Parlamento de Galicia aprobou hoxe, por iniciativa do Grupo Popular, instar &aacute; Xunta de Galicia a manter e promover as axudas na &Aacute;rea de Rehabilitaci&oacute;n dos Cami&ntilde;os de Santiago nos pr&oacute;ximos anos, como m&iacute;nimo ata o ano 2020. &ldquo;Contribu&iacute;r &aacute; rehabilitaci&oacute;n das vivendas e axudar aos seus habitantes [&hellip;]<\/p>\n","protected":false},"author":37,"featured_media":0,"comment_status":"open","ping_status":"open","sticky":false,"template":"","format":"standard","meta":{"_acf_changed":false,"footnotes":""},"categories":[1],"tags":[],"class_list":["post-53569","post","type-post","status-publish","format-standard","hentry","category-pp-de-galicia"],"acf":[],"yoast_head":"<!-- This site is optimized with the Yoast SEO plugin v27.3 - https:\/\/yoast.com\/product\/yoast-seo-wordpress\/ -->\n<title>O Parlamento aproba instar \u00e1 Xunta para que mante\u00f1a e promova as axudas na \u00c1rea de Rehabilitaci\u00f3n dos Cami\u00f1os de Santiago como m\u00ednimo ata 2020 - PP de Galicia<\/title>\n<meta name=\"robots\" content=\"index, follow, max-snippet:-1, max-image-preview:large, max-video-preview:-1\" \/>\n<link rel=\"canonical\" href=\"https:\/\/ppdegalicia.com\/es\/o-parlamento-aproba-instar-a-xunta-para-que-mantena-e-promova-as-axudas-na-area-de-rehabilitacion-dos-caminos-de-santiago-como-minimo-ata-2020\/\" \/>\n<meta property=\"og:locale\" content=\"es_ES\" \/>\n<meta property=\"og:type\" content=\"article\" \/>\n<meta property=\"og:title\" content=\"O Parlamento aproba instar \u00e1 Xunta para que mante\u00f1a e promova as axudas na \u00c1rea de Rehabilitaci\u00f3n dos Cami\u00f1os de Santiago como m\u00ednimo ata 2020 - PP de Galicia\" \/>\n<meta property=\"og:description\" content=\"Santiago, 24 de maio de 2017.- O Parlamento de Galicia aprobou hoxe, por iniciativa do Grupo Popular, instar &aacute; Xunta de Galicia a manter e promover as axudas na &Aacute;rea de Rehabilitaci&oacute;n dos Cami&ntilde;os de Santiago nos pr&oacute;ximos anos, como m&iacute;nimo ata o ano 2020. &ldquo;Contribu&iacute;r &aacute; rehabilitaci&oacute;n das vivendas e axudar aos seus habitantes [&hellip;]\" \/>\n<meta property=\"og:url\" content=\"https:\/\/ppdegalicia.com\/es\/o-parlamento-aproba-instar-a-xunta-para-que-mantena-e-promova-as-axudas-na-area-de-rehabilitacion-dos-caminos-de-santiago-como-minimo-ata-2020\/\" \/>\n<meta property=\"og:site_name\" content=\"PP de Galicia\" \/>\n<meta property=\"article:publisher\" content=\"https:\/\/www.instagram.com\/ppdegalicia\/\" \/>\n<meta property=\"article:published_time\" content=\"2017-05-24T08:51:26+00:00\" \/>\n<meta name=\"author\" content=\"Super User\" \/>\n<meta name=\"twitter:card\" content=\"summary_large_image\" \/>\n<meta name=\"twitter:creator\" content=\"@ppdegalicia\" \/>\n<meta name=\"twitter:site\" content=\"@ppdegalicia\" \/>\n<meta name=\"twitter:label1\" content=\"Escrito por\" \/>\n\t<meta name=\"twitter:data1\" content=\"Super User\" \/>\n\t<meta name=\"twitter:label2\" content=\"Tiempo de lectura\" \/>\n\t<meta name=\"twitter:data2\" content=\"2 minutos\" \/>\n<script type=\"application\/ld+json\" class=\"yoast-schema-graph\">{\"@context\":\"https:\\\/\\\/schema.org\",\"@graph\":[{\"@type\":\"Article\",\"@id\":\"https:\\\/\\\/ppdegalicia.com\\\/es\\\/o-parlamento-aproba-instar-a-xunta-para-que-mantena-e-promova-as-axudas-na-area-de-rehabilitacion-dos-caminos-de-santiago-como-minimo-ata-2020\\\/#article\",\"isPartOf\":{\"@id\":\"https:\\\/\\\/ppdegalicia.com\\\/es\\\/o-parlamento-aproba-instar-a-xunta-para-que-mantena-e-promova-as-axudas-na-area-de-rehabilitacion-dos-caminos-de-santiago-como-minimo-ata-2020\\\/\"},\"author\":{\"name\":\"Super User\",\"@id\":\"https:\\\/\\\/ppdegalicia.com\\\/es\\\/#\\\/schema\\\/person\\\/d0f013b8388c980665d44009ab762960\"},\"headline\":\"O Parlamento aproba instar \u00e1 Xunta para que mante\u00f1a e promova as axudas na \u00c1rea de Rehabilitaci\u00f3n dos Cami\u00f1os de Santiago como m\u00ednimo ata 2020\",\"datePublished\":\"2017-05-24T08:51:26+00:00\",\"mainEntityOfPage\":{\"@id\":\"https:\\\/\\\/ppdegalicia.com\\\/es\\\/o-parlamento-aproba-instar-a-xunta-para-que-mantena-e-promova-as-axudas-na-area-de-rehabilitacion-dos-caminos-de-santiago-como-minimo-ata-2020\\\/\"},\"wordCount\":491,\"commentCount\":0,\"publisher\":{\"@id\":\"https:\\\/\\\/ppdegalicia.com\\\/es\\\/#organization\"},\"articleSection\":[\"PP de Galicia\"],\"inLanguage\":\"es\",\"potentialAction\":[{\"@type\":\"CommentAction\",\"name\":\"Comment\",\"target\":[\"https:\\\/\\\/ppdegalicia.com\\\/es\\\/o-parlamento-aproba-instar-a-xunta-para-que-mantena-e-promova-as-axudas-na-area-de-rehabilitacion-dos-caminos-de-santiago-como-minimo-ata-2020\\\/#respond\"]}]},{\"@type\":\"WebPage\",\"@id\":\"https:\\\/\\\/ppdegalicia.com\\\/es\\\/o-parlamento-aproba-instar-a-xunta-para-que-mantena-e-promova-as-axudas-na-area-de-rehabilitacion-dos-caminos-de-santiago-como-minimo-ata-2020\\\/\",\"url\":\"https:\\\/\\\/ppdegalicia.com\\\/es\\\/o-parlamento-aproba-instar-a-xunta-para-que-mantena-e-promova-as-axudas-na-area-de-rehabilitacion-dos-caminos-de-santiago-como-minimo-ata-2020\\\/\",\"name\":\"O Parlamento aproba instar \u00e1 Xunta para que mante\u00f1a e promova as axudas na \u00c1rea de Rehabilitaci\u00f3n dos Cami\u00f1os de Santiago como m\u00ednimo ata 2020 - PP de Galicia\",\"isPartOf\":{\"@id\":\"https:\\\/\\\/ppdegalicia.com\\\/es\\\/#website\"},\"datePublished\":\"2017-05-24T08:51:26+00:00\",\"breadcrumb\":{\"@id\":\"https:\\\/\\\/ppdegalicia.com\\\/es\\\/o-parlamento-aproba-instar-a-xunta-para-que-mantena-e-promova-as-axudas-na-area-de-rehabilitacion-dos-caminos-de-santiago-como-minimo-ata-2020\\\/#breadcrumb\"},\"inLanguage\":\"es\",\"potentialAction\":[{\"@type\":\"ReadAction\",\"target\":[\"https:\\\/\\\/ppdegalicia.com\\\/es\\\/o-parlamento-aproba-instar-a-xunta-para-que-mantena-e-promova-as-axudas-na-area-de-rehabilitacion-dos-caminos-de-santiago-como-minimo-ata-2020\\\/\"]}]},{\"@type\":\"BreadcrumbList\",\"@id\":\"https:\\\/\\\/ppdegalicia.com\\\/es\\\/o-parlamento-aproba-instar-a-xunta-para-que-mantena-e-promova-as-axudas-na-area-de-rehabilitacion-dos-caminos-de-santiago-como-minimo-ata-2020\\\/#breadcrumb\",\"itemListElement\":[{\"@type\":\"ListItem\",\"position\":1,\"name\":\"Portada\",\"item\":\"https:\\\/\\\/ppdegalicia.com\\\/es\\\/\"},{\"@type\":\"ListItem\",\"position\":2,\"name\":\"O Parlamento aproba instar \u00e1 Xunta para que mante\u00f1a e promova as axudas na \u00c1rea de Rehabilitaci\u00f3n dos Cami\u00f1os de Santiago como m\u00ednimo ata 2020\"}]},{\"@type\":\"WebSite\",\"@id\":\"https:\\\/\\\/ppdegalicia.com\\\/es\\\/#website\",\"url\":\"https:\\\/\\\/ppdegalicia.com\\\/es\\\/\",\"name\":\"Partido Popular de Galicia\",\"description\":\"Partido Popular de Galicia\",\"publisher\":{\"@id\":\"https:\\\/\\\/ppdegalicia.com\\\/es\\\/#organization\"},\"alternateName\":\"PP de Galicia\",\"potentialAction\":[{\"@type\":\"SearchAction\",\"target\":{\"@type\":\"EntryPoint\",\"urlTemplate\":\"https:\\\/\\\/ppdegalicia.com\\\/es\\\/?s={search_term_string}\"},\"query-input\":{\"@type\":\"PropertyValueSpecification\",\"valueRequired\":true,\"valueName\":\"search_term_string\"}}],\"inLanguage\":\"es\"},{\"@type\":\"Organization\",\"@id\":\"https:\\\/\\\/ppdegalicia.com\\\/es\\\/#organization\",\"name\":\"Partido Popular de Galicia\",\"alternateName\":\"PP de Galicia\",\"url\":\"https:\\\/\\\/ppdegalicia.com\\\/es\\\/\",\"logo\":{\"@type\":\"ImageObject\",\"inLanguage\":\"es\",\"@id\":\"https:\\\/\\\/ppdegalicia.com\\\/es\\\/#\\\/schema\\\/logo\\\/image\\\/\",\"url\":\"https:\\\/\\\/ppdegalicia.com\\\/wp-content\\\/uploads\\\/2023\\\/04\\\/logoPP512.png\",\"contentUrl\":\"https:\\\/\\\/ppdegalicia.com\\\/wp-content\\\/uploads\\\/2023\\\/04\\\/logoPP512.png\",\"width\":512,\"height\":512,\"caption\":\"Partido Popular de Galicia\"},\"image\":{\"@id\":\"https:\\\/\\\/ppdegalicia.com\\\/es\\\/#\\\/schema\\\/logo\\\/image\\\/\"},\"sameAs\":[\"https:\\\/\\\/www.instagram.com\\\/ppdegalicia\\\/\",\"https:\\\/\\\/x.com\\\/ppdegalicia\",\"https:\\\/\\\/www.tiktok.com\\\/@ppdegalicia\",\"https:\\\/\\\/www.youtube.com\\\/user\\\/ppdegalicia\"]},{\"@type\":\"Person\",\"@id\":\"https:\\\/\\\/ppdegalicia.com\\\/es\\\/#\\\/schema\\\/person\\\/d0f013b8388c980665d44009ab762960\",\"name\":\"Super User\",\"image\":{\"@type\":\"ImageObject\",\"inLanguage\":\"es\",\"@id\":\"https:\\\/\\\/secure.gravatar.com\\\/avatar\\\/1db852625ef4948f58d2739bfbc51e4b9bd5c93b8fa340b59fdb594ca0845645?s=96&d=mm&r=g\",\"url\":\"https:\\\/\\\/secure.gravatar.com\\\/avatar\\\/1db852625ef4948f58d2739bfbc51e4b9bd5c93b8fa340b59fdb594ca0845645?s=96&d=mm&r=g\",\"contentUrl\":\"https:\\\/\\\/secure.gravatar.com\\\/avatar\\\/1db852625ef4948f58d2739bfbc51e4b9bd5c93b8fa340b59fdb594ca0845645?s=96&d=mm&r=g\",\"caption\":\"Super User\"},\"url\":\"https:\\\/\\\/ppdegalicia.com\\\/es\\\/author\\\/ppdegaliciagestion\\\/\"}]}<\/script>\n<!-- \/ Yoast SEO plugin. -->","yoast_head_json":{"title":"O Parlamento aproba instar \u00e1 Xunta para que mante\u00f1a e promova as axudas na \u00c1rea de Rehabilitaci\u00f3n dos Cami\u00f1os de Santiago como m\u00ednimo ata 2020 - PP de Galicia","robots":{"index":"index","follow":"follow","max-snippet":"max-snippet:-1","max-image-preview":"max-image-preview:large","max-video-preview":"max-video-preview:-1"},"canonical":"https:\/\/ppdegalicia.com\/es\/o-parlamento-aproba-instar-a-xunta-para-que-mantena-e-promova-as-axudas-na-area-de-rehabilitacion-dos-caminos-de-santiago-como-minimo-ata-2020\/","og_locale":"es_ES","og_type":"article","og_title":"O Parlamento aproba instar \u00e1 Xunta para que mante\u00f1a e promova as axudas na \u00c1rea de Rehabilitaci\u00f3n dos Cami\u00f1os de Santiago como m\u00ednimo ata 2020 - PP de Galicia","og_description":"Santiago, 24 de maio de 2017.- O Parlamento de Galicia aprobou hoxe, por iniciativa do Grupo Popular, instar &aacute; Xunta de Galicia a manter e promover as axudas na &Aacute;rea de Rehabilitaci&oacute;n dos Cami&ntilde;os de Santiago nos pr&oacute;ximos anos, como m&iacute;nimo ata o ano 2020. &ldquo;Contribu&iacute;r &aacute; rehabilitaci&oacute;n das vivendas e axudar aos seus habitantes [&hellip;]","og_url":"https:\/\/ppdegalicia.com\/es\/o-parlamento-aproba-instar-a-xunta-para-que-mantena-e-promova-as-axudas-na-area-de-rehabilitacion-dos-caminos-de-santiago-como-minimo-ata-2020\/","og_site_name":"PP de Galicia","article_publisher":"https:\/\/www.instagram.com\/ppdegalicia\/","article_published_time":"2017-05-24T08:51:26+00:00","author":"Super User","twitter_card":"summary_large_image","twitter_creator":"@ppdegalicia","twitter_site":"@ppdegalicia","twitter_misc":{"Escrito por":"Super User","Tiempo de lectura":"2 minutos"},"schema":{"@context":"https:\/\/schema.org","@graph":[{"@type":"Article","@id":"https:\/\/ppdegalicia.com\/es\/o-parlamento-aproba-instar-a-xunta-para-que-mantena-e-promova-as-axudas-na-area-de-rehabilitacion-dos-caminos-de-santiago-como-minimo-ata-2020\/#article","isPartOf":{"@id":"https:\/\/ppdegalicia.com\/es\/o-parlamento-aproba-instar-a-xunta-para-que-mantena-e-promova-as-axudas-na-area-de-rehabilitacion-dos-caminos-de-santiago-como-minimo-ata-2020\/"},"author":{"name":"Super User","@id":"https:\/\/ppdegalicia.com\/es\/#\/schema\/person\/d0f013b8388c980665d44009ab762960"},"headline":"O Parlamento aproba instar \u00e1 Xunta para que mante\u00f1a e promova as axudas na \u00c1rea de Rehabilitaci\u00f3n dos Cami\u00f1os de Santiago como m\u00ednimo ata 2020","datePublished":"2017-05-24T08:51:26+00:00","mainEntityOfPage":{"@id":"https:\/\/ppdegalicia.com\/es\/o-parlamento-aproba-instar-a-xunta-para-que-mantena-e-promova-as-axudas-na-area-de-rehabilitacion-dos-caminos-de-santiago-como-minimo-ata-2020\/"},"wordCount":491,"commentCount":0,"publisher":{"@id":"https:\/\/ppdegalicia.com\/es\/#organization"},"articleSection":["PP de Galicia"],"inLanguage":"es","potentialAction":[{"@type":"CommentAction","name":"Comment","target":["https:\/\/ppdegalicia.com\/es\/o-parlamento-aproba-instar-a-xunta-para-que-mantena-e-promova-as-axudas-na-area-de-rehabilitacion-dos-caminos-de-santiago-como-minimo-ata-2020\/#respond"]}]},{"@type":"WebPage","@id":"https:\/\/ppdegalicia.com\/es\/o-parlamento-aproba-instar-a-xunta-para-que-mantena-e-promova-as-axudas-na-area-de-rehabilitacion-dos-caminos-de-santiago-como-minimo-ata-2020\/","url":"https:\/\/ppdegalicia.com\/es\/o-parlamento-aproba-instar-a-xunta-para-que-mantena-e-promova-as-axudas-na-area-de-rehabilitacion-dos-caminos-de-santiago-como-minimo-ata-2020\/","name":"O Parlamento aproba instar \u00e1 Xunta para que mante\u00f1a e promova as axudas na \u00c1rea de Rehabilitaci\u00f3n dos Cami\u00f1os de Santiago como m\u00ednimo ata 2020 - PP de Galicia","isPartOf":{"@id":"https:\/\/ppdegalicia.com\/es\/#website"},"datePublished":"2017-05-24T08:51:26+00:00","breadcrumb":{"@id":"https:\/\/ppdegalicia.com\/es\/o-parlamento-aproba-instar-a-xunta-para-que-mantena-e-promova-as-axudas-na-area-de-rehabilitacion-dos-caminos-de-santiago-como-minimo-ata-2020\/#breadcrumb"},"inLanguage":"es","potentialAction":[{"@type":"ReadAction","target":["https:\/\/ppdegalicia.com\/es\/o-parlamento-aproba-instar-a-xunta-para-que-mantena-e-promova-as-axudas-na-area-de-rehabilitacion-dos-caminos-de-santiago-como-minimo-ata-2020\/"]}]},{"@type":"BreadcrumbList","@id":"https:\/\/ppdegalicia.com\/es\/o-parlamento-aproba-instar-a-xunta-para-que-mantena-e-promova-as-axudas-na-area-de-rehabilitacion-dos-caminos-de-santiago-como-minimo-ata-2020\/#breadcrumb","itemListElement":[{"@type":"ListItem","position":1,"name":"Portada","item":"https:\/\/ppdegalicia.com\/es\/"},{"@type":"ListItem","position":2,"name":"O Parlamento aproba instar \u00e1 Xunta para que mante\u00f1a e promova as axudas na \u00c1rea de Rehabilitaci\u00f3n dos Cami\u00f1os de Santiago como m\u00ednimo ata 2020"}]},{"@type":"WebSite","@id":"https:\/\/ppdegalicia.com\/es\/#website","url":"https:\/\/ppdegalicia.com\/es\/","name":"Partido Popular de Galicia","description":"Partido Popular de Galicia","publisher":{"@id":"https:\/\/ppdegalicia.com\/es\/#organization"},"alternateName":"PP de Galicia","potentialAction":[{"@type":"SearchAction","target":{"@type":"EntryPoint","urlTemplate":"https:\/\/ppdegalicia.com\/es\/?s={search_term_string}"},"query-input":{"@type":"PropertyValueSpecification","valueRequired":true,"valueName":"search_term_string"}}],"inLanguage":"es"},{"@type":"Organization","@id":"https:\/\/ppdegalicia.com\/es\/#organization","name":"Partido Popular de Galicia","alternateName":"PP de Galicia","url":"https:\/\/ppdegalicia.com\/es\/","logo":{"@type":"ImageObject","inLanguage":"es","@id":"https:\/\/ppdegalicia.com\/es\/#\/schema\/logo\/image\/","url":"https:\/\/ppdegalicia.com\/wp-content\/uploads\/2023\/04\/logoPP512.png","contentUrl":"https:\/\/ppdegalicia.com\/wp-content\/uploads\/2023\/04\/logoPP512.png","width":512,"height":512,"caption":"Partido Popular de Galicia"},"image":{"@id":"https:\/\/ppdegalicia.com\/es\/#\/schema\/logo\/image\/"},"sameAs":["https:\/\/www.instagram.com\/ppdegalicia\/","https:\/\/x.com\/ppdegalicia","https:\/\/www.tiktok.com\/@ppdegalicia","https:\/\/www.youtube.com\/user\/ppdegalicia"]},{"@type":"Person","@id":"https:\/\/ppdegalicia.com\/es\/#\/schema\/person\/d0f013b8388c980665d44009ab762960","name":"Super User","image":{"@type":"ImageObject","inLanguage":"es","@id":"https:\/\/secure.gravatar.com\/avatar\/1db852625ef4948f58d2739bfbc51e4b9bd5c93b8fa340b59fdb594ca0845645?s=96&d=mm&r=g","url":"https:\/\/secure.gravatar.com\/avatar\/1db852625ef4948f58d2739bfbc51e4b9bd5c93b8fa340b59fdb594ca0845645?s=96&d=mm&r=g","contentUrl":"https:\/\/secure.gravatar.com\/avatar\/1db852625ef4948f58d2739bfbc51e4b9bd5c93b8fa340b59fdb594ca0845645?s=96&d=mm&r=g","caption":"Super User"},"url":"https:\/\/ppdegalicia.com\/es\/author\/ppdegaliciagestion\/"}]}},"_links":{"self":[{"href":"https:\/\/ppdegalicia.com\/es\/wp-json\/wp\/v2\/posts\/53569","targetHints":{"allow":["GET"]}}],"collection":[{"href":"https:\/\/ppdegalicia.com\/es\/wp-json\/wp\/v2\/posts"}],"about":[{"href":"https:\/\/ppdegalicia.com\/es\/wp-json\/wp\/v2\/types\/post"}],"author":[{"embeddable":true,"href":"https:\/\/ppdegalicia.com\/es\/wp-json\/wp\/v2\/users\/37"}],"replies":[{"embeddable":true,"href":"https:\/\/ppdegalicia.com\/es\/wp-json\/wp\/v2\/comments?post=53569"}],"version-history":[{"count":0,"href":"https:\/\/ppdegalicia.com\/es\/wp-json\/wp\/v2\/posts\/53569\/revisions"}],"wp:attachment":[{"href":"https:\/\/ppdegalicia.com\/es\/wp-json\/wp\/v2\/media?parent=53569"}],"wp:term":[{"taxonomy":"category","embeddable":true,"href":"https:\/\/ppdegalicia.com\/es\/wp-json\/wp\/v2\/categories?post=53569"},{"taxonomy":"post_tag","embeddable":true,"href":"https:\/\/ppdegalicia.com\/es\/wp-json\/wp\/v2\/tags?post=53569"}],"curies":[{"name":"wp","href":"https:\/\/api.w.org\/{rel}","templated":true}]}}