{"id":53575,"date":"2017-05-29T08:11:43","date_gmt":"2017-05-29T06:11:43","guid":{"rendered":"https:\/\/ppdegalicia.com\/o-parlamento-aproba-cos-unicos-votos-do-ppdeg-unha-iniciativa-que-inclue-un-completo-catalogo-de-medidas-de-apoio-aos-viticultores-afectados-polas-xeadas\/"},"modified":"2017-05-29T08:11:43","modified_gmt":"2017-05-29T06:11:43","slug":"o-parlamento-aproba-cos-unicos-votos-do-ppdeg-unha-iniciativa-que-inclue-un-completo-catalogo-de-medidas-de-apoio-aos-viticultores-afectados-polas-xeadas","status":"publish","type":"post","link":"https:\/\/ppdegalicia.com\/es\/o-parlamento-aproba-cos-unicos-votos-do-ppdeg-unha-iniciativa-que-inclue-un-completo-catalogo-de-medidas-de-apoio-aos-viticultores-afectados-polas-xeadas\/","title":{"rendered":"O Parlamento aproba, cos \u00fanicos votos do PPdeG, unha iniciativa que incl\u00fae un completo cat\u00e1logo de medidas de apoio aos viticultores afectados polas xeadas"},"content":{"rendered":"<p>Santiago, 26 de maio de 2017.- O Parlamento de Galicia aprobou esta ma&ntilde;&aacute;, cos &uacute;nicos votos favorables do Grupo Popular, unha proposici&oacute;n non de lei que incorpora diversas medidas de apoio aos viticultores afectados polas xeadas, que van desde a declaraci&oacute;n como fen&oacute;meno clim&aacute;tico adverso, rebaixas no IRPF dos viticultores afectados, bonificaci&oacute;ns da Seguridade Social, pr&eacute;stamos a custe cero, o impulso da contrataci&oacute;n de seguros contra xeadas ou o fomento da implantaci&oacute;n de medidas anti xeadas.<\/p>\n<p>\n<!--more--><br \/>\n<br \/>O portavoz do Medio Rural do Grupo Popular, Jos&eacute; Gonz&aacute;lez V&aacute;zquez, salientou que estas medidas son o resultado &ldquo;dun estudo serio e rigoroso do problema&rdquo;, a&iacute;nda que reco&ntilde;eceu que &ldquo;&eacute; demasiado cedo para facer unha estimaci&oacute;n definitiva dos danos causados polas xeadas&rdquo;. &ldquo;Non vamos deixar que caia viticultor alg&uacute;n, pero &iacute;moslles axudar con rigor e seriedade&rdquo;, indicou.<\/p>\n<p>Gonz&aacute;lez V&aacute;zquez criticou que os grupos da oposici&oacute;n &ldquo;falen alegremente de axudas directas para compensar a perda de uva&rdquo;. Neste sentido, sinalou que a iniciativa do Grupo Popular &ldquo;marca a senda pola v&iacute;a das axudas para reparar os danos causados pola xeada&rdquo;, citando expresamente a pr&oacute;xima publicaci&oacute;n dunha orde de reestruturaci&oacute;n de vi&ntilde;edos, cunha dotaci&oacute;n de 1,4 mill&oacute;ns de euros, na que se favorecer&aacute; a replantaci&oacute;n nos vi&ntilde;edos afectados polas xeadas.<\/p>\n<p><strong>PUNTOS XA REALIZADOS<\/strong><\/p>\n<p>Na s&uacute;a intervenci&oacute;n, o portavoz popular salientou que &ldquo;a Xunta xa amosou a s&uacute;a dilixencia na posta en marcha de medidas de apoio aos viticultores afectados polas xeadas, e mostra disto &eacute; que alg&uacute;ns dos puntos aprobados hoxe xa se realizaron nas &uacute;ltimas semanas&rdquo;.<\/p>\n<p>En concreto, apuntou que a Xunta xa habilitou mecanismos para que t&eacute;cnicos especializados asesoren convenientemente aos viticultores nas labores de repoda e recuperaci&oacute;n dos vi&ntilde;edos; o establecemento dunha li&ntilde;a de cr&eacute;ditos a custe cero para dotar de liquidez aos viticultores afectados; ou o impulso da contrataci&oacute;n de seguros contra xeadas e outros riscos excepcionais que afecten &aacute;s explotaci&oacute;ns agr&iacute;colas.<\/p>\n<p>Neste &aacute;mbito, o portavoz popular lembrou que a propia conselleira do Medio Rural xa solicitou ante o Ministerio que se concedan rebaixas fiscais para os viticultores afectados polas xeadas.<\/p>\n<p>A proposici&oacute;n non de lei aprobada hoxe tam&eacute;n incl&uacute;e que a Xunta realice todas as actuaci&oacute;ns precisas para a consideraci&oacute;n das xeadas da &uacute;ltima semana de abril de 2017 como fen&oacute;meno clim&aacute;tico adverso na terminolox&iacute;a das directrices europeas aplicables, como paso previo &aacute; posible concesi&oacute;n de axudas aos produtores afectados e destinadas &aacute; reparaci&oacute;n dos danos causados.<\/p>\n<p>As&iacute; mesmo, solic&iacute;tase que a Seguridade Social tome en consideraci&oacute;n os danos causados polas xeadas a efectos de establecer bonificaci&oacute;ns ou moratorias sen intereses nos pagos a este organismo que deban de facer os viticultores afectados nos anos 2017 e 2018.<\/p>\n<p><strong>MEDIDAS DE CARA AO FUTURO<\/strong><\/p>\n<p>Jos&eacute; Gonz&aacute;lez salientou que &ldquo;tam&eacute;n incorporamos medidas de cara ao futuro, como que nas axudas para a mellora das explotaci&oacute;ns agr&iacute;colas se prime especialmente a implantaci&oacute;n de sistemas anti xeadas ou que nas axudas para plantaci&oacute;n de novos vi&ntilde;edos se conceda prioridade &aacute;s plantaci&oacute;ns que se realicen naquelas zonas que polas s&uacute;as caracter&iacute;sticas de altitude, orientaci&oacute;n e ventilaci&oacute;n estean menos expostas &aacute;s xeadas&rdquo;.<\/p>\n<p>Por &uacute;ltimo, a proposici&oacute;n non de lei solicita que na concesi&oacute;n de dereitos de plantaci&oacute;n se conceda prioridade a aquelas que se realicen naquelas zonas que polas s&uacute;as caracter&iacute;sticas de altitude, orientaci&oacute;n e ventilaci&oacute;n estean menos expostas &aacute;s xeadas.<\/p>\n","protected":false},"excerpt":{"rendered":"<p>Santiago, 26 de maio de 2017.- O Parlamento de Galicia aprobou esta ma&ntilde;&aacute;, cos &uacute;nicos votos favorables do Grupo Popular, unha proposici&oacute;n non de lei que incorpora diversas medidas de apoio aos viticultores afectados polas xeadas, que van desde a declaraci&oacute;n como fen&oacute;meno clim&aacute;tico adverso, rebaixas no IRPF dos viticultores afectados, bonificaci&oacute;ns da Seguridade Social, [&hellip;]<\/p>\n","protected":false},"author":37,"featured_media":0,"comment_status":"open","ping_status":"open","sticky":false,"template":"","format":"standard","meta":{"_acf_changed":false,"footnotes":""},"categories":[1],"tags":[],"class_list":["post-53575","post","type-post","status-publish","format-standard","hentry","category-pp-de-galicia"],"acf":[],"yoast_head":"<!-- This site is optimized with the Yoast SEO plugin v27.3 - https:\/\/yoast.com\/product\/yoast-seo-wordpress\/ -->\n<title>O Parlamento aproba, cos \u00fanicos votos do PPdeG, unha iniciativa que incl\u00fae un completo cat\u00e1logo de medidas de apoio aos viticultores afectados polas xeadas - PP de Galicia<\/title>\n<meta name=\"robots\" content=\"index, follow, max-snippet:-1, max-image-preview:large, max-video-preview:-1\" \/>\n<link rel=\"canonical\" href=\"https:\/\/ppdegalicia.com\/es\/o-parlamento-aproba-cos-unicos-votos-do-ppdeg-unha-iniciativa-que-inclue-un-completo-catalogo-de-medidas-de-apoio-aos-viticultores-afectados-polas-xeadas\/\" \/>\n<meta property=\"og:locale\" content=\"es_ES\" \/>\n<meta property=\"og:type\" content=\"article\" \/>\n<meta property=\"og:title\" content=\"O Parlamento aproba, cos \u00fanicos votos do PPdeG, unha iniciativa que incl\u00fae un completo cat\u00e1logo de medidas de apoio aos viticultores afectados polas xeadas - PP de Galicia\" \/>\n<meta property=\"og:description\" content=\"Santiago, 26 de maio de 2017.- O Parlamento de Galicia aprobou esta ma&ntilde;&aacute;, cos &uacute;nicos votos favorables do Grupo Popular, unha proposici&oacute;n non de lei que incorpora diversas medidas de apoio aos viticultores afectados polas xeadas, que van desde a declaraci&oacute;n como fen&oacute;meno clim&aacute;tico adverso, rebaixas no IRPF dos viticultores afectados, bonificaci&oacute;ns da Seguridade Social, [&hellip;]\" \/>\n<meta property=\"og:url\" content=\"https:\/\/ppdegalicia.com\/es\/o-parlamento-aproba-cos-unicos-votos-do-ppdeg-unha-iniciativa-que-inclue-un-completo-catalogo-de-medidas-de-apoio-aos-viticultores-afectados-polas-xeadas\/\" \/>\n<meta property=\"og:site_name\" content=\"PP de Galicia\" \/>\n<meta property=\"article:publisher\" content=\"https:\/\/www.instagram.com\/ppdegalicia\/\" \/>\n<meta property=\"article:published_time\" content=\"2017-05-29T06:11:43+00:00\" \/>\n<meta name=\"author\" content=\"Super User\" \/>\n<meta name=\"twitter:card\" content=\"summary_large_image\" \/>\n<meta name=\"twitter:creator\" content=\"@ppdegalicia\" \/>\n<meta name=\"twitter:site\" content=\"@ppdegalicia\" \/>\n<meta name=\"twitter:label1\" content=\"Escrito por\" \/>\n\t<meta name=\"twitter:data1\" content=\"Super User\" \/>\n\t<meta name=\"twitter:label2\" content=\"Tiempo de lectura\" \/>\n\t<meta name=\"twitter:data2\" content=\"4 minutos\" \/>\n<script type=\"application\/ld+json\" class=\"yoast-schema-graph\">{\"@context\":\"https:\\\/\\\/schema.org\",\"@graph\":[{\"@type\":\"Article\",\"@id\":\"https:\\\/\\\/ppdegalicia.com\\\/es\\\/o-parlamento-aproba-cos-unicos-votos-do-ppdeg-unha-iniciativa-que-inclue-un-completo-catalogo-de-medidas-de-apoio-aos-viticultores-afectados-polas-xeadas\\\/#article\",\"isPartOf\":{\"@id\":\"https:\\\/\\\/ppdegalicia.com\\\/es\\\/o-parlamento-aproba-cos-unicos-votos-do-ppdeg-unha-iniciativa-que-inclue-un-completo-catalogo-de-medidas-de-apoio-aos-viticultores-afectados-polas-xeadas\\\/\"},\"author\":{\"name\":\"Super User\",\"@id\":\"https:\\\/\\\/ppdegalicia.com\\\/es\\\/#\\\/schema\\\/person\\\/d0f013b8388c980665d44009ab762960\"},\"headline\":\"O Parlamento aproba, cos \u00fanicos votos do PPdeG, unha iniciativa que incl\u00fae un completo cat\u00e1logo de medidas de apoio aos viticultores afectados polas xeadas\",\"datePublished\":\"2017-05-29T06:11:43+00:00\",\"mainEntityOfPage\":{\"@id\":\"https:\\\/\\\/ppdegalicia.com\\\/es\\\/o-parlamento-aproba-cos-unicos-votos-do-ppdeg-unha-iniciativa-que-inclue-un-completo-catalogo-de-medidas-de-apoio-aos-viticultores-afectados-polas-xeadas\\\/\"},\"wordCount\":735,\"commentCount\":0,\"publisher\":{\"@id\":\"https:\\\/\\\/ppdegalicia.com\\\/es\\\/#organization\"},\"articleSection\":[\"PP de Galicia\"],\"inLanguage\":\"es\",\"potentialAction\":[{\"@type\":\"CommentAction\",\"name\":\"Comment\",\"target\":[\"https:\\\/\\\/ppdegalicia.com\\\/es\\\/o-parlamento-aproba-cos-unicos-votos-do-ppdeg-unha-iniciativa-que-inclue-un-completo-catalogo-de-medidas-de-apoio-aos-viticultores-afectados-polas-xeadas\\\/#respond\"]}]},{\"@type\":\"WebPage\",\"@id\":\"https:\\\/\\\/ppdegalicia.com\\\/es\\\/o-parlamento-aproba-cos-unicos-votos-do-ppdeg-unha-iniciativa-que-inclue-un-completo-catalogo-de-medidas-de-apoio-aos-viticultores-afectados-polas-xeadas\\\/\",\"url\":\"https:\\\/\\\/ppdegalicia.com\\\/es\\\/o-parlamento-aproba-cos-unicos-votos-do-ppdeg-unha-iniciativa-que-inclue-un-completo-catalogo-de-medidas-de-apoio-aos-viticultores-afectados-polas-xeadas\\\/\",\"name\":\"O Parlamento aproba, cos \u00fanicos votos do PPdeG, unha iniciativa que incl\u00fae un completo cat\u00e1logo de medidas de apoio aos viticultores afectados polas xeadas - PP de Galicia\",\"isPartOf\":{\"@id\":\"https:\\\/\\\/ppdegalicia.com\\\/es\\\/#website\"},\"datePublished\":\"2017-05-29T06:11:43+00:00\",\"breadcrumb\":{\"@id\":\"https:\\\/\\\/ppdegalicia.com\\\/es\\\/o-parlamento-aproba-cos-unicos-votos-do-ppdeg-unha-iniciativa-que-inclue-un-completo-catalogo-de-medidas-de-apoio-aos-viticultores-afectados-polas-xeadas\\\/#breadcrumb\"},\"inLanguage\":\"es\",\"potentialAction\":[{\"@type\":\"ReadAction\",\"target\":[\"https:\\\/\\\/ppdegalicia.com\\\/es\\\/o-parlamento-aproba-cos-unicos-votos-do-ppdeg-unha-iniciativa-que-inclue-un-completo-catalogo-de-medidas-de-apoio-aos-viticultores-afectados-polas-xeadas\\\/\"]}]},{\"@type\":\"BreadcrumbList\",\"@id\":\"https:\\\/\\\/ppdegalicia.com\\\/es\\\/o-parlamento-aproba-cos-unicos-votos-do-ppdeg-unha-iniciativa-que-inclue-un-completo-catalogo-de-medidas-de-apoio-aos-viticultores-afectados-polas-xeadas\\\/#breadcrumb\",\"itemListElement\":[{\"@type\":\"ListItem\",\"position\":1,\"name\":\"Portada\",\"item\":\"https:\\\/\\\/ppdegalicia.com\\\/es\\\/\"},{\"@type\":\"ListItem\",\"position\":2,\"name\":\"O Parlamento aproba, cos \u00fanicos votos do PPdeG, unha iniciativa que incl\u00fae un completo cat\u00e1logo de medidas de apoio aos viticultores afectados polas xeadas\"}]},{\"@type\":\"WebSite\",\"@id\":\"https:\\\/\\\/ppdegalicia.com\\\/es\\\/#website\",\"url\":\"https:\\\/\\\/ppdegalicia.com\\\/es\\\/\",\"name\":\"Partido Popular de Galicia\",\"description\":\"Partido Popular de Galicia\",\"publisher\":{\"@id\":\"https:\\\/\\\/ppdegalicia.com\\\/es\\\/#organization\"},\"alternateName\":\"PP de Galicia\",\"potentialAction\":[{\"@type\":\"SearchAction\",\"target\":{\"@type\":\"EntryPoint\",\"urlTemplate\":\"https:\\\/\\\/ppdegalicia.com\\\/es\\\/?s={search_term_string}\"},\"query-input\":{\"@type\":\"PropertyValueSpecification\",\"valueRequired\":true,\"valueName\":\"search_term_string\"}}],\"inLanguage\":\"es\"},{\"@type\":\"Organization\",\"@id\":\"https:\\\/\\\/ppdegalicia.com\\\/es\\\/#organization\",\"name\":\"Partido Popular de Galicia\",\"alternateName\":\"PP de Galicia\",\"url\":\"https:\\\/\\\/ppdegalicia.com\\\/es\\\/\",\"logo\":{\"@type\":\"ImageObject\",\"inLanguage\":\"es\",\"@id\":\"https:\\\/\\\/ppdegalicia.com\\\/es\\\/#\\\/schema\\\/logo\\\/image\\\/\",\"url\":\"https:\\\/\\\/ppdegalicia.com\\\/wp-content\\\/uploads\\\/2023\\\/04\\\/logoPP512.png\",\"contentUrl\":\"https:\\\/\\\/ppdegalicia.com\\\/wp-content\\\/uploads\\\/2023\\\/04\\\/logoPP512.png\",\"width\":512,\"height\":512,\"caption\":\"Partido Popular de Galicia\"},\"image\":{\"@id\":\"https:\\\/\\\/ppdegalicia.com\\\/es\\\/#\\\/schema\\\/logo\\\/image\\\/\"},\"sameAs\":[\"https:\\\/\\\/www.instagram.com\\\/ppdegalicia\\\/\",\"https:\\\/\\\/x.com\\\/ppdegalicia\",\"https:\\\/\\\/www.tiktok.com\\\/@ppdegalicia\",\"https:\\\/\\\/www.youtube.com\\\/user\\\/ppdegalicia\"]},{\"@type\":\"Person\",\"@id\":\"https:\\\/\\\/ppdegalicia.com\\\/es\\\/#\\\/schema\\\/person\\\/d0f013b8388c980665d44009ab762960\",\"name\":\"Super User\",\"image\":{\"@type\":\"ImageObject\",\"inLanguage\":\"es\",\"@id\":\"https:\\\/\\\/secure.gravatar.com\\\/avatar\\\/1db852625ef4948f58d2739bfbc51e4b9bd5c93b8fa340b59fdb594ca0845645?s=96&d=mm&r=g\",\"url\":\"https:\\\/\\\/secure.gravatar.com\\\/avatar\\\/1db852625ef4948f58d2739bfbc51e4b9bd5c93b8fa340b59fdb594ca0845645?s=96&d=mm&r=g\",\"contentUrl\":\"https:\\\/\\\/secure.gravatar.com\\\/avatar\\\/1db852625ef4948f58d2739bfbc51e4b9bd5c93b8fa340b59fdb594ca0845645?s=96&d=mm&r=g\",\"caption\":\"Super User\"},\"url\":\"https:\\\/\\\/ppdegalicia.com\\\/es\\\/author\\\/ppdegaliciagestion\\\/\"}]}<\/script>\n<!-- \/ Yoast SEO plugin. -->","yoast_head_json":{"title":"O Parlamento aproba, cos \u00fanicos votos do PPdeG, unha iniciativa que incl\u00fae un completo cat\u00e1logo de medidas de apoio aos viticultores afectados polas xeadas - PP de Galicia","robots":{"index":"index","follow":"follow","max-snippet":"max-snippet:-1","max-image-preview":"max-image-preview:large","max-video-preview":"max-video-preview:-1"},"canonical":"https:\/\/ppdegalicia.com\/es\/o-parlamento-aproba-cos-unicos-votos-do-ppdeg-unha-iniciativa-que-inclue-un-completo-catalogo-de-medidas-de-apoio-aos-viticultores-afectados-polas-xeadas\/","og_locale":"es_ES","og_type":"article","og_title":"O Parlamento aproba, cos \u00fanicos votos do PPdeG, unha iniciativa que incl\u00fae un completo cat\u00e1logo de medidas de apoio aos viticultores afectados polas xeadas - PP de Galicia","og_description":"Santiago, 26 de maio de 2017.- O Parlamento de Galicia aprobou esta ma&ntilde;&aacute;, cos &uacute;nicos votos favorables do Grupo Popular, unha proposici&oacute;n non de lei que incorpora diversas medidas de apoio aos viticultores afectados polas xeadas, que van desde a declaraci&oacute;n como fen&oacute;meno clim&aacute;tico adverso, rebaixas no IRPF dos viticultores afectados, bonificaci&oacute;ns da Seguridade Social, [&hellip;]","og_url":"https:\/\/ppdegalicia.com\/es\/o-parlamento-aproba-cos-unicos-votos-do-ppdeg-unha-iniciativa-que-inclue-un-completo-catalogo-de-medidas-de-apoio-aos-viticultores-afectados-polas-xeadas\/","og_site_name":"PP de Galicia","article_publisher":"https:\/\/www.instagram.com\/ppdegalicia\/","article_published_time":"2017-05-29T06:11:43+00:00","author":"Super User","twitter_card":"summary_large_image","twitter_creator":"@ppdegalicia","twitter_site":"@ppdegalicia","twitter_misc":{"Escrito por":"Super User","Tiempo de lectura":"4 minutos"},"schema":{"@context":"https:\/\/schema.org","@graph":[{"@type":"Article","@id":"https:\/\/ppdegalicia.com\/es\/o-parlamento-aproba-cos-unicos-votos-do-ppdeg-unha-iniciativa-que-inclue-un-completo-catalogo-de-medidas-de-apoio-aos-viticultores-afectados-polas-xeadas\/#article","isPartOf":{"@id":"https:\/\/ppdegalicia.com\/es\/o-parlamento-aproba-cos-unicos-votos-do-ppdeg-unha-iniciativa-que-inclue-un-completo-catalogo-de-medidas-de-apoio-aos-viticultores-afectados-polas-xeadas\/"},"author":{"name":"Super User","@id":"https:\/\/ppdegalicia.com\/es\/#\/schema\/person\/d0f013b8388c980665d44009ab762960"},"headline":"O Parlamento aproba, cos \u00fanicos votos do PPdeG, unha iniciativa que incl\u00fae un completo cat\u00e1logo de medidas de apoio aos viticultores afectados polas xeadas","datePublished":"2017-05-29T06:11:43+00:00","mainEntityOfPage":{"@id":"https:\/\/ppdegalicia.com\/es\/o-parlamento-aproba-cos-unicos-votos-do-ppdeg-unha-iniciativa-que-inclue-un-completo-catalogo-de-medidas-de-apoio-aos-viticultores-afectados-polas-xeadas\/"},"wordCount":735,"commentCount":0,"publisher":{"@id":"https:\/\/ppdegalicia.com\/es\/#organization"},"articleSection":["PP de Galicia"],"inLanguage":"es","potentialAction":[{"@type":"CommentAction","name":"Comment","target":["https:\/\/ppdegalicia.com\/es\/o-parlamento-aproba-cos-unicos-votos-do-ppdeg-unha-iniciativa-que-inclue-un-completo-catalogo-de-medidas-de-apoio-aos-viticultores-afectados-polas-xeadas\/#respond"]}]},{"@type":"WebPage","@id":"https:\/\/ppdegalicia.com\/es\/o-parlamento-aproba-cos-unicos-votos-do-ppdeg-unha-iniciativa-que-inclue-un-completo-catalogo-de-medidas-de-apoio-aos-viticultores-afectados-polas-xeadas\/","url":"https:\/\/ppdegalicia.com\/es\/o-parlamento-aproba-cos-unicos-votos-do-ppdeg-unha-iniciativa-que-inclue-un-completo-catalogo-de-medidas-de-apoio-aos-viticultores-afectados-polas-xeadas\/","name":"O Parlamento aproba, cos \u00fanicos votos do PPdeG, unha iniciativa que incl\u00fae un completo cat\u00e1logo de medidas de apoio aos viticultores afectados polas xeadas - PP de Galicia","isPartOf":{"@id":"https:\/\/ppdegalicia.com\/es\/#website"},"datePublished":"2017-05-29T06:11:43+00:00","breadcrumb":{"@id":"https:\/\/ppdegalicia.com\/es\/o-parlamento-aproba-cos-unicos-votos-do-ppdeg-unha-iniciativa-que-inclue-un-completo-catalogo-de-medidas-de-apoio-aos-viticultores-afectados-polas-xeadas\/#breadcrumb"},"inLanguage":"es","potentialAction":[{"@type":"ReadAction","target":["https:\/\/ppdegalicia.com\/es\/o-parlamento-aproba-cos-unicos-votos-do-ppdeg-unha-iniciativa-que-inclue-un-completo-catalogo-de-medidas-de-apoio-aos-viticultores-afectados-polas-xeadas\/"]}]},{"@type":"BreadcrumbList","@id":"https:\/\/ppdegalicia.com\/es\/o-parlamento-aproba-cos-unicos-votos-do-ppdeg-unha-iniciativa-que-inclue-un-completo-catalogo-de-medidas-de-apoio-aos-viticultores-afectados-polas-xeadas\/#breadcrumb","itemListElement":[{"@type":"ListItem","position":1,"name":"Portada","item":"https:\/\/ppdegalicia.com\/es\/"},{"@type":"ListItem","position":2,"name":"O Parlamento aproba, cos \u00fanicos votos do PPdeG, unha iniciativa que incl\u00fae un completo cat\u00e1logo de medidas de apoio aos viticultores afectados polas xeadas"}]},{"@type":"WebSite","@id":"https:\/\/ppdegalicia.com\/es\/#website","url":"https:\/\/ppdegalicia.com\/es\/","name":"Partido Popular de Galicia","description":"Partido Popular de Galicia","publisher":{"@id":"https:\/\/ppdegalicia.com\/es\/#organization"},"alternateName":"PP de Galicia","potentialAction":[{"@type":"SearchAction","target":{"@type":"EntryPoint","urlTemplate":"https:\/\/ppdegalicia.com\/es\/?s={search_term_string}"},"query-input":{"@type":"PropertyValueSpecification","valueRequired":true,"valueName":"search_term_string"}}],"inLanguage":"es"},{"@type":"Organization","@id":"https:\/\/ppdegalicia.com\/es\/#organization","name":"Partido Popular de Galicia","alternateName":"PP de Galicia","url":"https:\/\/ppdegalicia.com\/es\/","logo":{"@type":"ImageObject","inLanguage":"es","@id":"https:\/\/ppdegalicia.com\/es\/#\/schema\/logo\/image\/","url":"https:\/\/ppdegalicia.com\/wp-content\/uploads\/2023\/04\/logoPP512.png","contentUrl":"https:\/\/ppdegalicia.com\/wp-content\/uploads\/2023\/04\/logoPP512.png","width":512,"height":512,"caption":"Partido Popular de Galicia"},"image":{"@id":"https:\/\/ppdegalicia.com\/es\/#\/schema\/logo\/image\/"},"sameAs":["https:\/\/www.instagram.com\/ppdegalicia\/","https:\/\/x.com\/ppdegalicia","https:\/\/www.tiktok.com\/@ppdegalicia","https:\/\/www.youtube.com\/user\/ppdegalicia"]},{"@type":"Person","@id":"https:\/\/ppdegalicia.com\/es\/#\/schema\/person\/d0f013b8388c980665d44009ab762960","name":"Super User","image":{"@type":"ImageObject","inLanguage":"es","@id":"https:\/\/secure.gravatar.com\/avatar\/1db852625ef4948f58d2739bfbc51e4b9bd5c93b8fa340b59fdb594ca0845645?s=96&d=mm&r=g","url":"https:\/\/secure.gravatar.com\/avatar\/1db852625ef4948f58d2739bfbc51e4b9bd5c93b8fa340b59fdb594ca0845645?s=96&d=mm&r=g","contentUrl":"https:\/\/secure.gravatar.com\/avatar\/1db852625ef4948f58d2739bfbc51e4b9bd5c93b8fa340b59fdb594ca0845645?s=96&d=mm&r=g","caption":"Super User"},"url":"https:\/\/ppdegalicia.com\/es\/author\/ppdegaliciagestion\/"}]}},"_links":{"self":[{"href":"https:\/\/ppdegalicia.com\/es\/wp-json\/wp\/v2\/posts\/53575","targetHints":{"allow":["GET"]}}],"collection":[{"href":"https:\/\/ppdegalicia.com\/es\/wp-json\/wp\/v2\/posts"}],"about":[{"href":"https:\/\/ppdegalicia.com\/es\/wp-json\/wp\/v2\/types\/post"}],"author":[{"embeddable":true,"href":"https:\/\/ppdegalicia.com\/es\/wp-json\/wp\/v2\/users\/37"}],"replies":[{"embeddable":true,"href":"https:\/\/ppdegalicia.com\/es\/wp-json\/wp\/v2\/comments?post=53575"}],"version-history":[{"count":0,"href":"https:\/\/ppdegalicia.com\/es\/wp-json\/wp\/v2\/posts\/53575\/revisions"}],"wp:attachment":[{"href":"https:\/\/ppdegalicia.com\/es\/wp-json\/wp\/v2\/media?parent=53575"}],"wp:term":[{"taxonomy":"category","embeddable":true,"href":"https:\/\/ppdegalicia.com\/es\/wp-json\/wp\/v2\/categories?post=53575"},{"taxonomy":"post_tag","embeddable":true,"href":"https:\/\/ppdegalicia.com\/es\/wp-json\/wp\/v2\/tags?post=53575"}],"curies":[{"name":"wp","href":"https:\/\/api.w.org\/{rel}","templated":true}]}}