{"id":53577,"date":"2017-05-30T15:09:01","date_gmt":"2017-05-30T13:09:01","guid":{"rendered":"https:\/\/ppdegalicia.com\/o-gpp-defendera-no-pleno-que-xunta-e-concellos-colaboren-na-elaboracion-do-novo-mapa-de-transporte-por-estrada-implicando-tamen-as-deputacions\/"},"modified":"2017-05-30T15:09:01","modified_gmt":"2017-05-30T13:09:01","slug":"o-gpp-defendera-no-pleno-que-xunta-e-concellos-colaboren-na-elaboracion-do-novo-mapa-de-transporte-por-estrada-implicando-tamen-as-deputacions","status":"publish","type":"post","link":"https:\/\/ppdegalicia.com\/es\/o-gpp-defendera-no-pleno-que-xunta-e-concellos-colaboren-na-elaboracion-do-novo-mapa-de-transporte-por-estrada-implicando-tamen-as-deputacions\/","title":{"rendered":"O GPP  defender\u00e1 no pleno que Xunta e concellos colaboren na elaboraci\u00f3n do novo mapa de transporte por estrada, implicando tam\u00e9n \u00e1s deputaci\u00f3ns"},"content":{"rendered":"<p>Santiago, 30 de maio de 2017.- O Grupo Popular defender&aacute; no Pleno da vindeira semana unha proposici&oacute;n non de lei a trav&eacute;s da que se insta &aacute; Xunta para que estableza cos concellos galegos un marco de di&aacute;logo e colaboraci&oacute;n na planificaci&oacute;n do novo mapa de transporte por estrada, no que tam&eacute;n se solicita a implicaci&oacute;n das deputaci&oacute;ns provinciais. Ademais, solicitar&aacute; a creaci&oacute;n dun calendario de vacinaci&oacute;n para adultos.<\/p>\n<p>\n<!--more--><br \/>\n<br \/>Ao remate da Xunta de Portavoces, o portavoz popular, Pedro Puy, deu conta das cinco iniciativas que o Grupo Popular incorporou &aacute; orde do d&iacute;a da sesi&oacute;n plenaria: d&uacute;as proposici&oacute;ns non de lei e tres preguntas ao Goberno galego.<\/p>\n<p><strong>VACINAS PARA ADULTOS E TRANSPORTE POR ESTRADA<\/strong><\/p>\n<p>A trav&eacute;s da primeira proposici&oacute;n non de lei solic&iacute;tase &aacute; Xunta de Galicia a elaborar e aprobar un calendario vacinal para adultos, de xeito que se mellore a informaci&oacute;n sobre as vaci&ntilde;as dispo&ntilde;ibles e das s&uacute;as vantaxes, principalmente entre as persoas que poidan resultar beneficiarias.<\/p>\n<p>A segunda proposici&oacute;n non de lei do Grupo Popular insta &aacute; Xunta a establecer un marco de di&aacute;logo e colaboraci&oacute;n estable que favoreza a participaci&oacute;n dos concellos no proceso de planificaci&oacute;n do novo mapa de transportes por estrada, as&iacute; como solicitar a participaci&oacute;n activa das deputaci&oacute;ns provinciais.<\/p>\n<p>Puy salientou que a elaboraci&oacute;n deste novo mapa de transportes por estrada &ldquo;&eacute; unha ocasi&oacute;n para reforzar a cobertura do transporte p&uacute;blico no rural, as&iacute; como outras cuesti&oacute;ns novas como o transporte baixo demanda&rdquo;. &ldquo;Para elaborar este transporte, quen mellor o co&ntilde;ecen son as administraci&oacute;ns locais, polo que solicitamos que se estableza un marco de colaboraci&oacute;n estable entre a Xunta e os concellos&rdquo;.<\/p>\n<p>No apartado de preguntas ao Goberno, o Grupo Popular cuestionar&aacute; sobre os motivos polos que se est&aacute;n a dar retrasos na tramitaci&oacute;n dos recursos de servizos sociais municipais no Concello de Vigo; sobre a situaci&oacute;n actual da enfermidade da hepatite C en Galicia e as perspectivas de tratamento nun futuro pr&oacute;ximo; e sobre o n&uacute;mero de familias que se benefician do Bono Concilia de axudas directas para o pago de prazas de escola infantil naqueles casos nos que os nenos de 0 a 3 anos non te&ntilde;an praza nun centro financiado con fondos p&uacute;blicos.<\/p>\n<p><strong>OPOSICI&Oacute;N SEN VETOS<\/strong><\/p>\n<p>Ademais da comparecencia do conselleiro de Pol&iacute;tica Social para dar conta dos proxectos aprobados ao seu departamento na primeira convocatoria do programa Interreg V-A Espa&ntilde;a Portugal, a sesi&oacute;n plenaria incorpora o debate de totalidade do proxecto de Lei de protecci&oacute;n e benestar dos animais de compa&ntilde;&iacute;a en Galicia.<\/p>\n<p>Pedro Puy tam&eacute;n sinalou que tam&eacute;n se debater&aacute; no Pleno a proposta de creaci&oacute;n dunha comisi&oacute;n de investigaci&oacute;n para analizar a contrataci&oacute;n dun empresario coas administraci&oacute;ns p&uacute;blicas en Galicia. Neste sentido, sinalou que &eacute; unha nova demostraci&oacute;n de que &ldquo;&aacute; oposici&oacute;n non se lle veta ningunha iniciativa, por moi estra&ntilde;a que poida parecer&rdquo;, porque &ldquo;trae ao Parlamento unha pol&iacute;tica da sospeita sen ning&uacute;n tipo de dato ou indicio que a apoie&rdquo;.<\/p>\n<p>&ldquo;Rexeitamos esta forma de facer pol&iacute;tica&rdquo;, sinalou Puy, quen lembrou que &ldquo;investigar por investigar &eacute; trasladar unha opini&oacute;n sobre Galicia que non se corresponde coa realidade, e m&aacute;is cando datos como o crecemento da econom&iacute;a ou o descenso do paro est&aacute;n a contradicir o que desde a oposici&oacute;n auguraban&rdquo;.<\/p>\n","protected":false},"excerpt":{"rendered":"<p>Santiago, 30 de maio de 2017.- O Grupo Popular defender&aacute; no Pleno da vindeira semana unha proposici&oacute;n non de lei a trav&eacute;s da que se insta &aacute; Xunta para que estableza cos concellos galegos un marco de di&aacute;logo e colaboraci&oacute;n na planificaci&oacute;n do novo mapa de transporte por estrada, no que tam&eacute;n se solicita a [&hellip;]<\/p>\n","protected":false},"author":37,"featured_media":0,"comment_status":"open","ping_status":"open","sticky":false,"template":"","format":"standard","meta":{"_acf_changed":false,"footnotes":""},"categories":[1],"tags":[],"class_list":["post-53577","post","type-post","status-publish","format-standard","hentry","category-pp-de-galicia"],"acf":[],"yoast_head":"<!-- This site is optimized with the Yoast SEO plugin v27.3 - https:\/\/yoast.com\/product\/yoast-seo-wordpress\/ -->\n<title>O GPP defender\u00e1 no pleno que Xunta e concellos colaboren na elaboraci\u00f3n do novo mapa de transporte por estrada, implicando tam\u00e9n \u00e1s deputaci\u00f3ns - PP de Galicia<\/title>\n<meta name=\"robots\" content=\"index, follow, max-snippet:-1, max-image-preview:large, max-video-preview:-1\" \/>\n<link rel=\"canonical\" href=\"https:\/\/ppdegalicia.com\/es\/o-gpp-defendera-no-pleno-que-xunta-e-concellos-colaboren-na-elaboracion-do-novo-mapa-de-transporte-por-estrada-implicando-tamen-as-deputacions\/\" \/>\n<meta property=\"og:locale\" content=\"es_ES\" \/>\n<meta property=\"og:type\" content=\"article\" \/>\n<meta property=\"og:title\" content=\"O GPP defender\u00e1 no pleno que Xunta e concellos colaboren na elaboraci\u00f3n do novo mapa de transporte por estrada, implicando tam\u00e9n \u00e1s deputaci\u00f3ns - PP de Galicia\" \/>\n<meta property=\"og:description\" content=\"Santiago, 30 de maio de 2017.- O Grupo Popular defender&aacute; no Pleno da vindeira semana unha proposici&oacute;n non de lei a trav&eacute;s da que se insta &aacute; Xunta para que estableza cos concellos galegos un marco de di&aacute;logo e colaboraci&oacute;n na planificaci&oacute;n do novo mapa de transporte por estrada, no que tam&eacute;n se solicita a [&hellip;]\" \/>\n<meta property=\"og:url\" content=\"https:\/\/ppdegalicia.com\/es\/o-gpp-defendera-no-pleno-que-xunta-e-concellos-colaboren-na-elaboracion-do-novo-mapa-de-transporte-por-estrada-implicando-tamen-as-deputacions\/\" \/>\n<meta property=\"og:site_name\" content=\"PP de Galicia\" \/>\n<meta property=\"article:publisher\" content=\"https:\/\/www.instagram.com\/ppdegalicia\/\" \/>\n<meta property=\"article:published_time\" content=\"2017-05-30T13:09:01+00:00\" \/>\n<meta name=\"author\" content=\"Super User\" \/>\n<meta name=\"twitter:card\" content=\"summary_large_image\" \/>\n<meta name=\"twitter:creator\" content=\"@ppdegalicia\" \/>\n<meta name=\"twitter:site\" content=\"@ppdegalicia\" \/>\n<meta name=\"twitter:label1\" content=\"Escrito por\" \/>\n\t<meta name=\"twitter:data1\" content=\"Super User\" \/>\n\t<meta name=\"twitter:label2\" content=\"Tiempo de lectura\" \/>\n\t<meta name=\"twitter:data2\" content=\"3 minutos\" \/>\n<script type=\"application\/ld+json\" class=\"yoast-schema-graph\">{\"@context\":\"https:\\\/\\\/schema.org\",\"@graph\":[{\"@type\":\"Article\",\"@id\":\"https:\\\/\\\/ppdegalicia.com\\\/es\\\/o-gpp-defendera-no-pleno-que-xunta-e-concellos-colaboren-na-elaboracion-do-novo-mapa-de-transporte-por-estrada-implicando-tamen-as-deputacions\\\/#article\",\"isPartOf\":{\"@id\":\"https:\\\/\\\/ppdegalicia.com\\\/es\\\/o-gpp-defendera-no-pleno-que-xunta-e-concellos-colaboren-na-elaboracion-do-novo-mapa-de-transporte-por-estrada-implicando-tamen-as-deputacions\\\/\"},\"author\":{\"name\":\"Super User\",\"@id\":\"https:\\\/\\\/ppdegalicia.com\\\/es\\\/#\\\/schema\\\/person\\\/d0f013b8388c980665d44009ab762960\"},\"headline\":\"O GPP defender\u00e1 no pleno que Xunta e concellos colaboren na elaboraci\u00f3n do novo mapa de transporte por estrada, implicando tam\u00e9n \u00e1s deputaci\u00f3ns\",\"datePublished\":\"2017-05-30T13:09:01+00:00\",\"mainEntityOfPage\":{\"@id\":\"https:\\\/\\\/ppdegalicia.com\\\/es\\\/o-gpp-defendera-no-pleno-que-xunta-e-concellos-colaboren-na-elaboracion-do-novo-mapa-de-transporte-por-estrada-implicando-tamen-as-deputacions\\\/\"},\"wordCount\":711,\"commentCount\":0,\"publisher\":{\"@id\":\"https:\\\/\\\/ppdegalicia.com\\\/es\\\/#organization\"},\"articleSection\":[\"PP de Galicia\"],\"inLanguage\":\"es\",\"potentialAction\":[{\"@type\":\"CommentAction\",\"name\":\"Comment\",\"target\":[\"https:\\\/\\\/ppdegalicia.com\\\/es\\\/o-gpp-defendera-no-pleno-que-xunta-e-concellos-colaboren-na-elaboracion-do-novo-mapa-de-transporte-por-estrada-implicando-tamen-as-deputacions\\\/#respond\"]}]},{\"@type\":\"WebPage\",\"@id\":\"https:\\\/\\\/ppdegalicia.com\\\/es\\\/o-gpp-defendera-no-pleno-que-xunta-e-concellos-colaboren-na-elaboracion-do-novo-mapa-de-transporte-por-estrada-implicando-tamen-as-deputacions\\\/\",\"url\":\"https:\\\/\\\/ppdegalicia.com\\\/es\\\/o-gpp-defendera-no-pleno-que-xunta-e-concellos-colaboren-na-elaboracion-do-novo-mapa-de-transporte-por-estrada-implicando-tamen-as-deputacions\\\/\",\"name\":\"O GPP defender\u00e1 no pleno que Xunta e concellos colaboren na elaboraci\u00f3n do novo mapa de transporte por estrada, implicando tam\u00e9n \u00e1s deputaci\u00f3ns - PP de Galicia\",\"isPartOf\":{\"@id\":\"https:\\\/\\\/ppdegalicia.com\\\/es\\\/#website\"},\"datePublished\":\"2017-05-30T13:09:01+00:00\",\"breadcrumb\":{\"@id\":\"https:\\\/\\\/ppdegalicia.com\\\/es\\\/o-gpp-defendera-no-pleno-que-xunta-e-concellos-colaboren-na-elaboracion-do-novo-mapa-de-transporte-por-estrada-implicando-tamen-as-deputacions\\\/#breadcrumb\"},\"inLanguage\":\"es\",\"potentialAction\":[{\"@type\":\"ReadAction\",\"target\":[\"https:\\\/\\\/ppdegalicia.com\\\/es\\\/o-gpp-defendera-no-pleno-que-xunta-e-concellos-colaboren-na-elaboracion-do-novo-mapa-de-transporte-por-estrada-implicando-tamen-as-deputacions\\\/\"]}]},{\"@type\":\"BreadcrumbList\",\"@id\":\"https:\\\/\\\/ppdegalicia.com\\\/es\\\/o-gpp-defendera-no-pleno-que-xunta-e-concellos-colaboren-na-elaboracion-do-novo-mapa-de-transporte-por-estrada-implicando-tamen-as-deputacions\\\/#breadcrumb\",\"itemListElement\":[{\"@type\":\"ListItem\",\"position\":1,\"name\":\"Portada\",\"item\":\"https:\\\/\\\/ppdegalicia.com\\\/es\\\/\"},{\"@type\":\"ListItem\",\"position\":2,\"name\":\"O GPP defender\u00e1 no pleno que Xunta e concellos colaboren na elaboraci\u00f3n do novo mapa de transporte por estrada, implicando tam\u00e9n \u00e1s deputaci\u00f3ns\"}]},{\"@type\":\"WebSite\",\"@id\":\"https:\\\/\\\/ppdegalicia.com\\\/es\\\/#website\",\"url\":\"https:\\\/\\\/ppdegalicia.com\\\/es\\\/\",\"name\":\"Partido Popular de Galicia\",\"description\":\"Partido Popular de Galicia\",\"publisher\":{\"@id\":\"https:\\\/\\\/ppdegalicia.com\\\/es\\\/#organization\"},\"alternateName\":\"PP de Galicia\",\"potentialAction\":[{\"@type\":\"SearchAction\",\"target\":{\"@type\":\"EntryPoint\",\"urlTemplate\":\"https:\\\/\\\/ppdegalicia.com\\\/es\\\/?s={search_term_string}\"},\"query-input\":{\"@type\":\"PropertyValueSpecification\",\"valueRequired\":true,\"valueName\":\"search_term_string\"}}],\"inLanguage\":\"es\"},{\"@type\":\"Organization\",\"@id\":\"https:\\\/\\\/ppdegalicia.com\\\/es\\\/#organization\",\"name\":\"Partido Popular de Galicia\",\"alternateName\":\"PP de Galicia\",\"url\":\"https:\\\/\\\/ppdegalicia.com\\\/es\\\/\",\"logo\":{\"@type\":\"ImageObject\",\"inLanguage\":\"es\",\"@id\":\"https:\\\/\\\/ppdegalicia.com\\\/es\\\/#\\\/schema\\\/logo\\\/image\\\/\",\"url\":\"https:\\\/\\\/ppdegalicia.com\\\/wp-content\\\/uploads\\\/2023\\\/04\\\/logoPP512.png\",\"contentUrl\":\"https:\\\/\\\/ppdegalicia.com\\\/wp-content\\\/uploads\\\/2023\\\/04\\\/logoPP512.png\",\"width\":512,\"height\":512,\"caption\":\"Partido Popular de Galicia\"},\"image\":{\"@id\":\"https:\\\/\\\/ppdegalicia.com\\\/es\\\/#\\\/schema\\\/logo\\\/image\\\/\"},\"sameAs\":[\"https:\\\/\\\/www.instagram.com\\\/ppdegalicia\\\/\",\"https:\\\/\\\/x.com\\\/ppdegalicia\",\"https:\\\/\\\/www.tiktok.com\\\/@ppdegalicia\",\"https:\\\/\\\/www.youtube.com\\\/user\\\/ppdegalicia\"]},{\"@type\":\"Person\",\"@id\":\"https:\\\/\\\/ppdegalicia.com\\\/es\\\/#\\\/schema\\\/person\\\/d0f013b8388c980665d44009ab762960\",\"name\":\"Super User\",\"image\":{\"@type\":\"ImageObject\",\"inLanguage\":\"es\",\"@id\":\"https:\\\/\\\/secure.gravatar.com\\\/avatar\\\/1db852625ef4948f58d2739bfbc51e4b9bd5c93b8fa340b59fdb594ca0845645?s=96&d=mm&r=g\",\"url\":\"https:\\\/\\\/secure.gravatar.com\\\/avatar\\\/1db852625ef4948f58d2739bfbc51e4b9bd5c93b8fa340b59fdb594ca0845645?s=96&d=mm&r=g\",\"contentUrl\":\"https:\\\/\\\/secure.gravatar.com\\\/avatar\\\/1db852625ef4948f58d2739bfbc51e4b9bd5c93b8fa340b59fdb594ca0845645?s=96&d=mm&r=g\",\"caption\":\"Super User\"},\"url\":\"https:\\\/\\\/ppdegalicia.com\\\/es\\\/author\\\/ppdegaliciagestion\\\/\"}]}<\/script>\n<!-- \/ Yoast SEO plugin. -->","yoast_head_json":{"title":"O GPP defender\u00e1 no pleno que Xunta e concellos colaboren na elaboraci\u00f3n do novo mapa de transporte por estrada, implicando tam\u00e9n \u00e1s deputaci\u00f3ns - PP de Galicia","robots":{"index":"index","follow":"follow","max-snippet":"max-snippet:-1","max-image-preview":"max-image-preview:large","max-video-preview":"max-video-preview:-1"},"canonical":"https:\/\/ppdegalicia.com\/es\/o-gpp-defendera-no-pleno-que-xunta-e-concellos-colaboren-na-elaboracion-do-novo-mapa-de-transporte-por-estrada-implicando-tamen-as-deputacions\/","og_locale":"es_ES","og_type":"article","og_title":"O GPP defender\u00e1 no pleno que Xunta e concellos colaboren na elaboraci\u00f3n do novo mapa de transporte por estrada, implicando tam\u00e9n \u00e1s deputaci\u00f3ns - PP de Galicia","og_description":"Santiago, 30 de maio de 2017.- O Grupo Popular defender&aacute; no Pleno da vindeira semana unha proposici&oacute;n non de lei a trav&eacute;s da que se insta &aacute; Xunta para que estableza cos concellos galegos un marco de di&aacute;logo e colaboraci&oacute;n na planificaci&oacute;n do novo mapa de transporte por estrada, no que tam&eacute;n se solicita a [&hellip;]","og_url":"https:\/\/ppdegalicia.com\/es\/o-gpp-defendera-no-pleno-que-xunta-e-concellos-colaboren-na-elaboracion-do-novo-mapa-de-transporte-por-estrada-implicando-tamen-as-deputacions\/","og_site_name":"PP de Galicia","article_publisher":"https:\/\/www.instagram.com\/ppdegalicia\/","article_published_time":"2017-05-30T13:09:01+00:00","author":"Super User","twitter_card":"summary_large_image","twitter_creator":"@ppdegalicia","twitter_site":"@ppdegalicia","twitter_misc":{"Escrito por":"Super User","Tiempo de lectura":"3 minutos"},"schema":{"@context":"https:\/\/schema.org","@graph":[{"@type":"Article","@id":"https:\/\/ppdegalicia.com\/es\/o-gpp-defendera-no-pleno-que-xunta-e-concellos-colaboren-na-elaboracion-do-novo-mapa-de-transporte-por-estrada-implicando-tamen-as-deputacions\/#article","isPartOf":{"@id":"https:\/\/ppdegalicia.com\/es\/o-gpp-defendera-no-pleno-que-xunta-e-concellos-colaboren-na-elaboracion-do-novo-mapa-de-transporte-por-estrada-implicando-tamen-as-deputacions\/"},"author":{"name":"Super User","@id":"https:\/\/ppdegalicia.com\/es\/#\/schema\/person\/d0f013b8388c980665d44009ab762960"},"headline":"O GPP defender\u00e1 no pleno que Xunta e concellos colaboren na elaboraci\u00f3n do novo mapa de transporte por estrada, implicando tam\u00e9n \u00e1s deputaci\u00f3ns","datePublished":"2017-05-30T13:09:01+00:00","mainEntityOfPage":{"@id":"https:\/\/ppdegalicia.com\/es\/o-gpp-defendera-no-pleno-que-xunta-e-concellos-colaboren-na-elaboracion-do-novo-mapa-de-transporte-por-estrada-implicando-tamen-as-deputacions\/"},"wordCount":711,"commentCount":0,"publisher":{"@id":"https:\/\/ppdegalicia.com\/es\/#organization"},"articleSection":["PP de Galicia"],"inLanguage":"es","potentialAction":[{"@type":"CommentAction","name":"Comment","target":["https:\/\/ppdegalicia.com\/es\/o-gpp-defendera-no-pleno-que-xunta-e-concellos-colaboren-na-elaboracion-do-novo-mapa-de-transporte-por-estrada-implicando-tamen-as-deputacions\/#respond"]}]},{"@type":"WebPage","@id":"https:\/\/ppdegalicia.com\/es\/o-gpp-defendera-no-pleno-que-xunta-e-concellos-colaboren-na-elaboracion-do-novo-mapa-de-transporte-por-estrada-implicando-tamen-as-deputacions\/","url":"https:\/\/ppdegalicia.com\/es\/o-gpp-defendera-no-pleno-que-xunta-e-concellos-colaboren-na-elaboracion-do-novo-mapa-de-transporte-por-estrada-implicando-tamen-as-deputacions\/","name":"O GPP defender\u00e1 no pleno que Xunta e concellos colaboren na elaboraci\u00f3n do novo mapa de transporte por estrada, implicando tam\u00e9n \u00e1s deputaci\u00f3ns - PP de Galicia","isPartOf":{"@id":"https:\/\/ppdegalicia.com\/es\/#website"},"datePublished":"2017-05-30T13:09:01+00:00","breadcrumb":{"@id":"https:\/\/ppdegalicia.com\/es\/o-gpp-defendera-no-pleno-que-xunta-e-concellos-colaboren-na-elaboracion-do-novo-mapa-de-transporte-por-estrada-implicando-tamen-as-deputacions\/#breadcrumb"},"inLanguage":"es","potentialAction":[{"@type":"ReadAction","target":["https:\/\/ppdegalicia.com\/es\/o-gpp-defendera-no-pleno-que-xunta-e-concellos-colaboren-na-elaboracion-do-novo-mapa-de-transporte-por-estrada-implicando-tamen-as-deputacions\/"]}]},{"@type":"BreadcrumbList","@id":"https:\/\/ppdegalicia.com\/es\/o-gpp-defendera-no-pleno-que-xunta-e-concellos-colaboren-na-elaboracion-do-novo-mapa-de-transporte-por-estrada-implicando-tamen-as-deputacions\/#breadcrumb","itemListElement":[{"@type":"ListItem","position":1,"name":"Portada","item":"https:\/\/ppdegalicia.com\/es\/"},{"@type":"ListItem","position":2,"name":"O GPP defender\u00e1 no pleno que Xunta e concellos colaboren na elaboraci\u00f3n do novo mapa de transporte por estrada, implicando tam\u00e9n \u00e1s deputaci\u00f3ns"}]},{"@type":"WebSite","@id":"https:\/\/ppdegalicia.com\/es\/#website","url":"https:\/\/ppdegalicia.com\/es\/","name":"Partido Popular de Galicia","description":"Partido Popular de Galicia","publisher":{"@id":"https:\/\/ppdegalicia.com\/es\/#organization"},"alternateName":"PP de Galicia","potentialAction":[{"@type":"SearchAction","target":{"@type":"EntryPoint","urlTemplate":"https:\/\/ppdegalicia.com\/es\/?s={search_term_string}"},"query-input":{"@type":"PropertyValueSpecification","valueRequired":true,"valueName":"search_term_string"}}],"inLanguage":"es"},{"@type":"Organization","@id":"https:\/\/ppdegalicia.com\/es\/#organization","name":"Partido Popular de Galicia","alternateName":"PP de Galicia","url":"https:\/\/ppdegalicia.com\/es\/","logo":{"@type":"ImageObject","inLanguage":"es","@id":"https:\/\/ppdegalicia.com\/es\/#\/schema\/logo\/image\/","url":"https:\/\/ppdegalicia.com\/wp-content\/uploads\/2023\/04\/logoPP512.png","contentUrl":"https:\/\/ppdegalicia.com\/wp-content\/uploads\/2023\/04\/logoPP512.png","width":512,"height":512,"caption":"Partido Popular de Galicia"},"image":{"@id":"https:\/\/ppdegalicia.com\/es\/#\/schema\/logo\/image\/"},"sameAs":["https:\/\/www.instagram.com\/ppdegalicia\/","https:\/\/x.com\/ppdegalicia","https:\/\/www.tiktok.com\/@ppdegalicia","https:\/\/www.youtube.com\/user\/ppdegalicia"]},{"@type":"Person","@id":"https:\/\/ppdegalicia.com\/es\/#\/schema\/person\/d0f013b8388c980665d44009ab762960","name":"Super User","image":{"@type":"ImageObject","inLanguage":"es","@id":"https:\/\/secure.gravatar.com\/avatar\/1db852625ef4948f58d2739bfbc51e4b9bd5c93b8fa340b59fdb594ca0845645?s=96&d=mm&r=g","url":"https:\/\/secure.gravatar.com\/avatar\/1db852625ef4948f58d2739bfbc51e4b9bd5c93b8fa340b59fdb594ca0845645?s=96&d=mm&r=g","contentUrl":"https:\/\/secure.gravatar.com\/avatar\/1db852625ef4948f58d2739bfbc51e4b9bd5c93b8fa340b59fdb594ca0845645?s=96&d=mm&r=g","caption":"Super User"},"url":"https:\/\/ppdegalicia.com\/es\/author\/ppdegaliciagestion\/"}]}},"_links":{"self":[{"href":"https:\/\/ppdegalicia.com\/es\/wp-json\/wp\/v2\/posts\/53577","targetHints":{"allow":["GET"]}}],"collection":[{"href":"https:\/\/ppdegalicia.com\/es\/wp-json\/wp\/v2\/posts"}],"about":[{"href":"https:\/\/ppdegalicia.com\/es\/wp-json\/wp\/v2\/types\/post"}],"author":[{"embeddable":true,"href":"https:\/\/ppdegalicia.com\/es\/wp-json\/wp\/v2\/users\/37"}],"replies":[{"embeddable":true,"href":"https:\/\/ppdegalicia.com\/es\/wp-json\/wp\/v2\/comments?post=53577"}],"version-history":[{"count":0,"href":"https:\/\/ppdegalicia.com\/es\/wp-json\/wp\/v2\/posts\/53577\/revisions"}],"wp:attachment":[{"href":"https:\/\/ppdegalicia.com\/es\/wp-json\/wp\/v2\/media?parent=53577"}],"wp:term":[{"taxonomy":"category","embeddable":true,"href":"https:\/\/ppdegalicia.com\/es\/wp-json\/wp\/v2\/categories?post=53577"},{"taxonomy":"post_tag","embeddable":true,"href":"https:\/\/ppdegalicia.com\/es\/wp-json\/wp\/v2\/tags?post=53577"}],"curies":[{"name":"wp","href":"https:\/\/api.w.org\/{rel}","templated":true}]}}