{"id":53649,"date":"2017-07-10T08:02:00","date_gmt":"2017-07-10T06:02:00","guid":{"rendered":"https:\/\/ppdegalicia.com\/pedro-puy-destaca-que-o-goberno-galego-dispora-desde-mana-de-230-millons-de-euros-adicionais-para-reforzar-as-politicas-de-gasto-no-presente-ano\/"},"modified":"2017-07-10T08:02:00","modified_gmt":"2017-07-10T06:02:00","slug":"pedro-puy-destaca-que-o-goberno-galego-dispora-desde-mana-de-230-millons-de-euros-adicionais-para-reforzar-as-politicas-de-gasto-no-presente-ano","status":"publish","type":"post","link":"https:\/\/ppdegalicia.com\/es\/pedro-puy-destaca-que-o-goberno-galego-dispora-desde-mana-de-230-millons-de-euros-adicionais-para-reforzar-as-politicas-de-gasto-no-presente-ano\/","title":{"rendered":"Pedro Puy destaca que o Goberno galego dispor\u00e1 desde ma\u00f1\u00e1 de 230 mill\u00f3ns de euros adicionais para reforzar as pol\u00edticas de gasto no presente ano"},"content":{"rendered":"<p>Santiago, 10 de xullo de 2017.- O portavoz do Grupo Popular, Pedro Puy, salientou hoxe que a aprobaci&oacute;n ma&ntilde;&aacute; no Pleno do proxecto de lei de actuaci&oacute;ns de apoio ao crecemento econ&oacute;mico e reforzo do gasto social permitir&aacute; ao Goberno galego dispor de xeito inmediato de 230 mill&oacute;ns de euros adicionais para reforzar as pol&iacute;ticas de gasto para o presente ano.<\/p>\n<p><!--more--><\/p>\n<p>Puy salientou a amplitude da sesi&oacute;n plenaria que se celebra esta semana, cun total de 32 cuesti&oacute;ns na orde do d&iacute;a das que o 85 por cento est&aacute;n solicitados pola oposici&oacute;n. Entre os puntos da orde do d&iacute;a, o portavoz popular referiuse &aacute;s comparecencias dos conselleiros de Infraestruturas e Vivenda, para informar do Plan de transporte p&uacute;blico e das intensas negociaci&oacute;ns que se est&aacute;n a realizar coa patronal e os sindicatos; e do conselleiro de Educaci&oacute;n, para dar conta da reorganizaci&oacute;n de centros de ensino de cara ao vindeiro curso 2017-2018.<\/p>\n<p>&nbsp;<\/p>\n<p>No &aacute;mbito lexislativo, Pedro Puy destacou o debate, polo tr&aacute;mite de lectura &uacute;nica, do proxecto de lei de impulso ao crecemento econ&oacute;mico e reforzo do gasto social. Respecto da tramitaci&oacute;n, explicou que esta f&oacute;rmula &ldquo;est&aacute; avaliada polos servizos xur&iacute;dicos do Parlamento de acordo co que se recolle no Regulamento e se te&ntilde;en axustado os tempos para que a oposici&oacute;n poida facer as s&uacute;as aportaci&oacute;ns ao proxecto&rdquo;.<\/p>\n<p>&nbsp;<\/p>\n<p>EFECTO INMEDIATO<\/p>\n<p>En concreto, Puy sinalou que este proxecto de lei &ldquo;ter&aacute; un efecto inmediato na suba salarial do 1 por cento na n&oacute;mina do mes de xullo, con efectos retroactivos ao mes de xaneiro, de cerca de 100.000 empregados p&uacute;blicos&rdquo;, lembrando que hoxe mesmo o Diario Oficial de Galicia publica a orde da Conseller&iacute;a de Facenda pola que se dan as instruci&oacute;ns precisas para levar adiante esta suba.<\/p>\n<p>&nbsp;<\/p>\n<p>Este proxecto lexislativo incorpora, ademais, partidas orzamentarias para actuaci&oacute;ns prioritarias na sanidade p&uacute;blica; a mellora dos servizos sociais e as escolas infant&iacute;s; o desenvolvemento de plans de emprego e formaci&oacute;n; e a reforma ou ampliaci&oacute;n de centros educativos e do seu equipamento.<\/p>\n<p>&nbsp;<\/p>\n<p>CICLISTAS E PLUSVAL&Iacute;AS<\/p>\n<p>Pedro Puy tam&eacute;n se referiu &aacute;s d&uacute;as proposici&oacute;ns non de lei que o Grupo Popular defender&aacute; na sesi&oacute;n plenaria. A primeira delas vai dirixida &aacute; mellora da seguridade dos ciclistas nas estradas galegas. Entre os puntos que recolle figuran a modificaci&oacute;n do C&oacute;digo Penal para recuperar a figura da imprudencia; que as forzas de seguridade do Estado intensifiquen o control nas estradas; o incremento da sinalizaci&oacute;n en puntos estrat&eacute;xicos con carteis que recorden a presenza de ciclistas; ou a realizaci&oacute;n de campa&ntilde;as sobre as vantaxes do uso da bicicleta e consellos para a seguridade viaria.<\/p>\n<p>&nbsp;<\/p>\n<p>A segunda proposici&oacute;n non de lei busca que os concellos devolvan aos contribu&iacute;ntes afectados as cantidades indebidamente recadadas do imposto de plusval&iacute;a, logo das sentenzas emitidas polo Tribunal Constitucional. En concreto, p&iacute;dese que se habiliten mecanismos para que esta devoluci&oacute;n se realice do xeito m&aacute;is eficaz posible e mediante procedementos &aacute;xiles, co fin de evitar a conflitividade neste &aacute;mbito tributario. Ademais, a proposici&oacute;n non de lei solicita que o Goberno de Espa&ntilde;a modifique o texto refundido da Lei Reguladora de Facendas Locais no relativo ao imposto sobre os incrementos de valor dos terreos de natureza urbana, de xeito que se adec&uacute;e &aacute;s &uacute;ltimas sentenzas do Tribunal Constitucional.<\/p>\n","protected":false},"excerpt":{"rendered":"<p>Santiago, 10 de xullo de 2017.- O portavoz do Grupo Popular, Pedro Puy, salientou hoxe que a aprobaci&oacute;n ma&ntilde;&aacute; no Pleno do proxecto de lei de actuaci&oacute;ns de apoio ao crecemento econ&oacute;mico e reforzo do gasto social permitir&aacute; ao Goberno galego dispor de xeito inmediato de 230 mill&oacute;ns de euros adicionais para reforzar as pol&iacute;ticas [&hellip;]<\/p>\n","protected":false},"author":37,"featured_media":0,"comment_status":"open","ping_status":"open","sticky":false,"template":"","format":"standard","meta":{"_acf_changed":false,"footnotes":""},"categories":[1],"tags":[],"class_list":["post-53649","post","type-post","status-publish","format-standard","hentry","category-pp-de-galicia"],"acf":[],"yoast_head":"<!-- This site is optimized with the Yoast SEO plugin v27.3 - https:\/\/yoast.com\/product\/yoast-seo-wordpress\/ -->\n<title>Pedro Puy destaca que o Goberno galego dispor\u00e1 desde ma\u00f1\u00e1 de 230 mill\u00f3ns de euros adicionais para reforzar as pol\u00edticas de gasto no presente ano - PP de Galicia<\/title>\n<meta name=\"robots\" content=\"index, follow, max-snippet:-1, max-image-preview:large, max-video-preview:-1\" \/>\n<link rel=\"canonical\" href=\"https:\/\/ppdegalicia.com\/es\/pedro-puy-destaca-que-o-goberno-galego-dispora-desde-mana-de-230-millons-de-euros-adicionais-para-reforzar-as-politicas-de-gasto-no-presente-ano\/\" \/>\n<meta property=\"og:locale\" content=\"es_ES\" \/>\n<meta property=\"og:type\" content=\"article\" \/>\n<meta property=\"og:title\" content=\"Pedro Puy destaca que o Goberno galego dispor\u00e1 desde ma\u00f1\u00e1 de 230 mill\u00f3ns de euros adicionais para reforzar as pol\u00edticas de gasto no presente ano - PP de Galicia\" \/>\n<meta property=\"og:description\" content=\"Santiago, 10 de xullo de 2017.- O portavoz do Grupo Popular, Pedro Puy, salientou hoxe que a aprobaci&oacute;n ma&ntilde;&aacute; no Pleno do proxecto de lei de actuaci&oacute;ns de apoio ao crecemento econ&oacute;mico e reforzo do gasto social permitir&aacute; ao Goberno galego dispor de xeito inmediato de 230 mill&oacute;ns de euros adicionais para reforzar as pol&iacute;ticas [&hellip;]\" \/>\n<meta property=\"og:url\" content=\"https:\/\/ppdegalicia.com\/es\/pedro-puy-destaca-que-o-goberno-galego-dispora-desde-mana-de-230-millons-de-euros-adicionais-para-reforzar-as-politicas-de-gasto-no-presente-ano\/\" \/>\n<meta property=\"og:site_name\" content=\"PP de Galicia\" \/>\n<meta property=\"article:publisher\" content=\"https:\/\/www.instagram.com\/ppdegalicia\/\" \/>\n<meta property=\"article:published_time\" content=\"2017-07-10T06:02:00+00:00\" \/>\n<meta name=\"author\" content=\"Super User\" \/>\n<meta name=\"twitter:card\" content=\"summary_large_image\" \/>\n<meta name=\"twitter:creator\" content=\"@ppdegalicia\" \/>\n<meta name=\"twitter:site\" content=\"@ppdegalicia\" \/>\n<meta name=\"twitter:label1\" content=\"Escrito por\" \/>\n\t<meta name=\"twitter:data1\" content=\"Super User\" \/>\n\t<meta name=\"twitter:label2\" content=\"Tiempo de lectura\" \/>\n\t<meta name=\"twitter:data2\" content=\"3 minutos\" \/>\n<script type=\"application\/ld+json\" class=\"yoast-schema-graph\">{\"@context\":\"https:\\\/\\\/schema.org\",\"@graph\":[{\"@type\":\"Article\",\"@id\":\"https:\\\/\\\/ppdegalicia.com\\\/es\\\/pedro-puy-destaca-que-o-goberno-galego-dispora-desde-mana-de-230-millons-de-euros-adicionais-para-reforzar-as-politicas-de-gasto-no-presente-ano\\\/#article\",\"isPartOf\":{\"@id\":\"https:\\\/\\\/ppdegalicia.com\\\/es\\\/pedro-puy-destaca-que-o-goberno-galego-dispora-desde-mana-de-230-millons-de-euros-adicionais-para-reforzar-as-politicas-de-gasto-no-presente-ano\\\/\"},\"author\":{\"name\":\"Super User\",\"@id\":\"https:\\\/\\\/ppdegalicia.com\\\/es\\\/#\\\/schema\\\/person\\\/d0f013b8388c980665d44009ab762960\"},\"headline\":\"Pedro Puy destaca que o Goberno galego dispor\u00e1 desde ma\u00f1\u00e1 de 230 mill\u00f3ns de euros adicionais para reforzar as pol\u00edticas de gasto no presente ano\",\"datePublished\":\"2017-07-10T06:02:00+00:00\",\"mainEntityOfPage\":{\"@id\":\"https:\\\/\\\/ppdegalicia.com\\\/es\\\/pedro-puy-destaca-que-o-goberno-galego-dispora-desde-mana-de-230-millons-de-euros-adicionais-para-reforzar-as-politicas-de-gasto-no-presente-ano\\\/\"},\"wordCount\":685,\"commentCount\":0,\"publisher\":{\"@id\":\"https:\\\/\\\/ppdegalicia.com\\\/es\\\/#organization\"},\"articleSection\":[\"PP de Galicia\"],\"inLanguage\":\"es\",\"potentialAction\":[{\"@type\":\"CommentAction\",\"name\":\"Comment\",\"target\":[\"https:\\\/\\\/ppdegalicia.com\\\/es\\\/pedro-puy-destaca-que-o-goberno-galego-dispora-desde-mana-de-230-millons-de-euros-adicionais-para-reforzar-as-politicas-de-gasto-no-presente-ano\\\/#respond\"]}]},{\"@type\":\"WebPage\",\"@id\":\"https:\\\/\\\/ppdegalicia.com\\\/es\\\/pedro-puy-destaca-que-o-goberno-galego-dispora-desde-mana-de-230-millons-de-euros-adicionais-para-reforzar-as-politicas-de-gasto-no-presente-ano\\\/\",\"url\":\"https:\\\/\\\/ppdegalicia.com\\\/es\\\/pedro-puy-destaca-que-o-goberno-galego-dispora-desde-mana-de-230-millons-de-euros-adicionais-para-reforzar-as-politicas-de-gasto-no-presente-ano\\\/\",\"name\":\"Pedro Puy destaca que o Goberno galego dispor\u00e1 desde ma\u00f1\u00e1 de 230 mill\u00f3ns de euros adicionais para reforzar as pol\u00edticas de gasto no presente ano - PP de Galicia\",\"isPartOf\":{\"@id\":\"https:\\\/\\\/ppdegalicia.com\\\/es\\\/#website\"},\"datePublished\":\"2017-07-10T06:02:00+00:00\",\"breadcrumb\":{\"@id\":\"https:\\\/\\\/ppdegalicia.com\\\/es\\\/pedro-puy-destaca-que-o-goberno-galego-dispora-desde-mana-de-230-millons-de-euros-adicionais-para-reforzar-as-politicas-de-gasto-no-presente-ano\\\/#breadcrumb\"},\"inLanguage\":\"es\",\"potentialAction\":[{\"@type\":\"ReadAction\",\"target\":[\"https:\\\/\\\/ppdegalicia.com\\\/es\\\/pedro-puy-destaca-que-o-goberno-galego-dispora-desde-mana-de-230-millons-de-euros-adicionais-para-reforzar-as-politicas-de-gasto-no-presente-ano\\\/\"]}]},{\"@type\":\"BreadcrumbList\",\"@id\":\"https:\\\/\\\/ppdegalicia.com\\\/es\\\/pedro-puy-destaca-que-o-goberno-galego-dispora-desde-mana-de-230-millons-de-euros-adicionais-para-reforzar-as-politicas-de-gasto-no-presente-ano\\\/#breadcrumb\",\"itemListElement\":[{\"@type\":\"ListItem\",\"position\":1,\"name\":\"Portada\",\"item\":\"https:\\\/\\\/ppdegalicia.com\\\/es\\\/\"},{\"@type\":\"ListItem\",\"position\":2,\"name\":\"Pedro Puy destaca que o Goberno galego dispor\u00e1 desde ma\u00f1\u00e1 de 230 mill\u00f3ns de euros adicionais para reforzar as pol\u00edticas de gasto no presente ano\"}]},{\"@type\":\"WebSite\",\"@id\":\"https:\\\/\\\/ppdegalicia.com\\\/es\\\/#website\",\"url\":\"https:\\\/\\\/ppdegalicia.com\\\/es\\\/\",\"name\":\"Partido Popular de Galicia\",\"description\":\"Partido Popular de Galicia\",\"publisher\":{\"@id\":\"https:\\\/\\\/ppdegalicia.com\\\/es\\\/#organization\"},\"alternateName\":\"PP de Galicia\",\"potentialAction\":[{\"@type\":\"SearchAction\",\"target\":{\"@type\":\"EntryPoint\",\"urlTemplate\":\"https:\\\/\\\/ppdegalicia.com\\\/es\\\/?s={search_term_string}\"},\"query-input\":{\"@type\":\"PropertyValueSpecification\",\"valueRequired\":true,\"valueName\":\"search_term_string\"}}],\"inLanguage\":\"es\"},{\"@type\":\"Organization\",\"@id\":\"https:\\\/\\\/ppdegalicia.com\\\/es\\\/#organization\",\"name\":\"Partido Popular de Galicia\",\"alternateName\":\"PP de Galicia\",\"url\":\"https:\\\/\\\/ppdegalicia.com\\\/es\\\/\",\"logo\":{\"@type\":\"ImageObject\",\"inLanguage\":\"es\",\"@id\":\"https:\\\/\\\/ppdegalicia.com\\\/es\\\/#\\\/schema\\\/logo\\\/image\\\/\",\"url\":\"https:\\\/\\\/ppdegalicia.com\\\/wp-content\\\/uploads\\\/2023\\\/04\\\/logoPP512.png\",\"contentUrl\":\"https:\\\/\\\/ppdegalicia.com\\\/wp-content\\\/uploads\\\/2023\\\/04\\\/logoPP512.png\",\"width\":512,\"height\":512,\"caption\":\"Partido Popular de Galicia\"},\"image\":{\"@id\":\"https:\\\/\\\/ppdegalicia.com\\\/es\\\/#\\\/schema\\\/logo\\\/image\\\/\"},\"sameAs\":[\"https:\\\/\\\/www.instagram.com\\\/ppdegalicia\\\/\",\"https:\\\/\\\/x.com\\\/ppdegalicia\",\"https:\\\/\\\/www.tiktok.com\\\/@ppdegalicia\",\"https:\\\/\\\/www.youtube.com\\\/user\\\/ppdegalicia\"]},{\"@type\":\"Person\",\"@id\":\"https:\\\/\\\/ppdegalicia.com\\\/es\\\/#\\\/schema\\\/person\\\/d0f013b8388c980665d44009ab762960\",\"name\":\"Super User\",\"image\":{\"@type\":\"ImageObject\",\"inLanguage\":\"es\",\"@id\":\"https:\\\/\\\/secure.gravatar.com\\\/avatar\\\/1db852625ef4948f58d2739bfbc51e4b9bd5c93b8fa340b59fdb594ca0845645?s=96&d=mm&r=g\",\"url\":\"https:\\\/\\\/secure.gravatar.com\\\/avatar\\\/1db852625ef4948f58d2739bfbc51e4b9bd5c93b8fa340b59fdb594ca0845645?s=96&d=mm&r=g\",\"contentUrl\":\"https:\\\/\\\/secure.gravatar.com\\\/avatar\\\/1db852625ef4948f58d2739bfbc51e4b9bd5c93b8fa340b59fdb594ca0845645?s=96&d=mm&r=g\",\"caption\":\"Super User\"},\"url\":\"https:\\\/\\\/ppdegalicia.com\\\/es\\\/author\\\/ppdegaliciagestion\\\/\"}]}<\/script>\n<!-- \/ Yoast SEO plugin. -->","yoast_head_json":{"title":"Pedro Puy destaca que o Goberno galego dispor\u00e1 desde ma\u00f1\u00e1 de 230 mill\u00f3ns de euros adicionais para reforzar as pol\u00edticas de gasto no presente ano - PP de Galicia","robots":{"index":"index","follow":"follow","max-snippet":"max-snippet:-1","max-image-preview":"max-image-preview:large","max-video-preview":"max-video-preview:-1"},"canonical":"https:\/\/ppdegalicia.com\/es\/pedro-puy-destaca-que-o-goberno-galego-dispora-desde-mana-de-230-millons-de-euros-adicionais-para-reforzar-as-politicas-de-gasto-no-presente-ano\/","og_locale":"es_ES","og_type":"article","og_title":"Pedro Puy destaca que o Goberno galego dispor\u00e1 desde ma\u00f1\u00e1 de 230 mill\u00f3ns de euros adicionais para reforzar as pol\u00edticas de gasto no presente ano - PP de Galicia","og_description":"Santiago, 10 de xullo de 2017.- O portavoz do Grupo Popular, Pedro Puy, salientou hoxe que a aprobaci&oacute;n ma&ntilde;&aacute; no Pleno do proxecto de lei de actuaci&oacute;ns de apoio ao crecemento econ&oacute;mico e reforzo do gasto social permitir&aacute; ao Goberno galego dispor de xeito inmediato de 230 mill&oacute;ns de euros adicionais para reforzar as pol&iacute;ticas [&hellip;]","og_url":"https:\/\/ppdegalicia.com\/es\/pedro-puy-destaca-que-o-goberno-galego-dispora-desde-mana-de-230-millons-de-euros-adicionais-para-reforzar-as-politicas-de-gasto-no-presente-ano\/","og_site_name":"PP de Galicia","article_publisher":"https:\/\/www.instagram.com\/ppdegalicia\/","article_published_time":"2017-07-10T06:02:00+00:00","author":"Super User","twitter_card":"summary_large_image","twitter_creator":"@ppdegalicia","twitter_site":"@ppdegalicia","twitter_misc":{"Escrito por":"Super User","Tiempo de lectura":"3 minutos"},"schema":{"@context":"https:\/\/schema.org","@graph":[{"@type":"Article","@id":"https:\/\/ppdegalicia.com\/es\/pedro-puy-destaca-que-o-goberno-galego-dispora-desde-mana-de-230-millons-de-euros-adicionais-para-reforzar-as-politicas-de-gasto-no-presente-ano\/#article","isPartOf":{"@id":"https:\/\/ppdegalicia.com\/es\/pedro-puy-destaca-que-o-goberno-galego-dispora-desde-mana-de-230-millons-de-euros-adicionais-para-reforzar-as-politicas-de-gasto-no-presente-ano\/"},"author":{"name":"Super User","@id":"https:\/\/ppdegalicia.com\/es\/#\/schema\/person\/d0f013b8388c980665d44009ab762960"},"headline":"Pedro Puy destaca que o Goberno galego dispor\u00e1 desde ma\u00f1\u00e1 de 230 mill\u00f3ns de euros adicionais para reforzar as pol\u00edticas de gasto no presente ano","datePublished":"2017-07-10T06:02:00+00:00","mainEntityOfPage":{"@id":"https:\/\/ppdegalicia.com\/es\/pedro-puy-destaca-que-o-goberno-galego-dispora-desde-mana-de-230-millons-de-euros-adicionais-para-reforzar-as-politicas-de-gasto-no-presente-ano\/"},"wordCount":685,"commentCount":0,"publisher":{"@id":"https:\/\/ppdegalicia.com\/es\/#organization"},"articleSection":["PP de Galicia"],"inLanguage":"es","potentialAction":[{"@type":"CommentAction","name":"Comment","target":["https:\/\/ppdegalicia.com\/es\/pedro-puy-destaca-que-o-goberno-galego-dispora-desde-mana-de-230-millons-de-euros-adicionais-para-reforzar-as-politicas-de-gasto-no-presente-ano\/#respond"]}]},{"@type":"WebPage","@id":"https:\/\/ppdegalicia.com\/es\/pedro-puy-destaca-que-o-goberno-galego-dispora-desde-mana-de-230-millons-de-euros-adicionais-para-reforzar-as-politicas-de-gasto-no-presente-ano\/","url":"https:\/\/ppdegalicia.com\/es\/pedro-puy-destaca-que-o-goberno-galego-dispora-desde-mana-de-230-millons-de-euros-adicionais-para-reforzar-as-politicas-de-gasto-no-presente-ano\/","name":"Pedro Puy destaca que o Goberno galego dispor\u00e1 desde ma\u00f1\u00e1 de 230 mill\u00f3ns de euros adicionais para reforzar as pol\u00edticas de gasto no presente ano - PP de Galicia","isPartOf":{"@id":"https:\/\/ppdegalicia.com\/es\/#website"},"datePublished":"2017-07-10T06:02:00+00:00","breadcrumb":{"@id":"https:\/\/ppdegalicia.com\/es\/pedro-puy-destaca-que-o-goberno-galego-dispora-desde-mana-de-230-millons-de-euros-adicionais-para-reforzar-as-politicas-de-gasto-no-presente-ano\/#breadcrumb"},"inLanguage":"es","potentialAction":[{"@type":"ReadAction","target":["https:\/\/ppdegalicia.com\/es\/pedro-puy-destaca-que-o-goberno-galego-dispora-desde-mana-de-230-millons-de-euros-adicionais-para-reforzar-as-politicas-de-gasto-no-presente-ano\/"]}]},{"@type":"BreadcrumbList","@id":"https:\/\/ppdegalicia.com\/es\/pedro-puy-destaca-que-o-goberno-galego-dispora-desde-mana-de-230-millons-de-euros-adicionais-para-reforzar-as-politicas-de-gasto-no-presente-ano\/#breadcrumb","itemListElement":[{"@type":"ListItem","position":1,"name":"Portada","item":"https:\/\/ppdegalicia.com\/es\/"},{"@type":"ListItem","position":2,"name":"Pedro Puy destaca que o Goberno galego dispor\u00e1 desde ma\u00f1\u00e1 de 230 mill\u00f3ns de euros adicionais para reforzar as pol\u00edticas de gasto no presente ano"}]},{"@type":"WebSite","@id":"https:\/\/ppdegalicia.com\/es\/#website","url":"https:\/\/ppdegalicia.com\/es\/","name":"Partido Popular de Galicia","description":"Partido Popular de Galicia","publisher":{"@id":"https:\/\/ppdegalicia.com\/es\/#organization"},"alternateName":"PP de Galicia","potentialAction":[{"@type":"SearchAction","target":{"@type":"EntryPoint","urlTemplate":"https:\/\/ppdegalicia.com\/es\/?s={search_term_string}"},"query-input":{"@type":"PropertyValueSpecification","valueRequired":true,"valueName":"search_term_string"}}],"inLanguage":"es"},{"@type":"Organization","@id":"https:\/\/ppdegalicia.com\/es\/#organization","name":"Partido Popular de Galicia","alternateName":"PP de Galicia","url":"https:\/\/ppdegalicia.com\/es\/","logo":{"@type":"ImageObject","inLanguage":"es","@id":"https:\/\/ppdegalicia.com\/es\/#\/schema\/logo\/image\/","url":"https:\/\/ppdegalicia.com\/wp-content\/uploads\/2023\/04\/logoPP512.png","contentUrl":"https:\/\/ppdegalicia.com\/wp-content\/uploads\/2023\/04\/logoPP512.png","width":512,"height":512,"caption":"Partido Popular de Galicia"},"image":{"@id":"https:\/\/ppdegalicia.com\/es\/#\/schema\/logo\/image\/"},"sameAs":["https:\/\/www.instagram.com\/ppdegalicia\/","https:\/\/x.com\/ppdegalicia","https:\/\/www.tiktok.com\/@ppdegalicia","https:\/\/www.youtube.com\/user\/ppdegalicia"]},{"@type":"Person","@id":"https:\/\/ppdegalicia.com\/es\/#\/schema\/person\/d0f013b8388c980665d44009ab762960","name":"Super User","image":{"@type":"ImageObject","inLanguage":"es","@id":"https:\/\/secure.gravatar.com\/avatar\/1db852625ef4948f58d2739bfbc51e4b9bd5c93b8fa340b59fdb594ca0845645?s=96&d=mm&r=g","url":"https:\/\/secure.gravatar.com\/avatar\/1db852625ef4948f58d2739bfbc51e4b9bd5c93b8fa340b59fdb594ca0845645?s=96&d=mm&r=g","contentUrl":"https:\/\/secure.gravatar.com\/avatar\/1db852625ef4948f58d2739bfbc51e4b9bd5c93b8fa340b59fdb594ca0845645?s=96&d=mm&r=g","caption":"Super User"},"url":"https:\/\/ppdegalicia.com\/es\/author\/ppdegaliciagestion\/"}]}},"_links":{"self":[{"href":"https:\/\/ppdegalicia.com\/es\/wp-json\/wp\/v2\/posts\/53649","targetHints":{"allow":["GET"]}}],"collection":[{"href":"https:\/\/ppdegalicia.com\/es\/wp-json\/wp\/v2\/posts"}],"about":[{"href":"https:\/\/ppdegalicia.com\/es\/wp-json\/wp\/v2\/types\/post"}],"author":[{"embeddable":true,"href":"https:\/\/ppdegalicia.com\/es\/wp-json\/wp\/v2\/users\/37"}],"replies":[{"embeddable":true,"href":"https:\/\/ppdegalicia.com\/es\/wp-json\/wp\/v2\/comments?post=53649"}],"version-history":[{"count":0,"href":"https:\/\/ppdegalicia.com\/es\/wp-json\/wp\/v2\/posts\/53649\/revisions"}],"wp:attachment":[{"href":"https:\/\/ppdegalicia.com\/es\/wp-json\/wp\/v2\/media?parent=53649"}],"wp:term":[{"taxonomy":"category","embeddable":true,"href":"https:\/\/ppdegalicia.com\/es\/wp-json\/wp\/v2\/categories?post=53649"},{"taxonomy":"post_tag","embeddable":true,"href":"https:\/\/ppdegalicia.com\/es\/wp-json\/wp\/v2\/tags?post=53649"}],"curies":[{"name":"wp","href":"https:\/\/api.w.org\/{rel}","templated":true}]}}