{"id":53683,"date":"2017-09-01T12:51:44","date_gmt":"2017-09-01T10:51:44","guid":{"rendered":"https:\/\/ppdegalicia.com\/pedro-puy-temos-que-atacar-e-resolver-o-problema-demografico-non-so-con-axudas-publicas-senon-tamen-desde-a-unidade-e-a-concienciacion-da-sua-gravidade\/"},"modified":"2017-09-01T12:51:44","modified_gmt":"2017-09-01T10:51:44","slug":"pedro-puy-temos-que-atacar-e-resolver-o-problema-demografico-non-so-con-axudas-publicas-senon-tamen-desde-a-unidade-e-a-concienciacion-da-sua-gravidade","status":"publish","type":"post","link":"https:\/\/ppdegalicia.com\/es\/pedro-puy-temos-que-atacar-e-resolver-o-problema-demografico-non-so-con-axudas-publicas-senon-tamen-desde-a-unidade-e-a-concienciacion-da-sua-gravidade\/","title":{"rendered":"Pedro Puy: \u201cTemos que atacar e resolver o problema demogr\u00e1fico non s\u00f3 con axudas p\u00fablicas sen\u00f3n tam\u00e9n desde a unidade e a concienciaci\u00f3n da s\u00faa gravidade\u201d"},"content":{"rendered":"<p>Santiago,&nbsp; 1 de setembro&nbsp; de 2017.-&nbsp; O voceiro popular no Parlamento de Galicia, Pedro Puy, indicou hoxe na s&uacute;a intervenci&oacute;n na Mesa sobre &ldquo;O PP fronte ao reto demogr&aacute;fico&rdquo; na XXII Interparlamentaria que o&nbsp; PP est&aacute; a celebrar en Valencia , que o problema demogr&aacute;fico &eacute; preciso atacalo e resolvelo &ldquo;como estamos facendo, non s&oacute; con axudas p&uacute;blicas, sen&oacute;n tam&eacute;n desde a unidade e a concienciaci&oacute;n da s&uacute;a gravidade&rdquo;.<\/p>\n<p><!--more--><\/p>\n<p>Pedro Puy agradeceu a sensibilidade do PP por introducir o tema demogr&aacute;fico xa que &ldquo;o primeiro &eacute; ter consciencia do problema, como fixemos en Galicia,&nbsp; para tratar de buscar soluci&oacute;ns e facelo desde unha perspectiva global, xa que non se trata dun problema espec&iacute;fico dun territorio&rdquo;. As&iacute;, indicou, desde o PP &ldquo;promovemos un foro de rexi&oacute;ns a nivel espa&ntilde;ol, un pacto demogr&aacute;fico, unha Comisionada do Goberno para o Reto Demogr&aacute;fico e unha red de dinamizaci&oacute;n de rexi&oacute;ns europeas e macroeurorrexi&oacute;n, xunto con Portugal, amosando que se trata dun tema dunha absoluta prioridade&rdquo;.<\/p>\n<p>O voceiro popular sinalou que &ldquo;a taxa de fertilidade en Espa&ntilde;a &eacute; do 1,33, do 1,59 de media na Uni&oacute;n Europea e de 1,07 en Galicia, o que amosa que estamos entre as comunidades con menor natalidade e peor progresi&oacute;n demogr&aacute;fico&rdquo;. Puy destacou que &ldquo;a nosa preocupaci&oacute;n&nbsp; tam&eacute;n radica en que a demograf&iacute;a &eacute; por si mesma un factor de crecemento e desenrolo econ&oacute;mico e se engadimos o envellecemento e o incremento dos costes sociais, temos un c&oacute;ctel complicado que conlevar&aacute; problemas de sostenibilidade nos servizos p&uacute;blicos e na xesti&oacute;n con eficiencia&rdquo;.&nbsp;<\/p>\n<p>Na s&uacute;a intervenci&oacute;n, Pedro Puy&nbsp; recordou que nunha enquisa, realizada pola Xunta de Galicia no ano 2011, xa se destacaba que tan s&oacute; o 18% dos galegos consideraban a demograf&iacute;a coma un problema &ldquo;pero temos que ser conscientes de que nos anos 80 nac&iacute;an 40.000 persoas e hoxe o fan 20.000, e se engadimos os movementos migratorios dos anos 60 e os fluxos contraditorios dos xovenes que emigraron polo boom inmobiliario e que te&ntilde;en retornado, ent&eacute;ndese que en Galicia a situaci&oacute;n demogr&aacute;fica &eacute; tremenda&rdquo;.<\/p>\n<p><strong>PRIORIDADE PARA A XUNTA<\/strong><\/p>\n<p>O voceiro popular indicou na s&uacute;a intervenci&oacute;n que o Goberno do PP&nbsp; na&nbsp; Xunta de Galicia, consciente do problema dende o primeiro momento, situou a cuesti&oacute;n demogr&aacute;fica entre as s&uacute;as prioridades. Deste xeito &ldquo;as persoas que desexan ter fillos te&ntilde;en o apoio da Administraci&oacute;n auton&oacute;mica que est&aacute; a traballar no apoio e axudas ao retorno de emigrantes, sobre todo de Venezuela pola situaci&oacute;n que est&aacute; a vivir o pa&iacute;s, e introducindo axudas fiscais no IRPF que se foron ampliando conforme a situaci&oacute;n financeira mellorou&rdquo;. <br \/>As&iacute; mesmo, destacou as axudas para material e comedores escolares, a Tarxeta Benvida ou&nbsp; axudas econ&oacute;micas &aacute;s familias e a conciliaci&oacute;n como as prazas nas escolas p&uacute;blicas infant&iacute;s, que no 2009 eran o 21%, mentres a Uni&oacute;n Europea recomenda o 33%, e en Galicia na actualidade conta co 38%, as&iacute; como medidas de conciliaci&oacute;n na Administraci&oacute;n p&uacute;blica.<\/p>\n","protected":false},"excerpt":{"rendered":"<p>Santiago,&nbsp; 1 de setembro&nbsp; de 2017.-&nbsp; O voceiro popular no Parlamento de Galicia, Pedro Puy, indicou hoxe na s&uacute;a intervenci&oacute;n na Mesa sobre &ldquo;O PP fronte ao reto demogr&aacute;fico&rdquo; na XXII Interparlamentaria que o&nbsp; PP est&aacute; a celebrar en Valencia , que o problema demogr&aacute;fico &eacute; preciso atacalo e resolvelo &ldquo;como estamos facendo, non s&oacute; [&hellip;]<\/p>\n","protected":false},"author":37,"featured_media":0,"comment_status":"open","ping_status":"open","sticky":false,"template":"","format":"standard","meta":{"_acf_changed":false,"footnotes":""},"categories":[1],"tags":[],"class_list":["post-53683","post","type-post","status-publish","format-standard","hentry","category-pp-de-galicia"],"acf":[],"yoast_head":"<!-- This site is optimized with the Yoast SEO plugin v27.3 - https:\/\/yoast.com\/product\/yoast-seo-wordpress\/ -->\n<title>Pedro Puy: \u201cTemos que atacar e resolver o problema demogr\u00e1fico non s\u00f3 con axudas p\u00fablicas sen\u00f3n tam\u00e9n desde a unidade e a concienciaci\u00f3n da s\u00faa gravidade\u201d - PP de Galicia<\/title>\n<meta name=\"robots\" content=\"index, follow, max-snippet:-1, max-image-preview:large, max-video-preview:-1\" \/>\n<link rel=\"canonical\" href=\"https:\/\/ppdegalicia.com\/es\/pedro-puy-temos-que-atacar-e-resolver-o-problema-demografico-non-so-con-axudas-publicas-senon-tamen-desde-a-unidade-e-a-concienciacion-da-sua-gravidade\/\" \/>\n<meta property=\"og:locale\" content=\"es_ES\" \/>\n<meta property=\"og:type\" content=\"article\" \/>\n<meta property=\"og:title\" content=\"Pedro Puy: \u201cTemos que atacar e resolver o problema demogr\u00e1fico non s\u00f3 con axudas p\u00fablicas sen\u00f3n tam\u00e9n desde a unidade e a concienciaci\u00f3n da s\u00faa gravidade\u201d - PP de Galicia\" \/>\n<meta property=\"og:description\" content=\"Santiago,&nbsp; 1 de setembro&nbsp; de 2017.-&nbsp; O voceiro popular no Parlamento de Galicia, Pedro Puy, indicou hoxe na s&uacute;a intervenci&oacute;n na Mesa sobre &ldquo;O PP fronte ao reto demogr&aacute;fico&rdquo; na XXII Interparlamentaria que o&nbsp; PP est&aacute; a celebrar en Valencia , que o problema demogr&aacute;fico &eacute; preciso atacalo e resolvelo &ldquo;como estamos facendo, non s&oacute; [&hellip;]\" \/>\n<meta property=\"og:url\" content=\"https:\/\/ppdegalicia.com\/es\/pedro-puy-temos-que-atacar-e-resolver-o-problema-demografico-non-so-con-axudas-publicas-senon-tamen-desde-a-unidade-e-a-concienciacion-da-sua-gravidade\/\" \/>\n<meta property=\"og:site_name\" content=\"PP de Galicia\" \/>\n<meta property=\"article:publisher\" content=\"https:\/\/www.instagram.com\/ppdegalicia\/\" \/>\n<meta property=\"article:published_time\" content=\"2017-09-01T10:51:44+00:00\" \/>\n<meta name=\"author\" content=\"Super User\" \/>\n<meta name=\"twitter:card\" content=\"summary_large_image\" \/>\n<meta name=\"twitter:creator\" content=\"@ppdegalicia\" \/>\n<meta name=\"twitter:site\" content=\"@ppdegalicia\" \/>\n<meta name=\"twitter:label1\" content=\"Escrito por\" \/>\n\t<meta name=\"twitter:data1\" content=\"Super User\" \/>\n\t<meta name=\"twitter:label2\" content=\"Tiempo de lectura\" \/>\n\t<meta name=\"twitter:data2\" content=\"3 minutos\" \/>\n<script type=\"application\/ld+json\" class=\"yoast-schema-graph\">{\"@context\":\"https:\\\/\\\/schema.org\",\"@graph\":[{\"@type\":\"Article\",\"@id\":\"https:\\\/\\\/ppdegalicia.com\\\/es\\\/pedro-puy-temos-que-atacar-e-resolver-o-problema-demografico-non-so-con-axudas-publicas-senon-tamen-desde-a-unidade-e-a-concienciacion-da-sua-gravidade\\\/#article\",\"isPartOf\":{\"@id\":\"https:\\\/\\\/ppdegalicia.com\\\/es\\\/pedro-puy-temos-que-atacar-e-resolver-o-problema-demografico-non-so-con-axudas-publicas-senon-tamen-desde-a-unidade-e-a-concienciacion-da-sua-gravidade\\\/\"},\"author\":{\"name\":\"Super User\",\"@id\":\"https:\\\/\\\/ppdegalicia.com\\\/es\\\/#\\\/schema\\\/person\\\/d0f013b8388c980665d44009ab762960\"},\"headline\":\"Pedro Puy: \u201cTemos que atacar e resolver o problema demogr\u00e1fico non s\u00f3 con axudas p\u00fablicas sen\u00f3n tam\u00e9n desde a unidade e a concienciaci\u00f3n da s\u00faa gravidade\u201d\",\"datePublished\":\"2017-09-01T10:51:44+00:00\",\"mainEntityOfPage\":{\"@id\":\"https:\\\/\\\/ppdegalicia.com\\\/es\\\/pedro-puy-temos-que-atacar-e-resolver-o-problema-demografico-non-so-con-axudas-publicas-senon-tamen-desde-a-unidade-e-a-concienciacion-da-sua-gravidade\\\/\"},\"wordCount\":650,\"commentCount\":0,\"publisher\":{\"@id\":\"https:\\\/\\\/ppdegalicia.com\\\/es\\\/#organization\"},\"articleSection\":[\"PP de Galicia\"],\"inLanguage\":\"es\",\"potentialAction\":[{\"@type\":\"CommentAction\",\"name\":\"Comment\",\"target\":[\"https:\\\/\\\/ppdegalicia.com\\\/es\\\/pedro-puy-temos-que-atacar-e-resolver-o-problema-demografico-non-so-con-axudas-publicas-senon-tamen-desde-a-unidade-e-a-concienciacion-da-sua-gravidade\\\/#respond\"]}]},{\"@type\":\"WebPage\",\"@id\":\"https:\\\/\\\/ppdegalicia.com\\\/es\\\/pedro-puy-temos-que-atacar-e-resolver-o-problema-demografico-non-so-con-axudas-publicas-senon-tamen-desde-a-unidade-e-a-concienciacion-da-sua-gravidade\\\/\",\"url\":\"https:\\\/\\\/ppdegalicia.com\\\/es\\\/pedro-puy-temos-que-atacar-e-resolver-o-problema-demografico-non-so-con-axudas-publicas-senon-tamen-desde-a-unidade-e-a-concienciacion-da-sua-gravidade\\\/\",\"name\":\"Pedro Puy: \u201cTemos que atacar e resolver o problema demogr\u00e1fico non s\u00f3 con axudas p\u00fablicas sen\u00f3n tam\u00e9n desde a unidade e a concienciaci\u00f3n da s\u00faa gravidade\u201d - PP de Galicia\",\"isPartOf\":{\"@id\":\"https:\\\/\\\/ppdegalicia.com\\\/es\\\/#website\"},\"datePublished\":\"2017-09-01T10:51:44+00:00\",\"breadcrumb\":{\"@id\":\"https:\\\/\\\/ppdegalicia.com\\\/es\\\/pedro-puy-temos-que-atacar-e-resolver-o-problema-demografico-non-so-con-axudas-publicas-senon-tamen-desde-a-unidade-e-a-concienciacion-da-sua-gravidade\\\/#breadcrumb\"},\"inLanguage\":\"es\",\"potentialAction\":[{\"@type\":\"ReadAction\",\"target\":[\"https:\\\/\\\/ppdegalicia.com\\\/es\\\/pedro-puy-temos-que-atacar-e-resolver-o-problema-demografico-non-so-con-axudas-publicas-senon-tamen-desde-a-unidade-e-a-concienciacion-da-sua-gravidade\\\/\"]}]},{\"@type\":\"BreadcrumbList\",\"@id\":\"https:\\\/\\\/ppdegalicia.com\\\/es\\\/pedro-puy-temos-que-atacar-e-resolver-o-problema-demografico-non-so-con-axudas-publicas-senon-tamen-desde-a-unidade-e-a-concienciacion-da-sua-gravidade\\\/#breadcrumb\",\"itemListElement\":[{\"@type\":\"ListItem\",\"position\":1,\"name\":\"Portada\",\"item\":\"https:\\\/\\\/ppdegalicia.com\\\/es\\\/\"},{\"@type\":\"ListItem\",\"position\":2,\"name\":\"Pedro Puy: \u201cTemos que atacar e resolver o problema demogr\u00e1fico non s\u00f3 con axudas p\u00fablicas sen\u00f3n tam\u00e9n desde a unidade e a concienciaci\u00f3n da s\u00faa gravidade\u201d\"}]},{\"@type\":\"WebSite\",\"@id\":\"https:\\\/\\\/ppdegalicia.com\\\/es\\\/#website\",\"url\":\"https:\\\/\\\/ppdegalicia.com\\\/es\\\/\",\"name\":\"Partido Popular de Galicia\",\"description\":\"Partido Popular de Galicia\",\"publisher\":{\"@id\":\"https:\\\/\\\/ppdegalicia.com\\\/es\\\/#organization\"},\"alternateName\":\"PP de Galicia\",\"potentialAction\":[{\"@type\":\"SearchAction\",\"target\":{\"@type\":\"EntryPoint\",\"urlTemplate\":\"https:\\\/\\\/ppdegalicia.com\\\/es\\\/?s={search_term_string}\"},\"query-input\":{\"@type\":\"PropertyValueSpecification\",\"valueRequired\":true,\"valueName\":\"search_term_string\"}}],\"inLanguage\":\"es\"},{\"@type\":\"Organization\",\"@id\":\"https:\\\/\\\/ppdegalicia.com\\\/es\\\/#organization\",\"name\":\"Partido Popular de Galicia\",\"alternateName\":\"PP de Galicia\",\"url\":\"https:\\\/\\\/ppdegalicia.com\\\/es\\\/\",\"logo\":{\"@type\":\"ImageObject\",\"inLanguage\":\"es\",\"@id\":\"https:\\\/\\\/ppdegalicia.com\\\/es\\\/#\\\/schema\\\/logo\\\/image\\\/\",\"url\":\"https:\\\/\\\/ppdegalicia.com\\\/wp-content\\\/uploads\\\/2023\\\/04\\\/logoPP512.png\",\"contentUrl\":\"https:\\\/\\\/ppdegalicia.com\\\/wp-content\\\/uploads\\\/2023\\\/04\\\/logoPP512.png\",\"width\":512,\"height\":512,\"caption\":\"Partido Popular de Galicia\"},\"image\":{\"@id\":\"https:\\\/\\\/ppdegalicia.com\\\/es\\\/#\\\/schema\\\/logo\\\/image\\\/\"},\"sameAs\":[\"https:\\\/\\\/www.instagram.com\\\/ppdegalicia\\\/\",\"https:\\\/\\\/x.com\\\/ppdegalicia\",\"https:\\\/\\\/www.tiktok.com\\\/@ppdegalicia\",\"https:\\\/\\\/www.youtube.com\\\/user\\\/ppdegalicia\"]},{\"@type\":\"Person\",\"@id\":\"https:\\\/\\\/ppdegalicia.com\\\/es\\\/#\\\/schema\\\/person\\\/d0f013b8388c980665d44009ab762960\",\"name\":\"Super User\",\"image\":{\"@type\":\"ImageObject\",\"inLanguage\":\"es\",\"@id\":\"https:\\\/\\\/secure.gravatar.com\\\/avatar\\\/1db852625ef4948f58d2739bfbc51e4b9bd5c93b8fa340b59fdb594ca0845645?s=96&d=mm&r=g\",\"url\":\"https:\\\/\\\/secure.gravatar.com\\\/avatar\\\/1db852625ef4948f58d2739bfbc51e4b9bd5c93b8fa340b59fdb594ca0845645?s=96&d=mm&r=g\",\"contentUrl\":\"https:\\\/\\\/secure.gravatar.com\\\/avatar\\\/1db852625ef4948f58d2739bfbc51e4b9bd5c93b8fa340b59fdb594ca0845645?s=96&d=mm&r=g\",\"caption\":\"Super User\"},\"url\":\"https:\\\/\\\/ppdegalicia.com\\\/es\\\/author\\\/ppdegaliciagestion\\\/\"}]}<\/script>\n<!-- \/ Yoast SEO plugin. -->","yoast_head_json":{"title":"Pedro Puy: \u201cTemos que atacar e resolver o problema demogr\u00e1fico non s\u00f3 con axudas p\u00fablicas sen\u00f3n tam\u00e9n desde a unidade e a concienciaci\u00f3n da s\u00faa gravidade\u201d - PP de Galicia","robots":{"index":"index","follow":"follow","max-snippet":"max-snippet:-1","max-image-preview":"max-image-preview:large","max-video-preview":"max-video-preview:-1"},"canonical":"https:\/\/ppdegalicia.com\/es\/pedro-puy-temos-que-atacar-e-resolver-o-problema-demografico-non-so-con-axudas-publicas-senon-tamen-desde-a-unidade-e-a-concienciacion-da-sua-gravidade\/","og_locale":"es_ES","og_type":"article","og_title":"Pedro Puy: \u201cTemos que atacar e resolver o problema demogr\u00e1fico non s\u00f3 con axudas p\u00fablicas sen\u00f3n tam\u00e9n desde a unidade e a concienciaci\u00f3n da s\u00faa gravidade\u201d - PP de Galicia","og_description":"Santiago,&nbsp; 1 de setembro&nbsp; de 2017.-&nbsp; O voceiro popular no Parlamento de Galicia, Pedro Puy, indicou hoxe na s&uacute;a intervenci&oacute;n na Mesa sobre &ldquo;O PP fronte ao reto demogr&aacute;fico&rdquo; na XXII Interparlamentaria que o&nbsp; PP est&aacute; a celebrar en Valencia , que o problema demogr&aacute;fico &eacute; preciso atacalo e resolvelo &ldquo;como estamos facendo, non s&oacute; [&hellip;]","og_url":"https:\/\/ppdegalicia.com\/es\/pedro-puy-temos-que-atacar-e-resolver-o-problema-demografico-non-so-con-axudas-publicas-senon-tamen-desde-a-unidade-e-a-concienciacion-da-sua-gravidade\/","og_site_name":"PP de Galicia","article_publisher":"https:\/\/www.instagram.com\/ppdegalicia\/","article_published_time":"2017-09-01T10:51:44+00:00","author":"Super User","twitter_card":"summary_large_image","twitter_creator":"@ppdegalicia","twitter_site":"@ppdegalicia","twitter_misc":{"Escrito por":"Super User","Tiempo de lectura":"3 minutos"},"schema":{"@context":"https:\/\/schema.org","@graph":[{"@type":"Article","@id":"https:\/\/ppdegalicia.com\/es\/pedro-puy-temos-que-atacar-e-resolver-o-problema-demografico-non-so-con-axudas-publicas-senon-tamen-desde-a-unidade-e-a-concienciacion-da-sua-gravidade\/#article","isPartOf":{"@id":"https:\/\/ppdegalicia.com\/es\/pedro-puy-temos-que-atacar-e-resolver-o-problema-demografico-non-so-con-axudas-publicas-senon-tamen-desde-a-unidade-e-a-concienciacion-da-sua-gravidade\/"},"author":{"name":"Super User","@id":"https:\/\/ppdegalicia.com\/es\/#\/schema\/person\/d0f013b8388c980665d44009ab762960"},"headline":"Pedro Puy: \u201cTemos que atacar e resolver o problema demogr\u00e1fico non s\u00f3 con axudas p\u00fablicas sen\u00f3n tam\u00e9n desde a unidade e a concienciaci\u00f3n da s\u00faa gravidade\u201d","datePublished":"2017-09-01T10:51:44+00:00","mainEntityOfPage":{"@id":"https:\/\/ppdegalicia.com\/es\/pedro-puy-temos-que-atacar-e-resolver-o-problema-demografico-non-so-con-axudas-publicas-senon-tamen-desde-a-unidade-e-a-concienciacion-da-sua-gravidade\/"},"wordCount":650,"commentCount":0,"publisher":{"@id":"https:\/\/ppdegalicia.com\/es\/#organization"},"articleSection":["PP de Galicia"],"inLanguage":"es","potentialAction":[{"@type":"CommentAction","name":"Comment","target":["https:\/\/ppdegalicia.com\/es\/pedro-puy-temos-que-atacar-e-resolver-o-problema-demografico-non-so-con-axudas-publicas-senon-tamen-desde-a-unidade-e-a-concienciacion-da-sua-gravidade\/#respond"]}]},{"@type":"WebPage","@id":"https:\/\/ppdegalicia.com\/es\/pedro-puy-temos-que-atacar-e-resolver-o-problema-demografico-non-so-con-axudas-publicas-senon-tamen-desde-a-unidade-e-a-concienciacion-da-sua-gravidade\/","url":"https:\/\/ppdegalicia.com\/es\/pedro-puy-temos-que-atacar-e-resolver-o-problema-demografico-non-so-con-axudas-publicas-senon-tamen-desde-a-unidade-e-a-concienciacion-da-sua-gravidade\/","name":"Pedro Puy: \u201cTemos que atacar e resolver o problema demogr\u00e1fico non s\u00f3 con axudas p\u00fablicas sen\u00f3n tam\u00e9n desde a unidade e a concienciaci\u00f3n da s\u00faa gravidade\u201d - PP de Galicia","isPartOf":{"@id":"https:\/\/ppdegalicia.com\/es\/#website"},"datePublished":"2017-09-01T10:51:44+00:00","breadcrumb":{"@id":"https:\/\/ppdegalicia.com\/es\/pedro-puy-temos-que-atacar-e-resolver-o-problema-demografico-non-so-con-axudas-publicas-senon-tamen-desde-a-unidade-e-a-concienciacion-da-sua-gravidade\/#breadcrumb"},"inLanguage":"es","potentialAction":[{"@type":"ReadAction","target":["https:\/\/ppdegalicia.com\/es\/pedro-puy-temos-que-atacar-e-resolver-o-problema-demografico-non-so-con-axudas-publicas-senon-tamen-desde-a-unidade-e-a-concienciacion-da-sua-gravidade\/"]}]},{"@type":"BreadcrumbList","@id":"https:\/\/ppdegalicia.com\/es\/pedro-puy-temos-que-atacar-e-resolver-o-problema-demografico-non-so-con-axudas-publicas-senon-tamen-desde-a-unidade-e-a-concienciacion-da-sua-gravidade\/#breadcrumb","itemListElement":[{"@type":"ListItem","position":1,"name":"Portada","item":"https:\/\/ppdegalicia.com\/es\/"},{"@type":"ListItem","position":2,"name":"Pedro Puy: \u201cTemos que atacar e resolver o problema demogr\u00e1fico non s\u00f3 con axudas p\u00fablicas sen\u00f3n tam\u00e9n desde a unidade e a concienciaci\u00f3n da s\u00faa gravidade\u201d"}]},{"@type":"WebSite","@id":"https:\/\/ppdegalicia.com\/es\/#website","url":"https:\/\/ppdegalicia.com\/es\/","name":"Partido Popular de Galicia","description":"Partido Popular de Galicia","publisher":{"@id":"https:\/\/ppdegalicia.com\/es\/#organization"},"alternateName":"PP de Galicia","potentialAction":[{"@type":"SearchAction","target":{"@type":"EntryPoint","urlTemplate":"https:\/\/ppdegalicia.com\/es\/?s={search_term_string}"},"query-input":{"@type":"PropertyValueSpecification","valueRequired":true,"valueName":"search_term_string"}}],"inLanguage":"es"},{"@type":"Organization","@id":"https:\/\/ppdegalicia.com\/es\/#organization","name":"Partido Popular de Galicia","alternateName":"PP de Galicia","url":"https:\/\/ppdegalicia.com\/es\/","logo":{"@type":"ImageObject","inLanguage":"es","@id":"https:\/\/ppdegalicia.com\/es\/#\/schema\/logo\/image\/","url":"https:\/\/ppdegalicia.com\/wp-content\/uploads\/2023\/04\/logoPP512.png","contentUrl":"https:\/\/ppdegalicia.com\/wp-content\/uploads\/2023\/04\/logoPP512.png","width":512,"height":512,"caption":"Partido Popular de Galicia"},"image":{"@id":"https:\/\/ppdegalicia.com\/es\/#\/schema\/logo\/image\/"},"sameAs":["https:\/\/www.instagram.com\/ppdegalicia\/","https:\/\/x.com\/ppdegalicia","https:\/\/www.tiktok.com\/@ppdegalicia","https:\/\/www.youtube.com\/user\/ppdegalicia"]},{"@type":"Person","@id":"https:\/\/ppdegalicia.com\/es\/#\/schema\/person\/d0f013b8388c980665d44009ab762960","name":"Super User","image":{"@type":"ImageObject","inLanguage":"es","@id":"https:\/\/secure.gravatar.com\/avatar\/1db852625ef4948f58d2739bfbc51e4b9bd5c93b8fa340b59fdb594ca0845645?s=96&d=mm&r=g","url":"https:\/\/secure.gravatar.com\/avatar\/1db852625ef4948f58d2739bfbc51e4b9bd5c93b8fa340b59fdb594ca0845645?s=96&d=mm&r=g","contentUrl":"https:\/\/secure.gravatar.com\/avatar\/1db852625ef4948f58d2739bfbc51e4b9bd5c93b8fa340b59fdb594ca0845645?s=96&d=mm&r=g","caption":"Super User"},"url":"https:\/\/ppdegalicia.com\/es\/author\/ppdegaliciagestion\/"}]}},"_links":{"self":[{"href":"https:\/\/ppdegalicia.com\/es\/wp-json\/wp\/v2\/posts\/53683","targetHints":{"allow":["GET"]}}],"collection":[{"href":"https:\/\/ppdegalicia.com\/es\/wp-json\/wp\/v2\/posts"}],"about":[{"href":"https:\/\/ppdegalicia.com\/es\/wp-json\/wp\/v2\/types\/post"}],"author":[{"embeddable":true,"href":"https:\/\/ppdegalicia.com\/es\/wp-json\/wp\/v2\/users\/37"}],"replies":[{"embeddable":true,"href":"https:\/\/ppdegalicia.com\/es\/wp-json\/wp\/v2\/comments?post=53683"}],"version-history":[{"count":0,"href":"https:\/\/ppdegalicia.com\/es\/wp-json\/wp\/v2\/posts\/53683\/revisions"}],"wp:attachment":[{"href":"https:\/\/ppdegalicia.com\/es\/wp-json\/wp\/v2\/media?parent=53683"}],"wp:term":[{"taxonomy":"category","embeddable":true,"href":"https:\/\/ppdegalicia.com\/es\/wp-json\/wp\/v2\/categories?post=53683"},{"taxonomy":"post_tag","embeddable":true,"href":"https:\/\/ppdegalicia.com\/es\/wp-json\/wp\/v2\/tags?post=53683"}],"curies":[{"name":"wp","href":"https:\/\/api.w.org\/{rel}","templated":true}]}}