{"id":53789,"date":"2017-10-23T08:17:23","date_gmt":"2017-10-23T06:17:23","guid":{"rendered":"https:\/\/ppdegalicia.com\/moises-blanco-salienta-que-os-orzamentos-da-xunta-para-2018-recollen-mais-de-500-000-euros-para-o-hospital-de-valdeorras\/"},"modified":"2017-10-23T08:17:23","modified_gmt":"2017-10-23T06:17:23","slug":"moises-blanco-salienta-que-os-orzamentos-da-xunta-para-2018-recollen-mais-de-500-000-euros-para-o-hospital-de-valdeorras","status":"publish","type":"post","link":"https:\/\/ppdegalicia.com\/es\/moises-blanco-salienta-que-os-orzamentos-da-xunta-para-2018-recollen-mais-de-500-000-euros-para-o-hospital-de-valdeorras\/","title":{"rendered":"Mois\u00e9s Blanco salienta que os orzamentos da Xunta para 2018 recollen m\u00e1is de 500.000 euros para o Hospital de Valdeorras"},"content":{"rendered":"<p>Santiago, 20 de outubro de 2017.- O deputado do Grupo Popular, Mois\u00e9s Blanco, salientou hoxe que os orzamentos da Xunta de Galicia para 2018 recollan unha partida orzamentaria de 520.000 euros para actuaci\u00f3ns no Hospital de Valdeorras, \u201cunha mostra m\u00e1is da aposta do Goberno galego polos hospitais comarcais e a mellora da atenci\u00f3n sanitaria que reciben todos os veci\u00f1os desta comarca\u201d.<\/p>\n<p><!--more--><\/p>\n<p>&nbsp;<\/p>\n<p>En concreto, Mois\u00e9s Blanco dixo que \u201ceste investimento destinaranse, entre outras actuaci\u00f3ns, \u00e1 mellora da zona de consultas externas, do hospital de d\u00eda, da cirurx\u00eda maior ambulatoria ou na creaci\u00f3n de novas zonas de traballo na \u00e1rea de farmacia\u201d.<\/p>\n<p>&nbsp;<\/p>\n<p>\u201cA Xunta cumpre cos seus compromisos de mellora do Hospital de Valdeorras, tal e como xa o anunciara o propio Presidente no recente Debate sobre o Estado da Autonom\u00eda\u201d, sinalou o deputado popular.<\/p>\n<p>&nbsp;<\/p>\n<p>Blanco afirmou que este investimento \u201cbota abaixo os malos augurios daqueles que pregoaban o peche dos hospitais comarcais, e respalda a pol\u00edtica sanitaria da Xunta de achegar e mellorar a atenci\u00f3n sanitaria a todos os galegos, independentemente de que vivan nas grandes cidades ou nos pequenos concellos\u201d.<\/p>\n","protected":false},"excerpt":{"rendered":"<p>Santiago, 20 de outubro de 2017.- O deputado do Grupo Popular, Mois\u00e9s Blanco, salientou hoxe que os orzamentos da Xunta de Galicia para 2018 recollan unha partida orzamentaria de 520.000 euros para actuaci\u00f3ns no Hospital de Valdeorras, \u201cunha mostra m\u00e1is da aposta do Goberno galego polos hospitais comarcais e a mellora da atenci\u00f3n sanitaria que [&hellip;]<\/p>\n","protected":false},"author":37,"featured_media":0,"comment_status":"open","ping_status":"open","sticky":false,"template":"","format":"standard","meta":{"_acf_changed":false,"footnotes":""},"categories":[1],"tags":[],"class_list":["post-53789","post","type-post","status-publish","format-standard","hentry","category-pp-de-galicia"],"acf":[],"yoast_head":"<!-- This site is optimized with the Yoast SEO plugin v27.3 - https:\/\/yoast.com\/product\/yoast-seo-wordpress\/ -->\n<title>Mois\u00e9s Blanco salienta que os orzamentos da Xunta para 2018 recollen m\u00e1is de 500.000 euros para o Hospital de Valdeorras - PP de Galicia<\/title>\n<meta name=\"robots\" content=\"index, follow, max-snippet:-1, max-image-preview:large, max-video-preview:-1\" \/>\n<link rel=\"canonical\" href=\"https:\/\/ppdegalicia.com\/es\/moises-blanco-salienta-que-os-orzamentos-da-xunta-para-2018-recollen-mais-de-500-000-euros-para-o-hospital-de-valdeorras\/\" \/>\n<meta property=\"og:locale\" content=\"es_ES\" \/>\n<meta property=\"og:type\" content=\"article\" \/>\n<meta property=\"og:title\" content=\"Mois\u00e9s Blanco salienta que os orzamentos da Xunta para 2018 recollen m\u00e1is de 500.000 euros para o Hospital de Valdeorras - PP de Galicia\" \/>\n<meta property=\"og:description\" content=\"Santiago, 20 de outubro de 2017.- O deputado do Grupo Popular, Mois\u00e9s Blanco, salientou hoxe que os orzamentos da Xunta de Galicia para 2018 recollan unha partida orzamentaria de 520.000 euros para actuaci\u00f3ns no Hospital de Valdeorras, \u201cunha mostra m\u00e1is da aposta do Goberno galego polos hospitais comarcais e a mellora da atenci\u00f3n sanitaria que [&hellip;]\" \/>\n<meta property=\"og:url\" content=\"https:\/\/ppdegalicia.com\/es\/moises-blanco-salienta-que-os-orzamentos-da-xunta-para-2018-recollen-mais-de-500-000-euros-para-o-hospital-de-valdeorras\/\" \/>\n<meta property=\"og:site_name\" content=\"PP de Galicia\" \/>\n<meta property=\"article:publisher\" content=\"https:\/\/www.instagram.com\/ppdegalicia\/\" \/>\n<meta property=\"article:published_time\" content=\"2017-10-23T06:17:23+00:00\" \/>\n<meta name=\"author\" content=\"Super User\" \/>\n<meta name=\"twitter:card\" content=\"summary_large_image\" \/>\n<meta name=\"twitter:creator\" content=\"@ppdegalicia\" \/>\n<meta name=\"twitter:site\" content=\"@ppdegalicia\" \/>\n<meta name=\"twitter:label1\" content=\"Escrito por\" \/>\n\t<meta name=\"twitter:data1\" content=\"Super User\" \/>\n\t<meta name=\"twitter:label2\" content=\"Tiempo de lectura\" \/>\n\t<meta name=\"twitter:data2\" content=\"1 minuto\" \/>\n<script type=\"application\/ld+json\" class=\"yoast-schema-graph\">{\"@context\":\"https:\\\/\\\/schema.org\",\"@graph\":[{\"@type\":\"Article\",\"@id\":\"https:\\\/\\\/ppdegalicia.com\\\/es\\\/moises-blanco-salienta-que-os-orzamentos-da-xunta-para-2018-recollen-mais-de-500-000-euros-para-o-hospital-de-valdeorras\\\/#article\",\"isPartOf\":{\"@id\":\"https:\\\/\\\/ppdegalicia.com\\\/es\\\/moises-blanco-salienta-que-os-orzamentos-da-xunta-para-2018-recollen-mais-de-500-000-euros-para-o-hospital-de-valdeorras\\\/\"},\"author\":{\"name\":\"Super User\",\"@id\":\"https:\\\/\\\/ppdegalicia.com\\\/es\\\/#\\\/schema\\\/person\\\/d0f013b8388c980665d44009ab762960\"},\"headline\":\"Mois\u00e9s Blanco salienta que os orzamentos da Xunta para 2018 recollen m\u00e1is de 500.000 euros para o Hospital de Valdeorras\",\"datePublished\":\"2017-10-23T06:17:23+00:00\",\"mainEntityOfPage\":{\"@id\":\"https:\\\/\\\/ppdegalicia.com\\\/es\\\/moises-blanco-salienta-que-os-orzamentos-da-xunta-para-2018-recollen-mais-de-500-000-euros-para-o-hospital-de-valdeorras\\\/\"},\"wordCount\":212,\"commentCount\":0,\"publisher\":{\"@id\":\"https:\\\/\\\/ppdegalicia.com\\\/es\\\/#organization\"},\"articleSection\":[\"PP de Galicia\"],\"inLanguage\":\"es\",\"potentialAction\":[{\"@type\":\"CommentAction\",\"name\":\"Comment\",\"target\":[\"https:\\\/\\\/ppdegalicia.com\\\/es\\\/moises-blanco-salienta-que-os-orzamentos-da-xunta-para-2018-recollen-mais-de-500-000-euros-para-o-hospital-de-valdeorras\\\/#respond\"]}]},{\"@type\":\"WebPage\",\"@id\":\"https:\\\/\\\/ppdegalicia.com\\\/es\\\/moises-blanco-salienta-que-os-orzamentos-da-xunta-para-2018-recollen-mais-de-500-000-euros-para-o-hospital-de-valdeorras\\\/\",\"url\":\"https:\\\/\\\/ppdegalicia.com\\\/es\\\/moises-blanco-salienta-que-os-orzamentos-da-xunta-para-2018-recollen-mais-de-500-000-euros-para-o-hospital-de-valdeorras\\\/\",\"name\":\"Mois\u00e9s Blanco salienta que os orzamentos da Xunta para 2018 recollen m\u00e1is de 500.000 euros para o Hospital de Valdeorras - PP de Galicia\",\"isPartOf\":{\"@id\":\"https:\\\/\\\/ppdegalicia.com\\\/es\\\/#website\"},\"datePublished\":\"2017-10-23T06:17:23+00:00\",\"breadcrumb\":{\"@id\":\"https:\\\/\\\/ppdegalicia.com\\\/es\\\/moises-blanco-salienta-que-os-orzamentos-da-xunta-para-2018-recollen-mais-de-500-000-euros-para-o-hospital-de-valdeorras\\\/#breadcrumb\"},\"inLanguage\":\"es\",\"potentialAction\":[{\"@type\":\"ReadAction\",\"target\":[\"https:\\\/\\\/ppdegalicia.com\\\/es\\\/moises-blanco-salienta-que-os-orzamentos-da-xunta-para-2018-recollen-mais-de-500-000-euros-para-o-hospital-de-valdeorras\\\/\"]}]},{\"@type\":\"BreadcrumbList\",\"@id\":\"https:\\\/\\\/ppdegalicia.com\\\/es\\\/moises-blanco-salienta-que-os-orzamentos-da-xunta-para-2018-recollen-mais-de-500-000-euros-para-o-hospital-de-valdeorras\\\/#breadcrumb\",\"itemListElement\":[{\"@type\":\"ListItem\",\"position\":1,\"name\":\"Portada\",\"item\":\"https:\\\/\\\/ppdegalicia.com\\\/es\\\/\"},{\"@type\":\"ListItem\",\"position\":2,\"name\":\"Mois\u00e9s Blanco salienta que os orzamentos da Xunta para 2018 recollen m\u00e1is de 500.000 euros para o Hospital de Valdeorras\"}]},{\"@type\":\"WebSite\",\"@id\":\"https:\\\/\\\/ppdegalicia.com\\\/es\\\/#website\",\"url\":\"https:\\\/\\\/ppdegalicia.com\\\/es\\\/\",\"name\":\"Partido Popular de Galicia\",\"description\":\"Partido Popular de Galicia\",\"publisher\":{\"@id\":\"https:\\\/\\\/ppdegalicia.com\\\/es\\\/#organization\"},\"alternateName\":\"PP de Galicia\",\"potentialAction\":[{\"@type\":\"SearchAction\",\"target\":{\"@type\":\"EntryPoint\",\"urlTemplate\":\"https:\\\/\\\/ppdegalicia.com\\\/es\\\/?s={search_term_string}\"},\"query-input\":{\"@type\":\"PropertyValueSpecification\",\"valueRequired\":true,\"valueName\":\"search_term_string\"}}],\"inLanguage\":\"es\"},{\"@type\":\"Organization\",\"@id\":\"https:\\\/\\\/ppdegalicia.com\\\/es\\\/#organization\",\"name\":\"Partido Popular de Galicia\",\"alternateName\":\"PP de Galicia\",\"url\":\"https:\\\/\\\/ppdegalicia.com\\\/es\\\/\",\"logo\":{\"@type\":\"ImageObject\",\"inLanguage\":\"es\",\"@id\":\"https:\\\/\\\/ppdegalicia.com\\\/es\\\/#\\\/schema\\\/logo\\\/image\\\/\",\"url\":\"https:\\\/\\\/ppdegalicia.com\\\/wp-content\\\/uploads\\\/2023\\\/04\\\/logoPP512.png\",\"contentUrl\":\"https:\\\/\\\/ppdegalicia.com\\\/wp-content\\\/uploads\\\/2023\\\/04\\\/logoPP512.png\",\"width\":512,\"height\":512,\"caption\":\"Partido Popular de Galicia\"},\"image\":{\"@id\":\"https:\\\/\\\/ppdegalicia.com\\\/es\\\/#\\\/schema\\\/logo\\\/image\\\/\"},\"sameAs\":[\"https:\\\/\\\/www.instagram.com\\\/ppdegalicia\\\/\",\"https:\\\/\\\/x.com\\\/ppdegalicia\",\"https:\\\/\\\/www.tiktok.com\\\/@ppdegalicia\",\"https:\\\/\\\/www.youtube.com\\\/user\\\/ppdegalicia\"]},{\"@type\":\"Person\",\"@id\":\"https:\\\/\\\/ppdegalicia.com\\\/es\\\/#\\\/schema\\\/person\\\/d0f013b8388c980665d44009ab762960\",\"name\":\"Super User\",\"image\":{\"@type\":\"ImageObject\",\"inLanguage\":\"es\",\"@id\":\"https:\\\/\\\/secure.gravatar.com\\\/avatar\\\/1db852625ef4948f58d2739bfbc51e4b9bd5c93b8fa340b59fdb594ca0845645?s=96&d=mm&r=g\",\"url\":\"https:\\\/\\\/secure.gravatar.com\\\/avatar\\\/1db852625ef4948f58d2739bfbc51e4b9bd5c93b8fa340b59fdb594ca0845645?s=96&d=mm&r=g\",\"contentUrl\":\"https:\\\/\\\/secure.gravatar.com\\\/avatar\\\/1db852625ef4948f58d2739bfbc51e4b9bd5c93b8fa340b59fdb594ca0845645?s=96&d=mm&r=g\",\"caption\":\"Super User\"},\"url\":\"https:\\\/\\\/ppdegalicia.com\\\/es\\\/author\\\/ppdegaliciagestion\\\/\"}]}<\/script>\n<!-- \/ Yoast SEO plugin. -->","yoast_head_json":{"title":"Mois\u00e9s Blanco salienta que os orzamentos da Xunta para 2018 recollen m\u00e1is de 500.000 euros para o Hospital de Valdeorras - PP de Galicia","robots":{"index":"index","follow":"follow","max-snippet":"max-snippet:-1","max-image-preview":"max-image-preview:large","max-video-preview":"max-video-preview:-1"},"canonical":"https:\/\/ppdegalicia.com\/es\/moises-blanco-salienta-que-os-orzamentos-da-xunta-para-2018-recollen-mais-de-500-000-euros-para-o-hospital-de-valdeorras\/","og_locale":"es_ES","og_type":"article","og_title":"Mois\u00e9s Blanco salienta que os orzamentos da Xunta para 2018 recollen m\u00e1is de 500.000 euros para o Hospital de Valdeorras - PP de Galicia","og_description":"Santiago, 20 de outubro de 2017.- O deputado do Grupo Popular, Mois\u00e9s Blanco, salientou hoxe que os orzamentos da Xunta de Galicia para 2018 recollan unha partida orzamentaria de 520.000 euros para actuaci\u00f3ns no Hospital de Valdeorras, \u201cunha mostra m\u00e1is da aposta do Goberno galego polos hospitais comarcais e a mellora da atenci\u00f3n sanitaria que [&hellip;]","og_url":"https:\/\/ppdegalicia.com\/es\/moises-blanco-salienta-que-os-orzamentos-da-xunta-para-2018-recollen-mais-de-500-000-euros-para-o-hospital-de-valdeorras\/","og_site_name":"PP de Galicia","article_publisher":"https:\/\/www.instagram.com\/ppdegalicia\/","article_published_time":"2017-10-23T06:17:23+00:00","author":"Super User","twitter_card":"summary_large_image","twitter_creator":"@ppdegalicia","twitter_site":"@ppdegalicia","twitter_misc":{"Escrito por":"Super User","Tiempo de lectura":"1 minuto"},"schema":{"@context":"https:\/\/schema.org","@graph":[{"@type":"Article","@id":"https:\/\/ppdegalicia.com\/es\/moises-blanco-salienta-que-os-orzamentos-da-xunta-para-2018-recollen-mais-de-500-000-euros-para-o-hospital-de-valdeorras\/#article","isPartOf":{"@id":"https:\/\/ppdegalicia.com\/es\/moises-blanco-salienta-que-os-orzamentos-da-xunta-para-2018-recollen-mais-de-500-000-euros-para-o-hospital-de-valdeorras\/"},"author":{"name":"Super User","@id":"https:\/\/ppdegalicia.com\/es\/#\/schema\/person\/d0f013b8388c980665d44009ab762960"},"headline":"Mois\u00e9s Blanco salienta que os orzamentos da Xunta para 2018 recollen m\u00e1is de 500.000 euros para o Hospital de Valdeorras","datePublished":"2017-10-23T06:17:23+00:00","mainEntityOfPage":{"@id":"https:\/\/ppdegalicia.com\/es\/moises-blanco-salienta-que-os-orzamentos-da-xunta-para-2018-recollen-mais-de-500-000-euros-para-o-hospital-de-valdeorras\/"},"wordCount":212,"commentCount":0,"publisher":{"@id":"https:\/\/ppdegalicia.com\/es\/#organization"},"articleSection":["PP de Galicia"],"inLanguage":"es","potentialAction":[{"@type":"CommentAction","name":"Comment","target":["https:\/\/ppdegalicia.com\/es\/moises-blanco-salienta-que-os-orzamentos-da-xunta-para-2018-recollen-mais-de-500-000-euros-para-o-hospital-de-valdeorras\/#respond"]}]},{"@type":"WebPage","@id":"https:\/\/ppdegalicia.com\/es\/moises-blanco-salienta-que-os-orzamentos-da-xunta-para-2018-recollen-mais-de-500-000-euros-para-o-hospital-de-valdeorras\/","url":"https:\/\/ppdegalicia.com\/es\/moises-blanco-salienta-que-os-orzamentos-da-xunta-para-2018-recollen-mais-de-500-000-euros-para-o-hospital-de-valdeorras\/","name":"Mois\u00e9s Blanco salienta que os orzamentos da Xunta para 2018 recollen m\u00e1is de 500.000 euros para o Hospital de Valdeorras - PP de Galicia","isPartOf":{"@id":"https:\/\/ppdegalicia.com\/es\/#website"},"datePublished":"2017-10-23T06:17:23+00:00","breadcrumb":{"@id":"https:\/\/ppdegalicia.com\/es\/moises-blanco-salienta-que-os-orzamentos-da-xunta-para-2018-recollen-mais-de-500-000-euros-para-o-hospital-de-valdeorras\/#breadcrumb"},"inLanguage":"es","potentialAction":[{"@type":"ReadAction","target":["https:\/\/ppdegalicia.com\/es\/moises-blanco-salienta-que-os-orzamentos-da-xunta-para-2018-recollen-mais-de-500-000-euros-para-o-hospital-de-valdeorras\/"]}]},{"@type":"BreadcrumbList","@id":"https:\/\/ppdegalicia.com\/es\/moises-blanco-salienta-que-os-orzamentos-da-xunta-para-2018-recollen-mais-de-500-000-euros-para-o-hospital-de-valdeorras\/#breadcrumb","itemListElement":[{"@type":"ListItem","position":1,"name":"Portada","item":"https:\/\/ppdegalicia.com\/es\/"},{"@type":"ListItem","position":2,"name":"Mois\u00e9s Blanco salienta que os orzamentos da Xunta para 2018 recollen m\u00e1is de 500.000 euros para o Hospital de Valdeorras"}]},{"@type":"WebSite","@id":"https:\/\/ppdegalicia.com\/es\/#website","url":"https:\/\/ppdegalicia.com\/es\/","name":"Partido Popular de Galicia","description":"Partido Popular de Galicia","publisher":{"@id":"https:\/\/ppdegalicia.com\/es\/#organization"},"alternateName":"PP de Galicia","potentialAction":[{"@type":"SearchAction","target":{"@type":"EntryPoint","urlTemplate":"https:\/\/ppdegalicia.com\/es\/?s={search_term_string}"},"query-input":{"@type":"PropertyValueSpecification","valueRequired":true,"valueName":"search_term_string"}}],"inLanguage":"es"},{"@type":"Organization","@id":"https:\/\/ppdegalicia.com\/es\/#organization","name":"Partido Popular de Galicia","alternateName":"PP de Galicia","url":"https:\/\/ppdegalicia.com\/es\/","logo":{"@type":"ImageObject","inLanguage":"es","@id":"https:\/\/ppdegalicia.com\/es\/#\/schema\/logo\/image\/","url":"https:\/\/ppdegalicia.com\/wp-content\/uploads\/2023\/04\/logoPP512.png","contentUrl":"https:\/\/ppdegalicia.com\/wp-content\/uploads\/2023\/04\/logoPP512.png","width":512,"height":512,"caption":"Partido Popular de Galicia"},"image":{"@id":"https:\/\/ppdegalicia.com\/es\/#\/schema\/logo\/image\/"},"sameAs":["https:\/\/www.instagram.com\/ppdegalicia\/","https:\/\/x.com\/ppdegalicia","https:\/\/www.tiktok.com\/@ppdegalicia","https:\/\/www.youtube.com\/user\/ppdegalicia"]},{"@type":"Person","@id":"https:\/\/ppdegalicia.com\/es\/#\/schema\/person\/d0f013b8388c980665d44009ab762960","name":"Super User","image":{"@type":"ImageObject","inLanguage":"es","@id":"https:\/\/secure.gravatar.com\/avatar\/1db852625ef4948f58d2739bfbc51e4b9bd5c93b8fa340b59fdb594ca0845645?s=96&d=mm&r=g","url":"https:\/\/secure.gravatar.com\/avatar\/1db852625ef4948f58d2739bfbc51e4b9bd5c93b8fa340b59fdb594ca0845645?s=96&d=mm&r=g","contentUrl":"https:\/\/secure.gravatar.com\/avatar\/1db852625ef4948f58d2739bfbc51e4b9bd5c93b8fa340b59fdb594ca0845645?s=96&d=mm&r=g","caption":"Super User"},"url":"https:\/\/ppdegalicia.com\/es\/author\/ppdegaliciagestion\/"}]}},"_links":{"self":[{"href":"https:\/\/ppdegalicia.com\/es\/wp-json\/wp\/v2\/posts\/53789","targetHints":{"allow":["GET"]}}],"collection":[{"href":"https:\/\/ppdegalicia.com\/es\/wp-json\/wp\/v2\/posts"}],"about":[{"href":"https:\/\/ppdegalicia.com\/es\/wp-json\/wp\/v2\/types\/post"}],"author":[{"embeddable":true,"href":"https:\/\/ppdegalicia.com\/es\/wp-json\/wp\/v2\/users\/37"}],"replies":[{"embeddable":true,"href":"https:\/\/ppdegalicia.com\/es\/wp-json\/wp\/v2\/comments?post=53789"}],"version-history":[{"count":0,"href":"https:\/\/ppdegalicia.com\/es\/wp-json\/wp\/v2\/posts\/53789\/revisions"}],"wp:attachment":[{"href":"https:\/\/ppdegalicia.com\/es\/wp-json\/wp\/v2\/media?parent=53789"}],"wp:term":[{"taxonomy":"category","embeddable":true,"href":"https:\/\/ppdegalicia.com\/es\/wp-json\/wp\/v2\/categories?post=53789"},{"taxonomy":"post_tag","embeddable":true,"href":"https:\/\/ppdegalicia.com\/es\/wp-json\/wp\/v2\/tags?post=53789"}],"curies":[{"name":"wp","href":"https:\/\/api.w.org\/{rel}","templated":true}]}}