{"id":53792,"date":"2017-10-23T08:23:10","date_gmt":"2017-10-23T06:23:10","guid":{"rendered":"https:\/\/ppdegalicia.com\/puy-afirma-que-os-orzamentos-expansivos-da-xunta-para-2018-permitiran-trasladar-o-crecemento-economico-as-persoas-que-ainda-padecen-as-consecuencias-da-crise\/"},"modified":"2017-10-23T08:23:10","modified_gmt":"2017-10-23T06:23:10","slug":"puy-afirma-que-os-orzamentos-expansivos-da-xunta-para-2018-permitiran-trasladar-o-crecemento-economico-as-persoas-que-ainda-padecen-as-consecuencias-da-crise","status":"publish","type":"post","link":"https:\/\/ppdegalicia.com\/es\/puy-afirma-que-os-orzamentos-expansivos-da-xunta-para-2018-permitiran-trasladar-o-crecemento-economico-as-persoas-que-ainda-padecen-as-consecuencias-da-crise\/","title":{"rendered":"Puy afirma que \u00abos orzamentos expansivos\u00bb da Xunta para 2018 permitir\u00e1n trasladar o crecemento econ\u00f3mico \u00e1s persoas que a\u00ednda padecen as consecuencias da crise"},"content":{"rendered":"<p>Santiago, 23 de outubro de 2017.- O portavoz do Grupo Popular, Pedro Puy, manifestou hoxe que os \u201corzamentos expansivos\u201d da Xunta de Galicia para 2018 \u201cpermitir\u00e1n trasladar esta etapa de crecemento econ\u00f3mico a un maior n\u00famero de persoas que a\u00ednda padecen as consecuencias da crise\u201d.<\/p>\n<p><!--more--><\/p>\n<p>&nbsp;<\/p>\n<p>&nbsp;<\/p>\n<p>Nese sentido, salientou que \u201cas contas de Galicia est\u00e1n consolidadas\u201d e mostra disto \u00e9 que \u201cte\u00f1amos 1.000 mill\u00f3ns de euros de aforro primario que se poden destinar a investimentos, que equivalen aos 1.000&nbsp; mill\u00f3ns de aforro de capital\u201d.<\/p>\n<p>&nbsp;<\/p>\n<p>Pedro Puy informou que a Mesa da Comisi\u00f3n 3\u00aa aprobou esta ma\u00f1\u00e1 o calendario de comparecencias de representantes da Administraci\u00f3n galega sobre os orzamentos para o vindeiro ano, que dar\u00e1n comezo o xoves co conselleiro de Facenda. A continuaci\u00f3n, pasar\u00e1n polo Parlamento todos os demais membros do Goberno galego, as\u00ed como os presidentes do Consello Consultivo de Galicia, do Consello Econ\u00f3mico e Social e do Consello da Cultura Galega; o director xeral da Corporaci\u00f3n de Radio e Televisi\u00f3n de Galicia; e os presidentes das catro deputaci\u00f3ns provinciais. Este ano, os entes instrumentais que tam\u00e9n presentar\u00e1n os seus presupostos na C\u00e1mara galega ser\u00e1n a Axencia de Turismo de Galicia, a Axencia Galega de Innovaci\u00f3n, o Consorcio Galego de Benestar e Portos de Galicia.<\/p>\n<p>&nbsp;<\/p>\n<p>Respecto do listado de comparecencias solicitado polos grupos da oposici\u00f3n, Puy criticou que incl\u00faan \u201cresponsables de organismos que non existen, como a secretaria xeral de Modernizaci\u00f3n e Innovaci\u00f3n Tecnol\u00f3xica, que foi substitu\u00edda hai d\u00faas lexislaturas pola AMTEGA; o director da Fundaci\u00f3n Escola Galega de Administraci\u00f3n Sanitaria, que se integrou na Axencia de Co\u00f1ecemento e Administraci\u00f3n da Sa\u00fade; ou a secretaria xeral de Familia e Benestar, que non figura no organigrama da Administraci\u00f3n galega\u201d.<\/p>\n<p>&nbsp;<\/p>\n<p><strong>AMBICIOSOS NA CREACI\u00d3N DE EMPREGO<\/strong><\/p>\n<p>&nbsp;<\/p>\n<p>Respecto dos orzamentos, o portavoz popular amosou a satisfacci\u00f3n polo seu car\u00e1cter expansivo e \u201cambicioso no \u00e1mbito da creaci\u00f3n de emprego, tanto desde o punto de vista do sector privado como polo n\u00famero de prazas de emprego p\u00fablico que est\u00e1 previsto que se creen\u201d.<\/p>\n<p>&nbsp;<\/p>\n<p>As\u00ed mesmo, salientou que \u201cse centran no mantemento e mellora do gasto social, dado que tres de cada catro euros van estar dedicados a sanidade, educaci\u00f3n e pol\u00edticas sociais\u201d, ao tempo que recollen 1.570 mill\u00f3ns de euros para investimentos. \u201cO feito de que te\u00f1amos 1.000 de euros de aforro primario, que se poden destinar a investimento \u00e9 un s\u00edntoma de que a econom\u00eda galega est\u00e1 nunha situaci\u00f3n de consolidaci\u00f3n e non necesidade de axustes no gasto\u201d, sinalou.<\/p>\n<p>&nbsp;<\/p>\n<p>Pedro Puy tam\u00e9n destacou o mantemento das pol\u00edticas fiscais progresivas e apuntou que \u201ccaen os gastos financeiros porque as necesidades de endebedamento de Galicia se reducen considerablemente\u201d.<\/p>\n<p>&nbsp;<\/p>\n<p>\u201cConfiamos que no debate dos orzamentos, no que non \u00e9 sempre f\u00e1cil chegar a acordos, a oposici\u00f3n sexa coherente e non nos atopemos con situaci\u00f3ns como algunhas valoraci\u00f3ns que xa se fixeron de que somos pouco ambiciosos no d\u00e9ficit p\u00fabl\u00edco, no endebedamento e gasto p\u00fablico, pero ao mesmo tempo se nos critica, pese a que somos a segunda comunidade aut\u00f3noma que menos se endebedou na \u00e9poca da crise, que nos endebedamos\u201d, manifestou.<\/p>\n<p>&nbsp;<\/p>\n<p><strong>VALORAR DANOS DOS INCENDIOS PARA ACTUAR<\/strong><\/p>\n<p>&nbsp;<\/p>\n<p>Cuestionado sobre os incendios forestais, Puy criticou que a oposici\u00f3n \u201cdesde o mesmo luns pasado, cando a\u00ednda non rematara a vaga de lumes e xa estaban organizando manifestaci\u00f3ns, estea intentando sacar r\u00e9ditos pol\u00edticos desta cuesti\u00f3n\u201d.<\/p>\n<p>&nbsp;<\/p>\n<p>\u201cO Grupo Popular entende que o Goberno ten que actuar sobre as consecuencias que estes lumes deixaron no noso pa\u00eds, para o que se est\u00e1n valorando, non s\u00f3 pola Xunta sen\u00f3n tam\u00e9n polas administraci\u00f3ns locais, os danos para concretar as necesidades\u201d, dixo.<\/p>\n<p>&nbsp;<\/p>\n<p>Pedro Puy lembrou que \u201cos lumes xeraron moito p\u00e1nico e, con independencia de que fosen o resultado dun tipo ou doutro de actividade, o certo \u00e9 que foron en moitos casos incendios intencionados dirixidos a provocar danos materiais moi cerca de persoas e vivendas\u201d.<\/p>\n<p>&nbsp;<\/p>\n<p>\u201cEmpecemos por reco\u00f1ecer o que todo o mundo sabe: os incendios son a consecuencia de algu\u00e9n que prende lume, e o monte non bota s\u00f3 a arder\u201d, polo que afirmou que \u201chai unha actuaci\u00f3n humana intencionada, neste caso moi cerca de centros urbanos e de casas, que xerou situaci\u00f3ns de p\u00e1nico e terror e, neste caso, con consecuencias fatais para vidas humanas\u201d.<\/p>\n","protected":false},"excerpt":{"rendered":"<p>Santiago, 23 de outubro de 2017.- O portavoz do Grupo Popular, Pedro Puy, manifestou hoxe que os \u201corzamentos expansivos\u201d da Xunta de Galicia para 2018 \u201cpermitir\u00e1n trasladar esta etapa de crecemento econ\u00f3mico a un maior n\u00famero de persoas que a\u00ednda padecen as consecuencias da crise\u201d.<\/p>\n","protected":false},"author":37,"featured_media":0,"comment_status":"open","ping_status":"open","sticky":false,"template":"","format":"standard","meta":{"_acf_changed":false,"footnotes":""},"categories":[1],"tags":[],"class_list":["post-53792","post","type-post","status-publish","format-standard","hentry","category-pp-de-galicia"],"acf":[],"yoast_head":"<!-- This site is optimized with the Yoast SEO plugin v27.3 - https:\/\/yoast.com\/product\/yoast-seo-wordpress\/ -->\n<title>Puy afirma que &quot;os orzamentos expansivos&quot; da Xunta para 2018 permitir\u00e1n trasladar o crecemento econ\u00f3mico \u00e1s persoas que a\u00ednda padecen as consecuencias da crise - PP de Galicia<\/title>\n<meta name=\"robots\" content=\"index, follow, max-snippet:-1, max-image-preview:large, max-video-preview:-1\" \/>\n<link rel=\"canonical\" href=\"https:\/\/ppdegalicia.com\/es\/puy-afirma-que-os-orzamentos-expansivos-da-xunta-para-2018-permitiran-trasladar-o-crecemento-economico-as-persoas-que-ainda-padecen-as-consecuencias-da-crise\/\" \/>\n<meta property=\"og:locale\" content=\"es_ES\" \/>\n<meta property=\"og:type\" content=\"article\" \/>\n<meta property=\"og:title\" content=\"Puy afirma que &quot;os orzamentos expansivos&quot; da Xunta para 2018 permitir\u00e1n trasladar o crecemento econ\u00f3mico \u00e1s persoas que a\u00ednda padecen as consecuencias da crise - PP de Galicia\" \/>\n<meta property=\"og:description\" content=\"Santiago, 23 de outubro de 2017.- O portavoz do Grupo Popular, Pedro Puy, manifestou hoxe que os \u201corzamentos expansivos\u201d da Xunta de Galicia para 2018 \u201cpermitir\u00e1n trasladar esta etapa de crecemento econ\u00f3mico a un maior n\u00famero de persoas que a\u00ednda padecen as consecuencias da crise\u201d.\" \/>\n<meta property=\"og:url\" content=\"https:\/\/ppdegalicia.com\/es\/puy-afirma-que-os-orzamentos-expansivos-da-xunta-para-2018-permitiran-trasladar-o-crecemento-economico-as-persoas-que-ainda-padecen-as-consecuencias-da-crise\/\" \/>\n<meta property=\"og:site_name\" content=\"PP de Galicia\" \/>\n<meta property=\"article:publisher\" content=\"https:\/\/www.instagram.com\/ppdegalicia\/\" \/>\n<meta property=\"article:published_time\" content=\"2017-10-23T06:23:10+00:00\" \/>\n<meta name=\"author\" content=\"Super User\" \/>\n<meta name=\"twitter:card\" content=\"summary_large_image\" \/>\n<meta name=\"twitter:creator\" content=\"@ppdegalicia\" \/>\n<meta name=\"twitter:site\" content=\"@ppdegalicia\" \/>\n<meta name=\"twitter:label1\" content=\"Escrito por\" \/>\n\t<meta name=\"twitter:data1\" content=\"Super User\" \/>\n\t<meta name=\"twitter:label2\" content=\"Tiempo de lectura\" \/>\n\t<meta name=\"twitter:data2\" content=\"4 minutos\" \/>\n<script type=\"application\/ld+json\" class=\"yoast-schema-graph\">{\"@context\":\"https:\\\/\\\/schema.org\",\"@graph\":[{\"@type\":\"Article\",\"@id\":\"https:\\\/\\\/ppdegalicia.com\\\/es\\\/puy-afirma-que-os-orzamentos-expansivos-da-xunta-para-2018-permitiran-trasladar-o-crecemento-economico-as-persoas-que-ainda-padecen-as-consecuencias-da-crise\\\/#article\",\"isPartOf\":{\"@id\":\"https:\\\/\\\/ppdegalicia.com\\\/es\\\/puy-afirma-que-os-orzamentos-expansivos-da-xunta-para-2018-permitiran-trasladar-o-crecemento-economico-as-persoas-que-ainda-padecen-as-consecuencias-da-crise\\\/\"},\"author\":{\"name\":\"Super User\",\"@id\":\"https:\\\/\\\/ppdegalicia.com\\\/es\\\/#\\\/schema\\\/person\\\/d0f013b8388c980665d44009ab762960\"},\"headline\":\"Puy afirma que \u00abos orzamentos expansivos\u00bb da Xunta para 2018 permitir\u00e1n trasladar o crecemento econ\u00f3mico \u00e1s persoas que a\u00ednda padecen as consecuencias da crise\",\"datePublished\":\"2017-10-23T06:23:10+00:00\",\"mainEntityOfPage\":{\"@id\":\"https:\\\/\\\/ppdegalicia.com\\\/es\\\/puy-afirma-que-os-orzamentos-expansivos-da-xunta-para-2018-permitiran-trasladar-o-crecemento-economico-as-persoas-que-ainda-padecen-as-consecuencias-da-crise\\\/\"},\"wordCount\":799,\"commentCount\":0,\"publisher\":{\"@id\":\"https:\\\/\\\/ppdegalicia.com\\\/es\\\/#organization\"},\"articleSection\":[\"PP de Galicia\"],\"inLanguage\":\"es\",\"potentialAction\":[{\"@type\":\"CommentAction\",\"name\":\"Comment\",\"target\":[\"https:\\\/\\\/ppdegalicia.com\\\/es\\\/puy-afirma-que-os-orzamentos-expansivos-da-xunta-para-2018-permitiran-trasladar-o-crecemento-economico-as-persoas-que-ainda-padecen-as-consecuencias-da-crise\\\/#respond\"]}]},{\"@type\":\"WebPage\",\"@id\":\"https:\\\/\\\/ppdegalicia.com\\\/es\\\/puy-afirma-que-os-orzamentos-expansivos-da-xunta-para-2018-permitiran-trasladar-o-crecemento-economico-as-persoas-que-ainda-padecen-as-consecuencias-da-crise\\\/\",\"url\":\"https:\\\/\\\/ppdegalicia.com\\\/es\\\/puy-afirma-que-os-orzamentos-expansivos-da-xunta-para-2018-permitiran-trasladar-o-crecemento-economico-as-persoas-que-ainda-padecen-as-consecuencias-da-crise\\\/\",\"name\":\"Puy afirma que \\\"os orzamentos expansivos\\\" da Xunta para 2018 permitir\u00e1n trasladar o crecemento econ\u00f3mico \u00e1s persoas que a\u00ednda padecen as consecuencias da crise - PP de Galicia\",\"isPartOf\":{\"@id\":\"https:\\\/\\\/ppdegalicia.com\\\/es\\\/#website\"},\"datePublished\":\"2017-10-23T06:23:10+00:00\",\"breadcrumb\":{\"@id\":\"https:\\\/\\\/ppdegalicia.com\\\/es\\\/puy-afirma-que-os-orzamentos-expansivos-da-xunta-para-2018-permitiran-trasladar-o-crecemento-economico-as-persoas-que-ainda-padecen-as-consecuencias-da-crise\\\/#breadcrumb\"},\"inLanguage\":\"es\",\"potentialAction\":[{\"@type\":\"ReadAction\",\"target\":[\"https:\\\/\\\/ppdegalicia.com\\\/es\\\/puy-afirma-que-os-orzamentos-expansivos-da-xunta-para-2018-permitiran-trasladar-o-crecemento-economico-as-persoas-que-ainda-padecen-as-consecuencias-da-crise\\\/\"]}]},{\"@type\":\"BreadcrumbList\",\"@id\":\"https:\\\/\\\/ppdegalicia.com\\\/es\\\/puy-afirma-que-os-orzamentos-expansivos-da-xunta-para-2018-permitiran-trasladar-o-crecemento-economico-as-persoas-que-ainda-padecen-as-consecuencias-da-crise\\\/#breadcrumb\",\"itemListElement\":[{\"@type\":\"ListItem\",\"position\":1,\"name\":\"Portada\",\"item\":\"https:\\\/\\\/ppdegalicia.com\\\/es\\\/\"},{\"@type\":\"ListItem\",\"position\":2,\"name\":\"Puy afirma que &#8220;os orzamentos expansivos&#8221; da Xunta para 2018 permitir\u00e1n trasladar o crecemento econ\u00f3mico \u00e1s persoas que a\u00ednda padecen as consecuencias da crise\"}]},{\"@type\":\"WebSite\",\"@id\":\"https:\\\/\\\/ppdegalicia.com\\\/es\\\/#website\",\"url\":\"https:\\\/\\\/ppdegalicia.com\\\/es\\\/\",\"name\":\"Partido Popular de Galicia\",\"description\":\"Partido Popular de Galicia\",\"publisher\":{\"@id\":\"https:\\\/\\\/ppdegalicia.com\\\/es\\\/#organization\"},\"alternateName\":\"PP de Galicia\",\"potentialAction\":[{\"@type\":\"SearchAction\",\"target\":{\"@type\":\"EntryPoint\",\"urlTemplate\":\"https:\\\/\\\/ppdegalicia.com\\\/es\\\/?s={search_term_string}\"},\"query-input\":{\"@type\":\"PropertyValueSpecification\",\"valueRequired\":true,\"valueName\":\"search_term_string\"}}],\"inLanguage\":\"es\"},{\"@type\":\"Organization\",\"@id\":\"https:\\\/\\\/ppdegalicia.com\\\/es\\\/#organization\",\"name\":\"Partido Popular de Galicia\",\"alternateName\":\"PP de Galicia\",\"url\":\"https:\\\/\\\/ppdegalicia.com\\\/es\\\/\",\"logo\":{\"@type\":\"ImageObject\",\"inLanguage\":\"es\",\"@id\":\"https:\\\/\\\/ppdegalicia.com\\\/es\\\/#\\\/schema\\\/logo\\\/image\\\/\",\"url\":\"https:\\\/\\\/ppdegalicia.com\\\/wp-content\\\/uploads\\\/2023\\\/04\\\/logoPP512.png\",\"contentUrl\":\"https:\\\/\\\/ppdegalicia.com\\\/wp-content\\\/uploads\\\/2023\\\/04\\\/logoPP512.png\",\"width\":512,\"height\":512,\"caption\":\"Partido Popular de Galicia\"},\"image\":{\"@id\":\"https:\\\/\\\/ppdegalicia.com\\\/es\\\/#\\\/schema\\\/logo\\\/image\\\/\"},\"sameAs\":[\"https:\\\/\\\/www.instagram.com\\\/ppdegalicia\\\/\",\"https:\\\/\\\/x.com\\\/ppdegalicia\",\"https:\\\/\\\/www.tiktok.com\\\/@ppdegalicia\",\"https:\\\/\\\/www.youtube.com\\\/user\\\/ppdegalicia\"]},{\"@type\":\"Person\",\"@id\":\"https:\\\/\\\/ppdegalicia.com\\\/es\\\/#\\\/schema\\\/person\\\/d0f013b8388c980665d44009ab762960\",\"name\":\"Super User\",\"image\":{\"@type\":\"ImageObject\",\"inLanguage\":\"es\",\"@id\":\"https:\\\/\\\/secure.gravatar.com\\\/avatar\\\/1db852625ef4948f58d2739bfbc51e4b9bd5c93b8fa340b59fdb594ca0845645?s=96&d=mm&r=g\",\"url\":\"https:\\\/\\\/secure.gravatar.com\\\/avatar\\\/1db852625ef4948f58d2739bfbc51e4b9bd5c93b8fa340b59fdb594ca0845645?s=96&d=mm&r=g\",\"contentUrl\":\"https:\\\/\\\/secure.gravatar.com\\\/avatar\\\/1db852625ef4948f58d2739bfbc51e4b9bd5c93b8fa340b59fdb594ca0845645?s=96&d=mm&r=g\",\"caption\":\"Super User\"},\"url\":\"https:\\\/\\\/ppdegalicia.com\\\/es\\\/author\\\/ppdegaliciagestion\\\/\"}]}<\/script>\n<!-- \/ Yoast SEO plugin. -->","yoast_head_json":{"title":"Puy afirma que \"os orzamentos expansivos\" da Xunta para 2018 permitir\u00e1n trasladar o crecemento econ\u00f3mico \u00e1s persoas que a\u00ednda padecen as consecuencias da crise - PP de Galicia","robots":{"index":"index","follow":"follow","max-snippet":"max-snippet:-1","max-image-preview":"max-image-preview:large","max-video-preview":"max-video-preview:-1"},"canonical":"https:\/\/ppdegalicia.com\/es\/puy-afirma-que-os-orzamentos-expansivos-da-xunta-para-2018-permitiran-trasladar-o-crecemento-economico-as-persoas-que-ainda-padecen-as-consecuencias-da-crise\/","og_locale":"es_ES","og_type":"article","og_title":"Puy afirma que \"os orzamentos expansivos\" da Xunta para 2018 permitir\u00e1n trasladar o crecemento econ\u00f3mico \u00e1s persoas que a\u00ednda padecen as consecuencias da crise - PP de Galicia","og_description":"Santiago, 23 de outubro de 2017.- O portavoz do Grupo Popular, Pedro Puy, manifestou hoxe que os \u201corzamentos expansivos\u201d da Xunta de Galicia para 2018 \u201cpermitir\u00e1n trasladar esta etapa de crecemento econ\u00f3mico a un maior n\u00famero de persoas que a\u00ednda padecen as consecuencias da crise\u201d.","og_url":"https:\/\/ppdegalicia.com\/es\/puy-afirma-que-os-orzamentos-expansivos-da-xunta-para-2018-permitiran-trasladar-o-crecemento-economico-as-persoas-que-ainda-padecen-as-consecuencias-da-crise\/","og_site_name":"PP de Galicia","article_publisher":"https:\/\/www.instagram.com\/ppdegalicia\/","article_published_time":"2017-10-23T06:23:10+00:00","author":"Super User","twitter_card":"summary_large_image","twitter_creator":"@ppdegalicia","twitter_site":"@ppdegalicia","twitter_misc":{"Escrito por":"Super User","Tiempo de lectura":"4 minutos"},"schema":{"@context":"https:\/\/schema.org","@graph":[{"@type":"Article","@id":"https:\/\/ppdegalicia.com\/es\/puy-afirma-que-os-orzamentos-expansivos-da-xunta-para-2018-permitiran-trasladar-o-crecemento-economico-as-persoas-que-ainda-padecen-as-consecuencias-da-crise\/#article","isPartOf":{"@id":"https:\/\/ppdegalicia.com\/es\/puy-afirma-que-os-orzamentos-expansivos-da-xunta-para-2018-permitiran-trasladar-o-crecemento-economico-as-persoas-que-ainda-padecen-as-consecuencias-da-crise\/"},"author":{"name":"Super User","@id":"https:\/\/ppdegalicia.com\/es\/#\/schema\/person\/d0f013b8388c980665d44009ab762960"},"headline":"Puy afirma que \u00abos orzamentos expansivos\u00bb da Xunta para 2018 permitir\u00e1n trasladar o crecemento econ\u00f3mico \u00e1s persoas que a\u00ednda padecen as consecuencias da crise","datePublished":"2017-10-23T06:23:10+00:00","mainEntityOfPage":{"@id":"https:\/\/ppdegalicia.com\/es\/puy-afirma-que-os-orzamentos-expansivos-da-xunta-para-2018-permitiran-trasladar-o-crecemento-economico-as-persoas-que-ainda-padecen-as-consecuencias-da-crise\/"},"wordCount":799,"commentCount":0,"publisher":{"@id":"https:\/\/ppdegalicia.com\/es\/#organization"},"articleSection":["PP de Galicia"],"inLanguage":"es","potentialAction":[{"@type":"CommentAction","name":"Comment","target":["https:\/\/ppdegalicia.com\/es\/puy-afirma-que-os-orzamentos-expansivos-da-xunta-para-2018-permitiran-trasladar-o-crecemento-economico-as-persoas-que-ainda-padecen-as-consecuencias-da-crise\/#respond"]}]},{"@type":"WebPage","@id":"https:\/\/ppdegalicia.com\/es\/puy-afirma-que-os-orzamentos-expansivos-da-xunta-para-2018-permitiran-trasladar-o-crecemento-economico-as-persoas-que-ainda-padecen-as-consecuencias-da-crise\/","url":"https:\/\/ppdegalicia.com\/es\/puy-afirma-que-os-orzamentos-expansivos-da-xunta-para-2018-permitiran-trasladar-o-crecemento-economico-as-persoas-que-ainda-padecen-as-consecuencias-da-crise\/","name":"Puy afirma que \"os orzamentos expansivos\" da Xunta para 2018 permitir\u00e1n trasladar o crecemento econ\u00f3mico \u00e1s persoas que a\u00ednda padecen as consecuencias da crise - PP de Galicia","isPartOf":{"@id":"https:\/\/ppdegalicia.com\/es\/#website"},"datePublished":"2017-10-23T06:23:10+00:00","breadcrumb":{"@id":"https:\/\/ppdegalicia.com\/es\/puy-afirma-que-os-orzamentos-expansivos-da-xunta-para-2018-permitiran-trasladar-o-crecemento-economico-as-persoas-que-ainda-padecen-as-consecuencias-da-crise\/#breadcrumb"},"inLanguage":"es","potentialAction":[{"@type":"ReadAction","target":["https:\/\/ppdegalicia.com\/es\/puy-afirma-que-os-orzamentos-expansivos-da-xunta-para-2018-permitiran-trasladar-o-crecemento-economico-as-persoas-que-ainda-padecen-as-consecuencias-da-crise\/"]}]},{"@type":"BreadcrumbList","@id":"https:\/\/ppdegalicia.com\/es\/puy-afirma-que-os-orzamentos-expansivos-da-xunta-para-2018-permitiran-trasladar-o-crecemento-economico-as-persoas-que-ainda-padecen-as-consecuencias-da-crise\/#breadcrumb","itemListElement":[{"@type":"ListItem","position":1,"name":"Portada","item":"https:\/\/ppdegalicia.com\/es\/"},{"@type":"ListItem","position":2,"name":"Puy afirma que &#8220;os orzamentos expansivos&#8221; da Xunta para 2018 permitir\u00e1n trasladar o crecemento econ\u00f3mico \u00e1s persoas que a\u00ednda padecen as consecuencias da crise"}]},{"@type":"WebSite","@id":"https:\/\/ppdegalicia.com\/es\/#website","url":"https:\/\/ppdegalicia.com\/es\/","name":"Partido Popular de Galicia","description":"Partido Popular de Galicia","publisher":{"@id":"https:\/\/ppdegalicia.com\/es\/#organization"},"alternateName":"PP de Galicia","potentialAction":[{"@type":"SearchAction","target":{"@type":"EntryPoint","urlTemplate":"https:\/\/ppdegalicia.com\/es\/?s={search_term_string}"},"query-input":{"@type":"PropertyValueSpecification","valueRequired":true,"valueName":"search_term_string"}}],"inLanguage":"es"},{"@type":"Organization","@id":"https:\/\/ppdegalicia.com\/es\/#organization","name":"Partido Popular de Galicia","alternateName":"PP de Galicia","url":"https:\/\/ppdegalicia.com\/es\/","logo":{"@type":"ImageObject","inLanguage":"es","@id":"https:\/\/ppdegalicia.com\/es\/#\/schema\/logo\/image\/","url":"https:\/\/ppdegalicia.com\/wp-content\/uploads\/2023\/04\/logoPP512.png","contentUrl":"https:\/\/ppdegalicia.com\/wp-content\/uploads\/2023\/04\/logoPP512.png","width":512,"height":512,"caption":"Partido Popular de Galicia"},"image":{"@id":"https:\/\/ppdegalicia.com\/es\/#\/schema\/logo\/image\/"},"sameAs":["https:\/\/www.instagram.com\/ppdegalicia\/","https:\/\/x.com\/ppdegalicia","https:\/\/www.tiktok.com\/@ppdegalicia","https:\/\/www.youtube.com\/user\/ppdegalicia"]},{"@type":"Person","@id":"https:\/\/ppdegalicia.com\/es\/#\/schema\/person\/d0f013b8388c980665d44009ab762960","name":"Super User","image":{"@type":"ImageObject","inLanguage":"es","@id":"https:\/\/secure.gravatar.com\/avatar\/1db852625ef4948f58d2739bfbc51e4b9bd5c93b8fa340b59fdb594ca0845645?s=96&d=mm&r=g","url":"https:\/\/secure.gravatar.com\/avatar\/1db852625ef4948f58d2739bfbc51e4b9bd5c93b8fa340b59fdb594ca0845645?s=96&d=mm&r=g","contentUrl":"https:\/\/secure.gravatar.com\/avatar\/1db852625ef4948f58d2739bfbc51e4b9bd5c93b8fa340b59fdb594ca0845645?s=96&d=mm&r=g","caption":"Super User"},"url":"https:\/\/ppdegalicia.com\/es\/author\/ppdegaliciagestion\/"}]}},"_links":{"self":[{"href":"https:\/\/ppdegalicia.com\/es\/wp-json\/wp\/v2\/posts\/53792","targetHints":{"allow":["GET"]}}],"collection":[{"href":"https:\/\/ppdegalicia.com\/es\/wp-json\/wp\/v2\/posts"}],"about":[{"href":"https:\/\/ppdegalicia.com\/es\/wp-json\/wp\/v2\/types\/post"}],"author":[{"embeddable":true,"href":"https:\/\/ppdegalicia.com\/es\/wp-json\/wp\/v2\/users\/37"}],"replies":[{"embeddable":true,"href":"https:\/\/ppdegalicia.com\/es\/wp-json\/wp\/v2\/comments?post=53792"}],"version-history":[{"count":0,"href":"https:\/\/ppdegalicia.com\/es\/wp-json\/wp\/v2\/posts\/53792\/revisions"}],"wp:attachment":[{"href":"https:\/\/ppdegalicia.com\/es\/wp-json\/wp\/v2\/media?parent=53792"}],"wp:term":[{"taxonomy":"category","embeddable":true,"href":"https:\/\/ppdegalicia.com\/es\/wp-json\/wp\/v2\/categories?post=53792"},{"taxonomy":"post_tag","embeddable":true,"href":"https:\/\/ppdegalicia.com\/es\/wp-json\/wp\/v2\/tags?post=53792"}],"curies":[{"name":"wp","href":"https:\/\/api.w.org\/{rel}","templated":true}]}}