{"id":53804,"date":"2017-11-08T11:48:35","date_gmt":"2017-11-08T09:48:35","guid":{"rendered":"https:\/\/ppdegalicia.com\/o-ppdeg-avoga-porque-a-xunta-colabore-co-concello-de-santiago-na-restauracion-e-posta-en-valor-das-figuras-de-abraham-e-isaac\/"},"modified":"2017-11-08T11:48:35","modified_gmt":"2017-11-08T09:48:35","slug":"o-ppdeg-avoga-porque-a-xunta-colabore-co-concello-de-santiago-na-restauracion-e-posta-en-valor-das-figuras-de-abraham-e-isaac","status":"publish","type":"post","link":"https:\/\/ppdegalicia.com\/es\/o-ppdeg-avoga-porque-a-xunta-colabore-co-concello-de-santiago-na-restauracion-e-posta-en-valor-das-figuras-de-abraham-e-isaac\/","title":{"rendered":"O PPdeG avoga porque a Xunta colabore co Concello de Santiago na restauraci\u00f3n e posta en valor das figuras de Abraham e Isaac"},"content":{"rendered":"<p>Santiago, 7 de novembro de 2017.- A deputada do Grupo Popular Mar\u00eda Ant\u00f3n avogou hoxe porque a Xunta de Galicia colabore co Concello de Santiago, unha vez se resolva o litixio que ten interposto sobre a propiedade das estatuas de Abraham e Isaac na s\u00faa condici\u00f3n de lex\u00edtimo propietario, nas posibles tarefas de restauraci\u00f3n e posta en valor destes bens.<\/p>\n<p><!--more--><\/p>\n<p>&nbsp;<\/p>\n<p>Mar\u00eda Ant\u00f3n subli\u00f1ou que o PPdeG \u201cnon imos participar na carreira desatada por En Marea e o BNG para amosar quen \u00e9 m\u00e1is antifranquista, porque xa temos demostrado que os nosos principios e os nosos idearios nin coinciden nin aceptan actitudes e manifestaci\u00f3ns franquistas como as realizadas pola Fundaci\u00f3n Franco\u201d.<\/p>\n<p>&nbsp;<\/p>\n<p><strong>DEMANDA MUNICIPAL<\/strong><\/p>\n<p>&nbsp;<\/p>\n<p>\u201cPor iso, ao Goberno galego do Partido Popular non lle tremeu a man cando tivo que iniciar expedientes \u00e1 familia Franco con respecto \u00e1s visitas ao Pazo de Meir\u00e1s, do mesmo xeito que apoiamos a iniciativa do BNG no Concello de Santiago, debatida en Pleno o pasado 21 de setembro, para a recuperaci\u00f3n das figuras de Abraham e Isaac \u201c, indicou.<\/p>\n<p>&nbsp;<\/p>\n<p>A ra\u00edz deste acordo municipal, o Concello de Santiago v\u00e9n de aprobar o pasado 27 de outubro a interposici\u00f3n dunha demanda contra Carmen Franco y Polo para recuperar estas d\u00faas figuras escult\u00f3ricas e que sexan expostas permanentemente no Museo da Catedral de Santiago.<\/p>\n<p>&nbsp;<\/p>\n<p>\u201cAs acci\u00f3ns xudiciais s\u00f3 lle corresponden ao Concello de Santiago, en tanto que dono das devanditas figuras, e nese proceso xudicial a Xunta non pode influ\u00edr\u201d, apuntou.<\/p>\n<p>&nbsp;<\/p>\n<p><strong>DECLARACI\u00d3N COMO BIC<\/strong><\/p>\n<p>&nbsp;<\/p>\n<p>As\u00ed mesmo, Mar\u00eda Ant\u00f3n afirmou que \u201co Concello de Santiago non se dirixiu \u00e1 Xunta de Galicia para pedir a declaraci\u00f3n das esculturas como BIC, tal e como se acordara no citado pleno do 21 de setembro\u201d.<\/p>\n<p>&nbsp;<\/p>\n<p>Por\u00e9n, a Conseller\u00eda de Cultura xa anunciou o pasado 28 de outubro que iniciar\u00e1 de oficio un expediente de incoaci\u00f3n de Ben de Interese Cultural das pezas escult\u00f3ricas co\u00f1ecidas que se conservan da desaparecida fachada exterior do P\u00f3rtico da Gloria, unha declaraci\u00f3n que non se far\u00e1 como colecci\u00f3n, sen\u00f3n que ser\u00e1 de maneira individual.<\/p>\n","protected":false},"excerpt":{"rendered":"<p>Santiago, 7 de novembro de 2017.- A deputada do Grupo Popular Mar\u00eda Ant\u00f3n avogou hoxe porque a Xunta de Galicia colabore co Concello de Santiago, unha vez se resolva o litixio que ten interposto sobre a propiedade das estatuas de Abraham e Isaac na s\u00faa condici\u00f3n de lex\u00edtimo propietario, nas posibles tarefas de restauraci\u00f3n e [&hellip;]<\/p>\n","protected":false},"author":37,"featured_media":0,"comment_status":"open","ping_status":"open","sticky":false,"template":"","format":"standard","meta":{"_acf_changed":false,"footnotes":""},"categories":[1],"tags":[],"class_list":["post-53804","post","type-post","status-publish","format-standard","hentry","category-pp-de-galicia"],"acf":[],"yoast_head":"<!-- This site is optimized with the Yoast SEO plugin v27.3 - https:\/\/yoast.com\/product\/yoast-seo-wordpress\/ -->\n<title>O PPdeG avoga porque a Xunta colabore co Concello de Santiago na restauraci\u00f3n e posta en valor das figuras de Abraham e Isaac - PP de Galicia<\/title>\n<meta name=\"robots\" content=\"index, follow, max-snippet:-1, max-image-preview:large, max-video-preview:-1\" \/>\n<link rel=\"canonical\" href=\"https:\/\/ppdegalicia.com\/es\/o-ppdeg-avoga-porque-a-xunta-colabore-co-concello-de-santiago-na-restauracion-e-posta-en-valor-das-figuras-de-abraham-e-isaac\/\" \/>\n<meta property=\"og:locale\" content=\"es_ES\" \/>\n<meta property=\"og:type\" content=\"article\" \/>\n<meta property=\"og:title\" content=\"O PPdeG avoga porque a Xunta colabore co Concello de Santiago na restauraci\u00f3n e posta en valor das figuras de Abraham e Isaac - PP de Galicia\" \/>\n<meta property=\"og:description\" content=\"Santiago, 7 de novembro de 2017.- A deputada do Grupo Popular Mar\u00eda Ant\u00f3n avogou hoxe porque a Xunta de Galicia colabore co Concello de Santiago, unha vez se resolva o litixio que ten interposto sobre a propiedade das estatuas de Abraham e Isaac na s\u00faa condici\u00f3n de lex\u00edtimo propietario, nas posibles tarefas de restauraci\u00f3n e [&hellip;]\" \/>\n<meta property=\"og:url\" content=\"https:\/\/ppdegalicia.com\/es\/o-ppdeg-avoga-porque-a-xunta-colabore-co-concello-de-santiago-na-restauracion-e-posta-en-valor-das-figuras-de-abraham-e-isaac\/\" \/>\n<meta property=\"og:site_name\" content=\"PP de Galicia\" \/>\n<meta property=\"article:publisher\" content=\"https:\/\/www.instagram.com\/ppdegalicia\/\" \/>\n<meta property=\"article:published_time\" content=\"2017-11-08T09:48:35+00:00\" \/>\n<meta name=\"author\" content=\"Super User\" \/>\n<meta name=\"twitter:card\" content=\"summary_large_image\" \/>\n<meta name=\"twitter:creator\" content=\"@ppdegalicia\" \/>\n<meta name=\"twitter:site\" content=\"@ppdegalicia\" \/>\n<meta name=\"twitter:label1\" content=\"Escrito por\" \/>\n\t<meta name=\"twitter:data1\" content=\"Super User\" \/>\n\t<meta name=\"twitter:label2\" content=\"Tiempo de lectura\" \/>\n\t<meta name=\"twitter:data2\" content=\"2 minutos\" \/>\n<script type=\"application\/ld+json\" class=\"yoast-schema-graph\">{\"@context\":\"https:\\\/\\\/schema.org\",\"@graph\":[{\"@type\":\"Article\",\"@id\":\"https:\\\/\\\/ppdegalicia.com\\\/es\\\/o-ppdeg-avoga-porque-a-xunta-colabore-co-concello-de-santiago-na-restauracion-e-posta-en-valor-das-figuras-de-abraham-e-isaac\\\/#article\",\"isPartOf\":{\"@id\":\"https:\\\/\\\/ppdegalicia.com\\\/es\\\/o-ppdeg-avoga-porque-a-xunta-colabore-co-concello-de-santiago-na-restauracion-e-posta-en-valor-das-figuras-de-abraham-e-isaac\\\/\"},\"author\":{\"name\":\"Super User\",\"@id\":\"https:\\\/\\\/ppdegalicia.com\\\/es\\\/#\\\/schema\\\/person\\\/d0f013b8388c980665d44009ab762960\"},\"headline\":\"O PPdeG avoga porque a Xunta colabore co Concello de Santiago na restauraci\u00f3n e posta en valor das figuras de Abraham e Isaac\",\"datePublished\":\"2017-11-08T09:48:35+00:00\",\"mainEntityOfPage\":{\"@id\":\"https:\\\/\\\/ppdegalicia.com\\\/es\\\/o-ppdeg-avoga-porque-a-xunta-colabore-co-concello-de-santiago-na-restauracion-e-posta-en-valor-das-figuras-de-abraham-e-isaac\\\/\"},\"wordCount\":394,\"commentCount\":0,\"publisher\":{\"@id\":\"https:\\\/\\\/ppdegalicia.com\\\/es\\\/#organization\"},\"articleSection\":[\"PP de Galicia\"],\"inLanguage\":\"es\",\"potentialAction\":[{\"@type\":\"CommentAction\",\"name\":\"Comment\",\"target\":[\"https:\\\/\\\/ppdegalicia.com\\\/es\\\/o-ppdeg-avoga-porque-a-xunta-colabore-co-concello-de-santiago-na-restauracion-e-posta-en-valor-das-figuras-de-abraham-e-isaac\\\/#respond\"]}]},{\"@type\":\"WebPage\",\"@id\":\"https:\\\/\\\/ppdegalicia.com\\\/es\\\/o-ppdeg-avoga-porque-a-xunta-colabore-co-concello-de-santiago-na-restauracion-e-posta-en-valor-das-figuras-de-abraham-e-isaac\\\/\",\"url\":\"https:\\\/\\\/ppdegalicia.com\\\/es\\\/o-ppdeg-avoga-porque-a-xunta-colabore-co-concello-de-santiago-na-restauracion-e-posta-en-valor-das-figuras-de-abraham-e-isaac\\\/\",\"name\":\"O PPdeG avoga porque a Xunta colabore co Concello de Santiago na restauraci\u00f3n e posta en valor das figuras de Abraham e Isaac - PP de Galicia\",\"isPartOf\":{\"@id\":\"https:\\\/\\\/ppdegalicia.com\\\/es\\\/#website\"},\"datePublished\":\"2017-11-08T09:48:35+00:00\",\"breadcrumb\":{\"@id\":\"https:\\\/\\\/ppdegalicia.com\\\/es\\\/o-ppdeg-avoga-porque-a-xunta-colabore-co-concello-de-santiago-na-restauracion-e-posta-en-valor-das-figuras-de-abraham-e-isaac\\\/#breadcrumb\"},\"inLanguage\":\"es\",\"potentialAction\":[{\"@type\":\"ReadAction\",\"target\":[\"https:\\\/\\\/ppdegalicia.com\\\/es\\\/o-ppdeg-avoga-porque-a-xunta-colabore-co-concello-de-santiago-na-restauracion-e-posta-en-valor-das-figuras-de-abraham-e-isaac\\\/\"]}]},{\"@type\":\"BreadcrumbList\",\"@id\":\"https:\\\/\\\/ppdegalicia.com\\\/es\\\/o-ppdeg-avoga-porque-a-xunta-colabore-co-concello-de-santiago-na-restauracion-e-posta-en-valor-das-figuras-de-abraham-e-isaac\\\/#breadcrumb\",\"itemListElement\":[{\"@type\":\"ListItem\",\"position\":1,\"name\":\"Portada\",\"item\":\"https:\\\/\\\/ppdegalicia.com\\\/es\\\/\"},{\"@type\":\"ListItem\",\"position\":2,\"name\":\"O PPdeG avoga porque a Xunta colabore co Concello de Santiago na restauraci\u00f3n e posta en valor das figuras de Abraham e Isaac\"}]},{\"@type\":\"WebSite\",\"@id\":\"https:\\\/\\\/ppdegalicia.com\\\/es\\\/#website\",\"url\":\"https:\\\/\\\/ppdegalicia.com\\\/es\\\/\",\"name\":\"Partido Popular de Galicia\",\"description\":\"Partido Popular de Galicia\",\"publisher\":{\"@id\":\"https:\\\/\\\/ppdegalicia.com\\\/es\\\/#organization\"},\"alternateName\":\"PP de Galicia\",\"potentialAction\":[{\"@type\":\"SearchAction\",\"target\":{\"@type\":\"EntryPoint\",\"urlTemplate\":\"https:\\\/\\\/ppdegalicia.com\\\/es\\\/?s={search_term_string}\"},\"query-input\":{\"@type\":\"PropertyValueSpecification\",\"valueRequired\":true,\"valueName\":\"search_term_string\"}}],\"inLanguage\":\"es\"},{\"@type\":\"Organization\",\"@id\":\"https:\\\/\\\/ppdegalicia.com\\\/es\\\/#organization\",\"name\":\"Partido Popular de Galicia\",\"alternateName\":\"PP de Galicia\",\"url\":\"https:\\\/\\\/ppdegalicia.com\\\/es\\\/\",\"logo\":{\"@type\":\"ImageObject\",\"inLanguage\":\"es\",\"@id\":\"https:\\\/\\\/ppdegalicia.com\\\/es\\\/#\\\/schema\\\/logo\\\/image\\\/\",\"url\":\"https:\\\/\\\/ppdegalicia.com\\\/wp-content\\\/uploads\\\/2023\\\/04\\\/logoPP512.png\",\"contentUrl\":\"https:\\\/\\\/ppdegalicia.com\\\/wp-content\\\/uploads\\\/2023\\\/04\\\/logoPP512.png\",\"width\":512,\"height\":512,\"caption\":\"Partido Popular de Galicia\"},\"image\":{\"@id\":\"https:\\\/\\\/ppdegalicia.com\\\/es\\\/#\\\/schema\\\/logo\\\/image\\\/\"},\"sameAs\":[\"https:\\\/\\\/www.instagram.com\\\/ppdegalicia\\\/\",\"https:\\\/\\\/x.com\\\/ppdegalicia\",\"https:\\\/\\\/www.tiktok.com\\\/@ppdegalicia\",\"https:\\\/\\\/www.youtube.com\\\/user\\\/ppdegalicia\"]},{\"@type\":\"Person\",\"@id\":\"https:\\\/\\\/ppdegalicia.com\\\/es\\\/#\\\/schema\\\/person\\\/d0f013b8388c980665d44009ab762960\",\"name\":\"Super User\",\"image\":{\"@type\":\"ImageObject\",\"inLanguage\":\"es\",\"@id\":\"https:\\\/\\\/secure.gravatar.com\\\/avatar\\\/1db852625ef4948f58d2739bfbc51e4b9bd5c93b8fa340b59fdb594ca0845645?s=96&d=mm&r=g\",\"url\":\"https:\\\/\\\/secure.gravatar.com\\\/avatar\\\/1db852625ef4948f58d2739bfbc51e4b9bd5c93b8fa340b59fdb594ca0845645?s=96&d=mm&r=g\",\"contentUrl\":\"https:\\\/\\\/secure.gravatar.com\\\/avatar\\\/1db852625ef4948f58d2739bfbc51e4b9bd5c93b8fa340b59fdb594ca0845645?s=96&d=mm&r=g\",\"caption\":\"Super User\"},\"url\":\"https:\\\/\\\/ppdegalicia.com\\\/es\\\/author\\\/ppdegaliciagestion\\\/\"}]}<\/script>\n<!-- \/ Yoast SEO plugin. -->","yoast_head_json":{"title":"O PPdeG avoga porque a Xunta colabore co Concello de Santiago na restauraci\u00f3n e posta en valor das figuras de Abraham e Isaac - PP de Galicia","robots":{"index":"index","follow":"follow","max-snippet":"max-snippet:-1","max-image-preview":"max-image-preview:large","max-video-preview":"max-video-preview:-1"},"canonical":"https:\/\/ppdegalicia.com\/es\/o-ppdeg-avoga-porque-a-xunta-colabore-co-concello-de-santiago-na-restauracion-e-posta-en-valor-das-figuras-de-abraham-e-isaac\/","og_locale":"es_ES","og_type":"article","og_title":"O PPdeG avoga porque a Xunta colabore co Concello de Santiago na restauraci\u00f3n e posta en valor das figuras de Abraham e Isaac - PP de Galicia","og_description":"Santiago, 7 de novembro de 2017.- A deputada do Grupo Popular Mar\u00eda Ant\u00f3n avogou hoxe porque a Xunta de Galicia colabore co Concello de Santiago, unha vez se resolva o litixio que ten interposto sobre a propiedade das estatuas de Abraham e Isaac na s\u00faa condici\u00f3n de lex\u00edtimo propietario, nas posibles tarefas de restauraci\u00f3n e [&hellip;]","og_url":"https:\/\/ppdegalicia.com\/es\/o-ppdeg-avoga-porque-a-xunta-colabore-co-concello-de-santiago-na-restauracion-e-posta-en-valor-das-figuras-de-abraham-e-isaac\/","og_site_name":"PP de Galicia","article_publisher":"https:\/\/www.instagram.com\/ppdegalicia\/","article_published_time":"2017-11-08T09:48:35+00:00","author":"Super User","twitter_card":"summary_large_image","twitter_creator":"@ppdegalicia","twitter_site":"@ppdegalicia","twitter_misc":{"Escrito por":"Super User","Tiempo de lectura":"2 minutos"},"schema":{"@context":"https:\/\/schema.org","@graph":[{"@type":"Article","@id":"https:\/\/ppdegalicia.com\/es\/o-ppdeg-avoga-porque-a-xunta-colabore-co-concello-de-santiago-na-restauracion-e-posta-en-valor-das-figuras-de-abraham-e-isaac\/#article","isPartOf":{"@id":"https:\/\/ppdegalicia.com\/es\/o-ppdeg-avoga-porque-a-xunta-colabore-co-concello-de-santiago-na-restauracion-e-posta-en-valor-das-figuras-de-abraham-e-isaac\/"},"author":{"name":"Super User","@id":"https:\/\/ppdegalicia.com\/es\/#\/schema\/person\/d0f013b8388c980665d44009ab762960"},"headline":"O PPdeG avoga porque a Xunta colabore co Concello de Santiago na restauraci\u00f3n e posta en valor das figuras de Abraham e Isaac","datePublished":"2017-11-08T09:48:35+00:00","mainEntityOfPage":{"@id":"https:\/\/ppdegalicia.com\/es\/o-ppdeg-avoga-porque-a-xunta-colabore-co-concello-de-santiago-na-restauracion-e-posta-en-valor-das-figuras-de-abraham-e-isaac\/"},"wordCount":394,"commentCount":0,"publisher":{"@id":"https:\/\/ppdegalicia.com\/es\/#organization"},"articleSection":["PP de Galicia"],"inLanguage":"es","potentialAction":[{"@type":"CommentAction","name":"Comment","target":["https:\/\/ppdegalicia.com\/es\/o-ppdeg-avoga-porque-a-xunta-colabore-co-concello-de-santiago-na-restauracion-e-posta-en-valor-das-figuras-de-abraham-e-isaac\/#respond"]}]},{"@type":"WebPage","@id":"https:\/\/ppdegalicia.com\/es\/o-ppdeg-avoga-porque-a-xunta-colabore-co-concello-de-santiago-na-restauracion-e-posta-en-valor-das-figuras-de-abraham-e-isaac\/","url":"https:\/\/ppdegalicia.com\/es\/o-ppdeg-avoga-porque-a-xunta-colabore-co-concello-de-santiago-na-restauracion-e-posta-en-valor-das-figuras-de-abraham-e-isaac\/","name":"O PPdeG avoga porque a Xunta colabore co Concello de Santiago na restauraci\u00f3n e posta en valor das figuras de Abraham e Isaac - PP de Galicia","isPartOf":{"@id":"https:\/\/ppdegalicia.com\/es\/#website"},"datePublished":"2017-11-08T09:48:35+00:00","breadcrumb":{"@id":"https:\/\/ppdegalicia.com\/es\/o-ppdeg-avoga-porque-a-xunta-colabore-co-concello-de-santiago-na-restauracion-e-posta-en-valor-das-figuras-de-abraham-e-isaac\/#breadcrumb"},"inLanguage":"es","potentialAction":[{"@type":"ReadAction","target":["https:\/\/ppdegalicia.com\/es\/o-ppdeg-avoga-porque-a-xunta-colabore-co-concello-de-santiago-na-restauracion-e-posta-en-valor-das-figuras-de-abraham-e-isaac\/"]}]},{"@type":"BreadcrumbList","@id":"https:\/\/ppdegalicia.com\/es\/o-ppdeg-avoga-porque-a-xunta-colabore-co-concello-de-santiago-na-restauracion-e-posta-en-valor-das-figuras-de-abraham-e-isaac\/#breadcrumb","itemListElement":[{"@type":"ListItem","position":1,"name":"Portada","item":"https:\/\/ppdegalicia.com\/es\/"},{"@type":"ListItem","position":2,"name":"O PPdeG avoga porque a Xunta colabore co Concello de Santiago na restauraci\u00f3n e posta en valor das figuras de Abraham e Isaac"}]},{"@type":"WebSite","@id":"https:\/\/ppdegalicia.com\/es\/#website","url":"https:\/\/ppdegalicia.com\/es\/","name":"Partido Popular de Galicia","description":"Partido Popular de Galicia","publisher":{"@id":"https:\/\/ppdegalicia.com\/es\/#organization"},"alternateName":"PP de Galicia","potentialAction":[{"@type":"SearchAction","target":{"@type":"EntryPoint","urlTemplate":"https:\/\/ppdegalicia.com\/es\/?s={search_term_string}"},"query-input":{"@type":"PropertyValueSpecification","valueRequired":true,"valueName":"search_term_string"}}],"inLanguage":"es"},{"@type":"Organization","@id":"https:\/\/ppdegalicia.com\/es\/#organization","name":"Partido Popular de Galicia","alternateName":"PP de Galicia","url":"https:\/\/ppdegalicia.com\/es\/","logo":{"@type":"ImageObject","inLanguage":"es","@id":"https:\/\/ppdegalicia.com\/es\/#\/schema\/logo\/image\/","url":"https:\/\/ppdegalicia.com\/wp-content\/uploads\/2023\/04\/logoPP512.png","contentUrl":"https:\/\/ppdegalicia.com\/wp-content\/uploads\/2023\/04\/logoPP512.png","width":512,"height":512,"caption":"Partido Popular de Galicia"},"image":{"@id":"https:\/\/ppdegalicia.com\/es\/#\/schema\/logo\/image\/"},"sameAs":["https:\/\/www.instagram.com\/ppdegalicia\/","https:\/\/x.com\/ppdegalicia","https:\/\/www.tiktok.com\/@ppdegalicia","https:\/\/www.youtube.com\/user\/ppdegalicia"]},{"@type":"Person","@id":"https:\/\/ppdegalicia.com\/es\/#\/schema\/person\/d0f013b8388c980665d44009ab762960","name":"Super User","image":{"@type":"ImageObject","inLanguage":"es","@id":"https:\/\/secure.gravatar.com\/avatar\/1db852625ef4948f58d2739bfbc51e4b9bd5c93b8fa340b59fdb594ca0845645?s=96&d=mm&r=g","url":"https:\/\/secure.gravatar.com\/avatar\/1db852625ef4948f58d2739bfbc51e4b9bd5c93b8fa340b59fdb594ca0845645?s=96&d=mm&r=g","contentUrl":"https:\/\/secure.gravatar.com\/avatar\/1db852625ef4948f58d2739bfbc51e4b9bd5c93b8fa340b59fdb594ca0845645?s=96&d=mm&r=g","caption":"Super User"},"url":"https:\/\/ppdegalicia.com\/es\/author\/ppdegaliciagestion\/"}]}},"_links":{"self":[{"href":"https:\/\/ppdegalicia.com\/es\/wp-json\/wp\/v2\/posts\/53804","targetHints":{"allow":["GET"]}}],"collection":[{"href":"https:\/\/ppdegalicia.com\/es\/wp-json\/wp\/v2\/posts"}],"about":[{"href":"https:\/\/ppdegalicia.com\/es\/wp-json\/wp\/v2\/types\/post"}],"author":[{"embeddable":true,"href":"https:\/\/ppdegalicia.com\/es\/wp-json\/wp\/v2\/users\/37"}],"replies":[{"embeddable":true,"href":"https:\/\/ppdegalicia.com\/es\/wp-json\/wp\/v2\/comments?post=53804"}],"version-history":[{"count":0,"href":"https:\/\/ppdegalicia.com\/es\/wp-json\/wp\/v2\/posts\/53804\/revisions"}],"wp:attachment":[{"href":"https:\/\/ppdegalicia.com\/es\/wp-json\/wp\/v2\/media?parent=53804"}],"wp:term":[{"taxonomy":"category","embeddable":true,"href":"https:\/\/ppdegalicia.com\/es\/wp-json\/wp\/v2\/categories?post=53804"},{"taxonomy":"post_tag","embeddable":true,"href":"https:\/\/ppdegalicia.com\/es\/wp-json\/wp\/v2\/tags?post=53804"}],"curies":[{"name":"wp","href":"https:\/\/api.w.org\/{rel}","templated":true}]}}