{"id":53807,"date":"2017-11-08T17:40:28","date_gmt":"2017-11-08T15:40:28","guid":{"rendered":"https:\/\/ppdegalicia.com\/o-parlamento-galego-insta-a-xunta-a-remitir-a-camara-no-primeiro-semestre-de-2018-un-proxecto-de-lei-para-a-recuperacion-de-nucleos-con-valor-historico-e-patrimonial\/"},"modified":"2017-11-08T17:40:28","modified_gmt":"2017-11-08T15:40:28","slug":"o-parlamento-galego-insta-a-xunta-a-remitir-a-camara-no-primeiro-semestre-de-2018-un-proxecto-de-lei-para-a-recuperacion-de-nucleos-con-valor-historico-e-patrimonial","status":"publish","type":"post","link":"https:\/\/ppdegalicia.com\/es\/o-parlamento-galego-insta-a-xunta-a-remitir-a-camara-no-primeiro-semestre-de-2018-un-proxecto-de-lei-para-a-recuperacion-de-nucleos-con-valor-historico-e-patrimonial\/","title":{"rendered":"O Parlamento galego insta \u00e1 Xunta a remitir \u00e1 C\u00e1mara no primeiro semestre de 2018 un proxecto de lei para a recuperaci\u00f3n de n\u00facleos con valor hist\u00f3rico e patrimonial"},"content":{"rendered":"<p>Santiago, 8 de novembro de 2017.- O Parlamento de Galicia aprobou hoxe a proposici\u00f3n non de lei do Grupo Popular, co voto favorable do PSdeG e BNG, a trav\u00e9s da que se insta \u00e1 Xunta a aprobar, para a s\u00faa remisi\u00f3n \u00e1 C\u00e1mara no primeiro semestre de 2018, un proxecto de lei en materia de rehabilitaci\u00f3n dirixido \u00e1 simplificaci\u00f3n lexislativa, administrativa e de xesti\u00f3n, e que preste especial atenci\u00f3n \u00e1 recuperaci\u00f3n dos n\u00facleos rurais e urbanos con valor hist\u00f3rico ou patrimonial.<\/p>\n<p><!--more--><\/p>\n<p>&nbsp;<\/p>\n<p>As\u00ed mesmo, e logo dunha transacci\u00f3n co Grupo Socialista e do BNG, incorporouse a necesidade de que na tramitaci\u00f3n desta lei se conte coa colaboraci\u00f3n, consulta e participaci\u00f3n da Federaci\u00f3n Galega de Municipios e Provincias (Fegamp), as\u00ed como dos colexios profesionais e outras instituci\u00f3ns e sectores relacionados con este \u00e1mbito.<\/p>\n<p>&nbsp;<\/p>\n<p><strong>CONTIDOS M\u00cdNIMOS<\/strong><\/p>\n<p>&nbsp;<\/p>\n<p>O acordo incorpora tam\u00e9n unha serie de contidos m\u00ednimos que deber\u00e1n figurar no novo texto lexislativo, como a obrigatoriedade da implantaci\u00f3n en todos os concellos dos informes de avaliaci\u00f3n de edificios; facilitar a mellora da accesibilidade en edificaci\u00f3ns plurifamiliares; fomentar a simplificaci\u00f3n na tramitaci\u00f3n; po\u00f1er en marcha medidas de intervenci\u00f3n da Administraci\u00f3n ante o abandono e inadecuado mantemento das edificaci\u00f3ns inclu\u00eddas en \u00e1mbitos de protecci\u00f3n; ou impulsar a creaci\u00f3n de cat\u00e1logos de protecci\u00f3n nos concellos.<\/p>\n<p>&nbsp;<\/p>\n<p>O portavoz de Vivenda, Jaime Casti\u00f1eira, afirmou que o obxectivo deste novo texto lexislativo \u00e9 \u201crecuperar estes espazos cun valor hist\u00f3rico e patrimonial para que funcionen como centros de actividade econ\u00f3mica, social e cultural\u201d.<\/p>\n<p>&nbsp;<\/p>\n<p><strong>CULTURA DE REHABILITACI\u00d3N<\/strong><\/p>\n<p>&nbsp;<\/p>\n<p>Neste sentido, manifestou que a nova lei \u201cdebe incidir no fomento da cultura da rehabilitaci\u00f3n, \u00e9 dicir, que o propietario dunha edificaci\u00f3n e todos os cidad\u00e1ns sintan a necesidade e valoren a rendibilidade de recuperar o xa constru\u00eddo\u201d.<\/p>\n<p>&nbsp;<\/p>\n<p>Jaime Casti\u00f1eira considerou \u201cnecesario buscar o equilibrio entre o nivel de protecci\u00f3n e a habitabilidade para poder levar a cabo a rehabilitaci\u00f3n de edificios\u201d, polo que considerou \u201cimprescindible reducir as barreiras que dificultan as actuaci\u00f3ns, tanto a nivel lexislativo, como administrativo, de xesti\u00f3n, sociais, demogr\u00e1ficas ou financeiras\u201d.<\/p>\n","protected":false},"excerpt":{"rendered":"<p>Santiago, 8 de novembro de 2017.- O Parlamento de Galicia aprobou hoxe a proposici\u00f3n non de lei do Grupo Popular, co voto favorable do PSdeG e BNG, a trav\u00e9s da que se insta \u00e1 Xunta a aprobar, para a s\u00faa remisi\u00f3n \u00e1 C\u00e1mara no primeiro semestre de 2018, un proxecto de lei en materia de [&hellip;]<\/p>\n","protected":false},"author":37,"featured_media":0,"comment_status":"open","ping_status":"open","sticky":false,"template":"","format":"standard","meta":{"_acf_changed":false,"footnotes":""},"categories":[1],"tags":[],"class_list":["post-53807","post","type-post","status-publish","format-standard","hentry","category-pp-de-galicia"],"acf":[],"yoast_head":"<!-- This site is optimized with the Yoast SEO plugin v27.3 - https:\/\/yoast.com\/product\/yoast-seo-wordpress\/ -->\n<title>O Parlamento galego insta \u00e1 Xunta a remitir \u00e1 C\u00e1mara no primeiro semestre de 2018 un proxecto de lei para a recuperaci\u00f3n de n\u00facleos con valor hist\u00f3rico e patrimonial - PP de Galicia<\/title>\n<meta name=\"robots\" content=\"index, follow, max-snippet:-1, max-image-preview:large, max-video-preview:-1\" \/>\n<link rel=\"canonical\" href=\"https:\/\/ppdegalicia.com\/es\/o-parlamento-galego-insta-a-xunta-a-remitir-a-camara-no-primeiro-semestre-de-2018-un-proxecto-de-lei-para-a-recuperacion-de-nucleos-con-valor-historico-e-patrimonial\/\" \/>\n<meta property=\"og:locale\" content=\"es_ES\" \/>\n<meta property=\"og:type\" content=\"article\" \/>\n<meta property=\"og:title\" content=\"O Parlamento galego insta \u00e1 Xunta a remitir \u00e1 C\u00e1mara no primeiro semestre de 2018 un proxecto de lei para a recuperaci\u00f3n de n\u00facleos con valor hist\u00f3rico e patrimonial - PP de Galicia\" \/>\n<meta property=\"og:description\" content=\"Santiago, 8 de novembro de 2017.- O Parlamento de Galicia aprobou hoxe a proposici\u00f3n non de lei do Grupo Popular, co voto favorable do PSdeG e BNG, a trav\u00e9s da que se insta \u00e1 Xunta a aprobar, para a s\u00faa remisi\u00f3n \u00e1 C\u00e1mara no primeiro semestre de 2018, un proxecto de lei en materia de [&hellip;]\" \/>\n<meta property=\"og:url\" content=\"https:\/\/ppdegalicia.com\/es\/o-parlamento-galego-insta-a-xunta-a-remitir-a-camara-no-primeiro-semestre-de-2018-un-proxecto-de-lei-para-a-recuperacion-de-nucleos-con-valor-historico-e-patrimonial\/\" \/>\n<meta property=\"og:site_name\" content=\"PP de Galicia\" \/>\n<meta property=\"article:publisher\" content=\"https:\/\/www.instagram.com\/ppdegalicia\/\" \/>\n<meta property=\"article:published_time\" content=\"2017-11-08T15:40:28+00:00\" \/>\n<meta name=\"author\" content=\"Super User\" \/>\n<meta name=\"twitter:card\" content=\"summary_large_image\" \/>\n<meta name=\"twitter:creator\" content=\"@ppdegalicia\" \/>\n<meta name=\"twitter:site\" content=\"@ppdegalicia\" \/>\n<meta name=\"twitter:label1\" content=\"Escrito por\" \/>\n\t<meta name=\"twitter:data1\" content=\"Super User\" \/>\n\t<meta name=\"twitter:label2\" content=\"Tiempo de lectura\" \/>\n\t<meta name=\"twitter:data2\" content=\"2 minutos\" \/>\n<script type=\"application\/ld+json\" class=\"yoast-schema-graph\">{\"@context\":\"https:\\\/\\\/schema.org\",\"@graph\":[{\"@type\":\"Article\",\"@id\":\"https:\\\/\\\/ppdegalicia.com\\\/es\\\/o-parlamento-galego-insta-a-xunta-a-remitir-a-camara-no-primeiro-semestre-de-2018-un-proxecto-de-lei-para-a-recuperacion-de-nucleos-con-valor-historico-e-patrimonial\\\/#article\",\"isPartOf\":{\"@id\":\"https:\\\/\\\/ppdegalicia.com\\\/es\\\/o-parlamento-galego-insta-a-xunta-a-remitir-a-camara-no-primeiro-semestre-de-2018-un-proxecto-de-lei-para-a-recuperacion-de-nucleos-con-valor-historico-e-patrimonial\\\/\"},\"author\":{\"name\":\"Super User\",\"@id\":\"https:\\\/\\\/ppdegalicia.com\\\/es\\\/#\\\/schema\\\/person\\\/d0f013b8388c980665d44009ab762960\"},\"headline\":\"O Parlamento galego insta \u00e1 Xunta a remitir \u00e1 C\u00e1mara no primeiro semestre de 2018 un proxecto de lei para a recuperaci\u00f3n de n\u00facleos con valor hist\u00f3rico e patrimonial\",\"datePublished\":\"2017-11-08T15:40:28+00:00\",\"mainEntityOfPage\":{\"@id\":\"https:\\\/\\\/ppdegalicia.com\\\/es\\\/o-parlamento-galego-insta-a-xunta-a-remitir-a-camara-no-primeiro-semestre-de-2018-un-proxecto-de-lei-para-a-recuperacion-de-nucleos-con-valor-historico-e-patrimonial\\\/\"},\"wordCount\":409,\"commentCount\":0,\"publisher\":{\"@id\":\"https:\\\/\\\/ppdegalicia.com\\\/es\\\/#organization\"},\"articleSection\":[\"PP de Galicia\"],\"inLanguage\":\"es\",\"potentialAction\":[{\"@type\":\"CommentAction\",\"name\":\"Comment\",\"target\":[\"https:\\\/\\\/ppdegalicia.com\\\/es\\\/o-parlamento-galego-insta-a-xunta-a-remitir-a-camara-no-primeiro-semestre-de-2018-un-proxecto-de-lei-para-a-recuperacion-de-nucleos-con-valor-historico-e-patrimonial\\\/#respond\"]}]},{\"@type\":\"WebPage\",\"@id\":\"https:\\\/\\\/ppdegalicia.com\\\/es\\\/o-parlamento-galego-insta-a-xunta-a-remitir-a-camara-no-primeiro-semestre-de-2018-un-proxecto-de-lei-para-a-recuperacion-de-nucleos-con-valor-historico-e-patrimonial\\\/\",\"url\":\"https:\\\/\\\/ppdegalicia.com\\\/es\\\/o-parlamento-galego-insta-a-xunta-a-remitir-a-camara-no-primeiro-semestre-de-2018-un-proxecto-de-lei-para-a-recuperacion-de-nucleos-con-valor-historico-e-patrimonial\\\/\",\"name\":\"O Parlamento galego insta \u00e1 Xunta a remitir \u00e1 C\u00e1mara no primeiro semestre de 2018 un proxecto de lei para a recuperaci\u00f3n de n\u00facleos con valor hist\u00f3rico e patrimonial - PP de Galicia\",\"isPartOf\":{\"@id\":\"https:\\\/\\\/ppdegalicia.com\\\/es\\\/#website\"},\"datePublished\":\"2017-11-08T15:40:28+00:00\",\"breadcrumb\":{\"@id\":\"https:\\\/\\\/ppdegalicia.com\\\/es\\\/o-parlamento-galego-insta-a-xunta-a-remitir-a-camara-no-primeiro-semestre-de-2018-un-proxecto-de-lei-para-a-recuperacion-de-nucleos-con-valor-historico-e-patrimonial\\\/#breadcrumb\"},\"inLanguage\":\"es\",\"potentialAction\":[{\"@type\":\"ReadAction\",\"target\":[\"https:\\\/\\\/ppdegalicia.com\\\/es\\\/o-parlamento-galego-insta-a-xunta-a-remitir-a-camara-no-primeiro-semestre-de-2018-un-proxecto-de-lei-para-a-recuperacion-de-nucleos-con-valor-historico-e-patrimonial\\\/\"]}]},{\"@type\":\"BreadcrumbList\",\"@id\":\"https:\\\/\\\/ppdegalicia.com\\\/es\\\/o-parlamento-galego-insta-a-xunta-a-remitir-a-camara-no-primeiro-semestre-de-2018-un-proxecto-de-lei-para-a-recuperacion-de-nucleos-con-valor-historico-e-patrimonial\\\/#breadcrumb\",\"itemListElement\":[{\"@type\":\"ListItem\",\"position\":1,\"name\":\"Portada\",\"item\":\"https:\\\/\\\/ppdegalicia.com\\\/es\\\/\"},{\"@type\":\"ListItem\",\"position\":2,\"name\":\"O Parlamento galego insta \u00e1 Xunta a remitir \u00e1 C\u00e1mara no primeiro semestre de 2018 un proxecto de lei para a recuperaci\u00f3n de n\u00facleos con valor hist\u00f3rico e patrimonial\"}]},{\"@type\":\"WebSite\",\"@id\":\"https:\\\/\\\/ppdegalicia.com\\\/es\\\/#website\",\"url\":\"https:\\\/\\\/ppdegalicia.com\\\/es\\\/\",\"name\":\"Partido Popular de Galicia\",\"description\":\"Partido Popular de Galicia\",\"publisher\":{\"@id\":\"https:\\\/\\\/ppdegalicia.com\\\/es\\\/#organization\"},\"alternateName\":\"PP de Galicia\",\"potentialAction\":[{\"@type\":\"SearchAction\",\"target\":{\"@type\":\"EntryPoint\",\"urlTemplate\":\"https:\\\/\\\/ppdegalicia.com\\\/es\\\/?s={search_term_string}\"},\"query-input\":{\"@type\":\"PropertyValueSpecification\",\"valueRequired\":true,\"valueName\":\"search_term_string\"}}],\"inLanguage\":\"es\"},{\"@type\":\"Organization\",\"@id\":\"https:\\\/\\\/ppdegalicia.com\\\/es\\\/#organization\",\"name\":\"Partido Popular de Galicia\",\"alternateName\":\"PP de Galicia\",\"url\":\"https:\\\/\\\/ppdegalicia.com\\\/es\\\/\",\"logo\":{\"@type\":\"ImageObject\",\"inLanguage\":\"es\",\"@id\":\"https:\\\/\\\/ppdegalicia.com\\\/es\\\/#\\\/schema\\\/logo\\\/image\\\/\",\"url\":\"https:\\\/\\\/ppdegalicia.com\\\/wp-content\\\/uploads\\\/2023\\\/04\\\/logoPP512.png\",\"contentUrl\":\"https:\\\/\\\/ppdegalicia.com\\\/wp-content\\\/uploads\\\/2023\\\/04\\\/logoPP512.png\",\"width\":512,\"height\":512,\"caption\":\"Partido Popular de Galicia\"},\"image\":{\"@id\":\"https:\\\/\\\/ppdegalicia.com\\\/es\\\/#\\\/schema\\\/logo\\\/image\\\/\"},\"sameAs\":[\"https:\\\/\\\/www.instagram.com\\\/ppdegalicia\\\/\",\"https:\\\/\\\/x.com\\\/ppdegalicia\",\"https:\\\/\\\/www.tiktok.com\\\/@ppdegalicia\",\"https:\\\/\\\/www.youtube.com\\\/user\\\/ppdegalicia\"]},{\"@type\":\"Person\",\"@id\":\"https:\\\/\\\/ppdegalicia.com\\\/es\\\/#\\\/schema\\\/person\\\/d0f013b8388c980665d44009ab762960\",\"name\":\"Super User\",\"image\":{\"@type\":\"ImageObject\",\"inLanguage\":\"es\",\"@id\":\"https:\\\/\\\/secure.gravatar.com\\\/avatar\\\/1db852625ef4948f58d2739bfbc51e4b9bd5c93b8fa340b59fdb594ca0845645?s=96&d=mm&r=g\",\"url\":\"https:\\\/\\\/secure.gravatar.com\\\/avatar\\\/1db852625ef4948f58d2739bfbc51e4b9bd5c93b8fa340b59fdb594ca0845645?s=96&d=mm&r=g\",\"contentUrl\":\"https:\\\/\\\/secure.gravatar.com\\\/avatar\\\/1db852625ef4948f58d2739bfbc51e4b9bd5c93b8fa340b59fdb594ca0845645?s=96&d=mm&r=g\",\"caption\":\"Super User\"},\"url\":\"https:\\\/\\\/ppdegalicia.com\\\/es\\\/author\\\/ppdegaliciagestion\\\/\"}]}<\/script>\n<!-- \/ Yoast SEO plugin. -->","yoast_head_json":{"title":"O Parlamento galego insta \u00e1 Xunta a remitir \u00e1 C\u00e1mara no primeiro semestre de 2018 un proxecto de lei para a recuperaci\u00f3n de n\u00facleos con valor hist\u00f3rico e patrimonial - PP de Galicia","robots":{"index":"index","follow":"follow","max-snippet":"max-snippet:-1","max-image-preview":"max-image-preview:large","max-video-preview":"max-video-preview:-1"},"canonical":"https:\/\/ppdegalicia.com\/es\/o-parlamento-galego-insta-a-xunta-a-remitir-a-camara-no-primeiro-semestre-de-2018-un-proxecto-de-lei-para-a-recuperacion-de-nucleos-con-valor-historico-e-patrimonial\/","og_locale":"es_ES","og_type":"article","og_title":"O Parlamento galego insta \u00e1 Xunta a remitir \u00e1 C\u00e1mara no primeiro semestre de 2018 un proxecto de lei para a recuperaci\u00f3n de n\u00facleos con valor hist\u00f3rico e patrimonial - PP de Galicia","og_description":"Santiago, 8 de novembro de 2017.- O Parlamento de Galicia aprobou hoxe a proposici\u00f3n non de lei do Grupo Popular, co voto favorable do PSdeG e BNG, a trav\u00e9s da que se insta \u00e1 Xunta a aprobar, para a s\u00faa remisi\u00f3n \u00e1 C\u00e1mara no primeiro semestre de 2018, un proxecto de lei en materia de [&hellip;]","og_url":"https:\/\/ppdegalicia.com\/es\/o-parlamento-galego-insta-a-xunta-a-remitir-a-camara-no-primeiro-semestre-de-2018-un-proxecto-de-lei-para-a-recuperacion-de-nucleos-con-valor-historico-e-patrimonial\/","og_site_name":"PP de Galicia","article_publisher":"https:\/\/www.instagram.com\/ppdegalicia\/","article_published_time":"2017-11-08T15:40:28+00:00","author":"Super User","twitter_card":"summary_large_image","twitter_creator":"@ppdegalicia","twitter_site":"@ppdegalicia","twitter_misc":{"Escrito por":"Super User","Tiempo de lectura":"2 minutos"},"schema":{"@context":"https:\/\/schema.org","@graph":[{"@type":"Article","@id":"https:\/\/ppdegalicia.com\/es\/o-parlamento-galego-insta-a-xunta-a-remitir-a-camara-no-primeiro-semestre-de-2018-un-proxecto-de-lei-para-a-recuperacion-de-nucleos-con-valor-historico-e-patrimonial\/#article","isPartOf":{"@id":"https:\/\/ppdegalicia.com\/es\/o-parlamento-galego-insta-a-xunta-a-remitir-a-camara-no-primeiro-semestre-de-2018-un-proxecto-de-lei-para-a-recuperacion-de-nucleos-con-valor-historico-e-patrimonial\/"},"author":{"name":"Super User","@id":"https:\/\/ppdegalicia.com\/es\/#\/schema\/person\/d0f013b8388c980665d44009ab762960"},"headline":"O Parlamento galego insta \u00e1 Xunta a remitir \u00e1 C\u00e1mara no primeiro semestre de 2018 un proxecto de lei para a recuperaci\u00f3n de n\u00facleos con valor hist\u00f3rico e patrimonial","datePublished":"2017-11-08T15:40:28+00:00","mainEntityOfPage":{"@id":"https:\/\/ppdegalicia.com\/es\/o-parlamento-galego-insta-a-xunta-a-remitir-a-camara-no-primeiro-semestre-de-2018-un-proxecto-de-lei-para-a-recuperacion-de-nucleos-con-valor-historico-e-patrimonial\/"},"wordCount":409,"commentCount":0,"publisher":{"@id":"https:\/\/ppdegalicia.com\/es\/#organization"},"articleSection":["PP de Galicia"],"inLanguage":"es","potentialAction":[{"@type":"CommentAction","name":"Comment","target":["https:\/\/ppdegalicia.com\/es\/o-parlamento-galego-insta-a-xunta-a-remitir-a-camara-no-primeiro-semestre-de-2018-un-proxecto-de-lei-para-a-recuperacion-de-nucleos-con-valor-historico-e-patrimonial\/#respond"]}]},{"@type":"WebPage","@id":"https:\/\/ppdegalicia.com\/es\/o-parlamento-galego-insta-a-xunta-a-remitir-a-camara-no-primeiro-semestre-de-2018-un-proxecto-de-lei-para-a-recuperacion-de-nucleos-con-valor-historico-e-patrimonial\/","url":"https:\/\/ppdegalicia.com\/es\/o-parlamento-galego-insta-a-xunta-a-remitir-a-camara-no-primeiro-semestre-de-2018-un-proxecto-de-lei-para-a-recuperacion-de-nucleos-con-valor-historico-e-patrimonial\/","name":"O Parlamento galego insta \u00e1 Xunta a remitir \u00e1 C\u00e1mara no primeiro semestre de 2018 un proxecto de lei para a recuperaci\u00f3n de n\u00facleos con valor hist\u00f3rico e patrimonial - PP de Galicia","isPartOf":{"@id":"https:\/\/ppdegalicia.com\/es\/#website"},"datePublished":"2017-11-08T15:40:28+00:00","breadcrumb":{"@id":"https:\/\/ppdegalicia.com\/es\/o-parlamento-galego-insta-a-xunta-a-remitir-a-camara-no-primeiro-semestre-de-2018-un-proxecto-de-lei-para-a-recuperacion-de-nucleos-con-valor-historico-e-patrimonial\/#breadcrumb"},"inLanguage":"es","potentialAction":[{"@type":"ReadAction","target":["https:\/\/ppdegalicia.com\/es\/o-parlamento-galego-insta-a-xunta-a-remitir-a-camara-no-primeiro-semestre-de-2018-un-proxecto-de-lei-para-a-recuperacion-de-nucleos-con-valor-historico-e-patrimonial\/"]}]},{"@type":"BreadcrumbList","@id":"https:\/\/ppdegalicia.com\/es\/o-parlamento-galego-insta-a-xunta-a-remitir-a-camara-no-primeiro-semestre-de-2018-un-proxecto-de-lei-para-a-recuperacion-de-nucleos-con-valor-historico-e-patrimonial\/#breadcrumb","itemListElement":[{"@type":"ListItem","position":1,"name":"Portada","item":"https:\/\/ppdegalicia.com\/es\/"},{"@type":"ListItem","position":2,"name":"O Parlamento galego insta \u00e1 Xunta a remitir \u00e1 C\u00e1mara no primeiro semestre de 2018 un proxecto de lei para a recuperaci\u00f3n de n\u00facleos con valor hist\u00f3rico e patrimonial"}]},{"@type":"WebSite","@id":"https:\/\/ppdegalicia.com\/es\/#website","url":"https:\/\/ppdegalicia.com\/es\/","name":"Partido Popular de Galicia","description":"Partido Popular de Galicia","publisher":{"@id":"https:\/\/ppdegalicia.com\/es\/#organization"},"alternateName":"PP de Galicia","potentialAction":[{"@type":"SearchAction","target":{"@type":"EntryPoint","urlTemplate":"https:\/\/ppdegalicia.com\/es\/?s={search_term_string}"},"query-input":{"@type":"PropertyValueSpecification","valueRequired":true,"valueName":"search_term_string"}}],"inLanguage":"es"},{"@type":"Organization","@id":"https:\/\/ppdegalicia.com\/es\/#organization","name":"Partido Popular de Galicia","alternateName":"PP de Galicia","url":"https:\/\/ppdegalicia.com\/es\/","logo":{"@type":"ImageObject","inLanguage":"es","@id":"https:\/\/ppdegalicia.com\/es\/#\/schema\/logo\/image\/","url":"https:\/\/ppdegalicia.com\/wp-content\/uploads\/2023\/04\/logoPP512.png","contentUrl":"https:\/\/ppdegalicia.com\/wp-content\/uploads\/2023\/04\/logoPP512.png","width":512,"height":512,"caption":"Partido Popular de Galicia"},"image":{"@id":"https:\/\/ppdegalicia.com\/es\/#\/schema\/logo\/image\/"},"sameAs":["https:\/\/www.instagram.com\/ppdegalicia\/","https:\/\/x.com\/ppdegalicia","https:\/\/www.tiktok.com\/@ppdegalicia","https:\/\/www.youtube.com\/user\/ppdegalicia"]},{"@type":"Person","@id":"https:\/\/ppdegalicia.com\/es\/#\/schema\/person\/d0f013b8388c980665d44009ab762960","name":"Super User","image":{"@type":"ImageObject","inLanguage":"es","@id":"https:\/\/secure.gravatar.com\/avatar\/1db852625ef4948f58d2739bfbc51e4b9bd5c93b8fa340b59fdb594ca0845645?s=96&d=mm&r=g","url":"https:\/\/secure.gravatar.com\/avatar\/1db852625ef4948f58d2739bfbc51e4b9bd5c93b8fa340b59fdb594ca0845645?s=96&d=mm&r=g","contentUrl":"https:\/\/secure.gravatar.com\/avatar\/1db852625ef4948f58d2739bfbc51e4b9bd5c93b8fa340b59fdb594ca0845645?s=96&d=mm&r=g","caption":"Super User"},"url":"https:\/\/ppdegalicia.com\/es\/author\/ppdegaliciagestion\/"}]}},"_links":{"self":[{"href":"https:\/\/ppdegalicia.com\/es\/wp-json\/wp\/v2\/posts\/53807","targetHints":{"allow":["GET"]}}],"collection":[{"href":"https:\/\/ppdegalicia.com\/es\/wp-json\/wp\/v2\/posts"}],"about":[{"href":"https:\/\/ppdegalicia.com\/es\/wp-json\/wp\/v2\/types\/post"}],"author":[{"embeddable":true,"href":"https:\/\/ppdegalicia.com\/es\/wp-json\/wp\/v2\/users\/37"}],"replies":[{"embeddable":true,"href":"https:\/\/ppdegalicia.com\/es\/wp-json\/wp\/v2\/comments?post=53807"}],"version-history":[{"count":0,"href":"https:\/\/ppdegalicia.com\/es\/wp-json\/wp\/v2\/posts\/53807\/revisions"}],"wp:attachment":[{"href":"https:\/\/ppdegalicia.com\/es\/wp-json\/wp\/v2\/media?parent=53807"}],"wp:term":[{"taxonomy":"category","embeddable":true,"href":"https:\/\/ppdegalicia.com\/es\/wp-json\/wp\/v2\/categories?post=53807"},{"taxonomy":"post_tag","embeddable":true,"href":"https:\/\/ppdegalicia.com\/es\/wp-json\/wp\/v2\/tags?post=53807"}],"curies":[{"name":"wp","href":"https:\/\/api.w.org\/{rel}","templated":true}]}}