{"id":53815,"date":"2017-11-10T16:19:43","date_gmt":"2017-11-10T14:19:43","guid":{"rendered":"https:\/\/ppdegalicia.com\/tellado-no-primeiro-ano-desta-lexislatura-a-xunta-quixo-traducir-o-crecemento-economico-en-benestar-para-os-cidadans\/"},"modified":"2017-11-10T16:19:43","modified_gmt":"2017-11-10T14:19:43","slug":"tellado-no-primeiro-ano-desta-lexislatura-a-xunta-quixo-traducir-o-crecemento-economico-en-benestar-para-os-cidadans","status":"publish","type":"post","link":"https:\/\/ppdegalicia.com\/es\/tellado-no-primeiro-ano-desta-lexislatura-a-xunta-quixo-traducir-o-crecemento-economico-en-benestar-para-os-cidadans\/","title":{"rendered":"Tellado: \u201cNo primeiro ano desta Lexislatura a Xunta quixo traducir o crecemento econ\u00f3mico en benestar para os cidad\u00e1ns\u00bb"},"content":{"rendered":"<p>O secretario xeral do PPdeG, Miguel Tellado, asegurou esta ma\u00f1\u00e1 que, no seu af\u00e1n por facer que a maior\u00eda dos galegos note a recuperaci\u00f3n, no primeiro ano desta Lexislatura a Xunta \u00abquixo traducir o crecemento econ\u00f3mico en benestar para os cidad\u00e1ns\u00bb.<\/p>\n<p><!--more--><\/p>\n<p>&nbsp;<\/p>\n<p>Tras lembrar que esta fin de semana se cumpre o primeiro aniversario da toma de posesi\u00f3n de Alberto N\u00fa\u00f1ez Feij\u00f3o para comezar o seu terceiro mandato como presidente da Xunta, logo de acadar a s\u00faa terceira maior\u00eda absoluta; Tellado puxo en valor que hoxe a nosa Comunidade est\u00e1 mellor ca hai un ano. \u201cE cremos, se tiveramos que resumilos, que estes doce meses estiveron marcados pola consolidaci\u00f3n do crecemento econ\u00f3mico, pola mellora dos servizos sociais e pola estabilidade institucional\u201d, subli\u00f1ou.<\/p>\n<p>&nbsp;<\/p>\n<p>Nese senso, salientou que nos \u00faltimos doce meses, a econom\u00eda galega tivo un comportamento extraordinario, crecemos no entorno do 3%, m\u00e1is c\u00e1 media espa\u00f1ola; temos m\u00e1is de 18.000 afiliados m\u00e1is \u00e1 Seguridade Social, o INE reflicte que os salarios creceron, batemos un novo r\u00e9cord de exportaci\u00f3ns e en turismo, volv\u00e9ronse baixar os impostos auton\u00f3micos e mantiv\u00e9ronse as rebaixas de anos anteriores, e aprobouse unha Lei que pretende darlle un impulso \u00e1 implantaci\u00f3n de empresas e a creaci\u00f3n de postos de traballo.<\/p>\n<p>&nbsp;<\/p>\n<p>As\u00ed mesmo, Tellado tam\u00e9n apuntou que no \u00faltimo ano asistimos \u00e1 mellora dos servizos p\u00fablicos e a un novo esforzo por parte do Goberno auton\u00f3mico en materia de Pol\u00edtica Social. Deste xeito, entre outros logros destacou o recente anuncio da ampliaci\u00f3n do Bono Coidado ata os 12 anos as\u00ed como a da Tarxeta Benvida ata os tres anos, a apertura dos dous primeiros quir\u00f3fanos h\u00edbridos de Espa\u00f1a nos Hospitais de Vigo e A Coru\u00f1a, a aprobaci\u00f3n a\u00ednda onte dun Plan de Excelencia do Sistema Universitario, ou a continuaci\u00f3n da ampliaci\u00f3n do n\u00famero de prazas en escolas de infantil, centros de d\u00eda, de atenci\u00f3n \u00e1 discapacidade e residencias de maiores.<\/p>\n<p>&nbsp;<\/p>\n<p>O n\u00famero dous do PPdeG considerou que nada disto se poder\u00eda ter conseguido sen a estabilidade institucional que os populares galegos levan reivindicando durante estes anos como un dos grandes valores da nosa Comunidade. \u201cE seguir\u00e9molo facendo, porque nos \u00faltimos tempos demostrouse que \u00e9 m\u00e1is importante ca nunca\u201d, reco\u00f1eceu.<\/p>\n<p>&nbsp;<\/p>\n<p>Do mesmo xeito, aseverou que nestes \u00faltimos meses, e malia a estarmos sufrindo en Espa\u00f1a a maior das ameazas ao Estado de Dereito en d\u00e9cadas, Galicia conseguiu presentar dous orzamentos en tempo e forma, grazas a non ter un gobernado secuestrado por unha minor\u00eda e amosarse como un territorio con seguridade xur\u00eddica e fiable para investir.<\/p>\n<p>&nbsp;<\/p>\n<p>\u201cEn definitiva, cremos que o Goberno que lidera Alberto N\u00fa\u00f1ez Feij\u00f3o ten demostrado que ten unha folla de ruta moi clara, ten a receita para aplicala con \u00e9xito e ten a ambici\u00f3n para seguilo facendo e mellorando nos tres anos que a\u00ednda quedan por diante. E desde o Partido Popular de Galicia consideramos, con toda humildade, que iso son moi boas novas para o conxunto dos galegos\u201d, remarcou.<\/p>\n<p>&nbsp;<\/p>\n<p>Tellado conclu\u00edu afirmando que no PPdeG est\u00e1n convencidos de que a recuperaci\u00f3n econ\u00f3mica, a creaci\u00f3n de emprego, e as baixadas selectivas de impostos seguir\u00e1n sendo a s\u00faa principal prioridade; que Galicia seguir\u00e1 apostando pola pol\u00edtica social, pola sanidade p\u00fablica, pola educaci\u00f3n, pola conciliaci\u00f3n familiar e pola atenci\u00f3n \u00e1 dependencia; e que a estabilidade institucional seguir\u00e1 a ser unha das s\u00faas grandes fortalezas e un dos grandes activos desta Comunidade.<\/p>\n<div class=\"k2_video\"><iframe title=\"Tellado: \u201cA Xunta quixo traducir o crecemento econ\u00f3mico en benestar para os cidad\u00e1ns&quot;\" width=\"500\" height=\"281\" src=\"https:\/\/www.youtube.com\/embed\/KG0ZONiEczU?feature=oembed\" frameborder=\"0\" allow=\"accelerometer; autoplay; clipboard-write; encrypted-media; gyroscope; picture-in-picture; web-share\" referrerpolicy=\"strict-origin-when-cross-origin\" allowfullscreen><\/iframe>\n<\/div>\n","protected":false},"excerpt":{"rendered":"<p>O secretario xeral do PPdeG, Miguel Tellado, asegurou esta ma\u00f1\u00e1 que, no seu af\u00e1n por facer que a maior\u00eda dos galegos note a recuperaci\u00f3n, no primeiro ano desta Lexislatura a Xunta \u00abquixo traducir o crecemento econ\u00f3mico en benestar para os cidad\u00e1ns\u00bb.<\/p>\n","protected":false},"author":37,"featured_media":0,"comment_status":"open","ping_status":"open","sticky":false,"template":"","format":"standard","meta":{"_acf_changed":false,"footnotes":""},"categories":[1],"tags":[],"class_list":["post-53815","post","type-post","status-publish","format-standard","hentry","category-pp-de-galicia"],"acf":[],"yoast_head":"<!-- This site is optimized with the Yoast SEO plugin v27.3 - https:\/\/yoast.com\/product\/yoast-seo-wordpress\/ -->\n<title>Tellado: \u201cNo primeiro ano desta Lexislatura a Xunta quixo traducir o crecemento econ\u00f3mico en benestar para os cidad\u00e1ns&quot; - PP de Galicia<\/title>\n<meta name=\"robots\" content=\"index, follow, max-snippet:-1, max-image-preview:large, max-video-preview:-1\" \/>\n<link rel=\"canonical\" href=\"https:\/\/ppdegalicia.com\/es\/tellado-no-primeiro-ano-desta-lexislatura-a-xunta-quixo-traducir-o-crecemento-economico-en-benestar-para-os-cidadans\/\" \/>\n<meta property=\"og:locale\" content=\"es_ES\" \/>\n<meta property=\"og:type\" content=\"article\" \/>\n<meta property=\"og:title\" content=\"Tellado: \u201cNo primeiro ano desta Lexislatura a Xunta quixo traducir o crecemento econ\u00f3mico en benestar para os cidad\u00e1ns&quot; - PP de Galicia\" \/>\n<meta property=\"og:description\" content=\"O secretario xeral do PPdeG, Miguel Tellado, asegurou esta ma\u00f1\u00e1 que, no seu af\u00e1n por facer que a maior\u00eda dos galegos note a recuperaci\u00f3n, no primeiro ano desta Lexislatura a Xunta \u00abquixo traducir o crecemento econ\u00f3mico en benestar para os cidad\u00e1ns\u00bb.\" \/>\n<meta property=\"og:url\" content=\"https:\/\/ppdegalicia.com\/es\/tellado-no-primeiro-ano-desta-lexislatura-a-xunta-quixo-traducir-o-crecemento-economico-en-benestar-para-os-cidadans\/\" \/>\n<meta property=\"og:site_name\" content=\"PP de Galicia\" \/>\n<meta property=\"article:publisher\" content=\"https:\/\/www.instagram.com\/ppdegalicia\/\" \/>\n<meta property=\"article:published_time\" content=\"2017-11-10T14:19:43+00:00\" \/>\n<meta name=\"author\" content=\"Super User\" \/>\n<meta name=\"twitter:card\" content=\"summary_large_image\" \/>\n<meta name=\"twitter:creator\" content=\"@ppdegalicia\" \/>\n<meta name=\"twitter:site\" content=\"@ppdegalicia\" \/>\n<meta name=\"twitter:label1\" content=\"Escrito por\" \/>\n\t<meta name=\"twitter:data1\" content=\"Super User\" \/>\n\t<meta name=\"twitter:label2\" content=\"Tiempo de lectura\" \/>\n\t<meta name=\"twitter:data2\" content=\"3 minutos\" \/>\n<script type=\"application\/ld+json\" class=\"yoast-schema-graph\">{\"@context\":\"https:\\\/\\\/schema.org\",\"@graph\":[{\"@type\":\"Article\",\"@id\":\"https:\\\/\\\/ppdegalicia.com\\\/es\\\/tellado-no-primeiro-ano-desta-lexislatura-a-xunta-quixo-traducir-o-crecemento-economico-en-benestar-para-os-cidadans\\\/#article\",\"isPartOf\":{\"@id\":\"https:\\\/\\\/ppdegalicia.com\\\/es\\\/tellado-no-primeiro-ano-desta-lexislatura-a-xunta-quixo-traducir-o-crecemento-economico-en-benestar-para-os-cidadans\\\/\"},\"author\":{\"name\":\"Super User\",\"@id\":\"https:\\\/\\\/ppdegalicia.com\\\/es\\\/#\\\/schema\\\/person\\\/d0f013b8388c980665d44009ab762960\"},\"headline\":\"Tellado: \u201cNo primeiro ano desta Lexislatura a Xunta quixo traducir o crecemento econ\u00f3mico en benestar para os cidad\u00e1ns\u00bb\",\"datePublished\":\"2017-11-10T14:19:43+00:00\",\"mainEntityOfPage\":{\"@id\":\"https:\\\/\\\/ppdegalicia.com\\\/es\\\/tellado-no-primeiro-ano-desta-lexislatura-a-xunta-quixo-traducir-o-crecemento-economico-en-benestar-para-os-cidadans\\\/\"},\"wordCount\":648,\"commentCount\":0,\"publisher\":{\"@id\":\"https:\\\/\\\/ppdegalicia.com\\\/es\\\/#organization\"},\"articleSection\":[\"PP de Galicia\"],\"inLanguage\":\"es\",\"potentialAction\":[{\"@type\":\"CommentAction\",\"name\":\"Comment\",\"target\":[\"https:\\\/\\\/ppdegalicia.com\\\/es\\\/tellado-no-primeiro-ano-desta-lexislatura-a-xunta-quixo-traducir-o-crecemento-economico-en-benestar-para-os-cidadans\\\/#respond\"]}]},{\"@type\":\"WebPage\",\"@id\":\"https:\\\/\\\/ppdegalicia.com\\\/es\\\/tellado-no-primeiro-ano-desta-lexislatura-a-xunta-quixo-traducir-o-crecemento-economico-en-benestar-para-os-cidadans\\\/\",\"url\":\"https:\\\/\\\/ppdegalicia.com\\\/es\\\/tellado-no-primeiro-ano-desta-lexislatura-a-xunta-quixo-traducir-o-crecemento-economico-en-benestar-para-os-cidadans\\\/\",\"name\":\"Tellado: \u201cNo primeiro ano desta Lexislatura a Xunta quixo traducir o crecemento econ\u00f3mico en benestar para os cidad\u00e1ns\\\" - PP de Galicia\",\"isPartOf\":{\"@id\":\"https:\\\/\\\/ppdegalicia.com\\\/es\\\/#website\"},\"datePublished\":\"2017-11-10T14:19:43+00:00\",\"breadcrumb\":{\"@id\":\"https:\\\/\\\/ppdegalicia.com\\\/es\\\/tellado-no-primeiro-ano-desta-lexislatura-a-xunta-quixo-traducir-o-crecemento-economico-en-benestar-para-os-cidadans\\\/#breadcrumb\"},\"inLanguage\":\"es\",\"potentialAction\":[{\"@type\":\"ReadAction\",\"target\":[\"https:\\\/\\\/ppdegalicia.com\\\/es\\\/tellado-no-primeiro-ano-desta-lexislatura-a-xunta-quixo-traducir-o-crecemento-economico-en-benestar-para-os-cidadans\\\/\"]}]},{\"@type\":\"BreadcrumbList\",\"@id\":\"https:\\\/\\\/ppdegalicia.com\\\/es\\\/tellado-no-primeiro-ano-desta-lexislatura-a-xunta-quixo-traducir-o-crecemento-economico-en-benestar-para-os-cidadans\\\/#breadcrumb\",\"itemListElement\":[{\"@type\":\"ListItem\",\"position\":1,\"name\":\"Portada\",\"item\":\"https:\\\/\\\/ppdegalicia.com\\\/es\\\/\"},{\"@type\":\"ListItem\",\"position\":2,\"name\":\"Tellado: \u201cNo primeiro ano desta Lexislatura a Xunta quixo traducir o crecemento econ\u00f3mico en benestar para os cidad\u00e1ns&#8221;\"}]},{\"@type\":\"WebSite\",\"@id\":\"https:\\\/\\\/ppdegalicia.com\\\/es\\\/#website\",\"url\":\"https:\\\/\\\/ppdegalicia.com\\\/es\\\/\",\"name\":\"Partido Popular de Galicia\",\"description\":\"Partido Popular de Galicia\",\"publisher\":{\"@id\":\"https:\\\/\\\/ppdegalicia.com\\\/es\\\/#organization\"},\"alternateName\":\"PP de Galicia\",\"potentialAction\":[{\"@type\":\"SearchAction\",\"target\":{\"@type\":\"EntryPoint\",\"urlTemplate\":\"https:\\\/\\\/ppdegalicia.com\\\/es\\\/?s={search_term_string}\"},\"query-input\":{\"@type\":\"PropertyValueSpecification\",\"valueRequired\":true,\"valueName\":\"search_term_string\"}}],\"inLanguage\":\"es\"},{\"@type\":\"Organization\",\"@id\":\"https:\\\/\\\/ppdegalicia.com\\\/es\\\/#organization\",\"name\":\"Partido Popular de Galicia\",\"alternateName\":\"PP de Galicia\",\"url\":\"https:\\\/\\\/ppdegalicia.com\\\/es\\\/\",\"logo\":{\"@type\":\"ImageObject\",\"inLanguage\":\"es\",\"@id\":\"https:\\\/\\\/ppdegalicia.com\\\/es\\\/#\\\/schema\\\/logo\\\/image\\\/\",\"url\":\"https:\\\/\\\/ppdegalicia.com\\\/wp-content\\\/uploads\\\/2023\\\/04\\\/logoPP512.png\",\"contentUrl\":\"https:\\\/\\\/ppdegalicia.com\\\/wp-content\\\/uploads\\\/2023\\\/04\\\/logoPP512.png\",\"width\":512,\"height\":512,\"caption\":\"Partido Popular de Galicia\"},\"image\":{\"@id\":\"https:\\\/\\\/ppdegalicia.com\\\/es\\\/#\\\/schema\\\/logo\\\/image\\\/\"},\"sameAs\":[\"https:\\\/\\\/www.instagram.com\\\/ppdegalicia\\\/\",\"https:\\\/\\\/x.com\\\/ppdegalicia\",\"https:\\\/\\\/www.tiktok.com\\\/@ppdegalicia\",\"https:\\\/\\\/www.youtube.com\\\/user\\\/ppdegalicia\"]},{\"@type\":\"Person\",\"@id\":\"https:\\\/\\\/ppdegalicia.com\\\/es\\\/#\\\/schema\\\/person\\\/d0f013b8388c980665d44009ab762960\",\"name\":\"Super User\",\"image\":{\"@type\":\"ImageObject\",\"inLanguage\":\"es\",\"@id\":\"https:\\\/\\\/secure.gravatar.com\\\/avatar\\\/1db852625ef4948f58d2739bfbc51e4b9bd5c93b8fa340b59fdb594ca0845645?s=96&d=mm&r=g\",\"url\":\"https:\\\/\\\/secure.gravatar.com\\\/avatar\\\/1db852625ef4948f58d2739bfbc51e4b9bd5c93b8fa340b59fdb594ca0845645?s=96&d=mm&r=g\",\"contentUrl\":\"https:\\\/\\\/secure.gravatar.com\\\/avatar\\\/1db852625ef4948f58d2739bfbc51e4b9bd5c93b8fa340b59fdb594ca0845645?s=96&d=mm&r=g\",\"caption\":\"Super User\"},\"url\":\"https:\\\/\\\/ppdegalicia.com\\\/es\\\/author\\\/ppdegaliciagestion\\\/\"}]}<\/script>\n<!-- \/ Yoast SEO plugin. -->","yoast_head_json":{"title":"Tellado: \u201cNo primeiro ano desta Lexislatura a Xunta quixo traducir o crecemento econ\u00f3mico en benestar para os cidad\u00e1ns\" - PP de Galicia","robots":{"index":"index","follow":"follow","max-snippet":"max-snippet:-1","max-image-preview":"max-image-preview:large","max-video-preview":"max-video-preview:-1"},"canonical":"https:\/\/ppdegalicia.com\/es\/tellado-no-primeiro-ano-desta-lexislatura-a-xunta-quixo-traducir-o-crecemento-economico-en-benestar-para-os-cidadans\/","og_locale":"es_ES","og_type":"article","og_title":"Tellado: \u201cNo primeiro ano desta Lexislatura a Xunta quixo traducir o crecemento econ\u00f3mico en benestar para os cidad\u00e1ns\" - PP de Galicia","og_description":"O secretario xeral do PPdeG, Miguel Tellado, asegurou esta ma\u00f1\u00e1 que, no seu af\u00e1n por facer que a maior\u00eda dos galegos note a recuperaci\u00f3n, no primeiro ano desta Lexislatura a Xunta \u00abquixo traducir o crecemento econ\u00f3mico en benestar para os cidad\u00e1ns\u00bb.","og_url":"https:\/\/ppdegalicia.com\/es\/tellado-no-primeiro-ano-desta-lexislatura-a-xunta-quixo-traducir-o-crecemento-economico-en-benestar-para-os-cidadans\/","og_site_name":"PP de Galicia","article_publisher":"https:\/\/www.instagram.com\/ppdegalicia\/","article_published_time":"2017-11-10T14:19:43+00:00","author":"Super User","twitter_card":"summary_large_image","twitter_creator":"@ppdegalicia","twitter_site":"@ppdegalicia","twitter_misc":{"Escrito por":"Super User","Tiempo de lectura":"3 minutos"},"schema":{"@context":"https:\/\/schema.org","@graph":[{"@type":"Article","@id":"https:\/\/ppdegalicia.com\/es\/tellado-no-primeiro-ano-desta-lexislatura-a-xunta-quixo-traducir-o-crecemento-economico-en-benestar-para-os-cidadans\/#article","isPartOf":{"@id":"https:\/\/ppdegalicia.com\/es\/tellado-no-primeiro-ano-desta-lexislatura-a-xunta-quixo-traducir-o-crecemento-economico-en-benestar-para-os-cidadans\/"},"author":{"name":"Super User","@id":"https:\/\/ppdegalicia.com\/es\/#\/schema\/person\/d0f013b8388c980665d44009ab762960"},"headline":"Tellado: \u201cNo primeiro ano desta Lexislatura a Xunta quixo traducir o crecemento econ\u00f3mico en benestar para os cidad\u00e1ns\u00bb","datePublished":"2017-11-10T14:19:43+00:00","mainEntityOfPage":{"@id":"https:\/\/ppdegalicia.com\/es\/tellado-no-primeiro-ano-desta-lexislatura-a-xunta-quixo-traducir-o-crecemento-economico-en-benestar-para-os-cidadans\/"},"wordCount":648,"commentCount":0,"publisher":{"@id":"https:\/\/ppdegalicia.com\/es\/#organization"},"articleSection":["PP de Galicia"],"inLanguage":"es","potentialAction":[{"@type":"CommentAction","name":"Comment","target":["https:\/\/ppdegalicia.com\/es\/tellado-no-primeiro-ano-desta-lexislatura-a-xunta-quixo-traducir-o-crecemento-economico-en-benestar-para-os-cidadans\/#respond"]}]},{"@type":"WebPage","@id":"https:\/\/ppdegalicia.com\/es\/tellado-no-primeiro-ano-desta-lexislatura-a-xunta-quixo-traducir-o-crecemento-economico-en-benestar-para-os-cidadans\/","url":"https:\/\/ppdegalicia.com\/es\/tellado-no-primeiro-ano-desta-lexislatura-a-xunta-quixo-traducir-o-crecemento-economico-en-benestar-para-os-cidadans\/","name":"Tellado: \u201cNo primeiro ano desta Lexislatura a Xunta quixo traducir o crecemento econ\u00f3mico en benestar para os cidad\u00e1ns\" - PP de Galicia","isPartOf":{"@id":"https:\/\/ppdegalicia.com\/es\/#website"},"datePublished":"2017-11-10T14:19:43+00:00","breadcrumb":{"@id":"https:\/\/ppdegalicia.com\/es\/tellado-no-primeiro-ano-desta-lexislatura-a-xunta-quixo-traducir-o-crecemento-economico-en-benestar-para-os-cidadans\/#breadcrumb"},"inLanguage":"es","potentialAction":[{"@type":"ReadAction","target":["https:\/\/ppdegalicia.com\/es\/tellado-no-primeiro-ano-desta-lexislatura-a-xunta-quixo-traducir-o-crecemento-economico-en-benestar-para-os-cidadans\/"]}]},{"@type":"BreadcrumbList","@id":"https:\/\/ppdegalicia.com\/es\/tellado-no-primeiro-ano-desta-lexislatura-a-xunta-quixo-traducir-o-crecemento-economico-en-benestar-para-os-cidadans\/#breadcrumb","itemListElement":[{"@type":"ListItem","position":1,"name":"Portada","item":"https:\/\/ppdegalicia.com\/es\/"},{"@type":"ListItem","position":2,"name":"Tellado: \u201cNo primeiro ano desta Lexislatura a Xunta quixo traducir o crecemento econ\u00f3mico en benestar para os cidad\u00e1ns&#8221;"}]},{"@type":"WebSite","@id":"https:\/\/ppdegalicia.com\/es\/#website","url":"https:\/\/ppdegalicia.com\/es\/","name":"Partido Popular de Galicia","description":"Partido Popular de Galicia","publisher":{"@id":"https:\/\/ppdegalicia.com\/es\/#organization"},"alternateName":"PP de Galicia","potentialAction":[{"@type":"SearchAction","target":{"@type":"EntryPoint","urlTemplate":"https:\/\/ppdegalicia.com\/es\/?s={search_term_string}"},"query-input":{"@type":"PropertyValueSpecification","valueRequired":true,"valueName":"search_term_string"}}],"inLanguage":"es"},{"@type":"Organization","@id":"https:\/\/ppdegalicia.com\/es\/#organization","name":"Partido Popular de Galicia","alternateName":"PP de Galicia","url":"https:\/\/ppdegalicia.com\/es\/","logo":{"@type":"ImageObject","inLanguage":"es","@id":"https:\/\/ppdegalicia.com\/es\/#\/schema\/logo\/image\/","url":"https:\/\/ppdegalicia.com\/wp-content\/uploads\/2023\/04\/logoPP512.png","contentUrl":"https:\/\/ppdegalicia.com\/wp-content\/uploads\/2023\/04\/logoPP512.png","width":512,"height":512,"caption":"Partido Popular de Galicia"},"image":{"@id":"https:\/\/ppdegalicia.com\/es\/#\/schema\/logo\/image\/"},"sameAs":["https:\/\/www.instagram.com\/ppdegalicia\/","https:\/\/x.com\/ppdegalicia","https:\/\/www.tiktok.com\/@ppdegalicia","https:\/\/www.youtube.com\/user\/ppdegalicia"]},{"@type":"Person","@id":"https:\/\/ppdegalicia.com\/es\/#\/schema\/person\/d0f013b8388c980665d44009ab762960","name":"Super User","image":{"@type":"ImageObject","inLanguage":"es","@id":"https:\/\/secure.gravatar.com\/avatar\/1db852625ef4948f58d2739bfbc51e4b9bd5c93b8fa340b59fdb594ca0845645?s=96&d=mm&r=g","url":"https:\/\/secure.gravatar.com\/avatar\/1db852625ef4948f58d2739bfbc51e4b9bd5c93b8fa340b59fdb594ca0845645?s=96&d=mm&r=g","contentUrl":"https:\/\/secure.gravatar.com\/avatar\/1db852625ef4948f58d2739bfbc51e4b9bd5c93b8fa340b59fdb594ca0845645?s=96&d=mm&r=g","caption":"Super User"},"url":"https:\/\/ppdegalicia.com\/es\/author\/ppdegaliciagestion\/"}]}},"_links":{"self":[{"href":"https:\/\/ppdegalicia.com\/es\/wp-json\/wp\/v2\/posts\/53815","targetHints":{"allow":["GET"]}}],"collection":[{"href":"https:\/\/ppdegalicia.com\/es\/wp-json\/wp\/v2\/posts"}],"about":[{"href":"https:\/\/ppdegalicia.com\/es\/wp-json\/wp\/v2\/types\/post"}],"author":[{"embeddable":true,"href":"https:\/\/ppdegalicia.com\/es\/wp-json\/wp\/v2\/users\/37"}],"replies":[{"embeddable":true,"href":"https:\/\/ppdegalicia.com\/es\/wp-json\/wp\/v2\/comments?post=53815"}],"version-history":[{"count":0,"href":"https:\/\/ppdegalicia.com\/es\/wp-json\/wp\/v2\/posts\/53815\/revisions"}],"wp:attachment":[{"href":"https:\/\/ppdegalicia.com\/es\/wp-json\/wp\/v2\/media?parent=53815"}],"wp:term":[{"taxonomy":"category","embeddable":true,"href":"https:\/\/ppdegalicia.com\/es\/wp-json\/wp\/v2\/categories?post=53815"},{"taxonomy":"post_tag","embeddable":true,"href":"https:\/\/ppdegalicia.com\/es\/wp-json\/wp\/v2\/tags?post=53815"}],"curies":[{"name":"wp","href":"https:\/\/api.w.org\/{rel}","templated":true}]}}