{"id":53823,"date":"2017-11-16T11:47:25","date_gmt":"2017-11-16T09:47:25","guid":{"rendered":"https:\/\/ppdegalicia.com\/o-parlamento-insta-a-xunta-a-que-impulse-a-difusion-da-figura-de-educardo-pondal-con-motivo-do-centenario-do-seu-pasamento\/"},"modified":"2017-11-16T11:47:25","modified_gmt":"2017-11-16T09:47:25","slug":"o-parlamento-insta-a-xunta-a-que-impulse-a-difusion-da-figura-de-educardo-pondal-con-motivo-do-centenario-do-seu-pasamento","status":"publish","type":"post","link":"https:\/\/ppdegalicia.com\/es\/o-parlamento-insta-a-xunta-a-que-impulse-a-difusion-da-figura-de-educardo-pondal-con-motivo-do-centenario-do-seu-pasamento\/","title":{"rendered":"O Parlamento insta \u00e1 Xunta a que impulse a difusi\u00f3n da figura de Educardo Pondal con motivo do centenario do seu pasamento"},"content":{"rendered":"<p>Santiago, 16 de novembro de 2017.- O Parlamento de Galicia aprobou hoxe por unanimidade, logo dunha transacci\u00f3n entre o Grupo Popular e o Grupo Socialista, unha proposici\u00f3n non de lei a trav\u00e9s da que se insta ao Goberno galego a que, con motivo do cumprimento do centenario do falecemento do escritor Eduardo Pondal, lle dea continuidade \u00e1s iniciativas de difusi\u00f3n e conmemoraci\u00f3n da figura e da obra do intelectual, escritor e poeta ponteces\u00e1n.<\/p>\n<p><!--more--><\/p>\n<p>&nbsp;<\/p>\n<p>E que esta difusi\u00f3n a realice a trav\u00e9s da colaboraci\u00f3n institucional e orzamentaria coa Fundaci\u00f3n Pondal e a colaboraci\u00f3n con distintas instituci\u00f3ns e entidades culturais e, principalmente, coas fundaci\u00f3ns de escritores do Rexurdimento para contribu\u00edr a impulsar unha programaci\u00f3n de actividades continuadas e diversas que po\u00f1an en valor o seu legado social.<\/p>\n<p>&nbsp;<\/p>\n<p>A deputada do Grupo Popular Mar\u00eda Ant\u00f3n sinalou que \u201ca Conseller\u00eda de Cultura mant\u00e9n unha colaboraci\u00f3n regular coa Fundaci\u00f3n Eduardo Pondal desde a s\u00faa creaci\u00f3n no ano 2006 co obxectivo de promover e divulgar a obra do propio escritor e a cultura galega en xeral\u201d. En concreto, lembrou que a Xunta \u201cdestinou m\u00e1is de 70.000 euros nos \u00faltimos catro anos a actividades que desenvolve esta fundaci\u00f3n, como a escola de ver\u00e1n, o festival&nbsp; Festiletras, ou o certame internacional de pintura ao aire libre \u00c1lvarez de Sotomayor, ademais doutros investimentos para a realizaci\u00f3n de obras de conservaci\u00f3n, mantemento e mellora do edificio que acolle esta fundaci\u00f3n\u201d.<\/p>\n<p>&nbsp;<\/p>\n<p>As\u00ed mesmo, Mar\u00eda Ant\u00f3n recordou que a Fundaci\u00f3n Eduardo Pondal celebrar\u00e1 o vindeiro 25 de novembro a actividade n\u00famero 100 do centenario co programa Literatas, a trav\u00e9s do que se pretende honrar e visibilizar \u00e1 muller rural. Esta iniciativa conta co respaldo da Conseller\u00eda do Medio Rural e a Secretar\u00eda de Igualdade.<\/p>\n<p>&nbsp;<\/p>\n<p><strong>PREMIO DA CULTURA EN 2012<\/strong><\/p>\n<p>&nbsp;<\/p>\n<p>\u201cO compromiso da Xunta de Galicia coa Fundaci\u00f3n Pondal \u00e9 incuestionable, como incuestionable \u00e9 a labor da Fundaci\u00f3n a favor da cultura galega, un feito reco\u00f1ecido que se visibilizou ao recibir o Premio da Cultura Galega no ano 2012\u201d, subli\u00f1ou a deputada popular.<\/p>\n<p>&nbsp;<\/p>\n<p>As\u00ed mesmo, e co gallo do centenario de Eduardo Pondal, a Conseller\u00eda de Cultura propuxo no mes de xaneiro a realizaci\u00f3n dunha homenaxe aos tres autores principais do Rexurdimento a trav\u00e9s das respectivas fundaci\u00f3ns de Pondal, Curros e Rosal\u00eda, celebrando unha xuntanza cos alcaldes de Ponteceso, Celanova e Padr\u00f3n.<\/p>\n<p>&nbsp;<\/p>\n<p>Mar\u00eda Ant\u00f3n concretou que \u201ca idea principal \u00e9 a creaci\u00f3n dun itinerario literario do Rexurdimento galego, que conecte estas tres figuras relevantes non so na cultural, sen\u00f3n tam\u00e9n na sociedade e na vida pol\u00edtica de Galicia do s\u00e9culo XIX\u201d.<\/p>\n","protected":false},"excerpt":{"rendered":"<p>Santiago, 16 de novembro de 2017.- O Parlamento de Galicia aprobou hoxe por unanimidade, logo dunha transacci\u00f3n entre o Grupo Popular e o Grupo Socialista, unha proposici\u00f3n non de lei a trav\u00e9s da que se insta ao Goberno galego a que, con motivo do cumprimento do centenario do falecemento do escritor Eduardo Pondal, lle dea [&hellip;]<\/p>\n","protected":false},"author":37,"featured_media":0,"comment_status":"open","ping_status":"open","sticky":false,"template":"","format":"standard","meta":{"_acf_changed":false,"footnotes":""},"categories":[1],"tags":[],"class_list":["post-53823","post","type-post","status-publish","format-standard","hentry","category-pp-de-galicia"],"acf":[],"yoast_head":"<!-- This site is optimized with the Yoast SEO plugin v27.3 - https:\/\/yoast.com\/product\/yoast-seo-wordpress\/ -->\n<title>O Parlamento insta \u00e1 Xunta a que impulse a difusi\u00f3n da figura de Educardo Pondal con motivo do centenario do seu pasamento - PP de Galicia<\/title>\n<meta name=\"robots\" content=\"index, follow, max-snippet:-1, max-image-preview:large, max-video-preview:-1\" \/>\n<link rel=\"canonical\" href=\"https:\/\/ppdegalicia.com\/es\/o-parlamento-insta-a-xunta-a-que-impulse-a-difusion-da-figura-de-educardo-pondal-con-motivo-do-centenario-do-seu-pasamento\/\" \/>\n<meta property=\"og:locale\" content=\"es_ES\" \/>\n<meta property=\"og:type\" content=\"article\" \/>\n<meta property=\"og:title\" content=\"O Parlamento insta \u00e1 Xunta a que impulse a difusi\u00f3n da figura de Educardo Pondal con motivo do centenario do seu pasamento - PP de Galicia\" \/>\n<meta property=\"og:description\" content=\"Santiago, 16 de novembro de 2017.- O Parlamento de Galicia aprobou hoxe por unanimidade, logo dunha transacci\u00f3n entre o Grupo Popular e o Grupo Socialista, unha proposici\u00f3n non de lei a trav\u00e9s da que se insta ao Goberno galego a que, con motivo do cumprimento do centenario do falecemento do escritor Eduardo Pondal, lle dea [&hellip;]\" \/>\n<meta property=\"og:url\" content=\"https:\/\/ppdegalicia.com\/es\/o-parlamento-insta-a-xunta-a-que-impulse-a-difusion-da-figura-de-educardo-pondal-con-motivo-do-centenario-do-seu-pasamento\/\" \/>\n<meta property=\"og:site_name\" content=\"PP de Galicia\" \/>\n<meta property=\"article:publisher\" content=\"https:\/\/www.instagram.com\/ppdegalicia\/\" \/>\n<meta property=\"article:published_time\" content=\"2017-11-16T09:47:25+00:00\" \/>\n<meta name=\"author\" content=\"Super User\" \/>\n<meta name=\"twitter:card\" content=\"summary_large_image\" \/>\n<meta name=\"twitter:creator\" content=\"@ppdegalicia\" \/>\n<meta name=\"twitter:site\" content=\"@ppdegalicia\" \/>\n<meta name=\"twitter:label1\" content=\"Escrito por\" \/>\n\t<meta name=\"twitter:data1\" content=\"Super User\" \/>\n\t<meta name=\"twitter:label2\" content=\"Tiempo de lectura\" \/>\n\t<meta name=\"twitter:data2\" content=\"2 minutos\" \/>\n<script type=\"application\/ld+json\" class=\"yoast-schema-graph\">{\"@context\":\"https:\\\/\\\/schema.org\",\"@graph\":[{\"@type\":\"Article\",\"@id\":\"https:\\\/\\\/ppdegalicia.com\\\/es\\\/o-parlamento-insta-a-xunta-a-que-impulse-a-difusion-da-figura-de-educardo-pondal-con-motivo-do-centenario-do-seu-pasamento\\\/#article\",\"isPartOf\":{\"@id\":\"https:\\\/\\\/ppdegalicia.com\\\/es\\\/o-parlamento-insta-a-xunta-a-que-impulse-a-difusion-da-figura-de-educardo-pondal-con-motivo-do-centenario-do-seu-pasamento\\\/\"},\"author\":{\"name\":\"Super User\",\"@id\":\"https:\\\/\\\/ppdegalicia.com\\\/es\\\/#\\\/schema\\\/person\\\/d0f013b8388c980665d44009ab762960\"},\"headline\":\"O Parlamento insta \u00e1 Xunta a que impulse a difusi\u00f3n da figura de Educardo Pondal con motivo do centenario do seu pasamento\",\"datePublished\":\"2017-11-16T09:47:25+00:00\",\"mainEntityOfPage\":{\"@id\":\"https:\\\/\\\/ppdegalicia.com\\\/es\\\/o-parlamento-insta-a-xunta-a-que-impulse-a-difusion-da-figura-de-educardo-pondal-con-motivo-do-centenario-do-seu-pasamento\\\/\"},\"wordCount\":491,\"commentCount\":0,\"publisher\":{\"@id\":\"https:\\\/\\\/ppdegalicia.com\\\/es\\\/#organization\"},\"articleSection\":[\"PP de Galicia\"],\"inLanguage\":\"es\",\"potentialAction\":[{\"@type\":\"CommentAction\",\"name\":\"Comment\",\"target\":[\"https:\\\/\\\/ppdegalicia.com\\\/es\\\/o-parlamento-insta-a-xunta-a-que-impulse-a-difusion-da-figura-de-educardo-pondal-con-motivo-do-centenario-do-seu-pasamento\\\/#respond\"]}]},{\"@type\":\"WebPage\",\"@id\":\"https:\\\/\\\/ppdegalicia.com\\\/es\\\/o-parlamento-insta-a-xunta-a-que-impulse-a-difusion-da-figura-de-educardo-pondal-con-motivo-do-centenario-do-seu-pasamento\\\/\",\"url\":\"https:\\\/\\\/ppdegalicia.com\\\/es\\\/o-parlamento-insta-a-xunta-a-que-impulse-a-difusion-da-figura-de-educardo-pondal-con-motivo-do-centenario-do-seu-pasamento\\\/\",\"name\":\"O Parlamento insta \u00e1 Xunta a que impulse a difusi\u00f3n da figura de Educardo Pondal con motivo do centenario do seu pasamento - PP de Galicia\",\"isPartOf\":{\"@id\":\"https:\\\/\\\/ppdegalicia.com\\\/es\\\/#website\"},\"datePublished\":\"2017-11-16T09:47:25+00:00\",\"breadcrumb\":{\"@id\":\"https:\\\/\\\/ppdegalicia.com\\\/es\\\/o-parlamento-insta-a-xunta-a-que-impulse-a-difusion-da-figura-de-educardo-pondal-con-motivo-do-centenario-do-seu-pasamento\\\/#breadcrumb\"},\"inLanguage\":\"es\",\"potentialAction\":[{\"@type\":\"ReadAction\",\"target\":[\"https:\\\/\\\/ppdegalicia.com\\\/es\\\/o-parlamento-insta-a-xunta-a-que-impulse-a-difusion-da-figura-de-educardo-pondal-con-motivo-do-centenario-do-seu-pasamento\\\/\"]}]},{\"@type\":\"BreadcrumbList\",\"@id\":\"https:\\\/\\\/ppdegalicia.com\\\/es\\\/o-parlamento-insta-a-xunta-a-que-impulse-a-difusion-da-figura-de-educardo-pondal-con-motivo-do-centenario-do-seu-pasamento\\\/#breadcrumb\",\"itemListElement\":[{\"@type\":\"ListItem\",\"position\":1,\"name\":\"Portada\",\"item\":\"https:\\\/\\\/ppdegalicia.com\\\/es\\\/\"},{\"@type\":\"ListItem\",\"position\":2,\"name\":\"O Parlamento insta \u00e1 Xunta a que impulse a difusi\u00f3n da figura de Educardo Pondal con motivo do centenario do seu pasamento\"}]},{\"@type\":\"WebSite\",\"@id\":\"https:\\\/\\\/ppdegalicia.com\\\/es\\\/#website\",\"url\":\"https:\\\/\\\/ppdegalicia.com\\\/es\\\/\",\"name\":\"Partido Popular de Galicia\",\"description\":\"Partido Popular de Galicia\",\"publisher\":{\"@id\":\"https:\\\/\\\/ppdegalicia.com\\\/es\\\/#organization\"},\"alternateName\":\"PP de Galicia\",\"potentialAction\":[{\"@type\":\"SearchAction\",\"target\":{\"@type\":\"EntryPoint\",\"urlTemplate\":\"https:\\\/\\\/ppdegalicia.com\\\/es\\\/?s={search_term_string}\"},\"query-input\":{\"@type\":\"PropertyValueSpecification\",\"valueRequired\":true,\"valueName\":\"search_term_string\"}}],\"inLanguage\":\"es\"},{\"@type\":\"Organization\",\"@id\":\"https:\\\/\\\/ppdegalicia.com\\\/es\\\/#organization\",\"name\":\"Partido Popular de Galicia\",\"alternateName\":\"PP de Galicia\",\"url\":\"https:\\\/\\\/ppdegalicia.com\\\/es\\\/\",\"logo\":{\"@type\":\"ImageObject\",\"inLanguage\":\"es\",\"@id\":\"https:\\\/\\\/ppdegalicia.com\\\/es\\\/#\\\/schema\\\/logo\\\/image\\\/\",\"url\":\"https:\\\/\\\/ppdegalicia.com\\\/wp-content\\\/uploads\\\/2023\\\/04\\\/logoPP512.png\",\"contentUrl\":\"https:\\\/\\\/ppdegalicia.com\\\/wp-content\\\/uploads\\\/2023\\\/04\\\/logoPP512.png\",\"width\":512,\"height\":512,\"caption\":\"Partido Popular de Galicia\"},\"image\":{\"@id\":\"https:\\\/\\\/ppdegalicia.com\\\/es\\\/#\\\/schema\\\/logo\\\/image\\\/\"},\"sameAs\":[\"https:\\\/\\\/www.instagram.com\\\/ppdegalicia\\\/\",\"https:\\\/\\\/x.com\\\/ppdegalicia\",\"https:\\\/\\\/www.tiktok.com\\\/@ppdegalicia\",\"https:\\\/\\\/www.youtube.com\\\/user\\\/ppdegalicia\"]},{\"@type\":\"Person\",\"@id\":\"https:\\\/\\\/ppdegalicia.com\\\/es\\\/#\\\/schema\\\/person\\\/d0f013b8388c980665d44009ab762960\",\"name\":\"Super User\",\"image\":{\"@type\":\"ImageObject\",\"inLanguage\":\"es\",\"@id\":\"https:\\\/\\\/secure.gravatar.com\\\/avatar\\\/1db852625ef4948f58d2739bfbc51e4b9bd5c93b8fa340b59fdb594ca0845645?s=96&d=mm&r=g\",\"url\":\"https:\\\/\\\/secure.gravatar.com\\\/avatar\\\/1db852625ef4948f58d2739bfbc51e4b9bd5c93b8fa340b59fdb594ca0845645?s=96&d=mm&r=g\",\"contentUrl\":\"https:\\\/\\\/secure.gravatar.com\\\/avatar\\\/1db852625ef4948f58d2739bfbc51e4b9bd5c93b8fa340b59fdb594ca0845645?s=96&d=mm&r=g\",\"caption\":\"Super User\"},\"url\":\"https:\\\/\\\/ppdegalicia.com\\\/es\\\/author\\\/ppdegaliciagestion\\\/\"}]}<\/script>\n<!-- \/ Yoast SEO plugin. -->","yoast_head_json":{"title":"O Parlamento insta \u00e1 Xunta a que impulse a difusi\u00f3n da figura de Educardo Pondal con motivo do centenario do seu pasamento - PP de Galicia","robots":{"index":"index","follow":"follow","max-snippet":"max-snippet:-1","max-image-preview":"max-image-preview:large","max-video-preview":"max-video-preview:-1"},"canonical":"https:\/\/ppdegalicia.com\/es\/o-parlamento-insta-a-xunta-a-que-impulse-a-difusion-da-figura-de-educardo-pondal-con-motivo-do-centenario-do-seu-pasamento\/","og_locale":"es_ES","og_type":"article","og_title":"O Parlamento insta \u00e1 Xunta a que impulse a difusi\u00f3n da figura de Educardo Pondal con motivo do centenario do seu pasamento - PP de Galicia","og_description":"Santiago, 16 de novembro de 2017.- O Parlamento de Galicia aprobou hoxe por unanimidade, logo dunha transacci\u00f3n entre o Grupo Popular e o Grupo Socialista, unha proposici\u00f3n non de lei a trav\u00e9s da que se insta ao Goberno galego a que, con motivo do cumprimento do centenario do falecemento do escritor Eduardo Pondal, lle dea [&hellip;]","og_url":"https:\/\/ppdegalicia.com\/es\/o-parlamento-insta-a-xunta-a-que-impulse-a-difusion-da-figura-de-educardo-pondal-con-motivo-do-centenario-do-seu-pasamento\/","og_site_name":"PP de Galicia","article_publisher":"https:\/\/www.instagram.com\/ppdegalicia\/","article_published_time":"2017-11-16T09:47:25+00:00","author":"Super User","twitter_card":"summary_large_image","twitter_creator":"@ppdegalicia","twitter_site":"@ppdegalicia","twitter_misc":{"Escrito por":"Super User","Tiempo de lectura":"2 minutos"},"schema":{"@context":"https:\/\/schema.org","@graph":[{"@type":"Article","@id":"https:\/\/ppdegalicia.com\/es\/o-parlamento-insta-a-xunta-a-que-impulse-a-difusion-da-figura-de-educardo-pondal-con-motivo-do-centenario-do-seu-pasamento\/#article","isPartOf":{"@id":"https:\/\/ppdegalicia.com\/es\/o-parlamento-insta-a-xunta-a-que-impulse-a-difusion-da-figura-de-educardo-pondal-con-motivo-do-centenario-do-seu-pasamento\/"},"author":{"name":"Super User","@id":"https:\/\/ppdegalicia.com\/es\/#\/schema\/person\/d0f013b8388c980665d44009ab762960"},"headline":"O Parlamento insta \u00e1 Xunta a que impulse a difusi\u00f3n da figura de Educardo Pondal con motivo do centenario do seu pasamento","datePublished":"2017-11-16T09:47:25+00:00","mainEntityOfPage":{"@id":"https:\/\/ppdegalicia.com\/es\/o-parlamento-insta-a-xunta-a-que-impulse-a-difusion-da-figura-de-educardo-pondal-con-motivo-do-centenario-do-seu-pasamento\/"},"wordCount":491,"commentCount":0,"publisher":{"@id":"https:\/\/ppdegalicia.com\/es\/#organization"},"articleSection":["PP de Galicia"],"inLanguage":"es","potentialAction":[{"@type":"CommentAction","name":"Comment","target":["https:\/\/ppdegalicia.com\/es\/o-parlamento-insta-a-xunta-a-que-impulse-a-difusion-da-figura-de-educardo-pondal-con-motivo-do-centenario-do-seu-pasamento\/#respond"]}]},{"@type":"WebPage","@id":"https:\/\/ppdegalicia.com\/es\/o-parlamento-insta-a-xunta-a-que-impulse-a-difusion-da-figura-de-educardo-pondal-con-motivo-do-centenario-do-seu-pasamento\/","url":"https:\/\/ppdegalicia.com\/es\/o-parlamento-insta-a-xunta-a-que-impulse-a-difusion-da-figura-de-educardo-pondal-con-motivo-do-centenario-do-seu-pasamento\/","name":"O Parlamento insta \u00e1 Xunta a que impulse a difusi\u00f3n da figura de Educardo Pondal con motivo do centenario do seu pasamento - PP de Galicia","isPartOf":{"@id":"https:\/\/ppdegalicia.com\/es\/#website"},"datePublished":"2017-11-16T09:47:25+00:00","breadcrumb":{"@id":"https:\/\/ppdegalicia.com\/es\/o-parlamento-insta-a-xunta-a-que-impulse-a-difusion-da-figura-de-educardo-pondal-con-motivo-do-centenario-do-seu-pasamento\/#breadcrumb"},"inLanguage":"es","potentialAction":[{"@type":"ReadAction","target":["https:\/\/ppdegalicia.com\/es\/o-parlamento-insta-a-xunta-a-que-impulse-a-difusion-da-figura-de-educardo-pondal-con-motivo-do-centenario-do-seu-pasamento\/"]}]},{"@type":"BreadcrumbList","@id":"https:\/\/ppdegalicia.com\/es\/o-parlamento-insta-a-xunta-a-que-impulse-a-difusion-da-figura-de-educardo-pondal-con-motivo-do-centenario-do-seu-pasamento\/#breadcrumb","itemListElement":[{"@type":"ListItem","position":1,"name":"Portada","item":"https:\/\/ppdegalicia.com\/es\/"},{"@type":"ListItem","position":2,"name":"O Parlamento insta \u00e1 Xunta a que impulse a difusi\u00f3n da figura de Educardo Pondal con motivo do centenario do seu pasamento"}]},{"@type":"WebSite","@id":"https:\/\/ppdegalicia.com\/es\/#website","url":"https:\/\/ppdegalicia.com\/es\/","name":"Partido Popular de Galicia","description":"Partido Popular de Galicia","publisher":{"@id":"https:\/\/ppdegalicia.com\/es\/#organization"},"alternateName":"PP de Galicia","potentialAction":[{"@type":"SearchAction","target":{"@type":"EntryPoint","urlTemplate":"https:\/\/ppdegalicia.com\/es\/?s={search_term_string}"},"query-input":{"@type":"PropertyValueSpecification","valueRequired":true,"valueName":"search_term_string"}}],"inLanguage":"es"},{"@type":"Organization","@id":"https:\/\/ppdegalicia.com\/es\/#organization","name":"Partido Popular de Galicia","alternateName":"PP de Galicia","url":"https:\/\/ppdegalicia.com\/es\/","logo":{"@type":"ImageObject","inLanguage":"es","@id":"https:\/\/ppdegalicia.com\/es\/#\/schema\/logo\/image\/","url":"https:\/\/ppdegalicia.com\/wp-content\/uploads\/2023\/04\/logoPP512.png","contentUrl":"https:\/\/ppdegalicia.com\/wp-content\/uploads\/2023\/04\/logoPP512.png","width":512,"height":512,"caption":"Partido Popular de Galicia"},"image":{"@id":"https:\/\/ppdegalicia.com\/es\/#\/schema\/logo\/image\/"},"sameAs":["https:\/\/www.instagram.com\/ppdegalicia\/","https:\/\/x.com\/ppdegalicia","https:\/\/www.tiktok.com\/@ppdegalicia","https:\/\/www.youtube.com\/user\/ppdegalicia"]},{"@type":"Person","@id":"https:\/\/ppdegalicia.com\/es\/#\/schema\/person\/d0f013b8388c980665d44009ab762960","name":"Super User","image":{"@type":"ImageObject","inLanguage":"es","@id":"https:\/\/secure.gravatar.com\/avatar\/1db852625ef4948f58d2739bfbc51e4b9bd5c93b8fa340b59fdb594ca0845645?s=96&d=mm&r=g","url":"https:\/\/secure.gravatar.com\/avatar\/1db852625ef4948f58d2739bfbc51e4b9bd5c93b8fa340b59fdb594ca0845645?s=96&d=mm&r=g","contentUrl":"https:\/\/secure.gravatar.com\/avatar\/1db852625ef4948f58d2739bfbc51e4b9bd5c93b8fa340b59fdb594ca0845645?s=96&d=mm&r=g","caption":"Super User"},"url":"https:\/\/ppdegalicia.com\/es\/author\/ppdegaliciagestion\/"}]}},"_links":{"self":[{"href":"https:\/\/ppdegalicia.com\/es\/wp-json\/wp\/v2\/posts\/53823","targetHints":{"allow":["GET"]}}],"collection":[{"href":"https:\/\/ppdegalicia.com\/es\/wp-json\/wp\/v2\/posts"}],"about":[{"href":"https:\/\/ppdegalicia.com\/es\/wp-json\/wp\/v2\/types\/post"}],"author":[{"embeddable":true,"href":"https:\/\/ppdegalicia.com\/es\/wp-json\/wp\/v2\/users\/37"}],"replies":[{"embeddable":true,"href":"https:\/\/ppdegalicia.com\/es\/wp-json\/wp\/v2\/comments?post=53823"}],"version-history":[{"count":0,"href":"https:\/\/ppdegalicia.com\/es\/wp-json\/wp\/v2\/posts\/53823\/revisions"}],"wp:attachment":[{"href":"https:\/\/ppdegalicia.com\/es\/wp-json\/wp\/v2\/media?parent=53823"}],"wp:term":[{"taxonomy":"category","embeddable":true,"href":"https:\/\/ppdegalicia.com\/es\/wp-json\/wp\/v2\/categories?post=53823"},{"taxonomy":"post_tag","embeddable":true,"href":"https:\/\/ppdegalicia.com\/es\/wp-json\/wp\/v2\/tags?post=53823"}],"curies":[{"name":"wp","href":"https:\/\/api.w.org\/{rel}","templated":true}]}}