{"id":53828,"date":"2017-11-17T16:35:04","date_gmt":"2017-11-17T14:35:04","guid":{"rendered":"https:\/\/ppdegalicia.com\/o-gpp-critica-que-en-marea-pretenda-retrasar-a-implantacion-do-plan-de-transporte-publico-solicitando-a-constitucion-dunha-comision-de-estudio\/"},"modified":"2017-11-17T16:35:04","modified_gmt":"2017-11-17T14:35:04","slug":"o-gpp-critica-que-en-marea-pretenda-retrasar-a-implantacion-do-plan-de-transporte-publico-solicitando-a-constitucion-dunha-comision-de-estudio","status":"publish","type":"post","link":"https:\/\/ppdegalicia.com\/es\/o-gpp-critica-que-en-marea-pretenda-retrasar-a-implantacion-do-plan-de-transporte-publico-solicitando-a-constitucion-dunha-comision-de-estudio\/","title":{"rendered":"O GPP critica que En Marea pretenda retrasar a implantaci\u00f3n do Plan de Transporte P\u00fablico solicitando a constituci\u00f3n dunha comisi\u00f3n de estudio"},"content":{"rendered":"<p>Santiago, 17 de novembro de 2017.- O portavoz de Infraestruturas do Grupo Popular, Mart\u00edn Fern\u00e1ndez Prado, criticou hoxe que En Marea \u201cpretenda retrasar a implantaci\u00f3n do Plan de Transporte P\u00fablico en Galicia solicitando a constituci\u00f3n dunha comisi\u00f3n de estudo, unha iniciativa que ademais xa se ten debatido neste Parlamento\u201d.<\/p>\n<p><!--more--><\/p>\n<p>\u201cSeguen co obxectivo de que os galegos se queden sen transporte no rural\u201d, lamentou Fern\u00e1ndez Prado, quen lembrou que \u201co intentaron no pasado mes de agosto, pedindo que se retirase a primeira fase, e agora queren dilatar o proceso para que non se chegue a tempo co plan de transportes e os cidad\u00e1ns queden sen ese servicio b\u00e1sico\u201d.<\/p>\n<p><strong>NING\u00daN D\u00cdA SEN TRANSPORTE<\/strong><\/p>\n<p>O portavoz popular destacou que, \u201cgracias ao traballo da Xunta, non houbo ning\u00fan d\u00eda sen transporte\u201d e criticou que \u00e1 oposici\u00f3n \u201cs\u00f3 lle interesa po\u00f1er o foco nas incidencias puntuais que xa est\u00e1n resoltas\u201d.<br \/>As\u00ed mesmo, Mart\u00edn Fern\u00e1ndez salientou que o Goberno galego \u201cest\u00e1 realizando un traballo exhaustivo, con rigor t\u00e9cnico e participado\u201d. As\u00ed, recordou que \u201cnon s\u00f3 se abriu \u00e1 participaci\u00f3n dos concellos a nivel individual, sen\u00f3n a outros sectores implicados como o colectivo educativo, a asociaci\u00f3ns de transporte, empresas&nbsp; ou sindicato, entre outros\u201d.<\/p>\n","protected":false},"excerpt":{"rendered":"<p>Santiago, 17 de novembro de 2017.- O portavoz de Infraestruturas do Grupo Popular, Mart\u00edn Fern\u00e1ndez Prado, criticou hoxe que En Marea \u201cpretenda retrasar a implantaci\u00f3n do Plan de Transporte P\u00fablico en Galicia solicitando a constituci\u00f3n dunha comisi\u00f3n de estudo, unha iniciativa que ademais xa se ten debatido neste Parlamento\u201d.<\/p>\n","protected":false},"author":37,"featured_media":0,"comment_status":"open","ping_status":"open","sticky":false,"template":"","format":"standard","meta":{"_acf_changed":false,"footnotes":""},"categories":[1],"tags":[],"class_list":["post-53828","post","type-post","status-publish","format-standard","hentry","category-pp-de-galicia"],"acf":[],"yoast_head":"<!-- This site is optimized with the Yoast SEO plugin v27.3 - https:\/\/yoast.com\/product\/yoast-seo-wordpress\/ -->\n<title>O GPP critica que En Marea pretenda retrasar a implantaci\u00f3n do Plan de Transporte P\u00fablico solicitando a constituci\u00f3n dunha comisi\u00f3n de estudio - PP de Galicia<\/title>\n<meta name=\"robots\" content=\"index, follow, max-snippet:-1, max-image-preview:large, max-video-preview:-1\" \/>\n<link rel=\"canonical\" href=\"https:\/\/ppdegalicia.com\/es\/o-gpp-critica-que-en-marea-pretenda-retrasar-a-implantacion-do-plan-de-transporte-publico-solicitando-a-constitucion-dunha-comision-de-estudio\/\" \/>\n<meta property=\"og:locale\" content=\"es_ES\" \/>\n<meta property=\"og:type\" content=\"article\" \/>\n<meta property=\"og:title\" content=\"O GPP critica que En Marea pretenda retrasar a implantaci\u00f3n do Plan de Transporte P\u00fablico solicitando a constituci\u00f3n dunha comisi\u00f3n de estudio - PP de Galicia\" \/>\n<meta property=\"og:description\" content=\"Santiago, 17 de novembro de 2017.- O portavoz de Infraestruturas do Grupo Popular, Mart\u00edn Fern\u00e1ndez Prado, criticou hoxe que En Marea \u201cpretenda retrasar a implantaci\u00f3n do Plan de Transporte P\u00fablico en Galicia solicitando a constituci\u00f3n dunha comisi\u00f3n de estudo, unha iniciativa que ademais xa se ten debatido neste Parlamento\u201d.\" \/>\n<meta property=\"og:url\" content=\"https:\/\/ppdegalicia.com\/es\/o-gpp-critica-que-en-marea-pretenda-retrasar-a-implantacion-do-plan-de-transporte-publico-solicitando-a-constitucion-dunha-comision-de-estudio\/\" \/>\n<meta property=\"og:site_name\" content=\"PP de Galicia\" \/>\n<meta property=\"article:publisher\" content=\"https:\/\/www.instagram.com\/ppdegalicia\/\" \/>\n<meta property=\"article:published_time\" content=\"2017-11-17T14:35:04+00:00\" \/>\n<meta name=\"author\" content=\"Super User\" \/>\n<meta name=\"twitter:card\" content=\"summary_large_image\" \/>\n<meta name=\"twitter:creator\" content=\"@ppdegalicia\" \/>\n<meta name=\"twitter:site\" content=\"@ppdegalicia\" \/>\n<meta name=\"twitter:label1\" content=\"Escrito por\" \/>\n\t<meta name=\"twitter:data1\" content=\"Super User\" \/>\n\t<meta name=\"twitter:label2\" content=\"Tiempo de lectura\" \/>\n\t<meta name=\"twitter:data2\" content=\"1 minuto\" \/>\n<script type=\"application\/ld+json\" class=\"yoast-schema-graph\">{\"@context\":\"https:\\\/\\\/schema.org\",\"@graph\":[{\"@type\":\"Article\",\"@id\":\"https:\\\/\\\/ppdegalicia.com\\\/es\\\/o-gpp-critica-que-en-marea-pretenda-retrasar-a-implantacion-do-plan-de-transporte-publico-solicitando-a-constitucion-dunha-comision-de-estudio\\\/#article\",\"isPartOf\":{\"@id\":\"https:\\\/\\\/ppdegalicia.com\\\/es\\\/o-gpp-critica-que-en-marea-pretenda-retrasar-a-implantacion-do-plan-de-transporte-publico-solicitando-a-constitucion-dunha-comision-de-estudio\\\/\"},\"author\":{\"name\":\"Super User\",\"@id\":\"https:\\\/\\\/ppdegalicia.com\\\/es\\\/#\\\/schema\\\/person\\\/d0f013b8388c980665d44009ab762960\"},\"headline\":\"O GPP critica que En Marea pretenda retrasar a implantaci\u00f3n do Plan de Transporte P\u00fablico solicitando a constituci\u00f3n dunha comisi\u00f3n de estudio\",\"datePublished\":\"2017-11-17T14:35:04+00:00\",\"mainEntityOfPage\":{\"@id\":\"https:\\\/\\\/ppdegalicia.com\\\/es\\\/o-gpp-critica-que-en-marea-pretenda-retrasar-a-implantacion-do-plan-de-transporte-publico-solicitando-a-constitucion-dunha-comision-de-estudio\\\/\"},\"wordCount\":242,\"commentCount\":0,\"publisher\":{\"@id\":\"https:\\\/\\\/ppdegalicia.com\\\/es\\\/#organization\"},\"articleSection\":[\"PP de Galicia\"],\"inLanguage\":\"es\",\"potentialAction\":[{\"@type\":\"CommentAction\",\"name\":\"Comment\",\"target\":[\"https:\\\/\\\/ppdegalicia.com\\\/es\\\/o-gpp-critica-que-en-marea-pretenda-retrasar-a-implantacion-do-plan-de-transporte-publico-solicitando-a-constitucion-dunha-comision-de-estudio\\\/#respond\"]}]},{\"@type\":\"WebPage\",\"@id\":\"https:\\\/\\\/ppdegalicia.com\\\/es\\\/o-gpp-critica-que-en-marea-pretenda-retrasar-a-implantacion-do-plan-de-transporte-publico-solicitando-a-constitucion-dunha-comision-de-estudio\\\/\",\"url\":\"https:\\\/\\\/ppdegalicia.com\\\/es\\\/o-gpp-critica-que-en-marea-pretenda-retrasar-a-implantacion-do-plan-de-transporte-publico-solicitando-a-constitucion-dunha-comision-de-estudio\\\/\",\"name\":\"O GPP critica que En Marea pretenda retrasar a implantaci\u00f3n do Plan de Transporte P\u00fablico solicitando a constituci\u00f3n dunha comisi\u00f3n de estudio - PP de Galicia\",\"isPartOf\":{\"@id\":\"https:\\\/\\\/ppdegalicia.com\\\/es\\\/#website\"},\"datePublished\":\"2017-11-17T14:35:04+00:00\",\"breadcrumb\":{\"@id\":\"https:\\\/\\\/ppdegalicia.com\\\/es\\\/o-gpp-critica-que-en-marea-pretenda-retrasar-a-implantacion-do-plan-de-transporte-publico-solicitando-a-constitucion-dunha-comision-de-estudio\\\/#breadcrumb\"},\"inLanguage\":\"es\",\"potentialAction\":[{\"@type\":\"ReadAction\",\"target\":[\"https:\\\/\\\/ppdegalicia.com\\\/es\\\/o-gpp-critica-que-en-marea-pretenda-retrasar-a-implantacion-do-plan-de-transporte-publico-solicitando-a-constitucion-dunha-comision-de-estudio\\\/\"]}]},{\"@type\":\"BreadcrumbList\",\"@id\":\"https:\\\/\\\/ppdegalicia.com\\\/es\\\/o-gpp-critica-que-en-marea-pretenda-retrasar-a-implantacion-do-plan-de-transporte-publico-solicitando-a-constitucion-dunha-comision-de-estudio\\\/#breadcrumb\",\"itemListElement\":[{\"@type\":\"ListItem\",\"position\":1,\"name\":\"Portada\",\"item\":\"https:\\\/\\\/ppdegalicia.com\\\/es\\\/\"},{\"@type\":\"ListItem\",\"position\":2,\"name\":\"O GPP critica que En Marea pretenda retrasar a implantaci\u00f3n do Plan de Transporte P\u00fablico solicitando a constituci\u00f3n dunha comisi\u00f3n de estudio\"}]},{\"@type\":\"WebSite\",\"@id\":\"https:\\\/\\\/ppdegalicia.com\\\/es\\\/#website\",\"url\":\"https:\\\/\\\/ppdegalicia.com\\\/es\\\/\",\"name\":\"Partido Popular de Galicia\",\"description\":\"Partido Popular de Galicia\",\"publisher\":{\"@id\":\"https:\\\/\\\/ppdegalicia.com\\\/es\\\/#organization\"},\"alternateName\":\"PP de Galicia\",\"potentialAction\":[{\"@type\":\"SearchAction\",\"target\":{\"@type\":\"EntryPoint\",\"urlTemplate\":\"https:\\\/\\\/ppdegalicia.com\\\/es\\\/?s={search_term_string}\"},\"query-input\":{\"@type\":\"PropertyValueSpecification\",\"valueRequired\":true,\"valueName\":\"search_term_string\"}}],\"inLanguage\":\"es\"},{\"@type\":\"Organization\",\"@id\":\"https:\\\/\\\/ppdegalicia.com\\\/es\\\/#organization\",\"name\":\"Partido Popular de Galicia\",\"alternateName\":\"PP de Galicia\",\"url\":\"https:\\\/\\\/ppdegalicia.com\\\/es\\\/\",\"logo\":{\"@type\":\"ImageObject\",\"inLanguage\":\"es\",\"@id\":\"https:\\\/\\\/ppdegalicia.com\\\/es\\\/#\\\/schema\\\/logo\\\/image\\\/\",\"url\":\"https:\\\/\\\/ppdegalicia.com\\\/wp-content\\\/uploads\\\/2023\\\/04\\\/logoPP512.png\",\"contentUrl\":\"https:\\\/\\\/ppdegalicia.com\\\/wp-content\\\/uploads\\\/2023\\\/04\\\/logoPP512.png\",\"width\":512,\"height\":512,\"caption\":\"Partido Popular de Galicia\"},\"image\":{\"@id\":\"https:\\\/\\\/ppdegalicia.com\\\/es\\\/#\\\/schema\\\/logo\\\/image\\\/\"},\"sameAs\":[\"https:\\\/\\\/www.instagram.com\\\/ppdegalicia\\\/\",\"https:\\\/\\\/x.com\\\/ppdegalicia\",\"https:\\\/\\\/www.tiktok.com\\\/@ppdegalicia\",\"https:\\\/\\\/www.youtube.com\\\/user\\\/ppdegalicia\"]},{\"@type\":\"Person\",\"@id\":\"https:\\\/\\\/ppdegalicia.com\\\/es\\\/#\\\/schema\\\/person\\\/d0f013b8388c980665d44009ab762960\",\"name\":\"Super User\",\"image\":{\"@type\":\"ImageObject\",\"inLanguage\":\"es\",\"@id\":\"https:\\\/\\\/secure.gravatar.com\\\/avatar\\\/1db852625ef4948f58d2739bfbc51e4b9bd5c93b8fa340b59fdb594ca0845645?s=96&d=mm&r=g\",\"url\":\"https:\\\/\\\/secure.gravatar.com\\\/avatar\\\/1db852625ef4948f58d2739bfbc51e4b9bd5c93b8fa340b59fdb594ca0845645?s=96&d=mm&r=g\",\"contentUrl\":\"https:\\\/\\\/secure.gravatar.com\\\/avatar\\\/1db852625ef4948f58d2739bfbc51e4b9bd5c93b8fa340b59fdb594ca0845645?s=96&d=mm&r=g\",\"caption\":\"Super User\"},\"url\":\"https:\\\/\\\/ppdegalicia.com\\\/es\\\/author\\\/ppdegaliciagestion\\\/\"}]}<\/script>\n<!-- \/ Yoast SEO plugin. -->","yoast_head_json":{"title":"O GPP critica que En Marea pretenda retrasar a implantaci\u00f3n do Plan de Transporte P\u00fablico solicitando a constituci\u00f3n dunha comisi\u00f3n de estudio - PP de Galicia","robots":{"index":"index","follow":"follow","max-snippet":"max-snippet:-1","max-image-preview":"max-image-preview:large","max-video-preview":"max-video-preview:-1"},"canonical":"https:\/\/ppdegalicia.com\/es\/o-gpp-critica-que-en-marea-pretenda-retrasar-a-implantacion-do-plan-de-transporte-publico-solicitando-a-constitucion-dunha-comision-de-estudio\/","og_locale":"es_ES","og_type":"article","og_title":"O GPP critica que En Marea pretenda retrasar a implantaci\u00f3n do Plan de Transporte P\u00fablico solicitando a constituci\u00f3n dunha comisi\u00f3n de estudio - PP de Galicia","og_description":"Santiago, 17 de novembro de 2017.- O portavoz de Infraestruturas do Grupo Popular, Mart\u00edn Fern\u00e1ndez Prado, criticou hoxe que En Marea \u201cpretenda retrasar a implantaci\u00f3n do Plan de Transporte P\u00fablico en Galicia solicitando a constituci\u00f3n dunha comisi\u00f3n de estudo, unha iniciativa que ademais xa se ten debatido neste Parlamento\u201d.","og_url":"https:\/\/ppdegalicia.com\/es\/o-gpp-critica-que-en-marea-pretenda-retrasar-a-implantacion-do-plan-de-transporte-publico-solicitando-a-constitucion-dunha-comision-de-estudio\/","og_site_name":"PP de Galicia","article_publisher":"https:\/\/www.instagram.com\/ppdegalicia\/","article_published_time":"2017-11-17T14:35:04+00:00","author":"Super User","twitter_card":"summary_large_image","twitter_creator":"@ppdegalicia","twitter_site":"@ppdegalicia","twitter_misc":{"Escrito por":"Super User","Tiempo de lectura":"1 minuto"},"schema":{"@context":"https:\/\/schema.org","@graph":[{"@type":"Article","@id":"https:\/\/ppdegalicia.com\/es\/o-gpp-critica-que-en-marea-pretenda-retrasar-a-implantacion-do-plan-de-transporte-publico-solicitando-a-constitucion-dunha-comision-de-estudio\/#article","isPartOf":{"@id":"https:\/\/ppdegalicia.com\/es\/o-gpp-critica-que-en-marea-pretenda-retrasar-a-implantacion-do-plan-de-transporte-publico-solicitando-a-constitucion-dunha-comision-de-estudio\/"},"author":{"name":"Super User","@id":"https:\/\/ppdegalicia.com\/es\/#\/schema\/person\/d0f013b8388c980665d44009ab762960"},"headline":"O GPP critica que En Marea pretenda retrasar a implantaci\u00f3n do Plan de Transporte P\u00fablico solicitando a constituci\u00f3n dunha comisi\u00f3n de estudio","datePublished":"2017-11-17T14:35:04+00:00","mainEntityOfPage":{"@id":"https:\/\/ppdegalicia.com\/es\/o-gpp-critica-que-en-marea-pretenda-retrasar-a-implantacion-do-plan-de-transporte-publico-solicitando-a-constitucion-dunha-comision-de-estudio\/"},"wordCount":242,"commentCount":0,"publisher":{"@id":"https:\/\/ppdegalicia.com\/es\/#organization"},"articleSection":["PP de Galicia"],"inLanguage":"es","potentialAction":[{"@type":"CommentAction","name":"Comment","target":["https:\/\/ppdegalicia.com\/es\/o-gpp-critica-que-en-marea-pretenda-retrasar-a-implantacion-do-plan-de-transporte-publico-solicitando-a-constitucion-dunha-comision-de-estudio\/#respond"]}]},{"@type":"WebPage","@id":"https:\/\/ppdegalicia.com\/es\/o-gpp-critica-que-en-marea-pretenda-retrasar-a-implantacion-do-plan-de-transporte-publico-solicitando-a-constitucion-dunha-comision-de-estudio\/","url":"https:\/\/ppdegalicia.com\/es\/o-gpp-critica-que-en-marea-pretenda-retrasar-a-implantacion-do-plan-de-transporte-publico-solicitando-a-constitucion-dunha-comision-de-estudio\/","name":"O GPP critica que En Marea pretenda retrasar a implantaci\u00f3n do Plan de Transporte P\u00fablico solicitando a constituci\u00f3n dunha comisi\u00f3n de estudio - PP de Galicia","isPartOf":{"@id":"https:\/\/ppdegalicia.com\/es\/#website"},"datePublished":"2017-11-17T14:35:04+00:00","breadcrumb":{"@id":"https:\/\/ppdegalicia.com\/es\/o-gpp-critica-que-en-marea-pretenda-retrasar-a-implantacion-do-plan-de-transporte-publico-solicitando-a-constitucion-dunha-comision-de-estudio\/#breadcrumb"},"inLanguage":"es","potentialAction":[{"@type":"ReadAction","target":["https:\/\/ppdegalicia.com\/es\/o-gpp-critica-que-en-marea-pretenda-retrasar-a-implantacion-do-plan-de-transporte-publico-solicitando-a-constitucion-dunha-comision-de-estudio\/"]}]},{"@type":"BreadcrumbList","@id":"https:\/\/ppdegalicia.com\/es\/o-gpp-critica-que-en-marea-pretenda-retrasar-a-implantacion-do-plan-de-transporte-publico-solicitando-a-constitucion-dunha-comision-de-estudio\/#breadcrumb","itemListElement":[{"@type":"ListItem","position":1,"name":"Portada","item":"https:\/\/ppdegalicia.com\/es\/"},{"@type":"ListItem","position":2,"name":"O GPP critica que En Marea pretenda retrasar a implantaci\u00f3n do Plan de Transporte P\u00fablico solicitando a constituci\u00f3n dunha comisi\u00f3n de estudio"}]},{"@type":"WebSite","@id":"https:\/\/ppdegalicia.com\/es\/#website","url":"https:\/\/ppdegalicia.com\/es\/","name":"Partido Popular de Galicia","description":"Partido Popular de Galicia","publisher":{"@id":"https:\/\/ppdegalicia.com\/es\/#organization"},"alternateName":"PP de Galicia","potentialAction":[{"@type":"SearchAction","target":{"@type":"EntryPoint","urlTemplate":"https:\/\/ppdegalicia.com\/es\/?s={search_term_string}"},"query-input":{"@type":"PropertyValueSpecification","valueRequired":true,"valueName":"search_term_string"}}],"inLanguage":"es"},{"@type":"Organization","@id":"https:\/\/ppdegalicia.com\/es\/#organization","name":"Partido Popular de Galicia","alternateName":"PP de Galicia","url":"https:\/\/ppdegalicia.com\/es\/","logo":{"@type":"ImageObject","inLanguage":"es","@id":"https:\/\/ppdegalicia.com\/es\/#\/schema\/logo\/image\/","url":"https:\/\/ppdegalicia.com\/wp-content\/uploads\/2023\/04\/logoPP512.png","contentUrl":"https:\/\/ppdegalicia.com\/wp-content\/uploads\/2023\/04\/logoPP512.png","width":512,"height":512,"caption":"Partido Popular de Galicia"},"image":{"@id":"https:\/\/ppdegalicia.com\/es\/#\/schema\/logo\/image\/"},"sameAs":["https:\/\/www.instagram.com\/ppdegalicia\/","https:\/\/x.com\/ppdegalicia","https:\/\/www.tiktok.com\/@ppdegalicia","https:\/\/www.youtube.com\/user\/ppdegalicia"]},{"@type":"Person","@id":"https:\/\/ppdegalicia.com\/es\/#\/schema\/person\/d0f013b8388c980665d44009ab762960","name":"Super User","image":{"@type":"ImageObject","inLanguage":"es","@id":"https:\/\/secure.gravatar.com\/avatar\/1db852625ef4948f58d2739bfbc51e4b9bd5c93b8fa340b59fdb594ca0845645?s=96&d=mm&r=g","url":"https:\/\/secure.gravatar.com\/avatar\/1db852625ef4948f58d2739bfbc51e4b9bd5c93b8fa340b59fdb594ca0845645?s=96&d=mm&r=g","contentUrl":"https:\/\/secure.gravatar.com\/avatar\/1db852625ef4948f58d2739bfbc51e4b9bd5c93b8fa340b59fdb594ca0845645?s=96&d=mm&r=g","caption":"Super User"},"url":"https:\/\/ppdegalicia.com\/es\/author\/ppdegaliciagestion\/"}]}},"_links":{"self":[{"href":"https:\/\/ppdegalicia.com\/es\/wp-json\/wp\/v2\/posts\/53828","targetHints":{"allow":["GET"]}}],"collection":[{"href":"https:\/\/ppdegalicia.com\/es\/wp-json\/wp\/v2\/posts"}],"about":[{"href":"https:\/\/ppdegalicia.com\/es\/wp-json\/wp\/v2\/types\/post"}],"author":[{"embeddable":true,"href":"https:\/\/ppdegalicia.com\/es\/wp-json\/wp\/v2\/users\/37"}],"replies":[{"embeddable":true,"href":"https:\/\/ppdegalicia.com\/es\/wp-json\/wp\/v2\/comments?post=53828"}],"version-history":[{"count":0,"href":"https:\/\/ppdegalicia.com\/es\/wp-json\/wp\/v2\/posts\/53828\/revisions"}],"wp:attachment":[{"href":"https:\/\/ppdegalicia.com\/es\/wp-json\/wp\/v2\/media?parent=53828"}],"wp:term":[{"taxonomy":"category","embeddable":true,"href":"https:\/\/ppdegalicia.com\/es\/wp-json\/wp\/v2\/categories?post=53828"},{"taxonomy":"post_tag","embeddable":true,"href":"https:\/\/ppdegalicia.com\/es\/wp-json\/wp\/v2\/tags?post=53828"}],"curies":[{"name":"wp","href":"https:\/\/api.w.org\/{rel}","templated":true}]}}