{"id":53832,"date":"2017-11-20T10:15:09","date_gmt":"2017-11-20T08:15:09","guid":{"rendered":"https:\/\/ppdegalicia.com\/pedro-puy-ambicionamos-uns-orzamentos-sostibles-coa-debeda-controlada-que-invistan-con-aforro-e-coa-prioridade-no-social-a-sanidade-e-a-educacion\/"},"modified":"2017-11-20T10:15:09","modified_gmt":"2017-11-20T08:15:09","slug":"pedro-puy-ambicionamos-uns-orzamentos-sostibles-coa-debeda-controlada-que-invistan-con-aforro-e-coa-prioridade-no-social-a-sanidade-e-a-educacion","status":"publish","type":"post","link":"https:\/\/ppdegalicia.com\/es\/pedro-puy-ambicionamos-uns-orzamentos-sostibles-coa-debeda-controlada-que-invistan-con-aforro-e-coa-prioridade-no-social-a-sanidade-e-a-educacion\/","title":{"rendered":"Pedro Puy: \u00abAmbicionamos uns orzamentos sostibles, coa d\u00e9beda controlada, que invistan con aforro e coa prioridade no social, a sanidade e a educaci\u00f3n\u00bb"},"content":{"rendered":"<p>Santiago, 20 de novembro de 2017.- O portavoz do Grupo Popular, Pedro Puy, afirmou hoxe no Parlamento que \u201cambicionamos que os orzamentos da Xunta para 2018 sexan sostibles ao longo do tempo, que a d\u00e9beda non se incremente m\u00e1is do necesario, que o investimento sexa con aforro e non con d\u00e9beda; que medre o PIB; e que te\u00f1an como prioridade o social, a sanidade e a educaci\u00f3n\u201d.<\/p>\n<p>No debate de totalidade das contas p\u00fablicas para 2018, Puy iniciou a s\u00faa intervenci\u00f3n felicitando ao equipo da Conseller\u00eda de Facenda e ao conselleiro porque en menos de un ano foron quen de presentar nesta C\u00e1mara dous orzamento, d\u00faas leis de medidas fiscais que acompa\u00f1an aos orzamentos e unha lei de impulso econ\u00f3mico. \u201cIsto demostra a capacidade de traballo e a importancia da estabilidade pol\u00edtica, que se traduce en certidume para os axentes econ\u00f3micos\u201d, apuntou.<\/p>\n<p>Pedro Puy considerou \u201caxeitado\u201d este orzamento porque \u201ccentra as prioridades no incremento do gasto, principalmente social; no investimento; e garante a sostibilidade do Estado de Benestar\u201d. Neste sentido, salientou que \u201cGalicia est\u00e1 con m\u00e1is igualdade despois da crise que a media da Uni\u00f3n Europea e de Espa\u00f1a: 0,29 fronte a 0,35 e 0,31 no \u00edndice de Gini\u201d, concretou<\/p>\n<p>PLENA AUTONOM\u00cdA<\/p>\n<p>Na s\u00faa intervenci\u00f3n, o portavoz popular salientou que os orzamentos \u201cesgotan o teito de gasto, medra o gasto social e o investimento, cun endebedamento m\u00ednimo\u201d. Ademais, afirmou que \u201cseguimos tendo plena autonom\u00eda de gasto respecto da Administraci\u00f3n central, ao tempo que temos apoio financeiro do Estado a custe practicamente cero como consecuencia de ser unha comunidade aut\u00f3noma cumpridora\u201d.<\/p>\n<p>Puy sinalou que \u201cnon nos gustan as propostas da oposici\u00f3n\u201d, a quen cualificou como \u201cnost\u00e1lxicos da burbulla inmobiliaria\u201d por ambicionar \u201cuns orzamentos inflados como os que fixeron en 2009, que provocaron que te\u00f1amos que pagar 1.600 mill\u00f3ns de euros polas liquidaci\u00f3ns negativas e outros 900 mill\u00f3ns de euros que deixaron de d\u00e9beda naquel ano\u201d.<\/p>\n<p>\u201cN\u00f3s ambicionamos que os orzamentos sexan sostibles ao longo do tempo, para poder financiar o gasto social; que a d\u00e9beda non se incremente m\u00e1is do necesario, porque iso pode lastrar a recuperaci\u00f3n futura e non debemos deixar d\u00e9bedas \u00e1s novas xeraci\u00f3ns; que o investimento se faga con aforro e non con d\u00e9beda; que medre o PIB, coa creaci\u00f3n de emprego e o crecemento das empresas; e que sexan ambiciosos no social, a sanidade e a educaci\u00f3n\u201d, apuntou.<\/p>\n","protected":false},"excerpt":{"rendered":"<p>Santiago, 20 de novembro de 2017.- O portavoz do Grupo Popular, Pedro Puy, afirmou hoxe no Parlamento que \u201cambicionamos que os orzamentos da Xunta para 2018 sexan sostibles ao longo do tempo, que a d\u00e9beda non se incremente m\u00e1is do necesario, que o investimento sexa con aforro e non con d\u00e9beda; que medre o PIB; [&hellip;]<\/p>\n","protected":false},"author":37,"featured_media":0,"comment_status":"open","ping_status":"open","sticky":false,"template":"","format":"standard","meta":{"_acf_changed":false,"footnotes":""},"categories":[1],"tags":[],"class_list":["post-53832","post","type-post","status-publish","format-standard","hentry","category-pp-de-galicia"],"acf":[],"yoast_head":"<!-- This site is optimized with the Yoast SEO plugin v27.3 - https:\/\/yoast.com\/product\/yoast-seo-wordpress\/ -->\n<title>Pedro Puy: &quot;Ambicionamos uns orzamentos sostibles, coa d\u00e9beda controlada, que invistan con aforro e coa prioridade no social, a sanidade e a educaci\u00f3n&quot; - PP de Galicia<\/title>\n<meta name=\"robots\" content=\"index, follow, max-snippet:-1, max-image-preview:large, max-video-preview:-1\" \/>\n<link rel=\"canonical\" href=\"https:\/\/ppdegalicia.com\/es\/pedro-puy-ambicionamos-uns-orzamentos-sostibles-coa-debeda-controlada-que-invistan-con-aforro-e-coa-prioridade-no-social-a-sanidade-e-a-educacion\/\" \/>\n<meta property=\"og:locale\" content=\"es_ES\" \/>\n<meta property=\"og:type\" content=\"article\" \/>\n<meta property=\"og:title\" content=\"Pedro Puy: &quot;Ambicionamos uns orzamentos sostibles, coa d\u00e9beda controlada, que invistan con aforro e coa prioridade no social, a sanidade e a educaci\u00f3n&quot; - PP de Galicia\" \/>\n<meta property=\"og:description\" content=\"Santiago, 20 de novembro de 2017.- O portavoz do Grupo Popular, Pedro Puy, afirmou hoxe no Parlamento que \u201cambicionamos que os orzamentos da Xunta para 2018 sexan sostibles ao longo do tempo, que a d\u00e9beda non se incremente m\u00e1is do necesario, que o investimento sexa con aforro e non con d\u00e9beda; que medre o PIB; [&hellip;]\" \/>\n<meta property=\"og:url\" content=\"https:\/\/ppdegalicia.com\/es\/pedro-puy-ambicionamos-uns-orzamentos-sostibles-coa-debeda-controlada-que-invistan-con-aforro-e-coa-prioridade-no-social-a-sanidade-e-a-educacion\/\" \/>\n<meta property=\"og:site_name\" content=\"PP de Galicia\" \/>\n<meta property=\"article:publisher\" content=\"https:\/\/www.instagram.com\/ppdegalicia\/\" \/>\n<meta property=\"article:published_time\" content=\"2017-11-20T08:15:09+00:00\" \/>\n<meta name=\"author\" content=\"Super User\" \/>\n<meta name=\"twitter:card\" content=\"summary_large_image\" \/>\n<meta name=\"twitter:creator\" content=\"@ppdegalicia\" \/>\n<meta name=\"twitter:site\" content=\"@ppdegalicia\" \/>\n<meta name=\"twitter:label1\" content=\"Escrito por\" \/>\n\t<meta name=\"twitter:data1\" content=\"Super User\" \/>\n\t<meta name=\"twitter:label2\" content=\"Tiempo de lectura\" \/>\n\t<meta name=\"twitter:data2\" content=\"2 minutos\" \/>\n<script type=\"application\/ld+json\" class=\"yoast-schema-graph\">{\"@context\":\"https:\\\/\\\/schema.org\",\"@graph\":[{\"@type\":\"Article\",\"@id\":\"https:\\\/\\\/ppdegalicia.com\\\/es\\\/pedro-puy-ambicionamos-uns-orzamentos-sostibles-coa-debeda-controlada-que-invistan-con-aforro-e-coa-prioridade-no-social-a-sanidade-e-a-educacion\\\/#article\",\"isPartOf\":{\"@id\":\"https:\\\/\\\/ppdegalicia.com\\\/es\\\/pedro-puy-ambicionamos-uns-orzamentos-sostibles-coa-debeda-controlada-que-invistan-con-aforro-e-coa-prioridade-no-social-a-sanidade-e-a-educacion\\\/\"},\"author\":{\"name\":\"Super User\",\"@id\":\"https:\\\/\\\/ppdegalicia.com\\\/es\\\/#\\\/schema\\\/person\\\/d0f013b8388c980665d44009ab762960\"},\"headline\":\"Pedro Puy: \u00abAmbicionamos uns orzamentos sostibles, coa d\u00e9beda controlada, que invistan con aforro e coa prioridade no social, a sanidade e a educaci\u00f3n\u00bb\",\"datePublished\":\"2017-11-20T08:15:09+00:00\",\"mainEntityOfPage\":{\"@id\":\"https:\\\/\\\/ppdegalicia.com\\\/es\\\/pedro-puy-ambicionamos-uns-orzamentos-sostibles-coa-debeda-controlada-que-invistan-con-aforro-e-coa-prioridade-no-social-a-sanidade-e-a-educacion\\\/\"},\"wordCount\":448,\"commentCount\":0,\"publisher\":{\"@id\":\"https:\\\/\\\/ppdegalicia.com\\\/es\\\/#organization\"},\"articleSection\":[\"PP de Galicia\"],\"inLanguage\":\"es\",\"potentialAction\":[{\"@type\":\"CommentAction\",\"name\":\"Comment\",\"target\":[\"https:\\\/\\\/ppdegalicia.com\\\/es\\\/pedro-puy-ambicionamos-uns-orzamentos-sostibles-coa-debeda-controlada-que-invistan-con-aforro-e-coa-prioridade-no-social-a-sanidade-e-a-educacion\\\/#respond\"]}]},{\"@type\":\"WebPage\",\"@id\":\"https:\\\/\\\/ppdegalicia.com\\\/es\\\/pedro-puy-ambicionamos-uns-orzamentos-sostibles-coa-debeda-controlada-que-invistan-con-aforro-e-coa-prioridade-no-social-a-sanidade-e-a-educacion\\\/\",\"url\":\"https:\\\/\\\/ppdegalicia.com\\\/es\\\/pedro-puy-ambicionamos-uns-orzamentos-sostibles-coa-debeda-controlada-que-invistan-con-aforro-e-coa-prioridade-no-social-a-sanidade-e-a-educacion\\\/\",\"name\":\"Pedro Puy: \\\"Ambicionamos uns orzamentos sostibles, coa d\u00e9beda controlada, que invistan con aforro e coa prioridade no social, a sanidade e a educaci\u00f3n\\\" - PP de Galicia\",\"isPartOf\":{\"@id\":\"https:\\\/\\\/ppdegalicia.com\\\/es\\\/#website\"},\"datePublished\":\"2017-11-20T08:15:09+00:00\",\"breadcrumb\":{\"@id\":\"https:\\\/\\\/ppdegalicia.com\\\/es\\\/pedro-puy-ambicionamos-uns-orzamentos-sostibles-coa-debeda-controlada-que-invistan-con-aforro-e-coa-prioridade-no-social-a-sanidade-e-a-educacion\\\/#breadcrumb\"},\"inLanguage\":\"es\",\"potentialAction\":[{\"@type\":\"ReadAction\",\"target\":[\"https:\\\/\\\/ppdegalicia.com\\\/es\\\/pedro-puy-ambicionamos-uns-orzamentos-sostibles-coa-debeda-controlada-que-invistan-con-aforro-e-coa-prioridade-no-social-a-sanidade-e-a-educacion\\\/\"]}]},{\"@type\":\"BreadcrumbList\",\"@id\":\"https:\\\/\\\/ppdegalicia.com\\\/es\\\/pedro-puy-ambicionamos-uns-orzamentos-sostibles-coa-debeda-controlada-que-invistan-con-aforro-e-coa-prioridade-no-social-a-sanidade-e-a-educacion\\\/#breadcrumb\",\"itemListElement\":[{\"@type\":\"ListItem\",\"position\":1,\"name\":\"Portada\",\"item\":\"https:\\\/\\\/ppdegalicia.com\\\/es\\\/\"},{\"@type\":\"ListItem\",\"position\":2,\"name\":\"Pedro Puy: &#8220;Ambicionamos uns orzamentos sostibles, coa d\u00e9beda controlada, que invistan con aforro e coa prioridade no social, a sanidade e a educaci\u00f3n&#8221;\"}]},{\"@type\":\"WebSite\",\"@id\":\"https:\\\/\\\/ppdegalicia.com\\\/es\\\/#website\",\"url\":\"https:\\\/\\\/ppdegalicia.com\\\/es\\\/\",\"name\":\"Partido Popular de Galicia\",\"description\":\"Partido Popular de Galicia\",\"publisher\":{\"@id\":\"https:\\\/\\\/ppdegalicia.com\\\/es\\\/#organization\"},\"alternateName\":\"PP de Galicia\",\"potentialAction\":[{\"@type\":\"SearchAction\",\"target\":{\"@type\":\"EntryPoint\",\"urlTemplate\":\"https:\\\/\\\/ppdegalicia.com\\\/es\\\/?s={search_term_string}\"},\"query-input\":{\"@type\":\"PropertyValueSpecification\",\"valueRequired\":true,\"valueName\":\"search_term_string\"}}],\"inLanguage\":\"es\"},{\"@type\":\"Organization\",\"@id\":\"https:\\\/\\\/ppdegalicia.com\\\/es\\\/#organization\",\"name\":\"Partido Popular de Galicia\",\"alternateName\":\"PP de Galicia\",\"url\":\"https:\\\/\\\/ppdegalicia.com\\\/es\\\/\",\"logo\":{\"@type\":\"ImageObject\",\"inLanguage\":\"es\",\"@id\":\"https:\\\/\\\/ppdegalicia.com\\\/es\\\/#\\\/schema\\\/logo\\\/image\\\/\",\"url\":\"https:\\\/\\\/ppdegalicia.com\\\/wp-content\\\/uploads\\\/2023\\\/04\\\/logoPP512.png\",\"contentUrl\":\"https:\\\/\\\/ppdegalicia.com\\\/wp-content\\\/uploads\\\/2023\\\/04\\\/logoPP512.png\",\"width\":512,\"height\":512,\"caption\":\"Partido Popular de Galicia\"},\"image\":{\"@id\":\"https:\\\/\\\/ppdegalicia.com\\\/es\\\/#\\\/schema\\\/logo\\\/image\\\/\"},\"sameAs\":[\"https:\\\/\\\/www.instagram.com\\\/ppdegalicia\\\/\",\"https:\\\/\\\/x.com\\\/ppdegalicia\",\"https:\\\/\\\/www.tiktok.com\\\/@ppdegalicia\",\"https:\\\/\\\/www.youtube.com\\\/user\\\/ppdegalicia\"]},{\"@type\":\"Person\",\"@id\":\"https:\\\/\\\/ppdegalicia.com\\\/es\\\/#\\\/schema\\\/person\\\/d0f013b8388c980665d44009ab762960\",\"name\":\"Super User\",\"image\":{\"@type\":\"ImageObject\",\"inLanguage\":\"es\",\"@id\":\"https:\\\/\\\/secure.gravatar.com\\\/avatar\\\/1db852625ef4948f58d2739bfbc51e4b9bd5c93b8fa340b59fdb594ca0845645?s=96&d=mm&r=g\",\"url\":\"https:\\\/\\\/secure.gravatar.com\\\/avatar\\\/1db852625ef4948f58d2739bfbc51e4b9bd5c93b8fa340b59fdb594ca0845645?s=96&d=mm&r=g\",\"contentUrl\":\"https:\\\/\\\/secure.gravatar.com\\\/avatar\\\/1db852625ef4948f58d2739bfbc51e4b9bd5c93b8fa340b59fdb594ca0845645?s=96&d=mm&r=g\",\"caption\":\"Super User\"},\"url\":\"https:\\\/\\\/ppdegalicia.com\\\/es\\\/author\\\/ppdegaliciagestion\\\/\"}]}<\/script>\n<!-- \/ Yoast SEO plugin. -->","yoast_head_json":{"title":"Pedro Puy: \"Ambicionamos uns orzamentos sostibles, coa d\u00e9beda controlada, que invistan con aforro e coa prioridade no social, a sanidade e a educaci\u00f3n\" - PP de Galicia","robots":{"index":"index","follow":"follow","max-snippet":"max-snippet:-1","max-image-preview":"max-image-preview:large","max-video-preview":"max-video-preview:-1"},"canonical":"https:\/\/ppdegalicia.com\/es\/pedro-puy-ambicionamos-uns-orzamentos-sostibles-coa-debeda-controlada-que-invistan-con-aforro-e-coa-prioridade-no-social-a-sanidade-e-a-educacion\/","og_locale":"es_ES","og_type":"article","og_title":"Pedro Puy: \"Ambicionamos uns orzamentos sostibles, coa d\u00e9beda controlada, que invistan con aforro e coa prioridade no social, a sanidade e a educaci\u00f3n\" - PP de Galicia","og_description":"Santiago, 20 de novembro de 2017.- O portavoz do Grupo Popular, Pedro Puy, afirmou hoxe no Parlamento que \u201cambicionamos que os orzamentos da Xunta para 2018 sexan sostibles ao longo do tempo, que a d\u00e9beda non se incremente m\u00e1is do necesario, que o investimento sexa con aforro e non con d\u00e9beda; que medre o PIB; [&hellip;]","og_url":"https:\/\/ppdegalicia.com\/es\/pedro-puy-ambicionamos-uns-orzamentos-sostibles-coa-debeda-controlada-que-invistan-con-aforro-e-coa-prioridade-no-social-a-sanidade-e-a-educacion\/","og_site_name":"PP de Galicia","article_publisher":"https:\/\/www.instagram.com\/ppdegalicia\/","article_published_time":"2017-11-20T08:15:09+00:00","author":"Super User","twitter_card":"summary_large_image","twitter_creator":"@ppdegalicia","twitter_site":"@ppdegalicia","twitter_misc":{"Escrito por":"Super User","Tiempo de lectura":"2 minutos"},"schema":{"@context":"https:\/\/schema.org","@graph":[{"@type":"Article","@id":"https:\/\/ppdegalicia.com\/es\/pedro-puy-ambicionamos-uns-orzamentos-sostibles-coa-debeda-controlada-que-invistan-con-aforro-e-coa-prioridade-no-social-a-sanidade-e-a-educacion\/#article","isPartOf":{"@id":"https:\/\/ppdegalicia.com\/es\/pedro-puy-ambicionamos-uns-orzamentos-sostibles-coa-debeda-controlada-que-invistan-con-aforro-e-coa-prioridade-no-social-a-sanidade-e-a-educacion\/"},"author":{"name":"Super User","@id":"https:\/\/ppdegalicia.com\/es\/#\/schema\/person\/d0f013b8388c980665d44009ab762960"},"headline":"Pedro Puy: \u00abAmbicionamos uns orzamentos sostibles, coa d\u00e9beda controlada, que invistan con aforro e coa prioridade no social, a sanidade e a educaci\u00f3n\u00bb","datePublished":"2017-11-20T08:15:09+00:00","mainEntityOfPage":{"@id":"https:\/\/ppdegalicia.com\/es\/pedro-puy-ambicionamos-uns-orzamentos-sostibles-coa-debeda-controlada-que-invistan-con-aforro-e-coa-prioridade-no-social-a-sanidade-e-a-educacion\/"},"wordCount":448,"commentCount":0,"publisher":{"@id":"https:\/\/ppdegalicia.com\/es\/#organization"},"articleSection":["PP de Galicia"],"inLanguage":"es","potentialAction":[{"@type":"CommentAction","name":"Comment","target":["https:\/\/ppdegalicia.com\/es\/pedro-puy-ambicionamos-uns-orzamentos-sostibles-coa-debeda-controlada-que-invistan-con-aforro-e-coa-prioridade-no-social-a-sanidade-e-a-educacion\/#respond"]}]},{"@type":"WebPage","@id":"https:\/\/ppdegalicia.com\/es\/pedro-puy-ambicionamos-uns-orzamentos-sostibles-coa-debeda-controlada-que-invistan-con-aforro-e-coa-prioridade-no-social-a-sanidade-e-a-educacion\/","url":"https:\/\/ppdegalicia.com\/es\/pedro-puy-ambicionamos-uns-orzamentos-sostibles-coa-debeda-controlada-que-invistan-con-aforro-e-coa-prioridade-no-social-a-sanidade-e-a-educacion\/","name":"Pedro Puy: \"Ambicionamos uns orzamentos sostibles, coa d\u00e9beda controlada, que invistan con aforro e coa prioridade no social, a sanidade e a educaci\u00f3n\" - PP de Galicia","isPartOf":{"@id":"https:\/\/ppdegalicia.com\/es\/#website"},"datePublished":"2017-11-20T08:15:09+00:00","breadcrumb":{"@id":"https:\/\/ppdegalicia.com\/es\/pedro-puy-ambicionamos-uns-orzamentos-sostibles-coa-debeda-controlada-que-invistan-con-aforro-e-coa-prioridade-no-social-a-sanidade-e-a-educacion\/#breadcrumb"},"inLanguage":"es","potentialAction":[{"@type":"ReadAction","target":["https:\/\/ppdegalicia.com\/es\/pedro-puy-ambicionamos-uns-orzamentos-sostibles-coa-debeda-controlada-que-invistan-con-aforro-e-coa-prioridade-no-social-a-sanidade-e-a-educacion\/"]}]},{"@type":"BreadcrumbList","@id":"https:\/\/ppdegalicia.com\/es\/pedro-puy-ambicionamos-uns-orzamentos-sostibles-coa-debeda-controlada-que-invistan-con-aforro-e-coa-prioridade-no-social-a-sanidade-e-a-educacion\/#breadcrumb","itemListElement":[{"@type":"ListItem","position":1,"name":"Portada","item":"https:\/\/ppdegalicia.com\/es\/"},{"@type":"ListItem","position":2,"name":"Pedro Puy: &#8220;Ambicionamos uns orzamentos sostibles, coa d\u00e9beda controlada, que invistan con aforro e coa prioridade no social, a sanidade e a educaci\u00f3n&#8221;"}]},{"@type":"WebSite","@id":"https:\/\/ppdegalicia.com\/es\/#website","url":"https:\/\/ppdegalicia.com\/es\/","name":"Partido Popular de Galicia","description":"Partido Popular de Galicia","publisher":{"@id":"https:\/\/ppdegalicia.com\/es\/#organization"},"alternateName":"PP de Galicia","potentialAction":[{"@type":"SearchAction","target":{"@type":"EntryPoint","urlTemplate":"https:\/\/ppdegalicia.com\/es\/?s={search_term_string}"},"query-input":{"@type":"PropertyValueSpecification","valueRequired":true,"valueName":"search_term_string"}}],"inLanguage":"es"},{"@type":"Organization","@id":"https:\/\/ppdegalicia.com\/es\/#organization","name":"Partido Popular de Galicia","alternateName":"PP de Galicia","url":"https:\/\/ppdegalicia.com\/es\/","logo":{"@type":"ImageObject","inLanguage":"es","@id":"https:\/\/ppdegalicia.com\/es\/#\/schema\/logo\/image\/","url":"https:\/\/ppdegalicia.com\/wp-content\/uploads\/2023\/04\/logoPP512.png","contentUrl":"https:\/\/ppdegalicia.com\/wp-content\/uploads\/2023\/04\/logoPP512.png","width":512,"height":512,"caption":"Partido Popular de Galicia"},"image":{"@id":"https:\/\/ppdegalicia.com\/es\/#\/schema\/logo\/image\/"},"sameAs":["https:\/\/www.instagram.com\/ppdegalicia\/","https:\/\/x.com\/ppdegalicia","https:\/\/www.tiktok.com\/@ppdegalicia","https:\/\/www.youtube.com\/user\/ppdegalicia"]},{"@type":"Person","@id":"https:\/\/ppdegalicia.com\/es\/#\/schema\/person\/d0f013b8388c980665d44009ab762960","name":"Super User","image":{"@type":"ImageObject","inLanguage":"es","@id":"https:\/\/secure.gravatar.com\/avatar\/1db852625ef4948f58d2739bfbc51e4b9bd5c93b8fa340b59fdb594ca0845645?s=96&d=mm&r=g","url":"https:\/\/secure.gravatar.com\/avatar\/1db852625ef4948f58d2739bfbc51e4b9bd5c93b8fa340b59fdb594ca0845645?s=96&d=mm&r=g","contentUrl":"https:\/\/secure.gravatar.com\/avatar\/1db852625ef4948f58d2739bfbc51e4b9bd5c93b8fa340b59fdb594ca0845645?s=96&d=mm&r=g","caption":"Super User"},"url":"https:\/\/ppdegalicia.com\/es\/author\/ppdegaliciagestion\/"}]}},"_links":{"self":[{"href":"https:\/\/ppdegalicia.com\/es\/wp-json\/wp\/v2\/posts\/53832","targetHints":{"allow":["GET"]}}],"collection":[{"href":"https:\/\/ppdegalicia.com\/es\/wp-json\/wp\/v2\/posts"}],"about":[{"href":"https:\/\/ppdegalicia.com\/es\/wp-json\/wp\/v2\/types\/post"}],"author":[{"embeddable":true,"href":"https:\/\/ppdegalicia.com\/es\/wp-json\/wp\/v2\/users\/37"}],"replies":[{"embeddable":true,"href":"https:\/\/ppdegalicia.com\/es\/wp-json\/wp\/v2\/comments?post=53832"}],"version-history":[{"count":0,"href":"https:\/\/ppdegalicia.com\/es\/wp-json\/wp\/v2\/posts\/53832\/revisions"}],"wp:attachment":[{"href":"https:\/\/ppdegalicia.com\/es\/wp-json\/wp\/v2\/media?parent=53832"}],"wp:term":[{"taxonomy":"category","embeddable":true,"href":"https:\/\/ppdegalicia.com\/es\/wp-json\/wp\/v2\/categories?post=53832"},{"taxonomy":"post_tag","embeddable":true,"href":"https:\/\/ppdegalicia.com\/es\/wp-json\/wp\/v2\/tags?post=53832"}],"curies":[{"name":"wp","href":"https:\/\/api.w.org\/{rel}","templated":true}]}}