{"id":53836,"date":"2017-11-21T12:10:58","date_gmt":"2017-11-21T10:10:58","guid":{"rendered":"https:\/\/ppdegalicia.com\/o-ppdeg-avoga-por-analizar-todas-as-propostas-dos-grupos-e-a-xunta-para-consensuar-medidas-para-un-monte-rendible-multifuncional-e-sustentable\/"},"modified":"2017-11-21T12:10:58","modified_gmt":"2017-11-21T10:10:58","slug":"o-ppdeg-avoga-por-analizar-todas-as-propostas-dos-grupos-e-a-xunta-para-consensuar-medidas-para-un-monte-rendible-multifuncional-e-sustentable","status":"publish","type":"post","link":"https:\/\/ppdegalicia.com\/es\/o-ppdeg-avoga-por-analizar-todas-as-propostas-dos-grupos-e-a-xunta-para-consensuar-medidas-para-un-monte-rendible-multifuncional-e-sustentable\/","title":{"rendered":"O PPdeG avoga por analizar todas as propostas dos Grupos e a Xunta para consensuar medidas para un monte rendible, multifuncional e sustentable"},"content":{"rendered":"<p>Santiago, 21 de novembro de 2017.- O portavoz do Medio Rural do Grupo Popular, Jos\u00e9 Gonz\u00e1lez V\u00e1zquez, avogou hoxe no Pleno do Parlamento porque \u201cdentro do plan traballo da recentemente creada Comisi\u00f3n de estudo sobre a pol\u00edtica forestal e a loita contra os incendios forestais se te\u00f1an en conta, ademais das medidas anunciadas pola Xunta de Galicia, todas as propostas de todos os grupos parlamentarios para consensuar unhas medidas que fagan o noso monte rendible, multifuncional e sustentable, contribu\u00edndo deste xeito \u00e1 dinamizaci\u00f3n do medio rural\u201d.<\/p>\n<p><!--more--><\/p>\n<p>&nbsp;<\/p>\n<p>No debate de sendas moci\u00f3ns dos tres grupos da oposici\u00f3n sobre a pol\u00edtica forestal e os incendios, Jos\u00e9 Gonz\u00e1lez explicou que \u201cmoitas das s\u00faas propostas son coincidentes coas medidas propostas pola Xunta e o Grupo Popular\u201d. Deste xeito, solicitou que \u201ctodos debemos traballar, xunto coas aportaci\u00f3ns dos comparecentes, para acadar consensos que se plasmen nas conclusi\u00f3ns definitivas desta comisi\u00f3n de estudo\u201d.<\/p>\n<p>&nbsp;<\/p>\n<p><strong>DECISI\u00d3N FIRME<\/strong><\/p>\n<p>&nbsp;<\/p>\n<p>\u201cDesde o PPdeG estamos firmemente decididos a sacar adiante o traballo que se nos encomendou pola sociedade galega, que non \u00e9 outro que facer pol\u00edtica para resolver o problema dos cidad\u00e1ns\u201d, manifestou. Neste sentido, lamentou que tanto En Marea, como PSOE ou BNG \u201camosaran hoxe no Pleno que est\u00e1n m\u00e1is preocupados por sacar un rendemento pol\u00edtico inmediato \u00e1 vaga de lumes do mes de outubro que por consensuar soluci\u00f3ns que sirvan para sacar rendemento \u00e1 nosa riqueza forestal e loitar contra os incendios\u201d.<\/p>\n<p>&nbsp;<\/p>\n<p>Jos\u00e9 Gonz\u00e1lez sinalou que a comisi\u00f3n de estudo \u201cser\u00e1 o lugar id\u00f3neo para blindar a unidade de criterio e a unidade de acci\u00f3n no dese\u00f1o dunha pol\u00edtica forestal de pa\u00eds consensuada entre todos os grupos parlamentarios e a Xunta de Galicia, tanto no eido da prevenci\u00f3n, como da ordenaci\u00f3n e da dinamizaci\u00f3n\u201d<\/p>\n","protected":false},"excerpt":{"rendered":"<p>Santiago, 21 de novembro de 2017.- O portavoz do Medio Rural do Grupo Popular, Jos\u00e9 Gonz\u00e1lez V\u00e1zquez, avogou hoxe no Pleno do Parlamento porque \u201cdentro do plan traballo da recentemente creada Comisi\u00f3n de estudo sobre a pol\u00edtica forestal e a loita contra os incendios forestais se te\u00f1an en conta, ademais das medidas anunciadas pola Xunta [&hellip;]<\/p>\n","protected":false},"author":37,"featured_media":0,"comment_status":"open","ping_status":"open","sticky":false,"template":"","format":"standard","meta":{"_acf_changed":false,"footnotes":""},"categories":[1],"tags":[],"class_list":["post-53836","post","type-post","status-publish","format-standard","hentry","category-pp-de-galicia"],"acf":[],"yoast_head":"<!-- This site is optimized with the Yoast SEO plugin v27.3 - https:\/\/yoast.com\/product\/yoast-seo-wordpress\/ -->\n<title>O PPdeG avoga por analizar todas as propostas dos Grupos e a Xunta para consensuar medidas para un monte rendible, multifuncional e sustentable - PP de Galicia<\/title>\n<meta name=\"robots\" content=\"index, follow, max-snippet:-1, max-image-preview:large, max-video-preview:-1\" \/>\n<link rel=\"canonical\" href=\"https:\/\/ppdegalicia.com\/es\/o-ppdeg-avoga-por-analizar-todas-as-propostas-dos-grupos-e-a-xunta-para-consensuar-medidas-para-un-monte-rendible-multifuncional-e-sustentable\/\" \/>\n<meta property=\"og:locale\" content=\"es_ES\" \/>\n<meta property=\"og:type\" content=\"article\" \/>\n<meta property=\"og:title\" content=\"O PPdeG avoga por analizar todas as propostas dos Grupos e a Xunta para consensuar medidas para un monte rendible, multifuncional e sustentable - PP de Galicia\" \/>\n<meta property=\"og:description\" content=\"Santiago, 21 de novembro de 2017.- O portavoz do Medio Rural do Grupo Popular, Jos\u00e9 Gonz\u00e1lez V\u00e1zquez, avogou hoxe no Pleno do Parlamento porque \u201cdentro do plan traballo da recentemente creada Comisi\u00f3n de estudo sobre a pol\u00edtica forestal e a loita contra os incendios forestais se te\u00f1an en conta, ademais das medidas anunciadas pola Xunta [&hellip;]\" \/>\n<meta property=\"og:url\" content=\"https:\/\/ppdegalicia.com\/es\/o-ppdeg-avoga-por-analizar-todas-as-propostas-dos-grupos-e-a-xunta-para-consensuar-medidas-para-un-monte-rendible-multifuncional-e-sustentable\/\" \/>\n<meta property=\"og:site_name\" content=\"PP de Galicia\" \/>\n<meta property=\"article:publisher\" content=\"https:\/\/www.instagram.com\/ppdegalicia\/\" \/>\n<meta property=\"article:published_time\" content=\"2017-11-21T10:10:58+00:00\" \/>\n<meta name=\"author\" content=\"Super User\" \/>\n<meta name=\"twitter:card\" content=\"summary_large_image\" \/>\n<meta name=\"twitter:creator\" content=\"@ppdegalicia\" \/>\n<meta name=\"twitter:site\" content=\"@ppdegalicia\" \/>\n<meta name=\"twitter:label1\" content=\"Escrito por\" \/>\n\t<meta name=\"twitter:data1\" content=\"Super User\" \/>\n\t<meta name=\"twitter:label2\" content=\"Tiempo de lectura\" \/>\n\t<meta name=\"twitter:data2\" content=\"2 minutos\" \/>\n<script type=\"application\/ld+json\" class=\"yoast-schema-graph\">{\"@context\":\"https:\\\/\\\/schema.org\",\"@graph\":[{\"@type\":\"Article\",\"@id\":\"https:\\\/\\\/ppdegalicia.com\\\/es\\\/o-ppdeg-avoga-por-analizar-todas-as-propostas-dos-grupos-e-a-xunta-para-consensuar-medidas-para-un-monte-rendible-multifuncional-e-sustentable\\\/#article\",\"isPartOf\":{\"@id\":\"https:\\\/\\\/ppdegalicia.com\\\/es\\\/o-ppdeg-avoga-por-analizar-todas-as-propostas-dos-grupos-e-a-xunta-para-consensuar-medidas-para-un-monte-rendible-multifuncional-e-sustentable\\\/\"},\"author\":{\"name\":\"Super User\",\"@id\":\"https:\\\/\\\/ppdegalicia.com\\\/es\\\/#\\\/schema\\\/person\\\/d0f013b8388c980665d44009ab762960\"},\"headline\":\"O PPdeG avoga por analizar todas as propostas dos Grupos e a Xunta para consensuar medidas para un monte rendible, multifuncional e sustentable\",\"datePublished\":\"2017-11-21T10:10:58+00:00\",\"mainEntityOfPage\":{\"@id\":\"https:\\\/\\\/ppdegalicia.com\\\/es\\\/o-ppdeg-avoga-por-analizar-todas-as-propostas-dos-grupos-e-a-xunta-para-consensuar-medidas-para-un-monte-rendible-multifuncional-e-sustentable\\\/\"},\"wordCount\":338,\"commentCount\":0,\"publisher\":{\"@id\":\"https:\\\/\\\/ppdegalicia.com\\\/es\\\/#organization\"},\"articleSection\":[\"PP de Galicia\"],\"inLanguage\":\"es\",\"potentialAction\":[{\"@type\":\"CommentAction\",\"name\":\"Comment\",\"target\":[\"https:\\\/\\\/ppdegalicia.com\\\/es\\\/o-ppdeg-avoga-por-analizar-todas-as-propostas-dos-grupos-e-a-xunta-para-consensuar-medidas-para-un-monte-rendible-multifuncional-e-sustentable\\\/#respond\"]}]},{\"@type\":\"WebPage\",\"@id\":\"https:\\\/\\\/ppdegalicia.com\\\/es\\\/o-ppdeg-avoga-por-analizar-todas-as-propostas-dos-grupos-e-a-xunta-para-consensuar-medidas-para-un-monte-rendible-multifuncional-e-sustentable\\\/\",\"url\":\"https:\\\/\\\/ppdegalicia.com\\\/es\\\/o-ppdeg-avoga-por-analizar-todas-as-propostas-dos-grupos-e-a-xunta-para-consensuar-medidas-para-un-monte-rendible-multifuncional-e-sustentable\\\/\",\"name\":\"O PPdeG avoga por analizar todas as propostas dos Grupos e a Xunta para consensuar medidas para un monte rendible, multifuncional e sustentable - PP de Galicia\",\"isPartOf\":{\"@id\":\"https:\\\/\\\/ppdegalicia.com\\\/es\\\/#website\"},\"datePublished\":\"2017-11-21T10:10:58+00:00\",\"breadcrumb\":{\"@id\":\"https:\\\/\\\/ppdegalicia.com\\\/es\\\/o-ppdeg-avoga-por-analizar-todas-as-propostas-dos-grupos-e-a-xunta-para-consensuar-medidas-para-un-monte-rendible-multifuncional-e-sustentable\\\/#breadcrumb\"},\"inLanguage\":\"es\",\"potentialAction\":[{\"@type\":\"ReadAction\",\"target\":[\"https:\\\/\\\/ppdegalicia.com\\\/es\\\/o-ppdeg-avoga-por-analizar-todas-as-propostas-dos-grupos-e-a-xunta-para-consensuar-medidas-para-un-monte-rendible-multifuncional-e-sustentable\\\/\"]}]},{\"@type\":\"BreadcrumbList\",\"@id\":\"https:\\\/\\\/ppdegalicia.com\\\/es\\\/o-ppdeg-avoga-por-analizar-todas-as-propostas-dos-grupos-e-a-xunta-para-consensuar-medidas-para-un-monte-rendible-multifuncional-e-sustentable\\\/#breadcrumb\",\"itemListElement\":[{\"@type\":\"ListItem\",\"position\":1,\"name\":\"Portada\",\"item\":\"https:\\\/\\\/ppdegalicia.com\\\/es\\\/\"},{\"@type\":\"ListItem\",\"position\":2,\"name\":\"O PPdeG avoga por analizar todas as propostas dos Grupos e a Xunta para consensuar medidas para un monte rendible, multifuncional e sustentable\"}]},{\"@type\":\"WebSite\",\"@id\":\"https:\\\/\\\/ppdegalicia.com\\\/es\\\/#website\",\"url\":\"https:\\\/\\\/ppdegalicia.com\\\/es\\\/\",\"name\":\"Partido Popular de Galicia\",\"description\":\"Partido Popular de Galicia\",\"publisher\":{\"@id\":\"https:\\\/\\\/ppdegalicia.com\\\/es\\\/#organization\"},\"alternateName\":\"PP de Galicia\",\"potentialAction\":[{\"@type\":\"SearchAction\",\"target\":{\"@type\":\"EntryPoint\",\"urlTemplate\":\"https:\\\/\\\/ppdegalicia.com\\\/es\\\/?s={search_term_string}\"},\"query-input\":{\"@type\":\"PropertyValueSpecification\",\"valueRequired\":true,\"valueName\":\"search_term_string\"}}],\"inLanguage\":\"es\"},{\"@type\":\"Organization\",\"@id\":\"https:\\\/\\\/ppdegalicia.com\\\/es\\\/#organization\",\"name\":\"Partido Popular de Galicia\",\"alternateName\":\"PP de Galicia\",\"url\":\"https:\\\/\\\/ppdegalicia.com\\\/es\\\/\",\"logo\":{\"@type\":\"ImageObject\",\"inLanguage\":\"es\",\"@id\":\"https:\\\/\\\/ppdegalicia.com\\\/es\\\/#\\\/schema\\\/logo\\\/image\\\/\",\"url\":\"https:\\\/\\\/ppdegalicia.com\\\/wp-content\\\/uploads\\\/2023\\\/04\\\/logoPP512.png\",\"contentUrl\":\"https:\\\/\\\/ppdegalicia.com\\\/wp-content\\\/uploads\\\/2023\\\/04\\\/logoPP512.png\",\"width\":512,\"height\":512,\"caption\":\"Partido Popular de Galicia\"},\"image\":{\"@id\":\"https:\\\/\\\/ppdegalicia.com\\\/es\\\/#\\\/schema\\\/logo\\\/image\\\/\"},\"sameAs\":[\"https:\\\/\\\/www.instagram.com\\\/ppdegalicia\\\/\",\"https:\\\/\\\/x.com\\\/ppdegalicia\",\"https:\\\/\\\/www.tiktok.com\\\/@ppdegalicia\",\"https:\\\/\\\/www.youtube.com\\\/user\\\/ppdegalicia\"]},{\"@type\":\"Person\",\"@id\":\"https:\\\/\\\/ppdegalicia.com\\\/es\\\/#\\\/schema\\\/person\\\/d0f013b8388c980665d44009ab762960\",\"name\":\"Super User\",\"image\":{\"@type\":\"ImageObject\",\"inLanguage\":\"es\",\"@id\":\"https:\\\/\\\/secure.gravatar.com\\\/avatar\\\/1db852625ef4948f58d2739bfbc51e4b9bd5c93b8fa340b59fdb594ca0845645?s=96&d=mm&r=g\",\"url\":\"https:\\\/\\\/secure.gravatar.com\\\/avatar\\\/1db852625ef4948f58d2739bfbc51e4b9bd5c93b8fa340b59fdb594ca0845645?s=96&d=mm&r=g\",\"contentUrl\":\"https:\\\/\\\/secure.gravatar.com\\\/avatar\\\/1db852625ef4948f58d2739bfbc51e4b9bd5c93b8fa340b59fdb594ca0845645?s=96&d=mm&r=g\",\"caption\":\"Super User\"},\"url\":\"https:\\\/\\\/ppdegalicia.com\\\/es\\\/author\\\/ppdegaliciagestion\\\/\"}]}<\/script>\n<!-- \/ Yoast SEO plugin. -->","yoast_head_json":{"title":"O PPdeG avoga por analizar todas as propostas dos Grupos e a Xunta para consensuar medidas para un monte rendible, multifuncional e sustentable - PP de Galicia","robots":{"index":"index","follow":"follow","max-snippet":"max-snippet:-1","max-image-preview":"max-image-preview:large","max-video-preview":"max-video-preview:-1"},"canonical":"https:\/\/ppdegalicia.com\/es\/o-ppdeg-avoga-por-analizar-todas-as-propostas-dos-grupos-e-a-xunta-para-consensuar-medidas-para-un-monte-rendible-multifuncional-e-sustentable\/","og_locale":"es_ES","og_type":"article","og_title":"O PPdeG avoga por analizar todas as propostas dos Grupos e a Xunta para consensuar medidas para un monte rendible, multifuncional e sustentable - PP de Galicia","og_description":"Santiago, 21 de novembro de 2017.- O portavoz do Medio Rural do Grupo Popular, Jos\u00e9 Gonz\u00e1lez V\u00e1zquez, avogou hoxe no Pleno do Parlamento porque \u201cdentro do plan traballo da recentemente creada Comisi\u00f3n de estudo sobre a pol\u00edtica forestal e a loita contra os incendios forestais se te\u00f1an en conta, ademais das medidas anunciadas pola Xunta [&hellip;]","og_url":"https:\/\/ppdegalicia.com\/es\/o-ppdeg-avoga-por-analizar-todas-as-propostas-dos-grupos-e-a-xunta-para-consensuar-medidas-para-un-monte-rendible-multifuncional-e-sustentable\/","og_site_name":"PP de Galicia","article_publisher":"https:\/\/www.instagram.com\/ppdegalicia\/","article_published_time":"2017-11-21T10:10:58+00:00","author":"Super User","twitter_card":"summary_large_image","twitter_creator":"@ppdegalicia","twitter_site":"@ppdegalicia","twitter_misc":{"Escrito por":"Super User","Tiempo de lectura":"2 minutos"},"schema":{"@context":"https:\/\/schema.org","@graph":[{"@type":"Article","@id":"https:\/\/ppdegalicia.com\/es\/o-ppdeg-avoga-por-analizar-todas-as-propostas-dos-grupos-e-a-xunta-para-consensuar-medidas-para-un-monte-rendible-multifuncional-e-sustentable\/#article","isPartOf":{"@id":"https:\/\/ppdegalicia.com\/es\/o-ppdeg-avoga-por-analizar-todas-as-propostas-dos-grupos-e-a-xunta-para-consensuar-medidas-para-un-monte-rendible-multifuncional-e-sustentable\/"},"author":{"name":"Super User","@id":"https:\/\/ppdegalicia.com\/es\/#\/schema\/person\/d0f013b8388c980665d44009ab762960"},"headline":"O PPdeG avoga por analizar todas as propostas dos Grupos e a Xunta para consensuar medidas para un monte rendible, multifuncional e sustentable","datePublished":"2017-11-21T10:10:58+00:00","mainEntityOfPage":{"@id":"https:\/\/ppdegalicia.com\/es\/o-ppdeg-avoga-por-analizar-todas-as-propostas-dos-grupos-e-a-xunta-para-consensuar-medidas-para-un-monte-rendible-multifuncional-e-sustentable\/"},"wordCount":338,"commentCount":0,"publisher":{"@id":"https:\/\/ppdegalicia.com\/es\/#organization"},"articleSection":["PP de Galicia"],"inLanguage":"es","potentialAction":[{"@type":"CommentAction","name":"Comment","target":["https:\/\/ppdegalicia.com\/es\/o-ppdeg-avoga-por-analizar-todas-as-propostas-dos-grupos-e-a-xunta-para-consensuar-medidas-para-un-monte-rendible-multifuncional-e-sustentable\/#respond"]}]},{"@type":"WebPage","@id":"https:\/\/ppdegalicia.com\/es\/o-ppdeg-avoga-por-analizar-todas-as-propostas-dos-grupos-e-a-xunta-para-consensuar-medidas-para-un-monte-rendible-multifuncional-e-sustentable\/","url":"https:\/\/ppdegalicia.com\/es\/o-ppdeg-avoga-por-analizar-todas-as-propostas-dos-grupos-e-a-xunta-para-consensuar-medidas-para-un-monte-rendible-multifuncional-e-sustentable\/","name":"O PPdeG avoga por analizar todas as propostas dos Grupos e a Xunta para consensuar medidas para un monte rendible, multifuncional e sustentable - PP de Galicia","isPartOf":{"@id":"https:\/\/ppdegalicia.com\/es\/#website"},"datePublished":"2017-11-21T10:10:58+00:00","breadcrumb":{"@id":"https:\/\/ppdegalicia.com\/es\/o-ppdeg-avoga-por-analizar-todas-as-propostas-dos-grupos-e-a-xunta-para-consensuar-medidas-para-un-monte-rendible-multifuncional-e-sustentable\/#breadcrumb"},"inLanguage":"es","potentialAction":[{"@type":"ReadAction","target":["https:\/\/ppdegalicia.com\/es\/o-ppdeg-avoga-por-analizar-todas-as-propostas-dos-grupos-e-a-xunta-para-consensuar-medidas-para-un-monte-rendible-multifuncional-e-sustentable\/"]}]},{"@type":"BreadcrumbList","@id":"https:\/\/ppdegalicia.com\/es\/o-ppdeg-avoga-por-analizar-todas-as-propostas-dos-grupos-e-a-xunta-para-consensuar-medidas-para-un-monte-rendible-multifuncional-e-sustentable\/#breadcrumb","itemListElement":[{"@type":"ListItem","position":1,"name":"Portada","item":"https:\/\/ppdegalicia.com\/es\/"},{"@type":"ListItem","position":2,"name":"O PPdeG avoga por analizar todas as propostas dos Grupos e a Xunta para consensuar medidas para un monte rendible, multifuncional e sustentable"}]},{"@type":"WebSite","@id":"https:\/\/ppdegalicia.com\/es\/#website","url":"https:\/\/ppdegalicia.com\/es\/","name":"Partido Popular de Galicia","description":"Partido Popular de Galicia","publisher":{"@id":"https:\/\/ppdegalicia.com\/es\/#organization"},"alternateName":"PP de Galicia","potentialAction":[{"@type":"SearchAction","target":{"@type":"EntryPoint","urlTemplate":"https:\/\/ppdegalicia.com\/es\/?s={search_term_string}"},"query-input":{"@type":"PropertyValueSpecification","valueRequired":true,"valueName":"search_term_string"}}],"inLanguage":"es"},{"@type":"Organization","@id":"https:\/\/ppdegalicia.com\/es\/#organization","name":"Partido Popular de Galicia","alternateName":"PP de Galicia","url":"https:\/\/ppdegalicia.com\/es\/","logo":{"@type":"ImageObject","inLanguage":"es","@id":"https:\/\/ppdegalicia.com\/es\/#\/schema\/logo\/image\/","url":"https:\/\/ppdegalicia.com\/wp-content\/uploads\/2023\/04\/logoPP512.png","contentUrl":"https:\/\/ppdegalicia.com\/wp-content\/uploads\/2023\/04\/logoPP512.png","width":512,"height":512,"caption":"Partido Popular de Galicia"},"image":{"@id":"https:\/\/ppdegalicia.com\/es\/#\/schema\/logo\/image\/"},"sameAs":["https:\/\/www.instagram.com\/ppdegalicia\/","https:\/\/x.com\/ppdegalicia","https:\/\/www.tiktok.com\/@ppdegalicia","https:\/\/www.youtube.com\/user\/ppdegalicia"]},{"@type":"Person","@id":"https:\/\/ppdegalicia.com\/es\/#\/schema\/person\/d0f013b8388c980665d44009ab762960","name":"Super User","image":{"@type":"ImageObject","inLanguage":"es","@id":"https:\/\/secure.gravatar.com\/avatar\/1db852625ef4948f58d2739bfbc51e4b9bd5c93b8fa340b59fdb594ca0845645?s=96&d=mm&r=g","url":"https:\/\/secure.gravatar.com\/avatar\/1db852625ef4948f58d2739bfbc51e4b9bd5c93b8fa340b59fdb594ca0845645?s=96&d=mm&r=g","contentUrl":"https:\/\/secure.gravatar.com\/avatar\/1db852625ef4948f58d2739bfbc51e4b9bd5c93b8fa340b59fdb594ca0845645?s=96&d=mm&r=g","caption":"Super User"},"url":"https:\/\/ppdegalicia.com\/es\/author\/ppdegaliciagestion\/"}]}},"_links":{"self":[{"href":"https:\/\/ppdegalicia.com\/es\/wp-json\/wp\/v2\/posts\/53836","targetHints":{"allow":["GET"]}}],"collection":[{"href":"https:\/\/ppdegalicia.com\/es\/wp-json\/wp\/v2\/posts"}],"about":[{"href":"https:\/\/ppdegalicia.com\/es\/wp-json\/wp\/v2\/types\/post"}],"author":[{"embeddable":true,"href":"https:\/\/ppdegalicia.com\/es\/wp-json\/wp\/v2\/users\/37"}],"replies":[{"embeddable":true,"href":"https:\/\/ppdegalicia.com\/es\/wp-json\/wp\/v2\/comments?post=53836"}],"version-history":[{"count":0,"href":"https:\/\/ppdegalicia.com\/es\/wp-json\/wp\/v2\/posts\/53836\/revisions"}],"wp:attachment":[{"href":"https:\/\/ppdegalicia.com\/es\/wp-json\/wp\/v2\/media?parent=53836"}],"wp:term":[{"taxonomy":"category","embeddable":true,"href":"https:\/\/ppdegalicia.com\/es\/wp-json\/wp\/v2\/categories?post=53836"},{"taxonomy":"post_tag","embeddable":true,"href":"https:\/\/ppdegalicia.com\/es\/wp-json\/wp\/v2\/tags?post=53836"}],"curies":[{"name":"wp","href":"https:\/\/api.w.org\/{rel}","templated":true}]}}