{"id":53839,"date":"2017-11-21T17:59:45","date_gmt":"2017-11-21T15:59:45","guid":{"rendered":"https:\/\/ppdegalicia.com\/o-ppdeg-avoga-porque-as-universidades-introduzan-a-loita-contra-violencia-de-xenero-enter-as-materias-do-master-universitario-para-o-exercicio-da-docencia\/"},"modified":"2017-11-21T17:59:45","modified_gmt":"2017-11-21T15:59:45","slug":"o-ppdeg-avoga-porque-as-universidades-introduzan-a-loita-contra-violencia-de-xenero-enter-as-materias-do-master-universitario-para-o-exercicio-da-docencia","status":"publish","type":"post","link":"https:\/\/ppdegalicia.com\/es\/o-ppdeg-avoga-porque-as-universidades-introduzan-a-loita-contra-violencia-de-xenero-enter-as-materias-do-master-universitario-para-o-exercicio-da-docencia\/","title":{"rendered":"O PPdeG avoga porque as universidades introduzan a loita contra violencia de x\u00e9nero enter as materias do m\u00e1ster universitario para o exercicio da docencia"},"content":{"rendered":"<p>Santiago, 21 de novembro de 2017.- O portavoz de Educaci\u00f3n do Grupo Popular,&nbsp; C\u00e9sar Fern\u00e1ndez, avogou hoxe no Parlamento porque as universidades galegas, \u201cen exercicio da s\u00faa competencia e da s\u00faa vontade, estuden e decidan a ideoneidade de proceder \u00e1 modificaci\u00f3n dos planos de estudo do m\u00e1ster universitario que habilita para o exercicio da profesi\u00f3n docente co obxectivo de introducir unha materia espec\u00edfica en relaci\u00f3n coa loita contra a violencia de x\u00e9nero\u201d.<\/p>\n<p><!--more--><\/p>\n<p>&nbsp;<\/p>\n<p>C\u00e9sar Fern\u00e1ndez lembrou que \u201cson as universidades \u00e1s que te\u00f1en que determinar, en cumprimento da normativa vixente, os plans de estudos\u201d, polo que \u201cparece evidente que a Xunta non debe interferir nesta autonom\u00eda das universidades, de tal xeito que s\u00f3 debe propo\u00f1er ou suxerir a posibilidade, a instancias dun acordo parlamentario, da implementaci\u00f3n dunha asignatura espec\u00edfica\u201d en materia de violencia de x\u00e9nero.<\/p>\n<p>&nbsp;<\/p>\n<p>Neste sentido, sinalou que as universidades galegas xa est\u00e1n a impartir os seus m\u00e1ster de profesorado axustados \u00e1 normativa vixente. \u201cQue non exista unha materia espec\u00edfica non quere dicir que non se forme aos futuros docentes para estar capacitados e poidan actuar en prevenci\u00f3n e tratamento integral da violencia de x\u00e9nero, porque hai varias materias coas que se forma de xeito transversal en co\u00f1ecementos e, tal e como promove as novas tendencias pedag\u00f3xicas e metodol\u00f3xicas, en competencias aos futuros docentes\u201d, apuntou.<\/p>\n<p>&nbsp;<\/p>\n<p>C\u00e9sar Fern\u00e1ndez manifestou que \u201ctanto os graos como o m\u00e1ster xa permiten, de acordo cos correspondentes plans de estudos, que se adquiran co\u00f1ecementos e, sobre todo, competencias na prevenci\u00f3n e tratamento integral da violencia de x\u00e9nero\u201d, ao tempo que a propia Conseller\u00eda de Educaci\u00f3n e Ordenaci\u00f3n Universitaria tam\u00e9n conta con plans de formaci\u00f3n permanente do profesorado dirixidos aos profesionais que xa exercen nos centros educativos p\u00fablicos, nos que se aborda de xeito directo ou transversal a transmisi\u00f3n de competencias en materia de convivencia, resoluci\u00f3n de conflitos e en igualdade e loita contra a violencia de x\u00e9nero.<\/p>\n","protected":false},"excerpt":{"rendered":"<p>Santiago, 21 de novembro de 2017.- O portavoz de Educaci\u00f3n do Grupo Popular,&nbsp; C\u00e9sar Fern\u00e1ndez, avogou hoxe no Parlamento porque as universidades galegas, \u201cen exercicio da s\u00faa competencia e da s\u00faa vontade, estuden e decidan a ideoneidade de proceder \u00e1 modificaci\u00f3n dos planos de estudo do m\u00e1ster universitario que habilita para o exercicio da profesi\u00f3n [&hellip;]<\/p>\n","protected":false},"author":37,"featured_media":0,"comment_status":"open","ping_status":"open","sticky":false,"template":"","format":"standard","meta":{"_acf_changed":false,"footnotes":""},"categories":[1],"tags":[],"class_list":["post-53839","post","type-post","status-publish","format-standard","hentry","category-pp-de-galicia"],"acf":[],"yoast_head":"<!-- This site is optimized with the Yoast SEO plugin v27.3 - https:\/\/yoast.com\/product\/yoast-seo-wordpress\/ -->\n<title>O PPdeG avoga porque as universidades introduzan a loita contra violencia de x\u00e9nero enter as materias do m\u00e1ster universitario para o exercicio da docencia - PP de Galicia<\/title>\n<meta name=\"robots\" content=\"index, follow, max-snippet:-1, max-image-preview:large, max-video-preview:-1\" \/>\n<link rel=\"canonical\" href=\"https:\/\/ppdegalicia.com\/es\/o-ppdeg-avoga-porque-as-universidades-introduzan-a-loita-contra-violencia-de-xenero-enter-as-materias-do-master-universitario-para-o-exercicio-da-docencia\/\" \/>\n<meta property=\"og:locale\" content=\"es_ES\" \/>\n<meta property=\"og:type\" content=\"article\" \/>\n<meta property=\"og:title\" content=\"O PPdeG avoga porque as universidades introduzan a loita contra violencia de x\u00e9nero enter as materias do m\u00e1ster universitario para o exercicio da docencia - PP de Galicia\" \/>\n<meta property=\"og:description\" content=\"Santiago, 21 de novembro de 2017.- O portavoz de Educaci\u00f3n do Grupo Popular,&nbsp; C\u00e9sar Fern\u00e1ndez, avogou hoxe no Parlamento porque as universidades galegas, \u201cen exercicio da s\u00faa competencia e da s\u00faa vontade, estuden e decidan a ideoneidade de proceder \u00e1 modificaci\u00f3n dos planos de estudo do m\u00e1ster universitario que habilita para o exercicio da profesi\u00f3n [&hellip;]\" \/>\n<meta property=\"og:url\" content=\"https:\/\/ppdegalicia.com\/es\/o-ppdeg-avoga-porque-as-universidades-introduzan-a-loita-contra-violencia-de-xenero-enter-as-materias-do-master-universitario-para-o-exercicio-da-docencia\/\" \/>\n<meta property=\"og:site_name\" content=\"PP de Galicia\" \/>\n<meta property=\"article:publisher\" content=\"https:\/\/www.instagram.com\/ppdegalicia\/\" \/>\n<meta property=\"article:published_time\" content=\"2017-11-21T15:59:45+00:00\" \/>\n<meta name=\"author\" content=\"Super User\" \/>\n<meta name=\"twitter:card\" content=\"summary_large_image\" \/>\n<meta name=\"twitter:creator\" content=\"@ppdegalicia\" \/>\n<meta name=\"twitter:site\" content=\"@ppdegalicia\" \/>\n<meta name=\"twitter:label1\" content=\"Escrito por\" \/>\n\t<meta name=\"twitter:data1\" content=\"Super User\" \/>\n\t<meta name=\"twitter:label2\" content=\"Tiempo de lectura\" \/>\n\t<meta name=\"twitter:data2\" content=\"2 minutos\" \/>\n<script type=\"application\/ld+json\" class=\"yoast-schema-graph\">{\"@context\":\"https:\\\/\\\/schema.org\",\"@graph\":[{\"@type\":\"Article\",\"@id\":\"https:\\\/\\\/ppdegalicia.com\\\/es\\\/o-ppdeg-avoga-porque-as-universidades-introduzan-a-loita-contra-violencia-de-xenero-enter-as-materias-do-master-universitario-para-o-exercicio-da-docencia\\\/#article\",\"isPartOf\":{\"@id\":\"https:\\\/\\\/ppdegalicia.com\\\/es\\\/o-ppdeg-avoga-porque-as-universidades-introduzan-a-loita-contra-violencia-de-xenero-enter-as-materias-do-master-universitario-para-o-exercicio-da-docencia\\\/\"},\"author\":{\"name\":\"Super User\",\"@id\":\"https:\\\/\\\/ppdegalicia.com\\\/es\\\/#\\\/schema\\\/person\\\/d0f013b8388c980665d44009ab762960\"},\"headline\":\"O PPdeG avoga porque as universidades introduzan a loita contra violencia de x\u00e9nero enter as materias do m\u00e1ster universitario para o exercicio da docencia\",\"datePublished\":\"2017-11-21T15:59:45+00:00\",\"mainEntityOfPage\":{\"@id\":\"https:\\\/\\\/ppdegalicia.com\\\/es\\\/o-ppdeg-avoga-porque-as-universidades-introduzan-a-loita-contra-violencia-de-xenero-enter-as-materias-do-master-universitario-para-o-exercicio-da-docencia\\\/\"},\"wordCount\":380,\"commentCount\":0,\"publisher\":{\"@id\":\"https:\\\/\\\/ppdegalicia.com\\\/es\\\/#organization\"},\"articleSection\":[\"PP de Galicia\"],\"inLanguage\":\"es\",\"potentialAction\":[{\"@type\":\"CommentAction\",\"name\":\"Comment\",\"target\":[\"https:\\\/\\\/ppdegalicia.com\\\/es\\\/o-ppdeg-avoga-porque-as-universidades-introduzan-a-loita-contra-violencia-de-xenero-enter-as-materias-do-master-universitario-para-o-exercicio-da-docencia\\\/#respond\"]}]},{\"@type\":\"WebPage\",\"@id\":\"https:\\\/\\\/ppdegalicia.com\\\/es\\\/o-ppdeg-avoga-porque-as-universidades-introduzan-a-loita-contra-violencia-de-xenero-enter-as-materias-do-master-universitario-para-o-exercicio-da-docencia\\\/\",\"url\":\"https:\\\/\\\/ppdegalicia.com\\\/es\\\/o-ppdeg-avoga-porque-as-universidades-introduzan-a-loita-contra-violencia-de-xenero-enter-as-materias-do-master-universitario-para-o-exercicio-da-docencia\\\/\",\"name\":\"O PPdeG avoga porque as universidades introduzan a loita contra violencia de x\u00e9nero enter as materias do m\u00e1ster universitario para o exercicio da docencia - PP de Galicia\",\"isPartOf\":{\"@id\":\"https:\\\/\\\/ppdegalicia.com\\\/es\\\/#website\"},\"datePublished\":\"2017-11-21T15:59:45+00:00\",\"breadcrumb\":{\"@id\":\"https:\\\/\\\/ppdegalicia.com\\\/es\\\/o-ppdeg-avoga-porque-as-universidades-introduzan-a-loita-contra-violencia-de-xenero-enter-as-materias-do-master-universitario-para-o-exercicio-da-docencia\\\/#breadcrumb\"},\"inLanguage\":\"es\",\"potentialAction\":[{\"@type\":\"ReadAction\",\"target\":[\"https:\\\/\\\/ppdegalicia.com\\\/es\\\/o-ppdeg-avoga-porque-as-universidades-introduzan-a-loita-contra-violencia-de-xenero-enter-as-materias-do-master-universitario-para-o-exercicio-da-docencia\\\/\"]}]},{\"@type\":\"BreadcrumbList\",\"@id\":\"https:\\\/\\\/ppdegalicia.com\\\/es\\\/o-ppdeg-avoga-porque-as-universidades-introduzan-a-loita-contra-violencia-de-xenero-enter-as-materias-do-master-universitario-para-o-exercicio-da-docencia\\\/#breadcrumb\",\"itemListElement\":[{\"@type\":\"ListItem\",\"position\":1,\"name\":\"Portada\",\"item\":\"https:\\\/\\\/ppdegalicia.com\\\/es\\\/\"},{\"@type\":\"ListItem\",\"position\":2,\"name\":\"O PPdeG avoga porque as universidades introduzan a loita contra violencia de x\u00e9nero enter as materias do m\u00e1ster universitario para o exercicio da docencia\"}]},{\"@type\":\"WebSite\",\"@id\":\"https:\\\/\\\/ppdegalicia.com\\\/es\\\/#website\",\"url\":\"https:\\\/\\\/ppdegalicia.com\\\/es\\\/\",\"name\":\"Partido Popular de Galicia\",\"description\":\"Partido Popular de Galicia\",\"publisher\":{\"@id\":\"https:\\\/\\\/ppdegalicia.com\\\/es\\\/#organization\"},\"alternateName\":\"PP de Galicia\",\"potentialAction\":[{\"@type\":\"SearchAction\",\"target\":{\"@type\":\"EntryPoint\",\"urlTemplate\":\"https:\\\/\\\/ppdegalicia.com\\\/es\\\/?s={search_term_string}\"},\"query-input\":{\"@type\":\"PropertyValueSpecification\",\"valueRequired\":true,\"valueName\":\"search_term_string\"}}],\"inLanguage\":\"es\"},{\"@type\":\"Organization\",\"@id\":\"https:\\\/\\\/ppdegalicia.com\\\/es\\\/#organization\",\"name\":\"Partido Popular de Galicia\",\"alternateName\":\"PP de Galicia\",\"url\":\"https:\\\/\\\/ppdegalicia.com\\\/es\\\/\",\"logo\":{\"@type\":\"ImageObject\",\"inLanguage\":\"es\",\"@id\":\"https:\\\/\\\/ppdegalicia.com\\\/es\\\/#\\\/schema\\\/logo\\\/image\\\/\",\"url\":\"https:\\\/\\\/ppdegalicia.com\\\/wp-content\\\/uploads\\\/2023\\\/04\\\/logoPP512.png\",\"contentUrl\":\"https:\\\/\\\/ppdegalicia.com\\\/wp-content\\\/uploads\\\/2023\\\/04\\\/logoPP512.png\",\"width\":512,\"height\":512,\"caption\":\"Partido Popular de Galicia\"},\"image\":{\"@id\":\"https:\\\/\\\/ppdegalicia.com\\\/es\\\/#\\\/schema\\\/logo\\\/image\\\/\"},\"sameAs\":[\"https:\\\/\\\/www.instagram.com\\\/ppdegalicia\\\/\",\"https:\\\/\\\/x.com\\\/ppdegalicia\",\"https:\\\/\\\/www.tiktok.com\\\/@ppdegalicia\",\"https:\\\/\\\/www.youtube.com\\\/user\\\/ppdegalicia\"]},{\"@type\":\"Person\",\"@id\":\"https:\\\/\\\/ppdegalicia.com\\\/es\\\/#\\\/schema\\\/person\\\/d0f013b8388c980665d44009ab762960\",\"name\":\"Super User\",\"image\":{\"@type\":\"ImageObject\",\"inLanguage\":\"es\",\"@id\":\"https:\\\/\\\/secure.gravatar.com\\\/avatar\\\/1db852625ef4948f58d2739bfbc51e4b9bd5c93b8fa340b59fdb594ca0845645?s=96&d=mm&r=g\",\"url\":\"https:\\\/\\\/secure.gravatar.com\\\/avatar\\\/1db852625ef4948f58d2739bfbc51e4b9bd5c93b8fa340b59fdb594ca0845645?s=96&d=mm&r=g\",\"contentUrl\":\"https:\\\/\\\/secure.gravatar.com\\\/avatar\\\/1db852625ef4948f58d2739bfbc51e4b9bd5c93b8fa340b59fdb594ca0845645?s=96&d=mm&r=g\",\"caption\":\"Super User\"},\"url\":\"https:\\\/\\\/ppdegalicia.com\\\/es\\\/author\\\/ppdegaliciagestion\\\/\"}]}<\/script>\n<!-- \/ Yoast SEO plugin. -->","yoast_head_json":{"title":"O PPdeG avoga porque as universidades introduzan a loita contra violencia de x\u00e9nero enter as materias do m\u00e1ster universitario para o exercicio da docencia - PP de Galicia","robots":{"index":"index","follow":"follow","max-snippet":"max-snippet:-1","max-image-preview":"max-image-preview:large","max-video-preview":"max-video-preview:-1"},"canonical":"https:\/\/ppdegalicia.com\/es\/o-ppdeg-avoga-porque-as-universidades-introduzan-a-loita-contra-violencia-de-xenero-enter-as-materias-do-master-universitario-para-o-exercicio-da-docencia\/","og_locale":"es_ES","og_type":"article","og_title":"O PPdeG avoga porque as universidades introduzan a loita contra violencia de x\u00e9nero enter as materias do m\u00e1ster universitario para o exercicio da docencia - PP de Galicia","og_description":"Santiago, 21 de novembro de 2017.- O portavoz de Educaci\u00f3n do Grupo Popular,&nbsp; C\u00e9sar Fern\u00e1ndez, avogou hoxe no Parlamento porque as universidades galegas, \u201cen exercicio da s\u00faa competencia e da s\u00faa vontade, estuden e decidan a ideoneidade de proceder \u00e1 modificaci\u00f3n dos planos de estudo do m\u00e1ster universitario que habilita para o exercicio da profesi\u00f3n [&hellip;]","og_url":"https:\/\/ppdegalicia.com\/es\/o-ppdeg-avoga-porque-as-universidades-introduzan-a-loita-contra-violencia-de-xenero-enter-as-materias-do-master-universitario-para-o-exercicio-da-docencia\/","og_site_name":"PP de Galicia","article_publisher":"https:\/\/www.instagram.com\/ppdegalicia\/","article_published_time":"2017-11-21T15:59:45+00:00","author":"Super User","twitter_card":"summary_large_image","twitter_creator":"@ppdegalicia","twitter_site":"@ppdegalicia","twitter_misc":{"Escrito por":"Super User","Tiempo de lectura":"2 minutos"},"schema":{"@context":"https:\/\/schema.org","@graph":[{"@type":"Article","@id":"https:\/\/ppdegalicia.com\/es\/o-ppdeg-avoga-porque-as-universidades-introduzan-a-loita-contra-violencia-de-xenero-enter-as-materias-do-master-universitario-para-o-exercicio-da-docencia\/#article","isPartOf":{"@id":"https:\/\/ppdegalicia.com\/es\/o-ppdeg-avoga-porque-as-universidades-introduzan-a-loita-contra-violencia-de-xenero-enter-as-materias-do-master-universitario-para-o-exercicio-da-docencia\/"},"author":{"name":"Super User","@id":"https:\/\/ppdegalicia.com\/es\/#\/schema\/person\/d0f013b8388c980665d44009ab762960"},"headline":"O PPdeG avoga porque as universidades introduzan a loita contra violencia de x\u00e9nero enter as materias do m\u00e1ster universitario para o exercicio da docencia","datePublished":"2017-11-21T15:59:45+00:00","mainEntityOfPage":{"@id":"https:\/\/ppdegalicia.com\/es\/o-ppdeg-avoga-porque-as-universidades-introduzan-a-loita-contra-violencia-de-xenero-enter-as-materias-do-master-universitario-para-o-exercicio-da-docencia\/"},"wordCount":380,"commentCount":0,"publisher":{"@id":"https:\/\/ppdegalicia.com\/es\/#organization"},"articleSection":["PP de Galicia"],"inLanguage":"es","potentialAction":[{"@type":"CommentAction","name":"Comment","target":["https:\/\/ppdegalicia.com\/es\/o-ppdeg-avoga-porque-as-universidades-introduzan-a-loita-contra-violencia-de-xenero-enter-as-materias-do-master-universitario-para-o-exercicio-da-docencia\/#respond"]}]},{"@type":"WebPage","@id":"https:\/\/ppdegalicia.com\/es\/o-ppdeg-avoga-porque-as-universidades-introduzan-a-loita-contra-violencia-de-xenero-enter-as-materias-do-master-universitario-para-o-exercicio-da-docencia\/","url":"https:\/\/ppdegalicia.com\/es\/o-ppdeg-avoga-porque-as-universidades-introduzan-a-loita-contra-violencia-de-xenero-enter-as-materias-do-master-universitario-para-o-exercicio-da-docencia\/","name":"O PPdeG avoga porque as universidades introduzan a loita contra violencia de x\u00e9nero enter as materias do m\u00e1ster universitario para o exercicio da docencia - PP de Galicia","isPartOf":{"@id":"https:\/\/ppdegalicia.com\/es\/#website"},"datePublished":"2017-11-21T15:59:45+00:00","breadcrumb":{"@id":"https:\/\/ppdegalicia.com\/es\/o-ppdeg-avoga-porque-as-universidades-introduzan-a-loita-contra-violencia-de-xenero-enter-as-materias-do-master-universitario-para-o-exercicio-da-docencia\/#breadcrumb"},"inLanguage":"es","potentialAction":[{"@type":"ReadAction","target":["https:\/\/ppdegalicia.com\/es\/o-ppdeg-avoga-porque-as-universidades-introduzan-a-loita-contra-violencia-de-xenero-enter-as-materias-do-master-universitario-para-o-exercicio-da-docencia\/"]}]},{"@type":"BreadcrumbList","@id":"https:\/\/ppdegalicia.com\/es\/o-ppdeg-avoga-porque-as-universidades-introduzan-a-loita-contra-violencia-de-xenero-enter-as-materias-do-master-universitario-para-o-exercicio-da-docencia\/#breadcrumb","itemListElement":[{"@type":"ListItem","position":1,"name":"Portada","item":"https:\/\/ppdegalicia.com\/es\/"},{"@type":"ListItem","position":2,"name":"O PPdeG avoga porque as universidades introduzan a loita contra violencia de x\u00e9nero enter as materias do m\u00e1ster universitario para o exercicio da docencia"}]},{"@type":"WebSite","@id":"https:\/\/ppdegalicia.com\/es\/#website","url":"https:\/\/ppdegalicia.com\/es\/","name":"Partido Popular de Galicia","description":"Partido Popular de Galicia","publisher":{"@id":"https:\/\/ppdegalicia.com\/es\/#organization"},"alternateName":"PP de Galicia","potentialAction":[{"@type":"SearchAction","target":{"@type":"EntryPoint","urlTemplate":"https:\/\/ppdegalicia.com\/es\/?s={search_term_string}"},"query-input":{"@type":"PropertyValueSpecification","valueRequired":true,"valueName":"search_term_string"}}],"inLanguage":"es"},{"@type":"Organization","@id":"https:\/\/ppdegalicia.com\/es\/#organization","name":"Partido Popular de Galicia","alternateName":"PP de Galicia","url":"https:\/\/ppdegalicia.com\/es\/","logo":{"@type":"ImageObject","inLanguage":"es","@id":"https:\/\/ppdegalicia.com\/es\/#\/schema\/logo\/image\/","url":"https:\/\/ppdegalicia.com\/wp-content\/uploads\/2023\/04\/logoPP512.png","contentUrl":"https:\/\/ppdegalicia.com\/wp-content\/uploads\/2023\/04\/logoPP512.png","width":512,"height":512,"caption":"Partido Popular de Galicia"},"image":{"@id":"https:\/\/ppdegalicia.com\/es\/#\/schema\/logo\/image\/"},"sameAs":["https:\/\/www.instagram.com\/ppdegalicia\/","https:\/\/x.com\/ppdegalicia","https:\/\/www.tiktok.com\/@ppdegalicia","https:\/\/www.youtube.com\/user\/ppdegalicia"]},{"@type":"Person","@id":"https:\/\/ppdegalicia.com\/es\/#\/schema\/person\/d0f013b8388c980665d44009ab762960","name":"Super User","image":{"@type":"ImageObject","inLanguage":"es","@id":"https:\/\/secure.gravatar.com\/avatar\/1db852625ef4948f58d2739bfbc51e4b9bd5c93b8fa340b59fdb594ca0845645?s=96&d=mm&r=g","url":"https:\/\/secure.gravatar.com\/avatar\/1db852625ef4948f58d2739bfbc51e4b9bd5c93b8fa340b59fdb594ca0845645?s=96&d=mm&r=g","contentUrl":"https:\/\/secure.gravatar.com\/avatar\/1db852625ef4948f58d2739bfbc51e4b9bd5c93b8fa340b59fdb594ca0845645?s=96&d=mm&r=g","caption":"Super User"},"url":"https:\/\/ppdegalicia.com\/es\/author\/ppdegaliciagestion\/"}]}},"_links":{"self":[{"href":"https:\/\/ppdegalicia.com\/es\/wp-json\/wp\/v2\/posts\/53839","targetHints":{"allow":["GET"]}}],"collection":[{"href":"https:\/\/ppdegalicia.com\/es\/wp-json\/wp\/v2\/posts"}],"about":[{"href":"https:\/\/ppdegalicia.com\/es\/wp-json\/wp\/v2\/types\/post"}],"author":[{"embeddable":true,"href":"https:\/\/ppdegalicia.com\/es\/wp-json\/wp\/v2\/users\/37"}],"replies":[{"embeddable":true,"href":"https:\/\/ppdegalicia.com\/es\/wp-json\/wp\/v2\/comments?post=53839"}],"version-history":[{"count":0,"href":"https:\/\/ppdegalicia.com\/es\/wp-json\/wp\/v2\/posts\/53839\/revisions"}],"wp:attachment":[{"href":"https:\/\/ppdegalicia.com\/es\/wp-json\/wp\/v2\/media?parent=53839"}],"wp:term":[{"taxonomy":"category","embeddable":true,"href":"https:\/\/ppdegalicia.com\/es\/wp-json\/wp\/v2\/categories?post=53839"},{"taxonomy":"post_tag","embeddable":true,"href":"https:\/\/ppdegalicia.com\/es\/wp-json\/wp\/v2\/tags?post=53839"}],"curies":[{"name":"wp","href":"https:\/\/api.w.org\/{rel}","templated":true}]}}