{"id":53852,"date":"2017-11-29T16:50:49","date_gmt":"2017-11-29T14:50:49","guid":{"rendered":"https:\/\/ppdegalicia.com\/o-grupo-popular-amosa-o-firme-compromiso-da-xunta-coa-construcion-do-novo-centro-de-saude-de-melide\/"},"modified":"2017-11-29T16:50:49","modified_gmt":"2017-11-29T14:50:49","slug":"o-grupo-popular-amosa-o-firme-compromiso-da-xunta-coa-construcion-do-novo-centro-de-saude-de-melide","status":"publish","type":"post","link":"https:\/\/ppdegalicia.com\/es\/o-grupo-popular-amosa-o-firme-compromiso-da-xunta-coa-construcion-do-novo-centro-de-saude-de-melide\/","title":{"rendered":"O Grupo Popular amosa o \u201cfirme compromiso\u201d da Xunta coa construci\u00f3n do novo centro de sa\u00fade de Melide"},"content":{"rendered":"<p>Santiago, 29 de novembro de 2017.- O portavoz de Sanidade do Grupo Popular, Aurelio N\u00fa\u00f1ez Centeno, amosou hoxe \u201co firme compromiso\u201d da Xunta de Galicia coa construci\u00f3n do novo centro de sa\u00fade en Melide \u201cen canto se solucionen os tr\u00e1mites urban\u00edsticos pendentes\u201d respecto da parcela na que se localizar\u00e1 este novo edificio.<\/p>\n<p><!--more--><\/p>\n<p>&nbsp;<\/p>\n<p>Aurelio N\u00fa\u00f1ez sinalou que \u201cestamos absolutamente de acordo coa necesidade de construci\u00f3n deste novo centro de sa\u00fade en Melide\u201d, reco\u00f1ecendo que o actual centro \u201cten un problema de tama\u00f1o: \u00e9 pequeno para as necesidades asistenciais e incluso para a realizaci\u00f3n de actividades da carteira de servizos coa que conta ese concello\u201d.<\/p>\n<p>&nbsp;<\/p>\n<p>PARTIDA ORZAMENTARIA<\/p>\n<p>Respecto da situaci\u00f3n actual, o portavoz popular explicou que \u201ca parcela para o novo centro de sa\u00fade a\u00ednda non foi transferida polo Concello de Melide ao Servizo Galego de Sa\u00fade ao estar pendente de tr\u00e1mites urban\u00edsticos\u201d e garantiu que, \u201ca\u00ednda que nos orzamentos para 2018 non figura unha partida nominativa para a construci\u00f3n deste centro, existe o firme compromiso por parte do Sergas para levalo a cabo en canto se solucionen estes problemas coa parcela\u201d.<\/p>\n<p>&nbsp;<\/p>\n<p>O novo centro de sa\u00fade de Melide contar\u00e1 con cinco consultas de medicina familiar; cinco de enfermer\u00eda; unha de pediatr\u00eda; unha de enfermer\u00eda pedi\u00e1trica; unha sala de toma de mostras; unha consulta de farmacia; unha consulta de matrona; unha sala de educaci\u00f3n sanitaria, consulta de odontolox\u00eda e outra de hixienista dental; d\u00faas consultas de fisioterapia e ximnasio; d\u00f3us despachos para os responsables do centro e un despacho de asistente social.<\/p>\n<p>&nbsp;<\/p>\n<p>As\u00ed mesmo, na \u00e1rea de urxencias o plan funcional contempla unha recepci\u00f3n, unha sala de reanimaci\u00f3n-observaci\u00f3n, unha consulta de medicina e outra de enfermer\u00eda, aseos, vestiarios, salas de espera, tres dormitorios e sala de estar de persoal.<\/p>\n","protected":false},"excerpt":{"rendered":"<p>Santiago, 29 de novembro de 2017.- O portavoz de Sanidade do Grupo Popular, Aurelio N\u00fa\u00f1ez Centeno, amosou hoxe \u201co firme compromiso\u201d da Xunta de Galicia coa construci\u00f3n do novo centro de sa\u00fade en Melide \u201cen canto se solucionen os tr\u00e1mites urban\u00edsticos pendentes\u201d respecto da parcela na que se localizar\u00e1 este novo edificio.<\/p>\n","protected":false},"author":37,"featured_media":0,"comment_status":"open","ping_status":"open","sticky":false,"template":"","format":"standard","meta":{"_acf_changed":false,"footnotes":""},"categories":[1],"tags":[],"class_list":["post-53852","post","type-post","status-publish","format-standard","hentry","category-pp-de-galicia"],"acf":[],"yoast_head":"<!-- This site is optimized with the Yoast SEO plugin v27.3 - https:\/\/yoast.com\/product\/yoast-seo-wordpress\/ -->\n<title>O Grupo Popular amosa o \u201cfirme compromiso\u201d da Xunta coa construci\u00f3n do novo centro de sa\u00fade de Melide - PP de Galicia<\/title>\n<meta name=\"robots\" content=\"index, follow, max-snippet:-1, max-image-preview:large, max-video-preview:-1\" \/>\n<link rel=\"canonical\" href=\"https:\/\/ppdegalicia.com\/es\/o-grupo-popular-amosa-o-firme-compromiso-da-xunta-coa-construcion-do-novo-centro-de-saude-de-melide\/\" \/>\n<meta property=\"og:locale\" content=\"es_ES\" \/>\n<meta property=\"og:type\" content=\"article\" \/>\n<meta property=\"og:title\" content=\"O Grupo Popular amosa o \u201cfirme compromiso\u201d da Xunta coa construci\u00f3n do novo centro de sa\u00fade de Melide - PP de Galicia\" \/>\n<meta property=\"og:description\" content=\"Santiago, 29 de novembro de 2017.- O portavoz de Sanidade do Grupo Popular, Aurelio N\u00fa\u00f1ez Centeno, amosou hoxe \u201co firme compromiso\u201d da Xunta de Galicia coa construci\u00f3n do novo centro de sa\u00fade en Melide \u201cen canto se solucionen os tr\u00e1mites urban\u00edsticos pendentes\u201d respecto da parcela na que se localizar\u00e1 este novo edificio.\" \/>\n<meta property=\"og:url\" content=\"https:\/\/ppdegalicia.com\/es\/o-grupo-popular-amosa-o-firme-compromiso-da-xunta-coa-construcion-do-novo-centro-de-saude-de-melide\/\" \/>\n<meta property=\"og:site_name\" content=\"PP de Galicia\" \/>\n<meta property=\"article:publisher\" content=\"https:\/\/www.instagram.com\/ppdegalicia\/\" \/>\n<meta property=\"article:published_time\" content=\"2017-11-29T14:50:49+00:00\" \/>\n<meta name=\"author\" content=\"Super User\" \/>\n<meta name=\"twitter:card\" content=\"summary_large_image\" \/>\n<meta name=\"twitter:creator\" content=\"@ppdegalicia\" \/>\n<meta name=\"twitter:site\" content=\"@ppdegalicia\" \/>\n<meta name=\"twitter:label1\" content=\"Escrito por\" \/>\n\t<meta name=\"twitter:data1\" content=\"Super User\" \/>\n\t<meta name=\"twitter:label2\" content=\"Tiempo de lectura\" \/>\n\t<meta name=\"twitter:data2\" content=\"2 minutos\" \/>\n<script type=\"application\/ld+json\" class=\"yoast-schema-graph\">{\"@context\":\"https:\\\/\\\/schema.org\",\"@graph\":[{\"@type\":\"Article\",\"@id\":\"https:\\\/\\\/ppdegalicia.com\\\/es\\\/o-grupo-popular-amosa-o-firme-compromiso-da-xunta-coa-construcion-do-novo-centro-de-saude-de-melide\\\/#article\",\"isPartOf\":{\"@id\":\"https:\\\/\\\/ppdegalicia.com\\\/es\\\/o-grupo-popular-amosa-o-firme-compromiso-da-xunta-coa-construcion-do-novo-centro-de-saude-de-melide\\\/\"},\"author\":{\"name\":\"Super User\",\"@id\":\"https:\\\/\\\/ppdegalicia.com\\\/es\\\/#\\\/schema\\\/person\\\/d0f013b8388c980665d44009ab762960\"},\"headline\":\"O Grupo Popular amosa o \u201cfirme compromiso\u201d da Xunta coa construci\u00f3n do novo centro de sa\u00fade de Melide\",\"datePublished\":\"2017-11-29T14:50:49+00:00\",\"mainEntityOfPage\":{\"@id\":\"https:\\\/\\\/ppdegalicia.com\\\/es\\\/o-grupo-popular-amosa-o-firme-compromiso-da-xunta-coa-construcion-do-novo-centro-de-saude-de-melide\\\/\"},\"wordCount\":340,\"commentCount\":0,\"publisher\":{\"@id\":\"https:\\\/\\\/ppdegalicia.com\\\/es\\\/#organization\"},\"articleSection\":[\"PP de Galicia\"],\"inLanguage\":\"es\",\"potentialAction\":[{\"@type\":\"CommentAction\",\"name\":\"Comment\",\"target\":[\"https:\\\/\\\/ppdegalicia.com\\\/es\\\/o-grupo-popular-amosa-o-firme-compromiso-da-xunta-coa-construcion-do-novo-centro-de-saude-de-melide\\\/#respond\"]}]},{\"@type\":\"WebPage\",\"@id\":\"https:\\\/\\\/ppdegalicia.com\\\/es\\\/o-grupo-popular-amosa-o-firme-compromiso-da-xunta-coa-construcion-do-novo-centro-de-saude-de-melide\\\/\",\"url\":\"https:\\\/\\\/ppdegalicia.com\\\/es\\\/o-grupo-popular-amosa-o-firme-compromiso-da-xunta-coa-construcion-do-novo-centro-de-saude-de-melide\\\/\",\"name\":\"O Grupo Popular amosa o \u201cfirme compromiso\u201d da Xunta coa construci\u00f3n do novo centro de sa\u00fade de Melide - PP de Galicia\",\"isPartOf\":{\"@id\":\"https:\\\/\\\/ppdegalicia.com\\\/es\\\/#website\"},\"datePublished\":\"2017-11-29T14:50:49+00:00\",\"breadcrumb\":{\"@id\":\"https:\\\/\\\/ppdegalicia.com\\\/es\\\/o-grupo-popular-amosa-o-firme-compromiso-da-xunta-coa-construcion-do-novo-centro-de-saude-de-melide\\\/#breadcrumb\"},\"inLanguage\":\"es\",\"potentialAction\":[{\"@type\":\"ReadAction\",\"target\":[\"https:\\\/\\\/ppdegalicia.com\\\/es\\\/o-grupo-popular-amosa-o-firme-compromiso-da-xunta-coa-construcion-do-novo-centro-de-saude-de-melide\\\/\"]}]},{\"@type\":\"BreadcrumbList\",\"@id\":\"https:\\\/\\\/ppdegalicia.com\\\/es\\\/o-grupo-popular-amosa-o-firme-compromiso-da-xunta-coa-construcion-do-novo-centro-de-saude-de-melide\\\/#breadcrumb\",\"itemListElement\":[{\"@type\":\"ListItem\",\"position\":1,\"name\":\"Portada\",\"item\":\"https:\\\/\\\/ppdegalicia.com\\\/es\\\/\"},{\"@type\":\"ListItem\",\"position\":2,\"name\":\"O Grupo Popular amosa o \u201cfirme compromiso\u201d da Xunta coa construci\u00f3n do novo centro de sa\u00fade de Melide\"}]},{\"@type\":\"WebSite\",\"@id\":\"https:\\\/\\\/ppdegalicia.com\\\/es\\\/#website\",\"url\":\"https:\\\/\\\/ppdegalicia.com\\\/es\\\/\",\"name\":\"Partido Popular de Galicia\",\"description\":\"Partido Popular de Galicia\",\"publisher\":{\"@id\":\"https:\\\/\\\/ppdegalicia.com\\\/es\\\/#organization\"},\"alternateName\":\"PP de Galicia\",\"potentialAction\":[{\"@type\":\"SearchAction\",\"target\":{\"@type\":\"EntryPoint\",\"urlTemplate\":\"https:\\\/\\\/ppdegalicia.com\\\/es\\\/?s={search_term_string}\"},\"query-input\":{\"@type\":\"PropertyValueSpecification\",\"valueRequired\":true,\"valueName\":\"search_term_string\"}}],\"inLanguage\":\"es\"},{\"@type\":\"Organization\",\"@id\":\"https:\\\/\\\/ppdegalicia.com\\\/es\\\/#organization\",\"name\":\"Partido Popular de Galicia\",\"alternateName\":\"PP de Galicia\",\"url\":\"https:\\\/\\\/ppdegalicia.com\\\/es\\\/\",\"logo\":{\"@type\":\"ImageObject\",\"inLanguage\":\"es\",\"@id\":\"https:\\\/\\\/ppdegalicia.com\\\/es\\\/#\\\/schema\\\/logo\\\/image\\\/\",\"url\":\"https:\\\/\\\/ppdegalicia.com\\\/wp-content\\\/uploads\\\/2023\\\/04\\\/logoPP512.png\",\"contentUrl\":\"https:\\\/\\\/ppdegalicia.com\\\/wp-content\\\/uploads\\\/2023\\\/04\\\/logoPP512.png\",\"width\":512,\"height\":512,\"caption\":\"Partido Popular de Galicia\"},\"image\":{\"@id\":\"https:\\\/\\\/ppdegalicia.com\\\/es\\\/#\\\/schema\\\/logo\\\/image\\\/\"},\"sameAs\":[\"https:\\\/\\\/www.instagram.com\\\/ppdegalicia\\\/\",\"https:\\\/\\\/x.com\\\/ppdegalicia\",\"https:\\\/\\\/www.tiktok.com\\\/@ppdegalicia\",\"https:\\\/\\\/www.youtube.com\\\/user\\\/ppdegalicia\"]},{\"@type\":\"Person\",\"@id\":\"https:\\\/\\\/ppdegalicia.com\\\/es\\\/#\\\/schema\\\/person\\\/d0f013b8388c980665d44009ab762960\",\"name\":\"Super User\",\"image\":{\"@type\":\"ImageObject\",\"inLanguage\":\"es\",\"@id\":\"https:\\\/\\\/secure.gravatar.com\\\/avatar\\\/1db852625ef4948f58d2739bfbc51e4b9bd5c93b8fa340b59fdb594ca0845645?s=96&d=mm&r=g\",\"url\":\"https:\\\/\\\/secure.gravatar.com\\\/avatar\\\/1db852625ef4948f58d2739bfbc51e4b9bd5c93b8fa340b59fdb594ca0845645?s=96&d=mm&r=g\",\"contentUrl\":\"https:\\\/\\\/secure.gravatar.com\\\/avatar\\\/1db852625ef4948f58d2739bfbc51e4b9bd5c93b8fa340b59fdb594ca0845645?s=96&d=mm&r=g\",\"caption\":\"Super User\"},\"url\":\"https:\\\/\\\/ppdegalicia.com\\\/es\\\/author\\\/ppdegaliciagestion\\\/\"}]}<\/script>\n<!-- \/ Yoast SEO plugin. -->","yoast_head_json":{"title":"O Grupo Popular amosa o \u201cfirme compromiso\u201d da Xunta coa construci\u00f3n do novo centro de sa\u00fade de Melide - PP de Galicia","robots":{"index":"index","follow":"follow","max-snippet":"max-snippet:-1","max-image-preview":"max-image-preview:large","max-video-preview":"max-video-preview:-1"},"canonical":"https:\/\/ppdegalicia.com\/es\/o-grupo-popular-amosa-o-firme-compromiso-da-xunta-coa-construcion-do-novo-centro-de-saude-de-melide\/","og_locale":"es_ES","og_type":"article","og_title":"O Grupo Popular amosa o \u201cfirme compromiso\u201d da Xunta coa construci\u00f3n do novo centro de sa\u00fade de Melide - PP de Galicia","og_description":"Santiago, 29 de novembro de 2017.- O portavoz de Sanidade do Grupo Popular, Aurelio N\u00fa\u00f1ez Centeno, amosou hoxe \u201co firme compromiso\u201d da Xunta de Galicia coa construci\u00f3n do novo centro de sa\u00fade en Melide \u201cen canto se solucionen os tr\u00e1mites urban\u00edsticos pendentes\u201d respecto da parcela na que se localizar\u00e1 este novo edificio.","og_url":"https:\/\/ppdegalicia.com\/es\/o-grupo-popular-amosa-o-firme-compromiso-da-xunta-coa-construcion-do-novo-centro-de-saude-de-melide\/","og_site_name":"PP de Galicia","article_publisher":"https:\/\/www.instagram.com\/ppdegalicia\/","article_published_time":"2017-11-29T14:50:49+00:00","author":"Super User","twitter_card":"summary_large_image","twitter_creator":"@ppdegalicia","twitter_site":"@ppdegalicia","twitter_misc":{"Escrito por":"Super User","Tiempo de lectura":"2 minutos"},"schema":{"@context":"https:\/\/schema.org","@graph":[{"@type":"Article","@id":"https:\/\/ppdegalicia.com\/es\/o-grupo-popular-amosa-o-firme-compromiso-da-xunta-coa-construcion-do-novo-centro-de-saude-de-melide\/#article","isPartOf":{"@id":"https:\/\/ppdegalicia.com\/es\/o-grupo-popular-amosa-o-firme-compromiso-da-xunta-coa-construcion-do-novo-centro-de-saude-de-melide\/"},"author":{"name":"Super User","@id":"https:\/\/ppdegalicia.com\/es\/#\/schema\/person\/d0f013b8388c980665d44009ab762960"},"headline":"O Grupo Popular amosa o \u201cfirme compromiso\u201d da Xunta coa construci\u00f3n do novo centro de sa\u00fade de Melide","datePublished":"2017-11-29T14:50:49+00:00","mainEntityOfPage":{"@id":"https:\/\/ppdegalicia.com\/es\/o-grupo-popular-amosa-o-firme-compromiso-da-xunta-coa-construcion-do-novo-centro-de-saude-de-melide\/"},"wordCount":340,"commentCount":0,"publisher":{"@id":"https:\/\/ppdegalicia.com\/es\/#organization"},"articleSection":["PP de Galicia"],"inLanguage":"es","potentialAction":[{"@type":"CommentAction","name":"Comment","target":["https:\/\/ppdegalicia.com\/es\/o-grupo-popular-amosa-o-firme-compromiso-da-xunta-coa-construcion-do-novo-centro-de-saude-de-melide\/#respond"]}]},{"@type":"WebPage","@id":"https:\/\/ppdegalicia.com\/es\/o-grupo-popular-amosa-o-firme-compromiso-da-xunta-coa-construcion-do-novo-centro-de-saude-de-melide\/","url":"https:\/\/ppdegalicia.com\/es\/o-grupo-popular-amosa-o-firme-compromiso-da-xunta-coa-construcion-do-novo-centro-de-saude-de-melide\/","name":"O Grupo Popular amosa o \u201cfirme compromiso\u201d da Xunta coa construci\u00f3n do novo centro de sa\u00fade de Melide - PP de Galicia","isPartOf":{"@id":"https:\/\/ppdegalicia.com\/es\/#website"},"datePublished":"2017-11-29T14:50:49+00:00","breadcrumb":{"@id":"https:\/\/ppdegalicia.com\/es\/o-grupo-popular-amosa-o-firme-compromiso-da-xunta-coa-construcion-do-novo-centro-de-saude-de-melide\/#breadcrumb"},"inLanguage":"es","potentialAction":[{"@type":"ReadAction","target":["https:\/\/ppdegalicia.com\/es\/o-grupo-popular-amosa-o-firme-compromiso-da-xunta-coa-construcion-do-novo-centro-de-saude-de-melide\/"]}]},{"@type":"BreadcrumbList","@id":"https:\/\/ppdegalicia.com\/es\/o-grupo-popular-amosa-o-firme-compromiso-da-xunta-coa-construcion-do-novo-centro-de-saude-de-melide\/#breadcrumb","itemListElement":[{"@type":"ListItem","position":1,"name":"Portada","item":"https:\/\/ppdegalicia.com\/es\/"},{"@type":"ListItem","position":2,"name":"O Grupo Popular amosa o \u201cfirme compromiso\u201d da Xunta coa construci\u00f3n do novo centro de sa\u00fade de Melide"}]},{"@type":"WebSite","@id":"https:\/\/ppdegalicia.com\/es\/#website","url":"https:\/\/ppdegalicia.com\/es\/","name":"Partido Popular de Galicia","description":"Partido Popular de Galicia","publisher":{"@id":"https:\/\/ppdegalicia.com\/es\/#organization"},"alternateName":"PP de Galicia","potentialAction":[{"@type":"SearchAction","target":{"@type":"EntryPoint","urlTemplate":"https:\/\/ppdegalicia.com\/es\/?s={search_term_string}"},"query-input":{"@type":"PropertyValueSpecification","valueRequired":true,"valueName":"search_term_string"}}],"inLanguage":"es"},{"@type":"Organization","@id":"https:\/\/ppdegalicia.com\/es\/#organization","name":"Partido Popular de Galicia","alternateName":"PP de Galicia","url":"https:\/\/ppdegalicia.com\/es\/","logo":{"@type":"ImageObject","inLanguage":"es","@id":"https:\/\/ppdegalicia.com\/es\/#\/schema\/logo\/image\/","url":"https:\/\/ppdegalicia.com\/wp-content\/uploads\/2023\/04\/logoPP512.png","contentUrl":"https:\/\/ppdegalicia.com\/wp-content\/uploads\/2023\/04\/logoPP512.png","width":512,"height":512,"caption":"Partido Popular de Galicia"},"image":{"@id":"https:\/\/ppdegalicia.com\/es\/#\/schema\/logo\/image\/"},"sameAs":["https:\/\/www.instagram.com\/ppdegalicia\/","https:\/\/x.com\/ppdegalicia","https:\/\/www.tiktok.com\/@ppdegalicia","https:\/\/www.youtube.com\/user\/ppdegalicia"]},{"@type":"Person","@id":"https:\/\/ppdegalicia.com\/es\/#\/schema\/person\/d0f013b8388c980665d44009ab762960","name":"Super User","image":{"@type":"ImageObject","inLanguage":"es","@id":"https:\/\/secure.gravatar.com\/avatar\/1db852625ef4948f58d2739bfbc51e4b9bd5c93b8fa340b59fdb594ca0845645?s=96&d=mm&r=g","url":"https:\/\/secure.gravatar.com\/avatar\/1db852625ef4948f58d2739bfbc51e4b9bd5c93b8fa340b59fdb594ca0845645?s=96&d=mm&r=g","contentUrl":"https:\/\/secure.gravatar.com\/avatar\/1db852625ef4948f58d2739bfbc51e4b9bd5c93b8fa340b59fdb594ca0845645?s=96&d=mm&r=g","caption":"Super User"},"url":"https:\/\/ppdegalicia.com\/es\/author\/ppdegaliciagestion\/"}]}},"_links":{"self":[{"href":"https:\/\/ppdegalicia.com\/es\/wp-json\/wp\/v2\/posts\/53852","targetHints":{"allow":["GET"]}}],"collection":[{"href":"https:\/\/ppdegalicia.com\/es\/wp-json\/wp\/v2\/posts"}],"about":[{"href":"https:\/\/ppdegalicia.com\/es\/wp-json\/wp\/v2\/types\/post"}],"author":[{"embeddable":true,"href":"https:\/\/ppdegalicia.com\/es\/wp-json\/wp\/v2\/users\/37"}],"replies":[{"embeddable":true,"href":"https:\/\/ppdegalicia.com\/es\/wp-json\/wp\/v2\/comments?post=53852"}],"version-history":[{"count":0,"href":"https:\/\/ppdegalicia.com\/es\/wp-json\/wp\/v2\/posts\/53852\/revisions"}],"wp:attachment":[{"href":"https:\/\/ppdegalicia.com\/es\/wp-json\/wp\/v2\/media?parent=53852"}],"wp:term":[{"taxonomy":"category","embeddable":true,"href":"https:\/\/ppdegalicia.com\/es\/wp-json\/wp\/v2\/categories?post=53852"},{"taxonomy":"post_tag","embeddable":true,"href":"https:\/\/ppdegalicia.com\/es\/wp-json\/wp\/v2\/tags?post=53852"}],"curies":[{"name":"wp","href":"https:\/\/api.w.org\/{rel}","templated":true}]}}