{"id":53859,"date":"2017-12-04T12:09:45","date_gmt":"2017-12-04T10:09:45","guid":{"rendered":"https:\/\/ppdegalicia.com\/o-parlamento-aproba-a-primeira-lei-de-portos-de-caracter-autonomico\/"},"modified":"2017-12-04T12:09:45","modified_gmt":"2017-12-04T10:09:45","slug":"o-parlamento-aproba-a-primeira-lei-de-portos-de-caracter-autonomico","status":"publish","type":"post","link":"https:\/\/ppdegalicia.com\/es\/o-parlamento-aproba-a-primeira-lei-de-portos-de-caracter-autonomico\/","title":{"rendered":"O Parlamento aproba a primeira Lei de portos de car\u00e1cter auton\u00f3mico"},"content":{"rendered":"<p>Santiago, 4 de decembro de 2017.- O Parlamento de Galicia aprobou hoxe a primeira Lei de portos de car\u00e1cter auton\u00f3mico, que adapta a normativa portuaria \u00e1s diversas particularidades dos peiraos galegos. \u201cA creaci\u00f3n deste necesario marco lexislativo permitir\u00e1 aproveitar ao m\u00e1ximo as potencialidades dos nosos portos, a trav\u00e9s das s\u00faas caracter\u00edsticas, singularidades e especificidades; gozar dunha vantaxe cualitativa para o noso sistema portuario respecto a outros marcos normativos; e ter unha Galicia portuaria m\u00e1is atractiva\u201d, sinalou a deputada popular Teresa Egerique.<\/p>\n<p><!--more--><\/p>\n<p>&nbsp;<\/p>\n<p>Na s\u00faa intervenci\u00f3n na sesi\u00f3n&nbsp; plenaria, Egerique explicou que esta nova lei \u201cest\u00e1 chamada a alcanzar e cumprir tres obxectivos: establecer un marco regulador, organizativo e de colaboraci\u00f3n dentro do conxunto da infraestrutura portuaria en rede de Galicia; incrementar as sinerx\u00edas dos portos galegos no transporte de mercador\u00edas; e coordinar competencias en materia de investimentos portuarios, transportes e ordenaci\u00f3n do territorio\u201d.<\/p>\n<p>&nbsp;<\/p>\n<p>M\u00e1is en concreto, a deputada popular dixo que a nova lei \u201cten en conta a convivencia das diferentes actividades en gran parte dos portos, a actividade pesqueira, a comercial, a n\u00e1utica e a de paisaxe\u201d.<\/p>\n<p>&nbsp;<\/p>\n<p>\u201cO seu obxectivo principal \u00e1 reforzar as potencialidades dos portos galegos ante os retos do futuro: abrindo novos mercados, atopando novos investidores e sac\u00e1ndolle todo o rendemento posible ao sector portuario galego, un rendemento que repercuta no beneficio das persoas que traballan no sector do mar e no beneficio das vilas mari\u00f1eiras e de toda Galicia\u201d, sinalou.<\/p>\n<p>&nbsp;<\/p>\n<p><strong>SERVIZO P\u00daBLICO<\/strong><\/p>\n<p>&nbsp;<\/p>\n<p>Teresa Egerique salientou, ademais, que a nova Lei dar\u00e1 \u201cmaior competitividade aos portos galegos, coa garant\u00eda absoluta de cumprir o seu papel de servizo p\u00fablico\u201d. \u201cA prestaci\u00f3n de actividades como amarre, remolque, transporte de viaxeiros ou manipulaci\u00f3n de carga contribuir\u00e1n a xerar emprego e a reactivar a econom\u00eda e a actividade portuaria nas zonas nas que se localizan\u201d, engadiu.<\/p>\n<p>&nbsp;<\/p>\n<p>\u201cTam\u00e9n falamos de m\u00e1is transparencia no procedemento das concesi\u00f3ns de servizos p\u00fablicos portuarios, xa que se recupera o tr\u00e1mite de competencia de proxectos, de solicitudes de concesi\u00f3ns, coa achega de informaci\u00f3n p\u00fablica e de organismos oficiais, o que permitir\u00e1 tomar a mellor das decisi\u00f3ns a prol do interese xeral\u201d, manifestou.<\/p>\n<p>&nbsp;<\/p>\n<p>Con respecto aos tr\u00e1ficos portuarios, Teresa Egerique indicou que \u201cse prev\u00e9 unha mellora substancial porque a lei recolle a figura dos plans directores de infraestruturas dos portos, que a trav\u00e9s dos que se planificar\u00e1n a dotaci\u00f3n de proxectos de obras e instalaci\u00f3ns durante un horizonte tempor\u00e1n dun m\u00ednimo de cinco anos\u201d.<\/p>\n<p>&nbsp;<\/p>\n<p>\u201cEstes plans poder\u00e1n formularse para un porto ou para un conxunto deles para optimizar recursos, permitindo analizar as situaci\u00f3ns actuais dos portos, a estrutura do tr\u00e1fico e das actividades portuarias, as s\u00faas necesidades de desenvolvemento, e outras cuesti\u00f3ns t\u00e9cnicas que redundar\u00e1n nunha mellora das condici\u00f3ns das d\u00e1rsenas e das instalaci\u00f3ns\u201d, explicou.<\/p>\n<p>&nbsp;<\/p>\n<p><strong>RETIRADA DE BUQUES<\/strong><\/p>\n<p>&nbsp;<\/p>\n<p>A deputada popular tam\u00e9n sinalou a mellora na sustentabilidade ambiental dos portos, xa que a lei recolle a prohibici\u00f3n no dominio p\u00fablico portuario de calquera tipo de vertido contaminante s\u00f3lido, l\u00edquido ou gaseoso, contemplando a obriga de que os responsables deses vertidos procedan \u00e1 plena rexeneraci\u00f3n das augas. Neste \u00e1mbito, apuntou que \u201ctam\u00e9n se axilizar\u00e1 a retirada de buques abandonados, as\u00ed como veh\u00edculos e outros obxectos en terreo portuario\u201d.<\/p>\n<p>&nbsp;<\/p>\n<p>A nova Lei \u201cgarante tam\u00e9n a axilidade no devir diario dos portos de Galicia, tanto nos prazos de autorizaci\u00f3n de atraques en funci\u00f3n das prazas de amarre vacantes, que non superar\u00e1n os 15 d\u00edas; como nas concesi\u00f3ns, contemplando maiores garant\u00edas para os investidores\u201d.<\/p>\n<p>&nbsp;<\/p>\n<p>Por \u00faltimo, Egerique sinalou que a nova Lei de portos \u201catrib\u00fae ao persoal que vix\u00eda e vela pola seguridade dos portos car\u00e1cter de axente de autoridade, \u00e9 dicir, os gardapeiraos vense reforzados para garantir a seguridade nos portos e poder\u00e1n iniciar expedientes no caso de malas pr\u00e1cticas\u201d.<\/p>\n<p>&nbsp;<\/p>\n","protected":false},"excerpt":{"rendered":"<p>Santiago, 4 de decembro de 2017.- O Parlamento de Galicia aprobou hoxe a primeira Lei de portos de car\u00e1cter auton\u00f3mico, que adapta a normativa portuaria \u00e1s diversas particularidades dos peiraos galegos. \u201cA creaci\u00f3n deste necesario marco lexislativo permitir\u00e1 aproveitar ao m\u00e1ximo as potencialidades dos nosos portos, a trav\u00e9s das s\u00faas caracter\u00edsticas, singularidades e especificidades; gozar [&hellip;]<\/p>\n","protected":false},"author":37,"featured_media":0,"comment_status":"open","ping_status":"open","sticky":false,"template":"","format":"standard","meta":{"_acf_changed":false,"footnotes":""},"categories":[1],"tags":[],"class_list":["post-53859","post","type-post","status-publish","format-standard","hentry","category-pp-de-galicia"],"acf":[],"yoast_head":"<!-- This site is optimized with the Yoast SEO plugin v27.3 - https:\/\/yoast.com\/product\/yoast-seo-wordpress\/ -->\n<title>O Parlamento aproba a primeira Lei de portos de car\u00e1cter auton\u00f3mico - PP de Galicia<\/title>\n<meta name=\"robots\" content=\"index, follow, max-snippet:-1, max-image-preview:large, max-video-preview:-1\" \/>\n<link rel=\"canonical\" href=\"https:\/\/ppdegalicia.com\/es\/o-parlamento-aproba-a-primeira-lei-de-portos-de-caracter-autonomico\/\" \/>\n<meta property=\"og:locale\" content=\"es_ES\" \/>\n<meta property=\"og:type\" content=\"article\" \/>\n<meta property=\"og:title\" content=\"O Parlamento aproba a primeira Lei de portos de car\u00e1cter auton\u00f3mico - PP de Galicia\" \/>\n<meta property=\"og:description\" content=\"Santiago, 4 de decembro de 2017.- O Parlamento de Galicia aprobou hoxe a primeira Lei de portos de car\u00e1cter auton\u00f3mico, que adapta a normativa portuaria \u00e1s diversas particularidades dos peiraos galegos. \u201cA creaci\u00f3n deste necesario marco lexislativo permitir\u00e1 aproveitar ao m\u00e1ximo as potencialidades dos nosos portos, a trav\u00e9s das s\u00faas caracter\u00edsticas, singularidades e especificidades; gozar [&hellip;]\" \/>\n<meta property=\"og:url\" content=\"https:\/\/ppdegalicia.com\/es\/o-parlamento-aproba-a-primeira-lei-de-portos-de-caracter-autonomico\/\" \/>\n<meta property=\"og:site_name\" content=\"PP de Galicia\" \/>\n<meta property=\"article:publisher\" content=\"https:\/\/www.instagram.com\/ppdegalicia\/\" \/>\n<meta property=\"article:published_time\" content=\"2017-12-04T10:09:45+00:00\" \/>\n<meta name=\"author\" content=\"Super User\" \/>\n<meta name=\"twitter:card\" content=\"summary_large_image\" \/>\n<meta name=\"twitter:creator\" content=\"@ppdegalicia\" \/>\n<meta name=\"twitter:site\" content=\"@ppdegalicia\" \/>\n<meta name=\"twitter:label1\" content=\"Escrito por\" \/>\n\t<meta name=\"twitter:data1\" content=\"Super User\" \/>\n\t<meta name=\"twitter:label2\" content=\"Tiempo de lectura\" \/>\n\t<meta name=\"twitter:data2\" content=\"3 minutos\" \/>\n<script type=\"application\/ld+json\" class=\"yoast-schema-graph\">{\"@context\":\"https:\\\/\\\/schema.org\",\"@graph\":[{\"@type\":\"Article\",\"@id\":\"https:\\\/\\\/ppdegalicia.com\\\/es\\\/o-parlamento-aproba-a-primeira-lei-de-portos-de-caracter-autonomico\\\/#article\",\"isPartOf\":{\"@id\":\"https:\\\/\\\/ppdegalicia.com\\\/es\\\/o-parlamento-aproba-a-primeira-lei-de-portos-de-caracter-autonomico\\\/\"},\"author\":{\"name\":\"Super User\",\"@id\":\"https:\\\/\\\/ppdegalicia.com\\\/es\\\/#\\\/schema\\\/person\\\/d0f013b8388c980665d44009ab762960\"},\"headline\":\"O Parlamento aproba a primeira Lei de portos de car\u00e1cter auton\u00f3mico\",\"datePublished\":\"2017-12-04T10:09:45+00:00\",\"mainEntityOfPage\":{\"@id\":\"https:\\\/\\\/ppdegalicia.com\\\/es\\\/o-parlamento-aproba-a-primeira-lei-de-portos-de-caracter-autonomico\\\/\"},\"wordCount\":703,\"commentCount\":0,\"publisher\":{\"@id\":\"https:\\\/\\\/ppdegalicia.com\\\/es\\\/#organization\"},\"articleSection\":[\"PP de Galicia\"],\"inLanguage\":\"es\",\"potentialAction\":[{\"@type\":\"CommentAction\",\"name\":\"Comment\",\"target\":[\"https:\\\/\\\/ppdegalicia.com\\\/es\\\/o-parlamento-aproba-a-primeira-lei-de-portos-de-caracter-autonomico\\\/#respond\"]}]},{\"@type\":\"WebPage\",\"@id\":\"https:\\\/\\\/ppdegalicia.com\\\/es\\\/o-parlamento-aproba-a-primeira-lei-de-portos-de-caracter-autonomico\\\/\",\"url\":\"https:\\\/\\\/ppdegalicia.com\\\/es\\\/o-parlamento-aproba-a-primeira-lei-de-portos-de-caracter-autonomico\\\/\",\"name\":\"O Parlamento aproba a primeira Lei de portos de car\u00e1cter auton\u00f3mico - PP de Galicia\",\"isPartOf\":{\"@id\":\"https:\\\/\\\/ppdegalicia.com\\\/es\\\/#website\"},\"datePublished\":\"2017-12-04T10:09:45+00:00\",\"breadcrumb\":{\"@id\":\"https:\\\/\\\/ppdegalicia.com\\\/es\\\/o-parlamento-aproba-a-primeira-lei-de-portos-de-caracter-autonomico\\\/#breadcrumb\"},\"inLanguage\":\"es\",\"potentialAction\":[{\"@type\":\"ReadAction\",\"target\":[\"https:\\\/\\\/ppdegalicia.com\\\/es\\\/o-parlamento-aproba-a-primeira-lei-de-portos-de-caracter-autonomico\\\/\"]}]},{\"@type\":\"BreadcrumbList\",\"@id\":\"https:\\\/\\\/ppdegalicia.com\\\/es\\\/o-parlamento-aproba-a-primeira-lei-de-portos-de-caracter-autonomico\\\/#breadcrumb\",\"itemListElement\":[{\"@type\":\"ListItem\",\"position\":1,\"name\":\"Portada\",\"item\":\"https:\\\/\\\/ppdegalicia.com\\\/es\\\/\"},{\"@type\":\"ListItem\",\"position\":2,\"name\":\"O Parlamento aproba a primeira Lei de portos de car\u00e1cter auton\u00f3mico\"}]},{\"@type\":\"WebSite\",\"@id\":\"https:\\\/\\\/ppdegalicia.com\\\/es\\\/#website\",\"url\":\"https:\\\/\\\/ppdegalicia.com\\\/es\\\/\",\"name\":\"Partido Popular de Galicia\",\"description\":\"Partido Popular de Galicia\",\"publisher\":{\"@id\":\"https:\\\/\\\/ppdegalicia.com\\\/es\\\/#organization\"},\"alternateName\":\"PP de Galicia\",\"potentialAction\":[{\"@type\":\"SearchAction\",\"target\":{\"@type\":\"EntryPoint\",\"urlTemplate\":\"https:\\\/\\\/ppdegalicia.com\\\/es\\\/?s={search_term_string}\"},\"query-input\":{\"@type\":\"PropertyValueSpecification\",\"valueRequired\":true,\"valueName\":\"search_term_string\"}}],\"inLanguage\":\"es\"},{\"@type\":\"Organization\",\"@id\":\"https:\\\/\\\/ppdegalicia.com\\\/es\\\/#organization\",\"name\":\"Partido Popular de Galicia\",\"alternateName\":\"PP de Galicia\",\"url\":\"https:\\\/\\\/ppdegalicia.com\\\/es\\\/\",\"logo\":{\"@type\":\"ImageObject\",\"inLanguage\":\"es\",\"@id\":\"https:\\\/\\\/ppdegalicia.com\\\/es\\\/#\\\/schema\\\/logo\\\/image\\\/\",\"url\":\"https:\\\/\\\/ppdegalicia.com\\\/wp-content\\\/uploads\\\/2023\\\/04\\\/logoPP512.png\",\"contentUrl\":\"https:\\\/\\\/ppdegalicia.com\\\/wp-content\\\/uploads\\\/2023\\\/04\\\/logoPP512.png\",\"width\":512,\"height\":512,\"caption\":\"Partido Popular de Galicia\"},\"image\":{\"@id\":\"https:\\\/\\\/ppdegalicia.com\\\/es\\\/#\\\/schema\\\/logo\\\/image\\\/\"},\"sameAs\":[\"https:\\\/\\\/www.instagram.com\\\/ppdegalicia\\\/\",\"https:\\\/\\\/x.com\\\/ppdegalicia\",\"https:\\\/\\\/www.tiktok.com\\\/@ppdegalicia\",\"https:\\\/\\\/www.youtube.com\\\/user\\\/ppdegalicia\"]},{\"@type\":\"Person\",\"@id\":\"https:\\\/\\\/ppdegalicia.com\\\/es\\\/#\\\/schema\\\/person\\\/d0f013b8388c980665d44009ab762960\",\"name\":\"Super User\",\"image\":{\"@type\":\"ImageObject\",\"inLanguage\":\"es\",\"@id\":\"https:\\\/\\\/secure.gravatar.com\\\/avatar\\\/1db852625ef4948f58d2739bfbc51e4b9bd5c93b8fa340b59fdb594ca0845645?s=96&d=mm&r=g\",\"url\":\"https:\\\/\\\/secure.gravatar.com\\\/avatar\\\/1db852625ef4948f58d2739bfbc51e4b9bd5c93b8fa340b59fdb594ca0845645?s=96&d=mm&r=g\",\"contentUrl\":\"https:\\\/\\\/secure.gravatar.com\\\/avatar\\\/1db852625ef4948f58d2739bfbc51e4b9bd5c93b8fa340b59fdb594ca0845645?s=96&d=mm&r=g\",\"caption\":\"Super User\"},\"url\":\"https:\\\/\\\/ppdegalicia.com\\\/es\\\/author\\\/ppdegaliciagestion\\\/\"}]}<\/script>\n<!-- \/ Yoast SEO plugin. -->","yoast_head_json":{"title":"O Parlamento aproba a primeira Lei de portos de car\u00e1cter auton\u00f3mico - PP de Galicia","robots":{"index":"index","follow":"follow","max-snippet":"max-snippet:-1","max-image-preview":"max-image-preview:large","max-video-preview":"max-video-preview:-1"},"canonical":"https:\/\/ppdegalicia.com\/es\/o-parlamento-aproba-a-primeira-lei-de-portos-de-caracter-autonomico\/","og_locale":"es_ES","og_type":"article","og_title":"O Parlamento aproba a primeira Lei de portos de car\u00e1cter auton\u00f3mico - PP de Galicia","og_description":"Santiago, 4 de decembro de 2017.- O Parlamento de Galicia aprobou hoxe a primeira Lei de portos de car\u00e1cter auton\u00f3mico, que adapta a normativa portuaria \u00e1s diversas particularidades dos peiraos galegos. \u201cA creaci\u00f3n deste necesario marco lexislativo permitir\u00e1 aproveitar ao m\u00e1ximo as potencialidades dos nosos portos, a trav\u00e9s das s\u00faas caracter\u00edsticas, singularidades e especificidades; gozar [&hellip;]","og_url":"https:\/\/ppdegalicia.com\/es\/o-parlamento-aproba-a-primeira-lei-de-portos-de-caracter-autonomico\/","og_site_name":"PP de Galicia","article_publisher":"https:\/\/www.instagram.com\/ppdegalicia\/","article_published_time":"2017-12-04T10:09:45+00:00","author":"Super User","twitter_card":"summary_large_image","twitter_creator":"@ppdegalicia","twitter_site":"@ppdegalicia","twitter_misc":{"Escrito por":"Super User","Tiempo de lectura":"3 minutos"},"schema":{"@context":"https:\/\/schema.org","@graph":[{"@type":"Article","@id":"https:\/\/ppdegalicia.com\/es\/o-parlamento-aproba-a-primeira-lei-de-portos-de-caracter-autonomico\/#article","isPartOf":{"@id":"https:\/\/ppdegalicia.com\/es\/o-parlamento-aproba-a-primeira-lei-de-portos-de-caracter-autonomico\/"},"author":{"name":"Super User","@id":"https:\/\/ppdegalicia.com\/es\/#\/schema\/person\/d0f013b8388c980665d44009ab762960"},"headline":"O Parlamento aproba a primeira Lei de portos de car\u00e1cter auton\u00f3mico","datePublished":"2017-12-04T10:09:45+00:00","mainEntityOfPage":{"@id":"https:\/\/ppdegalicia.com\/es\/o-parlamento-aproba-a-primeira-lei-de-portos-de-caracter-autonomico\/"},"wordCount":703,"commentCount":0,"publisher":{"@id":"https:\/\/ppdegalicia.com\/es\/#organization"},"articleSection":["PP de Galicia"],"inLanguage":"es","potentialAction":[{"@type":"CommentAction","name":"Comment","target":["https:\/\/ppdegalicia.com\/es\/o-parlamento-aproba-a-primeira-lei-de-portos-de-caracter-autonomico\/#respond"]}]},{"@type":"WebPage","@id":"https:\/\/ppdegalicia.com\/es\/o-parlamento-aproba-a-primeira-lei-de-portos-de-caracter-autonomico\/","url":"https:\/\/ppdegalicia.com\/es\/o-parlamento-aproba-a-primeira-lei-de-portos-de-caracter-autonomico\/","name":"O Parlamento aproba a primeira Lei de portos de car\u00e1cter auton\u00f3mico - PP de Galicia","isPartOf":{"@id":"https:\/\/ppdegalicia.com\/es\/#website"},"datePublished":"2017-12-04T10:09:45+00:00","breadcrumb":{"@id":"https:\/\/ppdegalicia.com\/es\/o-parlamento-aproba-a-primeira-lei-de-portos-de-caracter-autonomico\/#breadcrumb"},"inLanguage":"es","potentialAction":[{"@type":"ReadAction","target":["https:\/\/ppdegalicia.com\/es\/o-parlamento-aproba-a-primeira-lei-de-portos-de-caracter-autonomico\/"]}]},{"@type":"BreadcrumbList","@id":"https:\/\/ppdegalicia.com\/es\/o-parlamento-aproba-a-primeira-lei-de-portos-de-caracter-autonomico\/#breadcrumb","itemListElement":[{"@type":"ListItem","position":1,"name":"Portada","item":"https:\/\/ppdegalicia.com\/es\/"},{"@type":"ListItem","position":2,"name":"O Parlamento aproba a primeira Lei de portos de car\u00e1cter auton\u00f3mico"}]},{"@type":"WebSite","@id":"https:\/\/ppdegalicia.com\/es\/#website","url":"https:\/\/ppdegalicia.com\/es\/","name":"Partido Popular de Galicia","description":"Partido Popular de Galicia","publisher":{"@id":"https:\/\/ppdegalicia.com\/es\/#organization"},"alternateName":"PP de Galicia","potentialAction":[{"@type":"SearchAction","target":{"@type":"EntryPoint","urlTemplate":"https:\/\/ppdegalicia.com\/es\/?s={search_term_string}"},"query-input":{"@type":"PropertyValueSpecification","valueRequired":true,"valueName":"search_term_string"}}],"inLanguage":"es"},{"@type":"Organization","@id":"https:\/\/ppdegalicia.com\/es\/#organization","name":"Partido Popular de Galicia","alternateName":"PP de Galicia","url":"https:\/\/ppdegalicia.com\/es\/","logo":{"@type":"ImageObject","inLanguage":"es","@id":"https:\/\/ppdegalicia.com\/es\/#\/schema\/logo\/image\/","url":"https:\/\/ppdegalicia.com\/wp-content\/uploads\/2023\/04\/logoPP512.png","contentUrl":"https:\/\/ppdegalicia.com\/wp-content\/uploads\/2023\/04\/logoPP512.png","width":512,"height":512,"caption":"Partido Popular de Galicia"},"image":{"@id":"https:\/\/ppdegalicia.com\/es\/#\/schema\/logo\/image\/"},"sameAs":["https:\/\/www.instagram.com\/ppdegalicia\/","https:\/\/x.com\/ppdegalicia","https:\/\/www.tiktok.com\/@ppdegalicia","https:\/\/www.youtube.com\/user\/ppdegalicia"]},{"@type":"Person","@id":"https:\/\/ppdegalicia.com\/es\/#\/schema\/person\/d0f013b8388c980665d44009ab762960","name":"Super User","image":{"@type":"ImageObject","inLanguage":"es","@id":"https:\/\/secure.gravatar.com\/avatar\/1db852625ef4948f58d2739bfbc51e4b9bd5c93b8fa340b59fdb594ca0845645?s=96&d=mm&r=g","url":"https:\/\/secure.gravatar.com\/avatar\/1db852625ef4948f58d2739bfbc51e4b9bd5c93b8fa340b59fdb594ca0845645?s=96&d=mm&r=g","contentUrl":"https:\/\/secure.gravatar.com\/avatar\/1db852625ef4948f58d2739bfbc51e4b9bd5c93b8fa340b59fdb594ca0845645?s=96&d=mm&r=g","caption":"Super User"},"url":"https:\/\/ppdegalicia.com\/es\/author\/ppdegaliciagestion\/"}]}},"_links":{"self":[{"href":"https:\/\/ppdegalicia.com\/es\/wp-json\/wp\/v2\/posts\/53859","targetHints":{"allow":["GET"]}}],"collection":[{"href":"https:\/\/ppdegalicia.com\/es\/wp-json\/wp\/v2\/posts"}],"about":[{"href":"https:\/\/ppdegalicia.com\/es\/wp-json\/wp\/v2\/types\/post"}],"author":[{"embeddable":true,"href":"https:\/\/ppdegalicia.com\/es\/wp-json\/wp\/v2\/users\/37"}],"replies":[{"embeddable":true,"href":"https:\/\/ppdegalicia.com\/es\/wp-json\/wp\/v2\/comments?post=53859"}],"version-history":[{"count":0,"href":"https:\/\/ppdegalicia.com\/es\/wp-json\/wp\/v2\/posts\/53859\/revisions"}],"wp:attachment":[{"href":"https:\/\/ppdegalicia.com\/es\/wp-json\/wp\/v2\/media?parent=53859"}],"wp:term":[{"taxonomy":"category","embeddable":true,"href":"https:\/\/ppdegalicia.com\/es\/wp-json\/wp\/v2\/categories?post=53859"},{"taxonomy":"post_tag","embeddable":true,"href":"https:\/\/ppdegalicia.com\/es\/wp-json\/wp\/v2\/tags?post=53859"}],"curies":[{"name":"wp","href":"https:\/\/api.w.org\/{rel}","templated":true}]}}