{"id":53896,"date":"2017-12-22T09:17:20","date_gmt":"2017-12-22T07:17:20","guid":{"rendered":"https:\/\/ppdegalicia.com\/raquel-arias-salienta-que-a-radio-de-cobertura-en-escolas-infantis-incrementouse-un-15-4-na-provincia-de-lugo-dende-2009\/"},"modified":"2017-12-22T09:17:20","modified_gmt":"2017-12-22T07:17:20","slug":"raquel-arias-salienta-que-a-radio-de-cobertura-en-escolas-infantis-incrementouse-un-15-4-na-provincia-de-lugo-dende-2009","status":"publish","type":"post","link":"https:\/\/ppdegalicia.com\/es\/raquel-arias-salienta-que-a-radio-de-cobertura-en-escolas-infantis-incrementouse-un-15-4-na-provincia-de-lugo-dende-2009\/","title":{"rendered":"Raquel Arias salienta que a radio de cobertura en escolas infant\u00eds incrementouse un 15,4% na provincia de Lugo dende 2009"},"content":{"rendered":"<p>Santiago, 21 de decembro de 2017.- A deputada do Grupo Popular Raquel Arias puxo hoxe no Parlamento que \u201cGalicia \u00e9 pioneira en Espa\u00f1a en pol\u00edticas demogr\u00e1ficas en xeral e de familia en particular\u201d. En concreto, e refer\u00edndose \u00e1 provincia de Lugo, salientou que a ratio de cobertura de prazas sostidas con fondos p\u00fablicos de 0 a 3 anos e do 36,82 por cento, o que sup\u00f3n un 15,4 por cento m\u00e1is con respecto ao ano 2009.<\/p>\n<p><!--more--><\/p>\n<p>&nbsp;<\/p>\n<p>Salientou tam\u00e9n que, con respecto ao ano 2009, a Xunta incrementou nun 126 por cento o orzamento dedicado \u00e1 familia, ata ascender no vindeiro exercicio a 133 mill\u00f3ns de euros, un 8 por cento m\u00e1is que en 2017. \u201cPasamos de 12.700 prazas en escolas infant\u00eds en Galicia en 2009 a contar con 23.000 en 2017\u201d, engadiu.<\/p>\n<p><strong>M\u00c1IS DE 2.100 PRAZAS EN LUGO<\/strong><\/p>\n<p>Na provincia de Lugo, neste curso 2017-2018 ofert\u00e1ronse 2.137 prazas, entre as 18 escolas infant\u00eds que xestiona directamente a Xunta, os 19 Puntos de Atenci\u00f3n \u00e1 Infancia, as de iniciativa social, e as que aportan as oito casas ni\u00f1o operativas.<\/p>\n<p>Ademais, o vindeiro curso dispor\u00e1se de 82 prazas m\u00e1is coa entrada en funcionamento dunha nova escola infantil na cidade de Lugo, \u00e1s que haber\u00e1 que sumar as das novas Casas Ni\u00f1o que se po\u00f1an en marcha a cargo da orde de axudas deste ano.<\/p>\n<p><strong>222 FAMILIAS BENEFICIADAS DO BONO CONCILIA<\/strong><\/p>\n<p>A deputada popular tam\u00e9n explicou na s\u00faa intervenci\u00f3n que 222 familias lucenses benefici\u00e1ronse en 2016 do Bono Concilia. E que no que respecta ao curso 2017-2018, l\u00e9vanse concedido ata agora 392 bonos, unha cifra que a\u00ednda poder\u00eda incrementarse. En calquera caso, a Xunta dedicar\u00e1 ao pago deste bono concilia&nbsp; preto de 382.000 euros, o que sup\u00f3n case 200.000 euros m\u00e1is que en 2016.<br \/>Ademais, nos dos \u00faltimos anos repart\u00edronse en Lugo 2.765 tarxetas benvida, que tam\u00e9n poden incrementarse antes de pechar ano.<\/p>\n<p>A deputada popular salientou que, ao coste de funcionamento e persoal destes servizos de atenci\u00f3n \u00e1 infancia sostidos con fondos p\u00fablicos, hai que engadirlle o investimento de mantemento das propias instalaci\u00f3ns.<\/p>\n<p>As\u00ed, concretou que a Xunta dedicou este ano \u00e1s garder\u00edas que forman parte da rede Gali\u00f1a Azul preto de 220.000 euros e concedeu axudas para melloras a 14 Puntos de Atenci\u00f3n \u00e1 Infancia, por importe de m\u00e1is de 370.000 euros, entre as que se atopan as de Guitiriz, Lugo e Monforte; e para as entidades privadas de iniciativa social. De feito, d\u00faas iniciativas destas caracter\u00edsticas enclavadas en Sarria recibiron m\u00e1is de 75.000 euros.<\/p>\n","protected":false},"excerpt":{"rendered":"<p>Santiago, 21 de decembro de 2017.- A deputada do Grupo Popular Raquel Arias puxo hoxe no Parlamento que \u201cGalicia \u00e9 pioneira en Espa\u00f1a en pol\u00edticas demogr\u00e1ficas en xeral e de familia en particular\u201d. En concreto, e refer\u00edndose \u00e1 provincia de Lugo, salientou que a ratio de cobertura de prazas sostidas con fondos p\u00fablicos de 0 [&hellip;]<\/p>\n","protected":false},"author":37,"featured_media":0,"comment_status":"open","ping_status":"open","sticky":false,"template":"","format":"standard","meta":{"_acf_changed":false,"footnotes":""},"categories":[1],"tags":[],"class_list":["post-53896","post","type-post","status-publish","format-standard","hentry","category-pp-de-galicia"],"acf":[],"yoast_head":"<!-- This site is optimized with the Yoast SEO plugin v27.3 - https:\/\/yoast.com\/product\/yoast-seo-wordpress\/ -->\n<title>Raquel Arias salienta que a radio de cobertura en escolas infant\u00eds incrementouse un 15,4% na provincia de Lugo dende 2009 - PP de Galicia<\/title>\n<meta name=\"robots\" content=\"index, follow, max-snippet:-1, max-image-preview:large, max-video-preview:-1\" \/>\n<link rel=\"canonical\" href=\"https:\/\/ppdegalicia.com\/es\/raquel-arias-salienta-que-a-radio-de-cobertura-en-escolas-infantis-incrementouse-un-15-4-na-provincia-de-lugo-dende-2009\/\" \/>\n<meta property=\"og:locale\" content=\"es_ES\" \/>\n<meta property=\"og:type\" content=\"article\" \/>\n<meta property=\"og:title\" content=\"Raquel Arias salienta que a radio de cobertura en escolas infant\u00eds incrementouse un 15,4% na provincia de Lugo dende 2009 - PP de Galicia\" \/>\n<meta property=\"og:description\" content=\"Santiago, 21 de decembro de 2017.- A deputada do Grupo Popular Raquel Arias puxo hoxe no Parlamento que \u201cGalicia \u00e9 pioneira en Espa\u00f1a en pol\u00edticas demogr\u00e1ficas en xeral e de familia en particular\u201d. En concreto, e refer\u00edndose \u00e1 provincia de Lugo, salientou que a ratio de cobertura de prazas sostidas con fondos p\u00fablicos de 0 [&hellip;]\" \/>\n<meta property=\"og:url\" content=\"https:\/\/ppdegalicia.com\/es\/raquel-arias-salienta-que-a-radio-de-cobertura-en-escolas-infantis-incrementouse-un-15-4-na-provincia-de-lugo-dende-2009\/\" \/>\n<meta property=\"og:site_name\" content=\"PP de Galicia\" \/>\n<meta property=\"article:publisher\" content=\"https:\/\/www.instagram.com\/ppdegalicia\/\" \/>\n<meta property=\"article:published_time\" content=\"2017-12-22T07:17:20+00:00\" \/>\n<meta name=\"author\" content=\"Super User\" \/>\n<meta name=\"twitter:card\" content=\"summary_large_image\" \/>\n<meta name=\"twitter:creator\" content=\"@ppdegalicia\" \/>\n<meta name=\"twitter:site\" content=\"@ppdegalicia\" \/>\n<meta name=\"twitter:label1\" content=\"Escrito por\" \/>\n\t<meta name=\"twitter:data1\" content=\"Super User\" \/>\n\t<meta name=\"twitter:label2\" content=\"Tiempo de lectura\" \/>\n\t<meta name=\"twitter:data2\" content=\"2 minutos\" \/>\n<script type=\"application\/ld+json\" class=\"yoast-schema-graph\">{\"@context\":\"https:\\\/\\\/schema.org\",\"@graph\":[{\"@type\":\"Article\",\"@id\":\"https:\\\/\\\/ppdegalicia.com\\\/es\\\/raquel-arias-salienta-que-a-radio-de-cobertura-en-escolas-infantis-incrementouse-un-15-4-na-provincia-de-lugo-dende-2009\\\/#article\",\"isPartOf\":{\"@id\":\"https:\\\/\\\/ppdegalicia.com\\\/es\\\/raquel-arias-salienta-que-a-radio-de-cobertura-en-escolas-infantis-incrementouse-un-15-4-na-provincia-de-lugo-dende-2009\\\/\"},\"author\":{\"name\":\"Super User\",\"@id\":\"https:\\\/\\\/ppdegalicia.com\\\/es\\\/#\\\/schema\\\/person\\\/d0f013b8388c980665d44009ab762960\"},\"headline\":\"Raquel Arias salienta que a radio de cobertura en escolas infant\u00eds incrementouse un 15,4% na provincia de Lugo dende 2009\",\"datePublished\":\"2017-12-22T07:17:20+00:00\",\"mainEntityOfPage\":{\"@id\":\"https:\\\/\\\/ppdegalicia.com\\\/es\\\/raquel-arias-salienta-que-a-radio-de-cobertura-en-escolas-infantis-incrementouse-un-15-4-na-provincia-de-lugo-dende-2009\\\/\"},\"wordCount\":438,\"commentCount\":0,\"publisher\":{\"@id\":\"https:\\\/\\\/ppdegalicia.com\\\/es\\\/#organization\"},\"articleSection\":[\"PP de Galicia\"],\"inLanguage\":\"es\",\"potentialAction\":[{\"@type\":\"CommentAction\",\"name\":\"Comment\",\"target\":[\"https:\\\/\\\/ppdegalicia.com\\\/es\\\/raquel-arias-salienta-que-a-radio-de-cobertura-en-escolas-infantis-incrementouse-un-15-4-na-provincia-de-lugo-dende-2009\\\/#respond\"]}]},{\"@type\":\"WebPage\",\"@id\":\"https:\\\/\\\/ppdegalicia.com\\\/es\\\/raquel-arias-salienta-que-a-radio-de-cobertura-en-escolas-infantis-incrementouse-un-15-4-na-provincia-de-lugo-dende-2009\\\/\",\"url\":\"https:\\\/\\\/ppdegalicia.com\\\/es\\\/raquel-arias-salienta-que-a-radio-de-cobertura-en-escolas-infantis-incrementouse-un-15-4-na-provincia-de-lugo-dende-2009\\\/\",\"name\":\"Raquel Arias salienta que a radio de cobertura en escolas infant\u00eds incrementouse un 15,4% na provincia de Lugo dende 2009 - PP de Galicia\",\"isPartOf\":{\"@id\":\"https:\\\/\\\/ppdegalicia.com\\\/es\\\/#website\"},\"datePublished\":\"2017-12-22T07:17:20+00:00\",\"breadcrumb\":{\"@id\":\"https:\\\/\\\/ppdegalicia.com\\\/es\\\/raquel-arias-salienta-que-a-radio-de-cobertura-en-escolas-infantis-incrementouse-un-15-4-na-provincia-de-lugo-dende-2009\\\/#breadcrumb\"},\"inLanguage\":\"es\",\"potentialAction\":[{\"@type\":\"ReadAction\",\"target\":[\"https:\\\/\\\/ppdegalicia.com\\\/es\\\/raquel-arias-salienta-que-a-radio-de-cobertura-en-escolas-infantis-incrementouse-un-15-4-na-provincia-de-lugo-dende-2009\\\/\"]}]},{\"@type\":\"BreadcrumbList\",\"@id\":\"https:\\\/\\\/ppdegalicia.com\\\/es\\\/raquel-arias-salienta-que-a-radio-de-cobertura-en-escolas-infantis-incrementouse-un-15-4-na-provincia-de-lugo-dende-2009\\\/#breadcrumb\",\"itemListElement\":[{\"@type\":\"ListItem\",\"position\":1,\"name\":\"Portada\",\"item\":\"https:\\\/\\\/ppdegalicia.com\\\/es\\\/\"},{\"@type\":\"ListItem\",\"position\":2,\"name\":\"Raquel Arias salienta que a radio de cobertura en escolas infant\u00eds incrementouse un 15,4% na provincia de Lugo dende 2009\"}]},{\"@type\":\"WebSite\",\"@id\":\"https:\\\/\\\/ppdegalicia.com\\\/es\\\/#website\",\"url\":\"https:\\\/\\\/ppdegalicia.com\\\/es\\\/\",\"name\":\"Partido Popular de Galicia\",\"description\":\"Partido Popular de Galicia\",\"publisher\":{\"@id\":\"https:\\\/\\\/ppdegalicia.com\\\/es\\\/#organization\"},\"alternateName\":\"PP de Galicia\",\"potentialAction\":[{\"@type\":\"SearchAction\",\"target\":{\"@type\":\"EntryPoint\",\"urlTemplate\":\"https:\\\/\\\/ppdegalicia.com\\\/es\\\/?s={search_term_string}\"},\"query-input\":{\"@type\":\"PropertyValueSpecification\",\"valueRequired\":true,\"valueName\":\"search_term_string\"}}],\"inLanguage\":\"es\"},{\"@type\":\"Organization\",\"@id\":\"https:\\\/\\\/ppdegalicia.com\\\/es\\\/#organization\",\"name\":\"Partido Popular de Galicia\",\"alternateName\":\"PP de Galicia\",\"url\":\"https:\\\/\\\/ppdegalicia.com\\\/es\\\/\",\"logo\":{\"@type\":\"ImageObject\",\"inLanguage\":\"es\",\"@id\":\"https:\\\/\\\/ppdegalicia.com\\\/es\\\/#\\\/schema\\\/logo\\\/image\\\/\",\"url\":\"https:\\\/\\\/ppdegalicia.com\\\/wp-content\\\/uploads\\\/2023\\\/04\\\/logoPP512.png\",\"contentUrl\":\"https:\\\/\\\/ppdegalicia.com\\\/wp-content\\\/uploads\\\/2023\\\/04\\\/logoPP512.png\",\"width\":512,\"height\":512,\"caption\":\"Partido Popular de Galicia\"},\"image\":{\"@id\":\"https:\\\/\\\/ppdegalicia.com\\\/es\\\/#\\\/schema\\\/logo\\\/image\\\/\"},\"sameAs\":[\"https:\\\/\\\/www.instagram.com\\\/ppdegalicia\\\/\",\"https:\\\/\\\/x.com\\\/ppdegalicia\",\"https:\\\/\\\/www.tiktok.com\\\/@ppdegalicia\",\"https:\\\/\\\/www.youtube.com\\\/user\\\/ppdegalicia\"]},{\"@type\":\"Person\",\"@id\":\"https:\\\/\\\/ppdegalicia.com\\\/es\\\/#\\\/schema\\\/person\\\/d0f013b8388c980665d44009ab762960\",\"name\":\"Super User\",\"image\":{\"@type\":\"ImageObject\",\"inLanguage\":\"es\",\"@id\":\"https:\\\/\\\/secure.gravatar.com\\\/avatar\\\/1db852625ef4948f58d2739bfbc51e4b9bd5c93b8fa340b59fdb594ca0845645?s=96&d=mm&r=g\",\"url\":\"https:\\\/\\\/secure.gravatar.com\\\/avatar\\\/1db852625ef4948f58d2739bfbc51e4b9bd5c93b8fa340b59fdb594ca0845645?s=96&d=mm&r=g\",\"contentUrl\":\"https:\\\/\\\/secure.gravatar.com\\\/avatar\\\/1db852625ef4948f58d2739bfbc51e4b9bd5c93b8fa340b59fdb594ca0845645?s=96&d=mm&r=g\",\"caption\":\"Super User\"},\"url\":\"https:\\\/\\\/ppdegalicia.com\\\/es\\\/author\\\/ppdegaliciagestion\\\/\"}]}<\/script>\n<!-- \/ Yoast SEO plugin. -->","yoast_head_json":{"title":"Raquel Arias salienta que a radio de cobertura en escolas infant\u00eds incrementouse un 15,4% na provincia de Lugo dende 2009 - PP de Galicia","robots":{"index":"index","follow":"follow","max-snippet":"max-snippet:-1","max-image-preview":"max-image-preview:large","max-video-preview":"max-video-preview:-1"},"canonical":"https:\/\/ppdegalicia.com\/es\/raquel-arias-salienta-que-a-radio-de-cobertura-en-escolas-infantis-incrementouse-un-15-4-na-provincia-de-lugo-dende-2009\/","og_locale":"es_ES","og_type":"article","og_title":"Raquel Arias salienta que a radio de cobertura en escolas infant\u00eds incrementouse un 15,4% na provincia de Lugo dende 2009 - PP de Galicia","og_description":"Santiago, 21 de decembro de 2017.- A deputada do Grupo Popular Raquel Arias puxo hoxe no Parlamento que \u201cGalicia \u00e9 pioneira en Espa\u00f1a en pol\u00edticas demogr\u00e1ficas en xeral e de familia en particular\u201d. En concreto, e refer\u00edndose \u00e1 provincia de Lugo, salientou que a ratio de cobertura de prazas sostidas con fondos p\u00fablicos de 0 [&hellip;]","og_url":"https:\/\/ppdegalicia.com\/es\/raquel-arias-salienta-que-a-radio-de-cobertura-en-escolas-infantis-incrementouse-un-15-4-na-provincia-de-lugo-dende-2009\/","og_site_name":"PP de Galicia","article_publisher":"https:\/\/www.instagram.com\/ppdegalicia\/","article_published_time":"2017-12-22T07:17:20+00:00","author":"Super User","twitter_card":"summary_large_image","twitter_creator":"@ppdegalicia","twitter_site":"@ppdegalicia","twitter_misc":{"Escrito por":"Super User","Tiempo de lectura":"2 minutos"},"schema":{"@context":"https:\/\/schema.org","@graph":[{"@type":"Article","@id":"https:\/\/ppdegalicia.com\/es\/raquel-arias-salienta-que-a-radio-de-cobertura-en-escolas-infantis-incrementouse-un-15-4-na-provincia-de-lugo-dende-2009\/#article","isPartOf":{"@id":"https:\/\/ppdegalicia.com\/es\/raquel-arias-salienta-que-a-radio-de-cobertura-en-escolas-infantis-incrementouse-un-15-4-na-provincia-de-lugo-dende-2009\/"},"author":{"name":"Super User","@id":"https:\/\/ppdegalicia.com\/es\/#\/schema\/person\/d0f013b8388c980665d44009ab762960"},"headline":"Raquel Arias salienta que a radio de cobertura en escolas infant\u00eds incrementouse un 15,4% na provincia de Lugo dende 2009","datePublished":"2017-12-22T07:17:20+00:00","mainEntityOfPage":{"@id":"https:\/\/ppdegalicia.com\/es\/raquel-arias-salienta-que-a-radio-de-cobertura-en-escolas-infantis-incrementouse-un-15-4-na-provincia-de-lugo-dende-2009\/"},"wordCount":438,"commentCount":0,"publisher":{"@id":"https:\/\/ppdegalicia.com\/es\/#organization"},"articleSection":["PP de Galicia"],"inLanguage":"es","potentialAction":[{"@type":"CommentAction","name":"Comment","target":["https:\/\/ppdegalicia.com\/es\/raquel-arias-salienta-que-a-radio-de-cobertura-en-escolas-infantis-incrementouse-un-15-4-na-provincia-de-lugo-dende-2009\/#respond"]}]},{"@type":"WebPage","@id":"https:\/\/ppdegalicia.com\/es\/raquel-arias-salienta-que-a-radio-de-cobertura-en-escolas-infantis-incrementouse-un-15-4-na-provincia-de-lugo-dende-2009\/","url":"https:\/\/ppdegalicia.com\/es\/raquel-arias-salienta-que-a-radio-de-cobertura-en-escolas-infantis-incrementouse-un-15-4-na-provincia-de-lugo-dende-2009\/","name":"Raquel Arias salienta que a radio de cobertura en escolas infant\u00eds incrementouse un 15,4% na provincia de Lugo dende 2009 - PP de Galicia","isPartOf":{"@id":"https:\/\/ppdegalicia.com\/es\/#website"},"datePublished":"2017-12-22T07:17:20+00:00","breadcrumb":{"@id":"https:\/\/ppdegalicia.com\/es\/raquel-arias-salienta-que-a-radio-de-cobertura-en-escolas-infantis-incrementouse-un-15-4-na-provincia-de-lugo-dende-2009\/#breadcrumb"},"inLanguage":"es","potentialAction":[{"@type":"ReadAction","target":["https:\/\/ppdegalicia.com\/es\/raquel-arias-salienta-que-a-radio-de-cobertura-en-escolas-infantis-incrementouse-un-15-4-na-provincia-de-lugo-dende-2009\/"]}]},{"@type":"BreadcrumbList","@id":"https:\/\/ppdegalicia.com\/es\/raquel-arias-salienta-que-a-radio-de-cobertura-en-escolas-infantis-incrementouse-un-15-4-na-provincia-de-lugo-dende-2009\/#breadcrumb","itemListElement":[{"@type":"ListItem","position":1,"name":"Portada","item":"https:\/\/ppdegalicia.com\/es\/"},{"@type":"ListItem","position":2,"name":"Raquel Arias salienta que a radio de cobertura en escolas infant\u00eds incrementouse un 15,4% na provincia de Lugo dende 2009"}]},{"@type":"WebSite","@id":"https:\/\/ppdegalicia.com\/es\/#website","url":"https:\/\/ppdegalicia.com\/es\/","name":"Partido Popular de Galicia","description":"Partido Popular de Galicia","publisher":{"@id":"https:\/\/ppdegalicia.com\/es\/#organization"},"alternateName":"PP de Galicia","potentialAction":[{"@type":"SearchAction","target":{"@type":"EntryPoint","urlTemplate":"https:\/\/ppdegalicia.com\/es\/?s={search_term_string}"},"query-input":{"@type":"PropertyValueSpecification","valueRequired":true,"valueName":"search_term_string"}}],"inLanguage":"es"},{"@type":"Organization","@id":"https:\/\/ppdegalicia.com\/es\/#organization","name":"Partido Popular de Galicia","alternateName":"PP de Galicia","url":"https:\/\/ppdegalicia.com\/es\/","logo":{"@type":"ImageObject","inLanguage":"es","@id":"https:\/\/ppdegalicia.com\/es\/#\/schema\/logo\/image\/","url":"https:\/\/ppdegalicia.com\/wp-content\/uploads\/2023\/04\/logoPP512.png","contentUrl":"https:\/\/ppdegalicia.com\/wp-content\/uploads\/2023\/04\/logoPP512.png","width":512,"height":512,"caption":"Partido Popular de Galicia"},"image":{"@id":"https:\/\/ppdegalicia.com\/es\/#\/schema\/logo\/image\/"},"sameAs":["https:\/\/www.instagram.com\/ppdegalicia\/","https:\/\/x.com\/ppdegalicia","https:\/\/www.tiktok.com\/@ppdegalicia","https:\/\/www.youtube.com\/user\/ppdegalicia"]},{"@type":"Person","@id":"https:\/\/ppdegalicia.com\/es\/#\/schema\/person\/d0f013b8388c980665d44009ab762960","name":"Super User","image":{"@type":"ImageObject","inLanguage":"es","@id":"https:\/\/secure.gravatar.com\/avatar\/1db852625ef4948f58d2739bfbc51e4b9bd5c93b8fa340b59fdb594ca0845645?s=96&d=mm&r=g","url":"https:\/\/secure.gravatar.com\/avatar\/1db852625ef4948f58d2739bfbc51e4b9bd5c93b8fa340b59fdb594ca0845645?s=96&d=mm&r=g","contentUrl":"https:\/\/secure.gravatar.com\/avatar\/1db852625ef4948f58d2739bfbc51e4b9bd5c93b8fa340b59fdb594ca0845645?s=96&d=mm&r=g","caption":"Super User"},"url":"https:\/\/ppdegalicia.com\/es\/author\/ppdegaliciagestion\/"}]}},"_links":{"self":[{"href":"https:\/\/ppdegalicia.com\/es\/wp-json\/wp\/v2\/posts\/53896","targetHints":{"allow":["GET"]}}],"collection":[{"href":"https:\/\/ppdegalicia.com\/es\/wp-json\/wp\/v2\/posts"}],"about":[{"href":"https:\/\/ppdegalicia.com\/es\/wp-json\/wp\/v2\/types\/post"}],"author":[{"embeddable":true,"href":"https:\/\/ppdegalicia.com\/es\/wp-json\/wp\/v2\/users\/37"}],"replies":[{"embeddable":true,"href":"https:\/\/ppdegalicia.com\/es\/wp-json\/wp\/v2\/comments?post=53896"}],"version-history":[{"count":0,"href":"https:\/\/ppdegalicia.com\/es\/wp-json\/wp\/v2\/posts\/53896\/revisions"}],"wp:attachment":[{"href":"https:\/\/ppdegalicia.com\/es\/wp-json\/wp\/v2\/media?parent=53896"}],"wp:term":[{"taxonomy":"category","embeddable":true,"href":"https:\/\/ppdegalicia.com\/es\/wp-json\/wp\/v2\/categories?post=53896"},{"taxonomy":"post_tag","embeddable":true,"href":"https:\/\/ppdegalicia.com\/es\/wp-json\/wp\/v2\/tags?post=53896"}],"curies":[{"name":"wp","href":"https:\/\/api.w.org\/{rel}","templated":true}]}}