{"id":53931,"date":"2016-08-24T19:10:00","date_gmt":"2016-08-24T17:10:00","guid":{"rendered":"https:\/\/ppdegalicia.com\/feijoo-pide-traballar-coa-maxima-enerxia-ata-o-25-s-para-que-galicia-siga-avanzando\/"},"modified":"2016-08-24T19:10:00","modified_gmt":"2016-08-24T17:10:00","slug":"feijoo-pide-traballar-coa-maxima-enerxia-ata-o-25-s-para-que-galicia-siga-avanzando","status":"publish","type":"post","link":"https:\/\/ppdegalicia.com\/es\/feijoo-pide-traballar-coa-maxima-enerxia-ata-o-25-s-para-que-galicia-siga-avanzando\/","title":{"rendered":"Feij\u00f3o pide traballar coa m\u00e1xima enerx\u00eda ata o 25-S para que Galicia siga avanzando"},"content":{"rendered":"<p><strong>Lugo, 24 de agosto de 2016<\/strong>.- O presidente do PPdeG, Alberto N&uacute;&ntilde;ez Feij&oacute;o, pediu ao seu equipo traballar coa m&aacute;xima enerx&iacute;a nas pr&oacute;ximas semanas ata o vindeiro 25 de setembro para que Galicia non perda tampouco a s&uacute;a e poida seguir avanzando.<\/p>\n<p><!--more--><\/p>\n<p>Tal e como asegurou o dirixente, mentres hai outras formaci&oacute;ns que te&ntilde;en como m&aacute;xima ambici&oacute;n ser a segunda forza pol&iacute;tica ou que aspiran a non desaparecer, a aspiraci&oacute;n do PPdeG &eacute; seguir mellorando a nosa comunidade.<br \/>O presidente, que participou esta ma&ntilde;&aacute; na Xunta Directiva do PP de Lugo na que se fixo a presentaci&oacute;n da candidatura desa provincia ao Parlamento galego, puxo en valor que hai unha grande maior&iacute;a de galegos que quere que os populares ga&ntilde;en e que gobernen.<br \/>Para lograr acadar este obxectivo, Feij&oacute;o incidiu na importancia de que esa maior&iacute;a se manifeste nas urnas. Nese senso, insistiu en que &aacute; maior&iacute;a de galegos que queren un goberno estable, responsable e inconformista s&oacute; lle vale a opci&oacute;n do Partido Popular de Galicia, de igual modo que os populares tam&eacute;n son a &uacute;nica papeleta para evitar que a suma de catro ou cinco partidos impidan ese goberno.<br \/>Por este motivo, o l&iacute;der dos populares galegos recalcou que o que debe facer o seu partido &eacute; seguir falando cos cidad&aacute;ns, recordarlles o que fixeron, o que queda por facer, falar claro das consecuencias de cada voto e pedir a confianza con humildade, pero coa seguridade de que son a mellor alternativa para Galicia.<\/p>\n<p><strong>EQUIPO UNIDO EN GALICIA E A GALICIA<\/strong><\/p>\n<p>&ldquo;No PPdeG marcamos a diferenza, e somos o &uacute;nico equipo unido en Galicia, e unido a Galicia&rdquo;, afirmou Feij&oacute;o reco&ntilde;ecendo que a nosa comunidade &eacute; o que une e o que motiva aos populares.<\/p>\n<p>Neste sentido, engadiu que se sinte orgulloso de encabezar a lista &ldquo;do &uacute;nico proxecto que sente Galicia, que pensa en Galicia e que fai esta campa&ntilde;a desde Galicia&rdquo;.<\/p>\n<p>As&iacute; mesmo, salientou que tam&eacute;n se sinte orgulloso de que non haxa ning&uacute;n compa&ntilde;eiro mirando de reollo a outro, nin persoas pedindo que organicen as listas desde Madrid ou perdendo o tempo en &ldquo;puentearse&rdquo; uns aos outros como ocorre noutros partidos, xa que os &uacute;nicos problemas que deben ocupar aos populares son os que preocupan no d&iacute;a a d&iacute;a aos cidad&aacute;ns.<\/p>\n<p><strong>TRABALLANDO POR E PARA A COMUNIDADE<\/strong><\/p>\n<p>Durante a s&uacute;a intervenci&oacute;n, o dirixente destacou que falar coa cidadan&iacute;a &eacute; o primordial, algo que os populares saben ben porque tam&eacute;n o fan cando non est&aacute;n en campa&ntilde;a.&nbsp; &ldquo;N&oacute;s non temos que co&ntilde;ecer Galicia nun curso r&aacute;pido nin temos que darnos a co&ntilde;ecer porque levamos todo este tempo traballando por ela e con ela&rdquo;, dixo.Nese sentido, recordou cando percorreu todos os concellos como l&iacute;der da oposici&oacute;n, cando quixo manter encontros de ti a ti ao ser elixido presidente da Xunta e como agora, que decidiu volver presentarme, volveu novamente a percorrer as comarcas galegas.<br \/>Ademais, fixo fincap&eacute; na importancia de &ldquo;facer balance cos cidad&aacute;ns seriamente&rdquo; para explicarlles que estiveron loitando contra a crise e lograron comezar a superala, que adoptaron algunhas decisi&oacute;ns que non gustaron a todos porque preferiron desgastarse eles antes que ao pa&iacute;s, ou que os datos positivos que hai agora danlles a raz&oacute;n.<br \/>Malia isto, Feij&oacute;o admitiu que non se conforma con que en Galicia creza e mellore a econom&iacute;a, os servizos p&uacute;blicos, os sectores estrat&eacute;xicos ou as oportunidades &aacute;s familias porque &ldquo;non me presento &aacute;s elecci&oacute;ns negando o que entre todos logramos en Galicia sen&oacute;n afirmando o que nos queda por facer&rdquo;.<br \/>Segundo apuntou, a proposta do PPdeG &eacute; seguir avanzando cara o futuro e sumar a favor de Galicia, cun &ldquo;proxecto para que os pr&oacute;ximos catro anos Galicia siga mellorando con maior intensidade&rdquo;.<\/p>\n<div class=\"k2_video\">[iframe width=\u00bb600&#8243; height=\u00bb350&#8243; src=\u00bbhttps:\/\/www.youtube.com\/embed\/I07BmHNANoE\u00bb frameborder=\u00bb0&#8243; allowfullscreen ]<\/div>\n","protected":false},"excerpt":{"rendered":"<p>Lugo, 24 de agosto de 2016.- O presidente do PPdeG, Alberto N&uacute;&ntilde;ez Feij&oacute;o, pediu ao seu equipo traballar coa m&aacute;xima enerx&iacute;a nas pr&oacute;ximas semanas ata o vindeiro 25 de setembro para que Galicia non perda tampouco a s&uacute;a e poida seguir avanzando.<\/p>\n","protected":false},"author":37,"featured_media":0,"comment_status":"open","ping_status":"open","sticky":false,"template":"","format":"standard","meta":{"_acf_changed":false,"footnotes":""},"categories":[1],"tags":[],"class_list":["post-53931","post","type-post","status-publish","format-standard","hentry","category-pp-de-galicia"],"acf":[],"yoast_head":"<!-- This site is optimized with the Yoast SEO plugin v27.3 - https:\/\/yoast.com\/product\/yoast-seo-wordpress\/ -->\n<title>Feij\u00f3o pide traballar coa m\u00e1xima enerx\u00eda ata o 25-S para que Galicia siga avanzando - PP de Galicia<\/title>\n<meta name=\"robots\" content=\"index, follow, max-snippet:-1, max-image-preview:large, max-video-preview:-1\" \/>\n<link rel=\"canonical\" href=\"https:\/\/ppdegalicia.com\/es\/feijoo-pide-traballar-coa-maxima-enerxia-ata-o-25-s-para-que-galicia-siga-avanzando\/\" \/>\n<meta property=\"og:locale\" content=\"es_ES\" \/>\n<meta property=\"og:type\" content=\"article\" \/>\n<meta property=\"og:title\" content=\"Feij\u00f3o pide traballar coa m\u00e1xima enerx\u00eda ata o 25-S para que Galicia siga avanzando - PP de Galicia\" \/>\n<meta property=\"og:description\" content=\"Lugo, 24 de agosto de 2016.- O presidente do PPdeG, Alberto N&uacute;&ntilde;ez Feij&oacute;o, pediu ao seu equipo traballar coa m&aacute;xima enerx&iacute;a nas pr&oacute;ximas semanas ata o vindeiro 25 de setembro para que Galicia non perda tampouco a s&uacute;a e poida seguir avanzando.\" \/>\n<meta property=\"og:url\" content=\"https:\/\/ppdegalicia.com\/es\/feijoo-pide-traballar-coa-maxima-enerxia-ata-o-25-s-para-que-galicia-siga-avanzando\/\" \/>\n<meta property=\"og:site_name\" content=\"PP de Galicia\" \/>\n<meta property=\"article:publisher\" content=\"https:\/\/www.instagram.com\/ppdegalicia\/\" \/>\n<meta property=\"article:published_time\" content=\"2016-08-24T17:10:00+00:00\" \/>\n<meta name=\"author\" content=\"Super User\" \/>\n<meta name=\"twitter:card\" content=\"summary_large_image\" \/>\n<meta name=\"twitter:creator\" content=\"@ppdegalicia\" \/>\n<meta name=\"twitter:site\" content=\"@ppdegalicia\" \/>\n<meta name=\"twitter:label1\" content=\"Escrito por\" \/>\n\t<meta name=\"twitter:data1\" content=\"Super User\" \/>\n\t<meta name=\"twitter:label2\" content=\"Tiempo de lectura\" \/>\n\t<meta name=\"twitter:data2\" content=\"4 minutos\" \/>\n<script type=\"application\/ld+json\" class=\"yoast-schema-graph\">{\"@context\":\"https:\\\/\\\/schema.org\",\"@graph\":[{\"@type\":\"Article\",\"@id\":\"https:\\\/\\\/ppdegalicia.com\\\/es\\\/feijoo-pide-traballar-coa-maxima-enerxia-ata-o-25-s-para-que-galicia-siga-avanzando\\\/#article\",\"isPartOf\":{\"@id\":\"https:\\\/\\\/ppdegalicia.com\\\/es\\\/feijoo-pide-traballar-coa-maxima-enerxia-ata-o-25-s-para-que-galicia-siga-avanzando\\\/\"},\"author\":{\"name\":\"Super User\",\"@id\":\"https:\\\/\\\/ppdegalicia.com\\\/es\\\/#\\\/schema\\\/person\\\/d0f013b8388c980665d44009ab762960\"},\"headline\":\"Feij\u00f3o pide traballar coa m\u00e1xima enerx\u00eda ata o 25-S para que Galicia siga avanzando\",\"datePublished\":\"2016-08-24T17:10:00+00:00\",\"mainEntityOfPage\":{\"@id\":\"https:\\\/\\\/ppdegalicia.com\\\/es\\\/feijoo-pide-traballar-coa-maxima-enerxia-ata-o-25-s-para-que-galicia-siga-avanzando\\\/\"},\"wordCount\":775,\"commentCount\":0,\"publisher\":{\"@id\":\"https:\\\/\\\/ppdegalicia.com\\\/es\\\/#organization\"},\"articleSection\":[\"PP de Galicia\"],\"inLanguage\":\"es\",\"potentialAction\":[{\"@type\":\"CommentAction\",\"name\":\"Comment\",\"target\":[\"https:\\\/\\\/ppdegalicia.com\\\/es\\\/feijoo-pide-traballar-coa-maxima-enerxia-ata-o-25-s-para-que-galicia-siga-avanzando\\\/#respond\"]}]},{\"@type\":\"WebPage\",\"@id\":\"https:\\\/\\\/ppdegalicia.com\\\/es\\\/feijoo-pide-traballar-coa-maxima-enerxia-ata-o-25-s-para-que-galicia-siga-avanzando\\\/\",\"url\":\"https:\\\/\\\/ppdegalicia.com\\\/es\\\/feijoo-pide-traballar-coa-maxima-enerxia-ata-o-25-s-para-que-galicia-siga-avanzando\\\/\",\"name\":\"Feij\u00f3o pide traballar coa m\u00e1xima enerx\u00eda ata o 25-S para que Galicia siga avanzando - PP de Galicia\",\"isPartOf\":{\"@id\":\"https:\\\/\\\/ppdegalicia.com\\\/es\\\/#website\"},\"datePublished\":\"2016-08-24T17:10:00+00:00\",\"breadcrumb\":{\"@id\":\"https:\\\/\\\/ppdegalicia.com\\\/es\\\/feijoo-pide-traballar-coa-maxima-enerxia-ata-o-25-s-para-que-galicia-siga-avanzando\\\/#breadcrumb\"},\"inLanguage\":\"es\",\"potentialAction\":[{\"@type\":\"ReadAction\",\"target\":[\"https:\\\/\\\/ppdegalicia.com\\\/es\\\/feijoo-pide-traballar-coa-maxima-enerxia-ata-o-25-s-para-que-galicia-siga-avanzando\\\/\"]}]},{\"@type\":\"BreadcrumbList\",\"@id\":\"https:\\\/\\\/ppdegalicia.com\\\/es\\\/feijoo-pide-traballar-coa-maxima-enerxia-ata-o-25-s-para-que-galicia-siga-avanzando\\\/#breadcrumb\",\"itemListElement\":[{\"@type\":\"ListItem\",\"position\":1,\"name\":\"Portada\",\"item\":\"https:\\\/\\\/ppdegalicia.com\\\/es\\\/\"},{\"@type\":\"ListItem\",\"position\":2,\"name\":\"Feij\u00f3o pide traballar coa m\u00e1xima enerx\u00eda ata o 25-S para que Galicia siga avanzando\"}]},{\"@type\":\"WebSite\",\"@id\":\"https:\\\/\\\/ppdegalicia.com\\\/es\\\/#website\",\"url\":\"https:\\\/\\\/ppdegalicia.com\\\/es\\\/\",\"name\":\"Partido Popular de Galicia\",\"description\":\"Partido Popular de Galicia\",\"publisher\":{\"@id\":\"https:\\\/\\\/ppdegalicia.com\\\/es\\\/#organization\"},\"alternateName\":\"PP de Galicia\",\"potentialAction\":[{\"@type\":\"SearchAction\",\"target\":{\"@type\":\"EntryPoint\",\"urlTemplate\":\"https:\\\/\\\/ppdegalicia.com\\\/es\\\/?s={search_term_string}\"},\"query-input\":{\"@type\":\"PropertyValueSpecification\",\"valueRequired\":true,\"valueName\":\"search_term_string\"}}],\"inLanguage\":\"es\"},{\"@type\":\"Organization\",\"@id\":\"https:\\\/\\\/ppdegalicia.com\\\/es\\\/#organization\",\"name\":\"Partido Popular de Galicia\",\"alternateName\":\"PP de Galicia\",\"url\":\"https:\\\/\\\/ppdegalicia.com\\\/es\\\/\",\"logo\":{\"@type\":\"ImageObject\",\"inLanguage\":\"es\",\"@id\":\"https:\\\/\\\/ppdegalicia.com\\\/es\\\/#\\\/schema\\\/logo\\\/image\\\/\",\"url\":\"https:\\\/\\\/ppdegalicia.com\\\/wp-content\\\/uploads\\\/2023\\\/04\\\/logoPP512.png\",\"contentUrl\":\"https:\\\/\\\/ppdegalicia.com\\\/wp-content\\\/uploads\\\/2023\\\/04\\\/logoPP512.png\",\"width\":512,\"height\":512,\"caption\":\"Partido Popular de Galicia\"},\"image\":{\"@id\":\"https:\\\/\\\/ppdegalicia.com\\\/es\\\/#\\\/schema\\\/logo\\\/image\\\/\"},\"sameAs\":[\"https:\\\/\\\/www.instagram.com\\\/ppdegalicia\\\/\",\"https:\\\/\\\/x.com\\\/ppdegalicia\",\"https:\\\/\\\/www.tiktok.com\\\/@ppdegalicia\",\"https:\\\/\\\/www.youtube.com\\\/user\\\/ppdegalicia\"]},{\"@type\":\"Person\",\"@id\":\"https:\\\/\\\/ppdegalicia.com\\\/es\\\/#\\\/schema\\\/person\\\/d0f013b8388c980665d44009ab762960\",\"name\":\"Super User\",\"image\":{\"@type\":\"ImageObject\",\"inLanguage\":\"es\",\"@id\":\"https:\\\/\\\/secure.gravatar.com\\\/avatar\\\/1db852625ef4948f58d2739bfbc51e4b9bd5c93b8fa340b59fdb594ca0845645?s=96&d=mm&r=g\",\"url\":\"https:\\\/\\\/secure.gravatar.com\\\/avatar\\\/1db852625ef4948f58d2739bfbc51e4b9bd5c93b8fa340b59fdb594ca0845645?s=96&d=mm&r=g\",\"contentUrl\":\"https:\\\/\\\/secure.gravatar.com\\\/avatar\\\/1db852625ef4948f58d2739bfbc51e4b9bd5c93b8fa340b59fdb594ca0845645?s=96&d=mm&r=g\",\"caption\":\"Super User\"},\"url\":\"https:\\\/\\\/ppdegalicia.com\\\/es\\\/author\\\/ppdegaliciagestion\\\/\"}]}<\/script>\n<!-- \/ Yoast SEO plugin. -->","yoast_head_json":{"title":"Feij\u00f3o pide traballar coa m\u00e1xima enerx\u00eda ata o 25-S para que Galicia siga avanzando - PP de Galicia","robots":{"index":"index","follow":"follow","max-snippet":"max-snippet:-1","max-image-preview":"max-image-preview:large","max-video-preview":"max-video-preview:-1"},"canonical":"https:\/\/ppdegalicia.com\/es\/feijoo-pide-traballar-coa-maxima-enerxia-ata-o-25-s-para-que-galicia-siga-avanzando\/","og_locale":"es_ES","og_type":"article","og_title":"Feij\u00f3o pide traballar coa m\u00e1xima enerx\u00eda ata o 25-S para que Galicia siga avanzando - PP de Galicia","og_description":"Lugo, 24 de agosto de 2016.- O presidente do PPdeG, Alberto N&uacute;&ntilde;ez Feij&oacute;o, pediu ao seu equipo traballar coa m&aacute;xima enerx&iacute;a nas pr&oacute;ximas semanas ata o vindeiro 25 de setembro para que Galicia non perda tampouco a s&uacute;a e poida seguir avanzando.","og_url":"https:\/\/ppdegalicia.com\/es\/feijoo-pide-traballar-coa-maxima-enerxia-ata-o-25-s-para-que-galicia-siga-avanzando\/","og_site_name":"PP de Galicia","article_publisher":"https:\/\/www.instagram.com\/ppdegalicia\/","article_published_time":"2016-08-24T17:10:00+00:00","author":"Super User","twitter_card":"summary_large_image","twitter_creator":"@ppdegalicia","twitter_site":"@ppdegalicia","twitter_misc":{"Escrito por":"Super User","Tiempo de lectura":"4 minutos"},"schema":{"@context":"https:\/\/schema.org","@graph":[{"@type":"Article","@id":"https:\/\/ppdegalicia.com\/es\/feijoo-pide-traballar-coa-maxima-enerxia-ata-o-25-s-para-que-galicia-siga-avanzando\/#article","isPartOf":{"@id":"https:\/\/ppdegalicia.com\/es\/feijoo-pide-traballar-coa-maxima-enerxia-ata-o-25-s-para-que-galicia-siga-avanzando\/"},"author":{"name":"Super User","@id":"https:\/\/ppdegalicia.com\/es\/#\/schema\/person\/d0f013b8388c980665d44009ab762960"},"headline":"Feij\u00f3o pide traballar coa m\u00e1xima enerx\u00eda ata o 25-S para que Galicia siga avanzando","datePublished":"2016-08-24T17:10:00+00:00","mainEntityOfPage":{"@id":"https:\/\/ppdegalicia.com\/es\/feijoo-pide-traballar-coa-maxima-enerxia-ata-o-25-s-para-que-galicia-siga-avanzando\/"},"wordCount":775,"commentCount":0,"publisher":{"@id":"https:\/\/ppdegalicia.com\/es\/#organization"},"articleSection":["PP de Galicia"],"inLanguage":"es","potentialAction":[{"@type":"CommentAction","name":"Comment","target":["https:\/\/ppdegalicia.com\/es\/feijoo-pide-traballar-coa-maxima-enerxia-ata-o-25-s-para-que-galicia-siga-avanzando\/#respond"]}]},{"@type":"WebPage","@id":"https:\/\/ppdegalicia.com\/es\/feijoo-pide-traballar-coa-maxima-enerxia-ata-o-25-s-para-que-galicia-siga-avanzando\/","url":"https:\/\/ppdegalicia.com\/es\/feijoo-pide-traballar-coa-maxima-enerxia-ata-o-25-s-para-que-galicia-siga-avanzando\/","name":"Feij\u00f3o pide traballar coa m\u00e1xima enerx\u00eda ata o 25-S para que Galicia siga avanzando - PP de Galicia","isPartOf":{"@id":"https:\/\/ppdegalicia.com\/es\/#website"},"datePublished":"2016-08-24T17:10:00+00:00","breadcrumb":{"@id":"https:\/\/ppdegalicia.com\/es\/feijoo-pide-traballar-coa-maxima-enerxia-ata-o-25-s-para-que-galicia-siga-avanzando\/#breadcrumb"},"inLanguage":"es","potentialAction":[{"@type":"ReadAction","target":["https:\/\/ppdegalicia.com\/es\/feijoo-pide-traballar-coa-maxima-enerxia-ata-o-25-s-para-que-galicia-siga-avanzando\/"]}]},{"@type":"BreadcrumbList","@id":"https:\/\/ppdegalicia.com\/es\/feijoo-pide-traballar-coa-maxima-enerxia-ata-o-25-s-para-que-galicia-siga-avanzando\/#breadcrumb","itemListElement":[{"@type":"ListItem","position":1,"name":"Portada","item":"https:\/\/ppdegalicia.com\/es\/"},{"@type":"ListItem","position":2,"name":"Feij\u00f3o pide traballar coa m\u00e1xima enerx\u00eda ata o 25-S para que Galicia siga avanzando"}]},{"@type":"WebSite","@id":"https:\/\/ppdegalicia.com\/es\/#website","url":"https:\/\/ppdegalicia.com\/es\/","name":"Partido Popular de Galicia","description":"Partido Popular de Galicia","publisher":{"@id":"https:\/\/ppdegalicia.com\/es\/#organization"},"alternateName":"PP de Galicia","potentialAction":[{"@type":"SearchAction","target":{"@type":"EntryPoint","urlTemplate":"https:\/\/ppdegalicia.com\/es\/?s={search_term_string}"},"query-input":{"@type":"PropertyValueSpecification","valueRequired":true,"valueName":"search_term_string"}}],"inLanguage":"es"},{"@type":"Organization","@id":"https:\/\/ppdegalicia.com\/es\/#organization","name":"Partido Popular de Galicia","alternateName":"PP de Galicia","url":"https:\/\/ppdegalicia.com\/es\/","logo":{"@type":"ImageObject","inLanguage":"es","@id":"https:\/\/ppdegalicia.com\/es\/#\/schema\/logo\/image\/","url":"https:\/\/ppdegalicia.com\/wp-content\/uploads\/2023\/04\/logoPP512.png","contentUrl":"https:\/\/ppdegalicia.com\/wp-content\/uploads\/2023\/04\/logoPP512.png","width":512,"height":512,"caption":"Partido Popular de Galicia"},"image":{"@id":"https:\/\/ppdegalicia.com\/es\/#\/schema\/logo\/image\/"},"sameAs":["https:\/\/www.instagram.com\/ppdegalicia\/","https:\/\/x.com\/ppdegalicia","https:\/\/www.tiktok.com\/@ppdegalicia","https:\/\/www.youtube.com\/user\/ppdegalicia"]},{"@type":"Person","@id":"https:\/\/ppdegalicia.com\/es\/#\/schema\/person\/d0f013b8388c980665d44009ab762960","name":"Super User","image":{"@type":"ImageObject","inLanguage":"es","@id":"https:\/\/secure.gravatar.com\/avatar\/1db852625ef4948f58d2739bfbc51e4b9bd5c93b8fa340b59fdb594ca0845645?s=96&d=mm&r=g","url":"https:\/\/secure.gravatar.com\/avatar\/1db852625ef4948f58d2739bfbc51e4b9bd5c93b8fa340b59fdb594ca0845645?s=96&d=mm&r=g","contentUrl":"https:\/\/secure.gravatar.com\/avatar\/1db852625ef4948f58d2739bfbc51e4b9bd5c93b8fa340b59fdb594ca0845645?s=96&d=mm&r=g","caption":"Super User"},"url":"https:\/\/ppdegalicia.com\/es\/author\/ppdegaliciagestion\/"}]}},"_links":{"self":[{"href":"https:\/\/ppdegalicia.com\/es\/wp-json\/wp\/v2\/posts\/53931","targetHints":{"allow":["GET"]}}],"collection":[{"href":"https:\/\/ppdegalicia.com\/es\/wp-json\/wp\/v2\/posts"}],"about":[{"href":"https:\/\/ppdegalicia.com\/es\/wp-json\/wp\/v2\/types\/post"}],"author":[{"embeddable":true,"href":"https:\/\/ppdegalicia.com\/es\/wp-json\/wp\/v2\/users\/37"}],"replies":[{"embeddable":true,"href":"https:\/\/ppdegalicia.com\/es\/wp-json\/wp\/v2\/comments?post=53931"}],"version-history":[{"count":0,"href":"https:\/\/ppdegalicia.com\/es\/wp-json\/wp\/v2\/posts\/53931\/revisions"}],"wp:attachment":[{"href":"https:\/\/ppdegalicia.com\/es\/wp-json\/wp\/v2\/media?parent=53931"}],"wp:term":[{"taxonomy":"category","embeddable":true,"href":"https:\/\/ppdegalicia.com\/es\/wp-json\/wp\/v2\/categories?post=53931"},{"taxonomy":"post_tag","embeddable":true,"href":"https:\/\/ppdegalicia.com\/es\/wp-json\/wp\/v2\/tags?post=53931"}],"curies":[{"name":"wp","href":"https:\/\/api.w.org\/{rel}","templated":true}]}}