{"id":53932,"date":"2016-08-25T19:12:00","date_gmt":"2016-08-25T17:12:00","guid":{"rendered":"https:\/\/ppdegalicia.com\/puy-e-momento-de-apoiar-ao-operativo-loita-contra-o-lume-e-da-colaboracion-cidada\/"},"modified":"2016-08-25T19:12:00","modified_gmt":"2016-08-25T17:12:00","slug":"puy-e-momento-de-apoiar-ao-operativo-loita-contra-o-lume-e-da-colaboracion-cidada","status":"publish","type":"post","link":"https:\/\/ppdegalicia.com\/es\/puy-e-momento-de-apoiar-ao-operativo-loita-contra-o-lume-e-da-colaboracion-cidada\/","title":{"rendered":"Puy:\u00bb\u00c9 momento de apoiar ao operativo loita contra o lume e da colaboraci\u00f3n cidad\u00e1\u00bb"},"content":{"rendered":"<p><strong>Santiago, 25 de agosto de 2016<\/strong>.- O portavoz do Grupo Popular, Pedro Puy, subli&ntilde;ou hoxe na Deputaci&oacute;n Permanente do Parlamento a &ldquo;fonda preocupaci&oacute;n do Partido Popular polo problema dos lumes forestais&rdquo; e manifestou que &ldquo;&eacute; o momento de apoiar aos traballadores, forzas de seguridade, exercito e responsables do operativo que est&aacute;n a loitar contra os incendios e os incendiarios; de pedir colaboraci&oacute;n cidad&aacute; para que axude a detectar aos que prenden lume ao monte; e para a cooperaci&oacute;n entre as instituci&oacute;ns&rdquo;.<\/p>\n<p><!--more--><\/p>\n<p>Puy considerou inoportuno &ldquo;abrir un debate sobre os incendios forestais cando a&iacute;nda non conclu&iacute;u a campa&ntilde;a&rdquo;. Neste sentido, lembrou que o propio alcalde de Santiago agradeceu a pronta resposta da Conseller&iacute;a do Medio Rural para buscar soluci&oacute;ns aos problemas causados polos incendios neste municipio e apuntou que &ldquo;esa &eacute; a actitude que hai que ter nestes momentos e non traer ao Parlamento un debate antes de que remate a campa&ntilde;a de lumes forestais&rdquo;.<\/p>\n<p>Na s&uacute;a intervenci&oacute;n, o portavoz popular reiterou a &ldquo;preocupaci&oacute;n do PPdeG polos incendios forestais, que afectan &aacute; biodiversidade ocasionando erosi&oacute;n no solo, problemas nas augas dos acu&iacute;feros, r&iacute;as e r&iacute;os; e contaminaci&oacute;n do aire, ademais doutras perdas econ&oacute;micas&rdquo;.<\/p>\n<p><strong>O MES M&Aacute;IS C&Aacute;LIDO E SECO<\/strong><\/p>\n<p>Altas temperaturas, ventos fortes e actividade dos incendiarios axudaron &aacute; propagaci&oacute;n dos incendios forestais durante a segunda semana do mes de agosto en Galicia, cando se sofocaron 193 lumes. &ldquo;Isto demostra que o operativo funciona e &eacute; eficiente&rdquo;, apuntou.<\/p>\n<p>A modo de exemplo, Puy lembrou que Portugal, cunha extensi&oacute;n de 92.391 quil&oacute;metros cadrados rexistrou nesa mesma semana 3.213 incendios forestais que arrasaron 102.000 hect&aacute;reas. &ldquo;En Galicia, foron menos de 10.000 as hect&aacute;reas afectadas polos incendios nesas mesmas fechas, &eacute; dicir, a d&eacute;cima parte que en Portugal tendo un terzo da s&uacute;a extensi&oacute;n&rdquo;, sinalou.<\/p>\n<p>As&iacute; mesmo, fixo unha comparativa cos incendios rexistrados no ano 2006, cando arderan m&aacute;is de 90.000 hect&aacute;reas, o 820 por cento m&aacute;is que no presente ano. A media de lumes forestais anuais rexistrados no per&iacute;odo 2005-2009 foi de 5.729, fronte a 3.609 do per&iacute;odo 2010-2015, unha diferenza que tam&eacute;n se reflexa na superficie queimada: 35.523 hectareas de media anual no per&iacute;odo 2005-2009 fronte a 17.748 en 2010-2015.<\/p>\n<p>Pedro Puy lamentou que a oposici&oacute;n incidira en que o monte non se limpa porque &ldquo;o certo &eacute; que estanse a producir incendios en montes limpos e ordenados&rdquo;, como aconteceu na provincia de Pontevedra, onde das m&aacute;is de 4.000 hect&aacute;reas que arderon, arredor de 3.300 eran de monte produtivo.<\/p>\n<p>O portavoz popular afirmou que xa est&aacute; en marcha a revisi&oacute;n do Plan Forestal de Galicia, &ldquo;no que esperamos que contrib&uacute;an durante a vindeira lexislatura&rdquo;. Este plan, que busca harmonizar os sistemas forestais, xerar oportunidades de actividade econ&oacute;mica no monte galego, conseguir unha actividade forestal competitiva e procurar un desenvolvemento socioecon&oacute;mico sustentable, conta coa participaci&oacute;n de representantes da Administraci&oacute;n auton&oacute;mica, universidades galegas, propietarios, empresas, colexios profesionais, grupos ecoloxistas e sindicatos.<\/p>\n","protected":false},"excerpt":{"rendered":"<p>Santiago, 25 de agosto de 2016.- O portavoz do Grupo Popular, Pedro Puy, subli&ntilde;ou hoxe na Deputaci&oacute;n Permanente do Parlamento a &ldquo;fonda preocupaci&oacute;n do Partido Popular polo problema dos lumes forestais&rdquo; e manifestou que &ldquo;&eacute; o momento de apoiar aos traballadores, forzas de seguridade, exercito e responsables do operativo que est&aacute;n a loitar contra os [&hellip;]<\/p>\n","protected":false},"author":37,"featured_media":0,"comment_status":"open","ping_status":"open","sticky":false,"template":"","format":"standard","meta":{"_acf_changed":false,"footnotes":""},"categories":[1],"tags":[],"class_list":["post-53932","post","type-post","status-publish","format-standard","hentry","category-pp-de-galicia"],"acf":[],"yoast_head":"<!-- This site is optimized with the Yoast SEO plugin v27.3 - https:\/\/yoast.com\/product\/yoast-seo-wordpress\/ -->\n<title>Puy:&quot;\u00c9 momento de apoiar ao operativo loita contra o lume e da colaboraci\u00f3n cidad\u00e1&quot; - PP de Galicia<\/title>\n<meta name=\"robots\" content=\"index, follow, max-snippet:-1, max-image-preview:large, max-video-preview:-1\" \/>\n<link rel=\"canonical\" href=\"https:\/\/ppdegalicia.com\/es\/puy-e-momento-de-apoiar-ao-operativo-loita-contra-o-lume-e-da-colaboracion-cidada\/\" \/>\n<meta property=\"og:locale\" content=\"es_ES\" \/>\n<meta property=\"og:type\" content=\"article\" \/>\n<meta property=\"og:title\" content=\"Puy:&quot;\u00c9 momento de apoiar ao operativo loita contra o lume e da colaboraci\u00f3n cidad\u00e1&quot; - PP de Galicia\" \/>\n<meta property=\"og:description\" content=\"Santiago, 25 de agosto de 2016.- O portavoz do Grupo Popular, Pedro Puy, subli&ntilde;ou hoxe na Deputaci&oacute;n Permanente do Parlamento a &ldquo;fonda preocupaci&oacute;n do Partido Popular polo problema dos lumes forestais&rdquo; e manifestou que &ldquo;&eacute; o momento de apoiar aos traballadores, forzas de seguridade, exercito e responsables do operativo que est&aacute;n a loitar contra os [&hellip;]\" \/>\n<meta property=\"og:url\" content=\"https:\/\/ppdegalicia.com\/es\/puy-e-momento-de-apoiar-ao-operativo-loita-contra-o-lume-e-da-colaboracion-cidada\/\" \/>\n<meta property=\"og:site_name\" content=\"PP de Galicia\" \/>\n<meta property=\"article:publisher\" content=\"https:\/\/www.instagram.com\/ppdegalicia\/\" \/>\n<meta property=\"article:published_time\" content=\"2016-08-25T17:12:00+00:00\" \/>\n<meta name=\"author\" content=\"Super User\" \/>\n<meta name=\"twitter:card\" content=\"summary_large_image\" \/>\n<meta name=\"twitter:creator\" content=\"@ppdegalicia\" \/>\n<meta name=\"twitter:site\" content=\"@ppdegalicia\" \/>\n<meta name=\"twitter:label1\" content=\"Escrito por\" \/>\n\t<meta name=\"twitter:data1\" content=\"Super User\" \/>\n\t<meta name=\"twitter:label2\" content=\"Tiempo de lectura\" \/>\n\t<meta name=\"twitter:data2\" content=\"3 minutos\" \/>\n<script type=\"application\/ld+json\" class=\"yoast-schema-graph\">{\"@context\":\"https:\\\/\\\/schema.org\",\"@graph\":[{\"@type\":\"Article\",\"@id\":\"https:\\\/\\\/ppdegalicia.com\\\/es\\\/puy-e-momento-de-apoiar-ao-operativo-loita-contra-o-lume-e-da-colaboracion-cidada\\\/#article\",\"isPartOf\":{\"@id\":\"https:\\\/\\\/ppdegalicia.com\\\/es\\\/puy-e-momento-de-apoiar-ao-operativo-loita-contra-o-lume-e-da-colaboracion-cidada\\\/\"},\"author\":{\"name\":\"Super User\",\"@id\":\"https:\\\/\\\/ppdegalicia.com\\\/es\\\/#\\\/schema\\\/person\\\/d0f013b8388c980665d44009ab762960\"},\"headline\":\"Puy:\u00bb\u00c9 momento de apoiar ao operativo loita contra o lume e da colaboraci\u00f3n cidad\u00e1\u00bb\",\"datePublished\":\"2016-08-25T17:12:00+00:00\",\"mainEntityOfPage\":{\"@id\":\"https:\\\/\\\/ppdegalicia.com\\\/es\\\/puy-e-momento-de-apoiar-ao-operativo-loita-contra-o-lume-e-da-colaboracion-cidada\\\/\"},\"wordCount\":596,\"commentCount\":0,\"publisher\":{\"@id\":\"https:\\\/\\\/ppdegalicia.com\\\/es\\\/#organization\"},\"articleSection\":[\"PP de Galicia\"],\"inLanguage\":\"es\",\"potentialAction\":[{\"@type\":\"CommentAction\",\"name\":\"Comment\",\"target\":[\"https:\\\/\\\/ppdegalicia.com\\\/es\\\/puy-e-momento-de-apoiar-ao-operativo-loita-contra-o-lume-e-da-colaboracion-cidada\\\/#respond\"]}]},{\"@type\":\"WebPage\",\"@id\":\"https:\\\/\\\/ppdegalicia.com\\\/es\\\/puy-e-momento-de-apoiar-ao-operativo-loita-contra-o-lume-e-da-colaboracion-cidada\\\/\",\"url\":\"https:\\\/\\\/ppdegalicia.com\\\/es\\\/puy-e-momento-de-apoiar-ao-operativo-loita-contra-o-lume-e-da-colaboracion-cidada\\\/\",\"name\":\"Puy:\\\"\u00c9 momento de apoiar ao operativo loita contra o lume e da colaboraci\u00f3n cidad\u00e1\\\" - PP de Galicia\",\"isPartOf\":{\"@id\":\"https:\\\/\\\/ppdegalicia.com\\\/es\\\/#website\"},\"datePublished\":\"2016-08-25T17:12:00+00:00\",\"breadcrumb\":{\"@id\":\"https:\\\/\\\/ppdegalicia.com\\\/es\\\/puy-e-momento-de-apoiar-ao-operativo-loita-contra-o-lume-e-da-colaboracion-cidada\\\/#breadcrumb\"},\"inLanguage\":\"es\",\"potentialAction\":[{\"@type\":\"ReadAction\",\"target\":[\"https:\\\/\\\/ppdegalicia.com\\\/es\\\/puy-e-momento-de-apoiar-ao-operativo-loita-contra-o-lume-e-da-colaboracion-cidada\\\/\"]}]},{\"@type\":\"BreadcrumbList\",\"@id\":\"https:\\\/\\\/ppdegalicia.com\\\/es\\\/puy-e-momento-de-apoiar-ao-operativo-loita-contra-o-lume-e-da-colaboracion-cidada\\\/#breadcrumb\",\"itemListElement\":[{\"@type\":\"ListItem\",\"position\":1,\"name\":\"Portada\",\"item\":\"https:\\\/\\\/ppdegalicia.com\\\/es\\\/\"},{\"@type\":\"ListItem\",\"position\":2,\"name\":\"Puy:&#8221;\u00c9 momento de apoiar ao operativo loita contra o lume e da colaboraci\u00f3n cidad\u00e1&#8221;\"}]},{\"@type\":\"WebSite\",\"@id\":\"https:\\\/\\\/ppdegalicia.com\\\/es\\\/#website\",\"url\":\"https:\\\/\\\/ppdegalicia.com\\\/es\\\/\",\"name\":\"Partido Popular de Galicia\",\"description\":\"Partido Popular de Galicia\",\"publisher\":{\"@id\":\"https:\\\/\\\/ppdegalicia.com\\\/es\\\/#organization\"},\"alternateName\":\"PP de Galicia\",\"potentialAction\":[{\"@type\":\"SearchAction\",\"target\":{\"@type\":\"EntryPoint\",\"urlTemplate\":\"https:\\\/\\\/ppdegalicia.com\\\/es\\\/?s={search_term_string}\"},\"query-input\":{\"@type\":\"PropertyValueSpecification\",\"valueRequired\":true,\"valueName\":\"search_term_string\"}}],\"inLanguage\":\"es\"},{\"@type\":\"Organization\",\"@id\":\"https:\\\/\\\/ppdegalicia.com\\\/es\\\/#organization\",\"name\":\"Partido Popular de Galicia\",\"alternateName\":\"PP de Galicia\",\"url\":\"https:\\\/\\\/ppdegalicia.com\\\/es\\\/\",\"logo\":{\"@type\":\"ImageObject\",\"inLanguage\":\"es\",\"@id\":\"https:\\\/\\\/ppdegalicia.com\\\/es\\\/#\\\/schema\\\/logo\\\/image\\\/\",\"url\":\"https:\\\/\\\/ppdegalicia.com\\\/wp-content\\\/uploads\\\/2023\\\/04\\\/logoPP512.png\",\"contentUrl\":\"https:\\\/\\\/ppdegalicia.com\\\/wp-content\\\/uploads\\\/2023\\\/04\\\/logoPP512.png\",\"width\":512,\"height\":512,\"caption\":\"Partido Popular de Galicia\"},\"image\":{\"@id\":\"https:\\\/\\\/ppdegalicia.com\\\/es\\\/#\\\/schema\\\/logo\\\/image\\\/\"},\"sameAs\":[\"https:\\\/\\\/www.instagram.com\\\/ppdegalicia\\\/\",\"https:\\\/\\\/x.com\\\/ppdegalicia\",\"https:\\\/\\\/www.tiktok.com\\\/@ppdegalicia\",\"https:\\\/\\\/www.youtube.com\\\/user\\\/ppdegalicia\"]},{\"@type\":\"Person\",\"@id\":\"https:\\\/\\\/ppdegalicia.com\\\/es\\\/#\\\/schema\\\/person\\\/d0f013b8388c980665d44009ab762960\",\"name\":\"Super User\",\"image\":{\"@type\":\"ImageObject\",\"inLanguage\":\"es\",\"@id\":\"https:\\\/\\\/secure.gravatar.com\\\/avatar\\\/1db852625ef4948f58d2739bfbc51e4b9bd5c93b8fa340b59fdb594ca0845645?s=96&d=mm&r=g\",\"url\":\"https:\\\/\\\/secure.gravatar.com\\\/avatar\\\/1db852625ef4948f58d2739bfbc51e4b9bd5c93b8fa340b59fdb594ca0845645?s=96&d=mm&r=g\",\"contentUrl\":\"https:\\\/\\\/secure.gravatar.com\\\/avatar\\\/1db852625ef4948f58d2739bfbc51e4b9bd5c93b8fa340b59fdb594ca0845645?s=96&d=mm&r=g\",\"caption\":\"Super User\"},\"url\":\"https:\\\/\\\/ppdegalicia.com\\\/es\\\/author\\\/ppdegaliciagestion\\\/\"}]}<\/script>\n<!-- \/ Yoast SEO plugin. -->","yoast_head_json":{"title":"Puy:\"\u00c9 momento de apoiar ao operativo loita contra o lume e da colaboraci\u00f3n cidad\u00e1\" - PP de Galicia","robots":{"index":"index","follow":"follow","max-snippet":"max-snippet:-1","max-image-preview":"max-image-preview:large","max-video-preview":"max-video-preview:-1"},"canonical":"https:\/\/ppdegalicia.com\/es\/puy-e-momento-de-apoiar-ao-operativo-loita-contra-o-lume-e-da-colaboracion-cidada\/","og_locale":"es_ES","og_type":"article","og_title":"Puy:\"\u00c9 momento de apoiar ao operativo loita contra o lume e da colaboraci\u00f3n cidad\u00e1\" - PP de Galicia","og_description":"Santiago, 25 de agosto de 2016.- O portavoz do Grupo Popular, Pedro Puy, subli&ntilde;ou hoxe na Deputaci&oacute;n Permanente do Parlamento a &ldquo;fonda preocupaci&oacute;n do Partido Popular polo problema dos lumes forestais&rdquo; e manifestou que &ldquo;&eacute; o momento de apoiar aos traballadores, forzas de seguridade, exercito e responsables do operativo que est&aacute;n a loitar contra os [&hellip;]","og_url":"https:\/\/ppdegalicia.com\/es\/puy-e-momento-de-apoiar-ao-operativo-loita-contra-o-lume-e-da-colaboracion-cidada\/","og_site_name":"PP de Galicia","article_publisher":"https:\/\/www.instagram.com\/ppdegalicia\/","article_published_time":"2016-08-25T17:12:00+00:00","author":"Super User","twitter_card":"summary_large_image","twitter_creator":"@ppdegalicia","twitter_site":"@ppdegalicia","twitter_misc":{"Escrito por":"Super User","Tiempo de lectura":"3 minutos"},"schema":{"@context":"https:\/\/schema.org","@graph":[{"@type":"Article","@id":"https:\/\/ppdegalicia.com\/es\/puy-e-momento-de-apoiar-ao-operativo-loita-contra-o-lume-e-da-colaboracion-cidada\/#article","isPartOf":{"@id":"https:\/\/ppdegalicia.com\/es\/puy-e-momento-de-apoiar-ao-operativo-loita-contra-o-lume-e-da-colaboracion-cidada\/"},"author":{"name":"Super User","@id":"https:\/\/ppdegalicia.com\/es\/#\/schema\/person\/d0f013b8388c980665d44009ab762960"},"headline":"Puy:\u00bb\u00c9 momento de apoiar ao operativo loita contra o lume e da colaboraci\u00f3n cidad\u00e1\u00bb","datePublished":"2016-08-25T17:12:00+00:00","mainEntityOfPage":{"@id":"https:\/\/ppdegalicia.com\/es\/puy-e-momento-de-apoiar-ao-operativo-loita-contra-o-lume-e-da-colaboracion-cidada\/"},"wordCount":596,"commentCount":0,"publisher":{"@id":"https:\/\/ppdegalicia.com\/es\/#organization"},"articleSection":["PP de Galicia"],"inLanguage":"es","potentialAction":[{"@type":"CommentAction","name":"Comment","target":["https:\/\/ppdegalicia.com\/es\/puy-e-momento-de-apoiar-ao-operativo-loita-contra-o-lume-e-da-colaboracion-cidada\/#respond"]}]},{"@type":"WebPage","@id":"https:\/\/ppdegalicia.com\/es\/puy-e-momento-de-apoiar-ao-operativo-loita-contra-o-lume-e-da-colaboracion-cidada\/","url":"https:\/\/ppdegalicia.com\/es\/puy-e-momento-de-apoiar-ao-operativo-loita-contra-o-lume-e-da-colaboracion-cidada\/","name":"Puy:\"\u00c9 momento de apoiar ao operativo loita contra o lume e da colaboraci\u00f3n cidad\u00e1\" - PP de Galicia","isPartOf":{"@id":"https:\/\/ppdegalicia.com\/es\/#website"},"datePublished":"2016-08-25T17:12:00+00:00","breadcrumb":{"@id":"https:\/\/ppdegalicia.com\/es\/puy-e-momento-de-apoiar-ao-operativo-loita-contra-o-lume-e-da-colaboracion-cidada\/#breadcrumb"},"inLanguage":"es","potentialAction":[{"@type":"ReadAction","target":["https:\/\/ppdegalicia.com\/es\/puy-e-momento-de-apoiar-ao-operativo-loita-contra-o-lume-e-da-colaboracion-cidada\/"]}]},{"@type":"BreadcrumbList","@id":"https:\/\/ppdegalicia.com\/es\/puy-e-momento-de-apoiar-ao-operativo-loita-contra-o-lume-e-da-colaboracion-cidada\/#breadcrumb","itemListElement":[{"@type":"ListItem","position":1,"name":"Portada","item":"https:\/\/ppdegalicia.com\/es\/"},{"@type":"ListItem","position":2,"name":"Puy:&#8221;\u00c9 momento de apoiar ao operativo loita contra o lume e da colaboraci\u00f3n cidad\u00e1&#8221;"}]},{"@type":"WebSite","@id":"https:\/\/ppdegalicia.com\/es\/#website","url":"https:\/\/ppdegalicia.com\/es\/","name":"Partido Popular de Galicia","description":"Partido Popular de Galicia","publisher":{"@id":"https:\/\/ppdegalicia.com\/es\/#organization"},"alternateName":"PP de Galicia","potentialAction":[{"@type":"SearchAction","target":{"@type":"EntryPoint","urlTemplate":"https:\/\/ppdegalicia.com\/es\/?s={search_term_string}"},"query-input":{"@type":"PropertyValueSpecification","valueRequired":true,"valueName":"search_term_string"}}],"inLanguage":"es"},{"@type":"Organization","@id":"https:\/\/ppdegalicia.com\/es\/#organization","name":"Partido Popular de Galicia","alternateName":"PP de Galicia","url":"https:\/\/ppdegalicia.com\/es\/","logo":{"@type":"ImageObject","inLanguage":"es","@id":"https:\/\/ppdegalicia.com\/es\/#\/schema\/logo\/image\/","url":"https:\/\/ppdegalicia.com\/wp-content\/uploads\/2023\/04\/logoPP512.png","contentUrl":"https:\/\/ppdegalicia.com\/wp-content\/uploads\/2023\/04\/logoPP512.png","width":512,"height":512,"caption":"Partido Popular de Galicia"},"image":{"@id":"https:\/\/ppdegalicia.com\/es\/#\/schema\/logo\/image\/"},"sameAs":["https:\/\/www.instagram.com\/ppdegalicia\/","https:\/\/x.com\/ppdegalicia","https:\/\/www.tiktok.com\/@ppdegalicia","https:\/\/www.youtube.com\/user\/ppdegalicia"]},{"@type":"Person","@id":"https:\/\/ppdegalicia.com\/es\/#\/schema\/person\/d0f013b8388c980665d44009ab762960","name":"Super User","image":{"@type":"ImageObject","inLanguage":"es","@id":"https:\/\/secure.gravatar.com\/avatar\/1db852625ef4948f58d2739bfbc51e4b9bd5c93b8fa340b59fdb594ca0845645?s=96&d=mm&r=g","url":"https:\/\/secure.gravatar.com\/avatar\/1db852625ef4948f58d2739bfbc51e4b9bd5c93b8fa340b59fdb594ca0845645?s=96&d=mm&r=g","contentUrl":"https:\/\/secure.gravatar.com\/avatar\/1db852625ef4948f58d2739bfbc51e4b9bd5c93b8fa340b59fdb594ca0845645?s=96&d=mm&r=g","caption":"Super User"},"url":"https:\/\/ppdegalicia.com\/es\/author\/ppdegaliciagestion\/"}]}},"_links":{"self":[{"href":"https:\/\/ppdegalicia.com\/es\/wp-json\/wp\/v2\/posts\/53932","targetHints":{"allow":["GET"]}}],"collection":[{"href":"https:\/\/ppdegalicia.com\/es\/wp-json\/wp\/v2\/posts"}],"about":[{"href":"https:\/\/ppdegalicia.com\/es\/wp-json\/wp\/v2\/types\/post"}],"author":[{"embeddable":true,"href":"https:\/\/ppdegalicia.com\/es\/wp-json\/wp\/v2\/users\/37"}],"replies":[{"embeddable":true,"href":"https:\/\/ppdegalicia.com\/es\/wp-json\/wp\/v2\/comments?post=53932"}],"version-history":[{"count":0,"href":"https:\/\/ppdegalicia.com\/es\/wp-json\/wp\/v2\/posts\/53932\/revisions"}],"wp:attachment":[{"href":"https:\/\/ppdegalicia.com\/es\/wp-json\/wp\/v2\/media?parent=53932"}],"wp:term":[{"taxonomy":"category","embeddable":true,"href":"https:\/\/ppdegalicia.com\/es\/wp-json\/wp\/v2\/categories?post=53932"},{"taxonomy":"post_tag","embeddable":true,"href":"https:\/\/ppdegalicia.com\/es\/wp-json\/wp\/v2\/tags?post=53932"}],"curies":[{"name":"wp","href":"https:\/\/api.w.org\/{rel}","templated":true}]}}